{"id":183454,"date":"2026-01-30T06:59:58","date_gmt":"2026-01-30T09:59:58","guid":{"rendered":"https:\/\/portaltela.pt\/noticias\/2026\/01\/30\/sindicato-nega-que-governo-regional-tenha-iniciado-negociacoes-do-sector-social\/"},"modified":"2026-01-30T06:59:58","modified_gmt":"2026-01-30T09:59:58","slug":"sindicato-nega-que-governo-regional-tenha-iniciado-negociacoes-do-sector-social","status":"publish","type":"post","link":"https:\/\/portaltela.pt\/noticias\/2026\/01\/30\/sindicato-nega-que-governo-regional-tenha-iniciado-negociacoes-do-sector-social\/","title":{"rendered":"Sindicato nega que Governo Regional tenha iniciado negocia\u00e7\u00f5es do Sector Social"},"content":{"rendered":"<p>O Sindicato dos Trabalhadores em Fun\u00e7\u00f5es P\u00fablicas e Sociais, do Sul e Regi\u00f5es Aut\u00f3nomas (STFPSSRA) da Delega\u00e7\u00e3o da Madeira reagiu hoje a declara\u00e7\u00f5es na Assembleia Legislativa da RAM sobre negocia\u00e7\u00f5es para uma Conven\u00e7\u00e3o Coletiva de Trabalho (CCT) do Setor Social. O sindicato afirma que o Governo Regional n\u00e3o iniciou, desde 2023, qualquer negocia\u00e7\u00e3o estruturada com calend\u00e1rio, propostas ou compromissos formais.<\/p>\n<p>O coordenador do STFPSSRA sustenta que a iniciativa de abrir um processo negocial partiu dos trabalhadores e das estruturas sindicais, n\u00e3o do Governo Regional. Segundo a entidade, passeios de di\u00e1logo realizados at\u00e9 agora n\u00e3o vieram acompanhar uma negocia\u00e7\u00e3o efetiva ou resposta por parte das entidades p\u00fablicas competentes, o que tem mantido o setor em posi\u00e7\u00e3o de incerteza.<\/p>\n<p>Entretanto, a estrutura sindical destaca que, apesar da resist\u00eancia alegada, houve avan\u00e7os positivos em encontros com a UIPSS (Uni\u00e3o das Institui\u00e7\u00f5es Particulares de Solidariedade Social da Madeira) para iniciar a negocia\u00e7\u00e3o. A 22 de janeiro de 2026, uma confer\u00eancia de imprensa junto \u00e0 Secretaria Regional da Inclus\u00e3o, Trabalho e Juventude reiterou a falta de resposta oficial ao processo negocial e a necessidade de compromissos claros por parte do Governo Regional.<\/p>\n<h3>Cronologia dos Factos<\/h3>\n<p>1. 19 de Maio de 2025 \u2013 Reuni\u00e3o do Sindicato com a secret\u00e1ria regional da Inclus\u00e3o, Trabalho e Juventude; n\u00e3o houve defini\u00e7\u00e3o de calend\u00e1rio nem de mecanismos formais.<\/p>\n<p>2. 23 de Maio de 2025 \u2013 Greve nacional do setor social com ades\u00e3o expressiva na Madeira; concentra\u00e7\u00e3o junto \u00e0 Secretaria Regional da Inclus\u00e3o, Trabalho e Juventude, a demonstrar descontentamento pela aus\u00eancia de processo negocial.<\/p>\n<p>3. 30 de Julho de 2025 \u2013 Reuni\u00e3o entre o Sindicato e a UIPSS para iniciar a negocia\u00e7\u00e3o e estruturar a CCT; constitui um marco de patamar negocial definido pelas partes representativas.<\/p>\n<p>4. 10 de Agosto de 2025 \u2013 Envio da contraproposta formal pelo Sindicato; n\u00e3o houve retorno por parte das entidades p\u00fablicas.<\/p>\n<p>5. 22 de Janeiro de 2026 \u2013 Confer\u00eancia de imprensa \u00e0 porta da Secretaria Regional para questionar a aus\u00eancia de resposta do Governo Regional e clarificar o estado da negocia\u00e7\u00e3o.<\/p>\n","protected":false},"excerpt":{"rendered":"<ul>\n<li>O Sindicato dos Trabalhadores em Fun\u00e7\u00f5es P\u00fablicas e Sociais da Madeira nega que o Governo Regional tenha iniciado negocia\u00e7\u00f5es estruturadas para uma Conven\u00e7\u00e3o Colectiva de Trabalho do Setor Social, afirmando que nada tem avan\u00e7ado desde 2023.<\/li>\n<li>Em 19 de maio de 2025, houve reuni\u00e3o com a secret\u00e1ria regional da Inclus\u00e3o, Trabalho e Juventude, sem calend\u00e1rio nem propostas formais definidas.<\/li>\n<li>Em 23 de maio de 2025 ocorreu greve nacional do setor social, com forte ades\u00e3o na Madeira, destacando a aus\u00eancia de um processo negocial efetivo.<\/li>\n<li>Em 30 de julho de 2025 houve reuni\u00e3o entre o Sindicato e a UIPSS para iniciar negocia\u00e7\u00f5es; foi considerado um patamar negocial positivo por parte dos trabalhadores e entidades sociais.<\/li>\n<li>Em 10 de agosto de 2025 o Sindicato enviou contraproposta formal; n\u00e3o houve resposta at\u00e9 ao momento das declara\u00e7\u00f5es p\u00fablicas de 22 de janeiro de 2026.<\/li>\n<\/ul>\n","protected":false},"author":2,"featured_media":183469,"comment_status":"closed","ping_status":"closed","sticky":false,"template":"","format":"standard","meta":{"footnotes":""},"categories":[1],"tags":[859,3897,133,2762,966,2201],"class_list":["post-183454","post","type-post","status-publish","format-standard","has-post-thumbnail","hentry","category-noticias","tag-madeira","tag-negociacoes","tag-politicas-publicas","tag-setor-social","tag-sindicatos","tag-trabalho"],"yoast_head":"<!-- This site is optimized with the Yoast SEO plugin v27.2 - https:\/\/yoast.com\/product\/yoast-seo-wordpress\/ -->\n<title>Sindicato nega que Governo Regional tenha iniciado negocia\u00e7\u00f5es do Sector Social - Portal Tela Portugal<\/title>\n<meta name=\"robots\" content=\"index, follow, max-snippet:-1, max-image-preview:large, max-video-preview:-1\" \/>\n<meta property=\"og:locale\" content=\"pt_PT\" \/>\n<meta property=\"og:type\" content=\"article\" \/>\n<meta property=\"og:title\" content=\"Sindicato nega que Governo Regional tenha iniciado negocia\u00e7\u00f5es do Sector Social - Portal Tela Portugal\" \/>\n<meta property=\"og:description\" content=\"O Sindicato dos Trabalhadores em Fun\u00e7\u00f5es P\u00fablicas e Sociais da Madeira nega que o Governo Regional tenha iniciado negocia\u00e7\u00f5es estruturadas para uma Conven\u00e7\u00e3o Colectiva de Trabalho do Setor Social, afirmando que nada tem avan\u00e7ado desde 2023. Em 19 de maio de 2025, houve reuni\u00e3o com a secret\u00e1ria regional da Inclus\u00e3o, Trabalho e Juventude, sem calend\u00e1rio nem propostas formais definidas. Em 23 de maio de 2025 ocorreu greve nacional do setor social, com forte ades\u00e3o na Madeira, destacando a aus\u00eancia de um processo negocial efetivo. Em 30 de julho de 2025 houve reuni\u00e3o entre o Sindicato e a UIPSS para iniciar negocia\u00e7\u00f5es; foi considerado um patamar negocial positivo por parte dos trabalhadores e entidades sociais. Em 10 de agosto de 2025 o Sindicato enviou contraproposta formal; n\u00e3o houve resposta at\u00e9 ao momento das declara\u00e7\u00f5es p\u00fablicas de 22 de janeiro de 2026.\" \/>\n<meta property=\"og:url\" content=\"https:\/\/portaltela.pt\/noticias\/2026\/01\/30\/sindicato-nega-que-governo-regional-tenha-iniciado-negociacoes-do-sector-social\/\" \/>\n<meta property=\"og:site_name\" content=\"Portal Tela Portugal\" \/>\n<meta property=\"article:published_time\" content=\"2026-01-30T09:59:58+00:00\" \/>\n<meta name=\"author\" content=\"Telinha\" \/>\n<meta name=\"twitter:card\" content=\"summary_large_image\" \/>\n<meta name=\"twitter:label1\" content=\"Escrito por\" \/>\n\t<meta name=\"twitter:data1\" content=\"Telinha\" \/>\n\t<meta name=\"twitter:label2\" content=\"Tempo estimado de leitura\" \/>\n\t<meta name=\"twitter:data2\" content=\"2 minutos\" \/>\n<script type=\"application\/ld+json\" class=\"yoast-schema-graph\">{\"@context\":\"https:\/\/schema.org\",\"@graph\":[{\"@type\":\"Article\",\"@id\":\"https:\/\/portaltela.pt\/noticias\/2026\/01\/30\/sindicato-nega-que-governo-regional-tenha-iniciado-negociacoes-do-sector-social\/#article\",\"isPartOf\":{\"@id\":\"https:\/\/portaltela.pt\/noticias\/2026\/01\/30\/sindicato-nega-que-governo-regional-tenha-iniciado-negociacoes-do-sector-social\/\"},\"author\":{\"name\":\"Telinha\",\"@id\":\"https:\/\/portaltela.pt\/#\/schema\/person\/c4278d4a6028830caff9ee44b42d32ed\"},\"headline\":\"Sindicato nega que Governo Regional tenha iniciado negocia\u00e7\u00f5es do Sector Social\",\"datePublished\":\"2026-01-30T09:59:58+00:00\",\"mainEntityOfPage\":{\"@id\":\"https:\/\/portaltela.pt\/noticias\/2026\/01\/30\/sindicato-nega-que-governo-regional-tenha-iniciado-negociacoes-do-sector-social\/\"},\"wordCount\":363,\"image\":{\"@id\":\"https:\/\/portaltela.pt\/noticias\/2026\/01\/30\/sindicato-nega-que-governo-regional-tenha-iniciado-negociacoes-do-sector-social\/#primaryimage\"},\"thumbnailUrl\":\"https:\/\/portaltela.pt\/s.01k8rhncp4jt1\/2026\/01\/unnamed-file-6030.jpg\",\"keywords\":[\"Madeira\",\"negocia\u00e7\u00f5es\",\"pol\u00edticas p\u00fablicas\",\"Setor Social\",\"sindicatos\",\"trabalho\"],\"articleSection\":[\"Not\u00edcias\"],\"inLanguage\":\"pt-PT\"},{\"@type\":\"WebPage\",\"@id\":\"https:\/\/portaltela.pt\/noticias\/2026\/01\/30\/sindicato-nega-que-governo-regional-tenha-iniciado-negociacoes-do-sector-social\/\",\"url\":\"https:\/\/portaltela.pt\/noticias\/2026\/01\/30\/sindicato-nega-que-governo-regional-tenha-iniciado-negociacoes-do-sector-social\/\",\"name\":\"Sindicato nega que Governo Regional tenha iniciado negocia\u00e7\u00f5es do Sector Social - Portal Tela Portugal\",\"isPartOf\":{\"@id\":\"https:\/\/portaltela.pt\/#website\"},\"primaryImageOfPage\":{\"@id\":\"https:\/\/portaltela.pt\/noticias\/2026\/01\/30\/sindicato-nega-que-governo-regional-tenha-iniciado-negociacoes-do-sector-social\/#primaryimage\"},\"image\":{\"@id\":\"https:\/\/portaltela.pt\/noticias\/2026\/01\/30\/sindicato-nega-que-governo-regional-tenha-iniciado-negociacoes-do-sector-social\/#primaryimage\"},\"thumbnailUrl\":\"https:\/\/portaltela.pt\/s.01k8rhncp4jt1\/2026\/01\/unnamed-file-6030.jpg\",\"datePublished\":\"2026-01-30T09:59:58+00:00\",\"author\":{\"@id\":\"https:\/\/portaltela.pt\/#\/schema\/person\/c4278d4a6028830caff9ee44b42d32ed\"},\"breadcrumb\":{\"@id\":\"https:\/\/portaltela.pt\/noticias\/2026\/01\/30\/sindicato-nega-que-governo-regional-tenha-iniciado-negociacoes-do-sector-social\/#breadcrumb\"},\"inLanguage\":\"pt-PT\",\"potentialAction\":[{\"@type\":\"ReadAction\",\"target\":[\"https:\/\/portaltela.pt\/noticias\/2026\/01\/30\/sindicato-nega-que-governo-regional-tenha-iniciado-negociacoes-do-sector-social\/\"]}]},{\"@type\":\"ImageObject\",\"inLanguage\":\"pt-PT\",\"@id\":\"https:\/\/portaltela.pt\/noticias\/2026\/01\/30\/sindicato-nega-que-governo-regional-tenha-iniciado-negociacoes-do-sector-social\/#primaryimage\",\"url\":\"https:\/\/portaltela.pt\/s.01k8rhncp4jt1\/2026\/01\/unnamed-file-6030.jpg\",\"contentUrl\":\"https:\/\/portaltela.pt\/s.01k8rhncp4jt1\/2026\/01\/unnamed-file-6030.jpg\",\"width\":796,\"height\":448,\"caption\":\"Foto Shutterstock\"},{\"@type\":\"BreadcrumbList\",\"@id\":\"https:\/\/portaltela.pt\/noticias\/2026\/01\/30\/sindicato-nega-que-governo-regional-tenha-iniciado-negociacoes-do-sector-social\/#breadcrumb\",\"itemListElement\":[{\"@type\":\"ListItem\",\"position\":1,\"name\":\"In\u00edcio\",\"item\":\"https:\/\/portaltela.pt\/\"},{\"@type\":\"ListItem\",\"position\":2,\"name\":\"Sindicato nega que Governo Regional tenha iniciado negocia\u00e7\u00f5es do Sector Social\"}]},{\"@type\":\"WebSite\",\"@id\":\"https:\/\/portaltela.pt\/#website\",\"url\":\"https:\/\/portaltela.pt\/\",\"name\":\"Portal Tela Portugal\",\"description\":\"\",\"potentialAction\":[{\"@type\":\"SearchAction\",\"target\":{\"@type\":\"EntryPoint\",\"urlTemplate\":\"https:\/\/portaltela.pt\/?s={search_term_string}\"},\"query-input\":{\"@type\":\"PropertyValueSpecification\",\"valueRequired\":true,\"valueName\":\"search_term_string\"}}],\"inLanguage\":\"pt-PT\"},{\"@type\":\"Person\",\"@id\":\"https:\/\/portaltela.pt\/#\/schema\/person\/c4278d4a6028830caff9ee44b42d32ed\",\"name\":\"Telinha\",\"image\":{\"@type\":\"ImageObject\",\"inLanguage\":\"pt-PT\",\"@id\":\"https:\/\/portaltela.pt\/s.01k8rhncp4jt1\/2025\/11\/talking-bot-125x125.png\",\"url\":\"https:\/\/portaltela.pt\/s.01k8rhncp4jt1\/2025\/11\/talking-bot-125x125.png\",\"contentUrl\":\"https:\/\/portaltela.pt\/s.01k8rhncp4jt1\/2025\/11\/talking-bot-125x125.png\",\"caption\":\"Telinha\"},\"sameAs\":[\"https:\/\/portaltela.pt\/\"],\"url\":\"https:\/\/portaltela.pt\/por\/367410592786\/\"}]}<\/script>\n<!-- \/ Yoast SEO plugin. -->","yoast_head_json":{"title":"Sindicato nega que Governo Regional tenha iniciado negocia\u00e7\u00f5es do Sector Social - Portal Tela Portugal","robots":{"index":"index","follow":"follow","max-snippet":"max-snippet:-1","max-image-preview":"max-image-preview:large","max-video-preview":"max-video-preview:-1"},"og_locale":"pt_PT","og_type":"article","og_title":"Sindicato nega que Governo Regional tenha iniciado negocia\u00e7\u00f5es do Sector Social - Portal Tela Portugal","og_description":"O Sindicato dos Trabalhadores em Fun\u00e7\u00f5es P\u00fablicas e Sociais da Madeira nega que o Governo Regional tenha iniciado negocia\u00e7\u00f5es estruturadas para uma Conven\u00e7\u00e3o Colectiva de Trabalho do Setor Social, afirmando que nada tem avan\u00e7ado desde 2023. Em 19 de maio de 2025, houve reuni\u00e3o com a secret\u00e1ria regional da Inclus\u00e3o, Trabalho e Juventude, sem calend\u00e1rio nem propostas formais definidas. Em 23 de maio de 2025 ocorreu greve nacional do setor social, com forte ades\u00e3o na Madeira, destacando a aus\u00eancia de um processo negocial efetivo. Em 30 de julho de 2025 houve reuni\u00e3o entre o Sindicato e a UIPSS para iniciar negocia\u00e7\u00f5es; foi considerado um patamar negocial positivo por parte dos trabalhadores e entidades sociais. Em 10 de agosto de 2025 o Sindicato enviou contraproposta formal; n\u00e3o houve resposta at\u00e9 ao momento das declara\u00e7\u00f5es p\u00fablicas de 22 de janeiro de 2026.","og_url":"https:\/\/portaltela.pt\/noticias\/2026\/01\/30\/sindicato-nega-que-governo-regional-tenha-iniciado-negociacoes-do-sector-social\/","og_site_name":"Portal Tela Portugal","article_published_time":"2026-01-30T09:59:58+00:00","author":"Telinha","twitter_card":"summary_large_image","twitter_misc":{"Escrito por":"Telinha","Tempo estimado de leitura":"2 minutos"},"schema":{"@context":"https:\/\/schema.org","@graph":[{"@type":"Article","@id":"https:\/\/portaltela.pt\/noticias\/2026\/01\/30\/sindicato-nega-que-governo-regional-tenha-iniciado-negociacoes-do-sector-social\/#article","isPartOf":{"@id":"https:\/\/portaltela.pt\/noticias\/2026\/01\/30\/sindicato-nega-que-governo-regional-tenha-iniciado-negociacoes-do-sector-social\/"},"author":{"name":"Telinha","@id":"https:\/\/portaltela.pt\/#\/schema\/person\/c4278d4a6028830caff9ee44b42d32ed"},"headline":"Sindicato nega que Governo Regional tenha iniciado negocia\u00e7\u00f5es do Sector Social","datePublished":"2026-01-30T09:59:58+00:00","mainEntityOfPage":{"@id":"https:\/\/portaltela.pt\/noticias\/2026\/01\/30\/sindicato-nega-que-governo-regional-tenha-iniciado-negociacoes-do-sector-social\/"},"wordCount":363,"image":{"@id":"https:\/\/portaltela.pt\/noticias\/2026\/01\/30\/sindicato-nega-que-governo-regional-tenha-iniciado-negociacoes-do-sector-social\/#primaryimage"},"thumbnailUrl":"https:\/\/portaltela.pt\/s.01k8rhncp4jt1\/2026\/01\/unnamed-file-6030.jpg","keywords":["Madeira","negocia\u00e7\u00f5es","pol\u00edticas p\u00fablicas","Setor Social","sindicatos","trabalho"],"articleSection":["Not\u00edcias"],"inLanguage":"pt-PT"},{"@type":"WebPage","@id":"https:\/\/portaltela.pt\/noticias\/2026\/01\/30\/sindicato-nega-que-governo-regional-tenha-iniciado-negociacoes-do-sector-social\/","url":"https:\/\/portaltela.pt\/noticias\/2026\/01\/30\/sindicato-nega-que-governo-regional-tenha-iniciado-negociacoes-do-sector-social\/","name":"Sindicato nega que Governo Regional tenha iniciado negocia\u00e7\u00f5es do Sector Social - Portal Tela Portugal","isPartOf":{"@id":"https:\/\/portaltela.pt\/#website"},"primaryImageOfPage":{"@id":"https:\/\/portaltela.pt\/noticias\/2026\/01\/30\/sindicato-nega-que-governo-regional-tenha-iniciado-negociacoes-do-sector-social\/#primaryimage"},"image":{"@id":"https:\/\/portaltela.pt\/noticias\/2026\/01\/30\/sindicato-nega-que-governo-regional-tenha-iniciado-negociacoes-do-sector-social\/#primaryimage"},"thumbnailUrl":"https:\/\/portaltela.pt\/s.01k8rhncp4jt1\/2026\/01\/unnamed-file-6030.jpg","datePublished":"2026-01-30T09:59:58+00:00","author":{"@id":"https:\/\/portaltela.pt\/#\/schema\/person\/c4278d4a6028830caff9ee44b42d32ed"},"breadcrumb":{"@id":"https:\/\/portaltela.pt\/noticias\/2026\/01\/30\/sindicato-nega-que-governo-regional-tenha-iniciado-negociacoes-do-sector-social\/#breadcrumb"},"inLanguage":"pt-PT","potentialAction":[{"@type":"ReadAction","target":["https:\/\/portaltela.pt\/noticias\/2026\/01\/30\/sindicato-nega-que-governo-regional-tenha-iniciado-negociacoes-do-sector-social\/"]}]},{"@type":"ImageObject","inLanguage":"pt-PT","@id":"https:\/\/portaltela.pt\/noticias\/2026\/01\/30\/sindicato-nega-que-governo-regional-tenha-iniciado-negociacoes-do-sector-social\/#primaryimage","url":"https:\/\/portaltela.pt\/s.01k8rhncp4jt1\/2026\/01\/unnamed-file-6030.jpg","contentUrl":"https:\/\/portaltela.pt\/s.01k8rhncp4jt1\/2026\/01\/unnamed-file-6030.jpg","width":796,"height":448,"caption":"Foto Shutterstock"},{"@type":"BreadcrumbList","@id":"https:\/\/portaltela.pt\/noticias\/2026\/01\/30\/sindicato-nega-que-governo-regional-tenha-iniciado-negociacoes-do-sector-social\/#breadcrumb","itemListElement":[{"@type":"ListItem","position":1,"name":"In\u00edcio","item":"https:\/\/portaltela.pt\/"},{"@type":"ListItem","position":2,"name":"Sindicato nega que Governo Regional tenha iniciado negocia\u00e7\u00f5es do Sector Social"}]},{"@type":"WebSite","@id":"https:\/\/portaltela.pt\/#website","url":"https:\/\/portaltela.pt\/","name":"Portal Tela Portugal","description":"","potentialAction":[{"@type":"SearchAction","target":{"@type":"EntryPoint","urlTemplate":"https:\/\/portaltela.pt\/?s={search_term_string}"},"query-input":{"@type":"PropertyValueSpecification","valueRequired":true,"valueName":"search_term_string"}}],"inLanguage":"pt-PT"},{"@type":"Person","@id":"https:\/\/portaltela.pt\/#\/schema\/person\/c4278d4a6028830caff9ee44b42d32ed","name":"Telinha","image":{"@type":"ImageObject","inLanguage":"pt-PT","@id":"https:\/\/portaltela.pt\/s.01k8rhncp4jt1\/2025\/11\/talking-bot-125x125.png","url":"https:\/\/portaltela.pt\/s.01k8rhncp4jt1\/2025\/11\/talking-bot-125x125.png","contentUrl":"https:\/\/portaltela.pt\/s.01k8rhncp4jt1\/2025\/11\/talking-bot-125x125.png","caption":"Telinha"},"sameAs":["https:\/\/portaltela.pt\/"],"url":"https:\/\/portaltela.pt\/por\/367410592786\/"}]}},"_links":{"self":[{"href":"https:\/\/portaltela.pt\/api\/wp\/v2\/posts\/183454","targetHints":{"allow":["GET"]}}],"collection":[{"href":"https:\/\/portaltela.pt\/api\/wp\/v2\/posts"}],"about":[{"href":"https:\/\/portaltela.pt\/api\/wp\/v2\/types\/post"}],"author":[{"embeddable":true,"href":"https:\/\/portaltela.pt\/api\/wp\/v2\/users\/2"}],"replies":[{"embeddable":true,"href":"https:\/\/portaltela.pt\/api\/wp\/v2\/comments?post=183454"}],"version-history":[{"count":0,"href":"https:\/\/portaltela.pt\/api\/wp\/v2\/posts\/183454\/revisions"}],"wp:featuredmedia":[{"embeddable":true,"href":"https:\/\/portaltela.pt\/api\/wp\/v2\/media\/183469"}],"wp:attachment":[{"href":"https:\/\/portaltela.pt\/api\/wp\/v2\/media?parent=183454"}],"wp:term":[{"taxonomy":"category","embeddable":true,"href":"https:\/\/portaltela.pt\/api\/wp\/v2\/categories?post=183454"},{"taxonomy":"post_tag","embeddable":true,"href":"https:\/\/portaltela.pt\/api\/wp\/v2\/tags?post=183454"}],"curies":[{"name":"wp","href":"https:\/\/api.w.org\/{rel}","templated":true}]}}