{"id":183453,"date":"2026-01-30T06:59:25","date_gmt":"2026-01-30T09:59:25","guid":{"rendered":"https:\/\/portaltela.pt\/noticias\/2026\/01\/30\/rede-expressos-reduz-tarifas-para-apoiar-zonas-afetadas-pela-tempestade-kristin\/"},"modified":"2026-01-30T06:59:25","modified_gmt":"2026-01-30T09:59:25","slug":"rede-expressos-reduz-tarifas-para-apoiar-zonas-afetadas-pela-tempestade-kristin","status":"publish","type":"post","link":"https:\/\/portaltela.pt\/noticias\/2026\/01\/30\/rede-expressos-reduz-tarifas-para-apoiar-zonas-afetadas-pela-tempestade-kristin\/","title":{"rendered":"Rede Expressos reduz tarifas para apoiar zonas afetadas pela tempestade Kristin"},"content":{"rendered":"<p>A Rede Expressos anunciou uma redu\u00e7\u00e3o extraordin\u00e1ria de pre\u00e7os a n\u00edvel nacional, com descontos de at\u00e9 15% nas viagens para as zonas mais afetadas pela passagem da tempestade Kristin. Os destinos abrangidos incluem Leiria, Marinha Grande, Pombal, F\u00e1tima, Castelo Branco, Santar\u00e9m e Torres Novas, entre outros.<\/p>\n<p>A medida aplica-se a viagens com destino a estas regi\u00f5es, feitas a partir de qualquer ponto do pa\u00eds. A a\u00e7\u00e3o visa facilitar a desloca\u00e7\u00e3o de familiares, volunt\u00e1rios, equipas de apoio e cidad\u00e3os que pretendem prestar ajuda no terreno.<\/p>\n<p>Desde ontem, a procura pelos servi\u00e7os da Rede Expressos registou um aumento significativo, refletindo uma mobiliza\u00e7\u00e3o r\u00e1pida em resposta \u00e0s necessidades das popula\u00e7\u00f5es afetadas.<\/p>\n<p>A redu\u00e7\u00e3o de pre\u00e7o j\u00e1 est\u00e1 dispon\u00edvel nos canais digitais da empresa, nomeadamente no site oficial e na aplica\u00e7\u00e3o m\u00f3vel.<\/p>\n<p>Nelson Silva, diretor-geral da Rede Expressos, sublinha o papel da empresa neste contexto, destacando que facilitar a mobilidade para as zonas afetadas \u00e9 uma forma concreta de apoiar as popula\u00e7\u00f5es e assegurar que o apoio chega onde \u00e9 preciso. A mensagem refor\u00e7a o esp\u00edrito solid\u00e1rio que define o povo portugu\u00eas.<\/p>\n","protected":false},"excerpt":{"rendered":"<ul>\n<li>A Rede Expressos reduziu, de forma extraordin\u00e1ria, os pre\u00e7os a n\u00edvel nacional em viagens com destino \u00e0s zonas afetadas pela passagem da tempestade Kristin, at\u00e9 15 por cento.<\/li>\n<li>Destinos abrangidos incluem Leiria, Marinha Grande, Pombal, F\u00e1tima, Castelo Branco, Santar\u00e9m e Torres Novas, entre outras localidades.<\/li>\n<li>A medida aplica-se a viagens efetuadas a partir de todo o pa\u00eds com destino a estas regi\u00f5es, para facilitar desloca\u00e7\u00f5es de familiares, volunt\u00e1rios e equipas de apoio.<\/li>\n<li>A redu\u00e7\u00e3o j\u00e1 est\u00e1 dispon\u00edvel nos canais digitais da empresa, nomeadamente no site e na aplica\u00e7\u00e3o m\u00f3vel.<\/li>\n<li>O diretor-geral, Nelson Silva, afirma que facilitas a mobilidade \u00e9 uma forma concreta de ajudar as popula\u00e7\u00f5es afetadas e que a Rede Expressos participa no esfor\u00e7o nacional de solidariedade.<\/li>\n<\/ul>\n","protected":false},"author":2,"featured_media":183460,"comment_status":"closed","ping_status":"closed","sticky":false,"template":"","format":"standard","meta":{"footnotes":""},"categories":[1],"tags":[1112,1385,2110,898,1741,192],"class_list":["post-183453","post","type-post","status-publish","format-standard","has-post-thumbnail","hentry","category-noticias","tag-castelo-branco","tag-leiria","tag-mobilidade","tag-santarem","tag-torres-novas","tag-transporte"],"yoast_head":"<!-- This site is optimized with the Yoast SEO plugin v27.2 - https:\/\/yoast.com\/product\/yoast-seo-wordpress\/ -->\n<title>Rede Expressos reduz tarifas para apoiar zonas afetadas pela tempestade Kristin - Portal Tela Portugal<\/title>\n<meta name=\"robots\" content=\"index, follow, max-snippet:-1, max-image-preview:large, max-video-preview:-1\" \/>\n<meta property=\"og:locale\" content=\"pt_PT\" \/>\n<meta property=\"og:type\" content=\"article\" \/>\n<meta property=\"og:title\" content=\"Rede Expressos reduz tarifas para apoiar zonas afetadas pela tempestade Kristin - Portal Tela Portugal\" \/>\n<meta property=\"og:description\" content=\"A Rede Expressos reduziu, de forma extraordin\u00e1ria, os pre\u00e7os a n\u00edvel nacional em viagens com destino \u00e0s zonas afetadas pela passagem da tempestade Kristin, at\u00e9 15 por cento. Destinos abrangidos incluem Leiria, Marinha Grande, Pombal, F\u00e1tima, Castelo Branco, Santar\u00e9m e Torres Novas, entre outras localidades. A medida aplica-se a viagens efetuadas a partir de todo o pa\u00eds com destino a estas regi\u00f5es, para facilitar desloca\u00e7\u00f5es de familiares, volunt\u00e1rios e equipas de apoio. A redu\u00e7\u00e3o j\u00e1 est\u00e1 dispon\u00edvel nos canais digitais da empresa, nomeadamente no site e na aplica\u00e7\u00e3o m\u00f3vel. O diretor-geral, Nelson Silva, afirma que facilitas a mobilidade \u00e9 uma forma concreta de ajudar as popula\u00e7\u00f5es afetadas e que a Rede Expressos participa no esfor\u00e7o nacional de solidariedade.\" \/>\n<meta property=\"og:url\" content=\"https:\/\/portaltela.pt\/noticias\/2026\/01\/30\/rede-expressos-reduz-tarifas-para-apoiar-zonas-afetadas-pela-tempestade-kristin\/\" \/>\n<meta property=\"og:site_name\" content=\"Portal Tela Portugal\" \/>\n<meta property=\"article:published_time\" content=\"2026-01-30T09:59:25+00:00\" \/>\n<meta name=\"author\" content=\"Telinha\" \/>\n<meta name=\"twitter:card\" content=\"summary_large_image\" \/>\n<meta name=\"twitter:label1\" content=\"Escrito por\" \/>\n\t<meta name=\"twitter:data1\" content=\"Telinha\" \/>\n\t<meta name=\"twitter:label2\" content=\"Tempo estimado de leitura\" \/>\n\t<meta name=\"twitter:data2\" content=\"1 minuto\" \/>\n<script type=\"application\/ld+json\" class=\"yoast-schema-graph\">{\"@context\":\"https:\/\/schema.org\",\"@graph\":[{\"@type\":\"Article\",\"@id\":\"https:\/\/portaltela.pt\/noticias\/2026\/01\/30\/rede-expressos-reduz-tarifas-para-apoiar-zonas-afetadas-pela-tempestade-kristin\/#article\",\"isPartOf\":{\"@id\":\"https:\/\/portaltela.pt\/noticias\/2026\/01\/30\/rede-expressos-reduz-tarifas-para-apoiar-zonas-afetadas-pela-tempestade-kristin\/\"},\"author\":{\"name\":\"Telinha\",\"@id\":\"https:\/\/portaltela.pt\/#\/schema\/person\/c4278d4a6028830caff9ee44b42d32ed\"},\"headline\":\"Rede Expressos reduz tarifas para apoiar zonas afetadas pela tempestade Kristin\",\"datePublished\":\"2026-01-30T09:59:25+00:00\",\"mainEntityOfPage\":{\"@id\":\"https:\/\/portaltela.pt\/noticias\/2026\/01\/30\/rede-expressos-reduz-tarifas-para-apoiar-zonas-afetadas-pela-tempestade-kristin\/\"},\"wordCount\":212,\"image\":{\"@id\":\"https:\/\/portaltela.pt\/noticias\/2026\/01\/30\/rede-expressos-reduz-tarifas-para-apoiar-zonas-afetadas-pela-tempestade-kristin\/#primaryimage\"},\"thumbnailUrl\":\"https:\/\/portaltela.pt\/s.01k8rhncp4jt1\/2026\/01\/Rede-Expressos_Nova-Imagem-1.jpg\",\"keywords\":[\"Castelo Branco\",\"Leiria\",\"mobilidade\",\"Santar\u00e9m\",\"Torres Novas\",\"transporte\"],\"articleSection\":[\"Not\u00edcias\"],\"inLanguage\":\"pt-PT\"},{\"@type\":\"WebPage\",\"@id\":\"https:\/\/portaltela.pt\/noticias\/2026\/01\/30\/rede-expressos-reduz-tarifas-para-apoiar-zonas-afetadas-pela-tempestade-kristin\/\",\"url\":\"https:\/\/portaltela.pt\/noticias\/2026\/01\/30\/rede-expressos-reduz-tarifas-para-apoiar-zonas-afetadas-pela-tempestade-kristin\/\",\"name\":\"Rede Expressos reduz tarifas para apoiar zonas afetadas pela tempestade Kristin - Portal Tela Portugal\",\"isPartOf\":{\"@id\":\"https:\/\/portaltela.pt\/#website\"},\"primaryImageOfPage\":{\"@id\":\"https:\/\/portaltela.pt\/noticias\/2026\/01\/30\/rede-expressos-reduz-tarifas-para-apoiar-zonas-afetadas-pela-tempestade-kristin\/#primaryimage\"},\"image\":{\"@id\":\"https:\/\/portaltela.pt\/noticias\/2026\/01\/30\/rede-expressos-reduz-tarifas-para-apoiar-zonas-afetadas-pela-tempestade-kristin\/#primaryimage\"},\"thumbnailUrl\":\"https:\/\/portaltela.pt\/s.01k8rhncp4jt1\/2026\/01\/Rede-Expressos_Nova-Imagem-1.jpg\",\"datePublished\":\"2026-01-30T09:59:25+00:00\",\"author\":{\"@id\":\"https:\/\/portaltela.pt\/#\/schema\/person\/c4278d4a6028830caff9ee44b42d32ed\"},\"breadcrumb\":{\"@id\":\"https:\/\/portaltela.pt\/noticias\/2026\/01\/30\/rede-expressos-reduz-tarifas-para-apoiar-zonas-afetadas-pela-tempestade-kristin\/#breadcrumb\"},\"inLanguage\":\"pt-PT\",\"potentialAction\":[{\"@type\":\"ReadAction\",\"target\":[\"https:\/\/portaltela.pt\/noticias\/2026\/01\/30\/rede-expressos-reduz-tarifas-para-apoiar-zonas-afetadas-pela-tempestade-kristin\/\"]}]},{\"@type\":\"ImageObject\",\"inLanguage\":\"pt-PT\",\"@id\":\"https:\/\/portaltela.pt\/noticias\/2026\/01\/30\/rede-expressos-reduz-tarifas-para-apoiar-zonas-afetadas-pela-tempestade-kristin\/#primaryimage\",\"url\":\"https:\/\/portaltela.pt\/s.01k8rhncp4jt1\/2026\/01\/Rede-Expressos_Nova-Imagem-1.jpg\",\"contentUrl\":\"https:\/\/portaltela.pt\/s.01k8rhncp4jt1\/2026\/01\/Rede-Expressos_Nova-Imagem-1.jpg\",\"width\":796,\"height\":448,\"caption\":\"Rede Expressos baixa pre\u00e7os para apoiar zonas afetadas pela tempestade Kristin\"},{\"@type\":\"BreadcrumbList\",\"@id\":\"https:\/\/portaltela.pt\/noticias\/2026\/01\/30\/rede-expressos-reduz-tarifas-para-apoiar-zonas-afetadas-pela-tempestade-kristin\/#breadcrumb\",\"itemListElement\":[{\"@type\":\"ListItem\",\"position\":1,\"name\":\"In\u00edcio\",\"item\":\"https:\/\/portaltela.pt\/\"},{\"@type\":\"ListItem\",\"position\":2,\"name\":\"Rede Expressos reduz tarifas para apoiar zonas afetadas pela tempestade Kristin\"}]},{\"@type\":\"WebSite\",\"@id\":\"https:\/\/portaltela.pt\/#website\",\"url\":\"https:\/\/portaltela.pt\/\",\"name\":\"Portal Tela Portugal\",\"description\":\"\",\"potentialAction\":[{\"@type\":\"SearchAction\",\"target\":{\"@type\":\"EntryPoint\",\"urlTemplate\":\"https:\/\/portaltela.pt\/?s={search_term_string}\"},\"query-input\":{\"@type\":\"PropertyValueSpecification\",\"valueRequired\":true,\"valueName\":\"search_term_string\"}}],\"inLanguage\":\"pt-PT\"},{\"@type\":\"Person\",\"@id\":\"https:\/\/portaltela.pt\/#\/schema\/person\/c4278d4a6028830caff9ee44b42d32ed\",\"name\":\"Telinha\",\"image\":{\"@type\":\"ImageObject\",\"inLanguage\":\"pt-PT\",\"@id\":\"https:\/\/portaltela.pt\/s.01k8rhncp4jt1\/2025\/11\/talking-bot-125x125.png\",\"url\":\"https:\/\/portaltela.pt\/s.01k8rhncp4jt1\/2025\/11\/talking-bot-125x125.png\",\"contentUrl\":\"https:\/\/portaltela.pt\/s.01k8rhncp4jt1\/2025\/11\/talking-bot-125x125.png\",\"caption\":\"Telinha\"},\"sameAs\":[\"https:\/\/portaltela.pt\/\"],\"url\":\"https:\/\/portaltela.pt\/por\/367410592786\/\"}]}<\/script>\n<!-- \/ Yoast SEO plugin. -->","yoast_head_json":{"title":"Rede Expressos reduz tarifas para apoiar zonas afetadas pela tempestade Kristin - Portal Tela Portugal","robots":{"index":"index","follow":"follow","max-snippet":"max-snippet:-1","max-image-preview":"max-image-preview:large","max-video-preview":"max-video-preview:-1"},"og_locale":"pt_PT","og_type":"article","og_title":"Rede Expressos reduz tarifas para apoiar zonas afetadas pela tempestade Kristin - Portal Tela Portugal","og_description":"A Rede Expressos reduziu, de forma extraordin\u00e1ria, os pre\u00e7os a n\u00edvel nacional em viagens com destino \u00e0s zonas afetadas pela passagem da tempestade Kristin, at\u00e9 15 por cento. Destinos abrangidos incluem Leiria, Marinha Grande, Pombal, F\u00e1tima, Castelo Branco, Santar\u00e9m e Torres Novas, entre outras localidades. A medida aplica-se a viagens efetuadas a partir de todo o pa\u00eds com destino a estas regi\u00f5es, para facilitar desloca\u00e7\u00f5es de familiares, volunt\u00e1rios e equipas de apoio. A redu\u00e7\u00e3o j\u00e1 est\u00e1 dispon\u00edvel nos canais digitais da empresa, nomeadamente no site e na aplica\u00e7\u00e3o m\u00f3vel. O diretor-geral, Nelson Silva, afirma que facilitas a mobilidade \u00e9 uma forma concreta de ajudar as popula\u00e7\u00f5es afetadas e que a Rede Expressos participa no esfor\u00e7o nacional de solidariedade.","og_url":"https:\/\/portaltela.pt\/noticias\/2026\/01\/30\/rede-expressos-reduz-tarifas-para-apoiar-zonas-afetadas-pela-tempestade-kristin\/","og_site_name":"Portal Tela Portugal","article_published_time":"2026-01-30T09:59:25+00:00","author":"Telinha","twitter_card":"summary_large_image","twitter_misc":{"Escrito por":"Telinha","Tempo estimado de leitura":"1 minuto"},"schema":{"@context":"https:\/\/schema.org","@graph":[{"@type":"Article","@id":"https:\/\/portaltela.pt\/noticias\/2026\/01\/30\/rede-expressos-reduz-tarifas-para-apoiar-zonas-afetadas-pela-tempestade-kristin\/#article","isPartOf":{"@id":"https:\/\/portaltela.pt\/noticias\/2026\/01\/30\/rede-expressos-reduz-tarifas-para-apoiar-zonas-afetadas-pela-tempestade-kristin\/"},"author":{"name":"Telinha","@id":"https:\/\/portaltela.pt\/#\/schema\/person\/c4278d4a6028830caff9ee44b42d32ed"},"headline":"Rede Expressos reduz tarifas para apoiar zonas afetadas pela tempestade Kristin","datePublished":"2026-01-30T09:59:25+00:00","mainEntityOfPage":{"@id":"https:\/\/portaltela.pt\/noticias\/2026\/01\/30\/rede-expressos-reduz-tarifas-para-apoiar-zonas-afetadas-pela-tempestade-kristin\/"},"wordCount":212,"image":{"@id":"https:\/\/portaltela.pt\/noticias\/2026\/01\/30\/rede-expressos-reduz-tarifas-para-apoiar-zonas-afetadas-pela-tempestade-kristin\/#primaryimage"},"thumbnailUrl":"https:\/\/portaltela.pt\/s.01k8rhncp4jt1\/2026\/01\/Rede-Expressos_Nova-Imagem-1.jpg","keywords":["Castelo Branco","Leiria","mobilidade","Santar\u00e9m","Torres Novas","transporte"],"articleSection":["Not\u00edcias"],"inLanguage":"pt-PT"},{"@type":"WebPage","@id":"https:\/\/portaltela.pt\/noticias\/2026\/01\/30\/rede-expressos-reduz-tarifas-para-apoiar-zonas-afetadas-pela-tempestade-kristin\/","url":"https:\/\/portaltela.pt\/noticias\/2026\/01\/30\/rede-expressos-reduz-tarifas-para-apoiar-zonas-afetadas-pela-tempestade-kristin\/","name":"Rede Expressos reduz tarifas para apoiar zonas afetadas pela tempestade Kristin - Portal Tela Portugal","isPartOf":{"@id":"https:\/\/portaltela.pt\/#website"},"primaryImageOfPage":{"@id":"https:\/\/portaltela.pt\/noticias\/2026\/01\/30\/rede-expressos-reduz-tarifas-para-apoiar-zonas-afetadas-pela-tempestade-kristin\/#primaryimage"},"image":{"@id":"https:\/\/portaltela.pt\/noticias\/2026\/01\/30\/rede-expressos-reduz-tarifas-para-apoiar-zonas-afetadas-pela-tempestade-kristin\/#primaryimage"},"thumbnailUrl":"https:\/\/portaltela.pt\/s.01k8rhncp4jt1\/2026\/01\/Rede-Expressos_Nova-Imagem-1.jpg","datePublished":"2026-01-30T09:59:25+00:00","author":{"@id":"https:\/\/portaltela.pt\/#\/schema\/person\/c4278d4a6028830caff9ee44b42d32ed"},"breadcrumb":{"@id":"https:\/\/portaltela.pt\/noticias\/2026\/01\/30\/rede-expressos-reduz-tarifas-para-apoiar-zonas-afetadas-pela-tempestade-kristin\/#breadcrumb"},"inLanguage":"pt-PT","potentialAction":[{"@type":"ReadAction","target":["https:\/\/portaltela.pt\/noticias\/2026\/01\/30\/rede-expressos-reduz-tarifas-para-apoiar-zonas-afetadas-pela-tempestade-kristin\/"]}]},{"@type":"ImageObject","inLanguage":"pt-PT","@id":"https:\/\/portaltela.pt\/noticias\/2026\/01\/30\/rede-expressos-reduz-tarifas-para-apoiar-zonas-afetadas-pela-tempestade-kristin\/#primaryimage","url":"https:\/\/portaltela.pt\/s.01k8rhncp4jt1\/2026\/01\/Rede-Expressos_Nova-Imagem-1.jpg","contentUrl":"https:\/\/portaltela.pt\/s.01k8rhncp4jt1\/2026\/01\/Rede-Expressos_Nova-Imagem-1.jpg","width":796,"height":448,"caption":"Rede Expressos baixa pre\u00e7os para apoiar zonas afetadas pela tempestade Kristin"},{"@type":"BreadcrumbList","@id":"https:\/\/portaltela.pt\/noticias\/2026\/01\/30\/rede-expressos-reduz-tarifas-para-apoiar-zonas-afetadas-pela-tempestade-kristin\/#breadcrumb","itemListElement":[{"@type":"ListItem","position":1,"name":"In\u00edcio","item":"https:\/\/portaltela.pt\/"},{"@type":"ListItem","position":2,"name":"Rede Expressos reduz tarifas para apoiar zonas afetadas pela tempestade Kristin"}]},{"@type":"WebSite","@id":"https:\/\/portaltela.pt\/#website","url":"https:\/\/portaltela.pt\/","name":"Portal Tela Portugal","description":"","potentialAction":[{"@type":"SearchAction","target":{"@type":"EntryPoint","urlTemplate":"https:\/\/portaltela.pt\/?s={search_term_string}"},"query-input":{"@type":"PropertyValueSpecification","valueRequired":true,"valueName":"search_term_string"}}],"inLanguage":"pt-PT"},{"@type":"Person","@id":"https:\/\/portaltela.pt\/#\/schema\/person\/c4278d4a6028830caff9ee44b42d32ed","name":"Telinha","image":{"@type":"ImageObject","inLanguage":"pt-PT","@id":"https:\/\/portaltela.pt\/s.01k8rhncp4jt1\/2025\/11\/talking-bot-125x125.png","url":"https:\/\/portaltela.pt\/s.01k8rhncp4jt1\/2025\/11\/talking-bot-125x125.png","contentUrl":"https:\/\/portaltela.pt\/s.01k8rhncp4jt1\/2025\/11\/talking-bot-125x125.png","caption":"Telinha"},"sameAs":["https:\/\/portaltela.pt\/"],"url":"https:\/\/portaltela.pt\/por\/367410592786\/"}]}},"_links":{"self":[{"href":"https:\/\/portaltela.pt\/api\/wp\/v2\/posts\/183453","targetHints":{"allow":["GET"]}}],"collection":[{"href":"https:\/\/portaltela.pt\/api\/wp\/v2\/posts"}],"about":[{"href":"https:\/\/portaltela.pt\/api\/wp\/v2\/types\/post"}],"author":[{"embeddable":true,"href":"https:\/\/portaltela.pt\/api\/wp\/v2\/users\/2"}],"replies":[{"embeddable":true,"href":"https:\/\/portaltela.pt\/api\/wp\/v2\/comments?post=183453"}],"version-history":[{"count":0,"href":"https:\/\/portaltela.pt\/api\/wp\/v2\/posts\/183453\/revisions"}],"wp:featuredmedia":[{"embeddable":true,"href":"https:\/\/portaltela.pt\/api\/wp\/v2\/media\/183460"}],"wp:attachment":[{"href":"https:\/\/portaltela.pt\/api\/wp\/v2\/media?parent=183453"}],"wp:term":[{"taxonomy":"category","embeddable":true,"href":"https:\/\/portaltela.pt\/api\/wp\/v2\/categories?post=183453"},{"taxonomy":"post_tag","embeddable":true,"href":"https:\/\/portaltela.pt\/api\/wp\/v2\/tags?post=183453"}],"curies":[{"name":"wp","href":"https:\/\/api.w.org\/{rel}","templated":true}]}}