{"id":183426,"date":"2026-01-30T06:44:11","date_gmt":"2026-01-30T09:44:11","guid":{"rendered":"https:\/\/portaltela.pt\/noticias\/2026\/01\/30\/poucos-pedidos-de-habitacao-apos-reclassificar-solos-rusticos\/"},"modified":"2026-01-30T06:44:11","modified_gmt":"2026-01-30T09:44:11","slug":"poucos-pedidos-de-habitacao-apos-reclassificar-solos-rusticos","status":"publish","type":"post","link":"https:\/\/portaltela.pt\/noticias\/2026\/01\/30\/poucos-pedidos-de-habitacao-apos-reclassificar-solos-rusticos\/","title":{"rendered":"Poucos pedidos de habita\u00e7\u00e3o ap\u00f3s reclassificar solos r\u00fasticos"},"content":{"rendered":"<p>Um ano ap\u00f3s a entrada em vigor da altera\u00e7\u00e3o ao Regime Jur\u00eddico dos Instrumentos de Gest\u00e3o Territorial (RJIGT), que permitiu a reclassifica\u00e7\u00e3o de solos r\u00fasticos em urbanos, os benef\u00edcios para habita\u00e7\u00e3o t\u00eam sido reduzidos, com maior foco em atividades econ\u00f3micas. O decreto-lei 117\/2024, de 30 de dezembro, promoveu a 7.\u00aa mudan\u00e7a ao RJIGT, simplificando licen\u00e7as para reclassifica\u00e7\u00e3o por delibera\u00e7\u00e3o municipal desde que o solo seja destinado \u00e0 constru\u00e7\u00e3o de habita\u00e7\u00e3o.<\/p>\n<p>Os n\u00fameros oficiais ainda n\u00e3o foram divulgados. Dados recolhidos pela Associa\u00e7\u00e3o Portuguesa de Urbanistas (APU) indicam, no entanto, que at\u00e9 setembro de 2025 ocorreram igualmente poucos casos no territ\u00f3rio nacional. Segundo o presidente da APU, Manuel Miranda, registaram-se 16 reclassifica\u00e7\u00f5es, com uma situa\u00e7\u00e3o ainda em curso, maioritariamente iniciadas em 2024, e quatro entraram em 2025, incluindo tr\u00eas em janeiro, quando vigorava o diploma do Governo PSD\/CDS-PP.<\/p>\n<p>As reclassifica\u00e7\u00f5es conclu\u00eddas distribu\u00edram-se por munic\u00edpios de m\u00e9dia dimens\u00e3o, nomeadamente Albergaria-a-Velha, Castelo de Paiva, Santa Maria da Feira (Aveiro), Arganil, Coimbra, Figueira da Foz, T\u00e1bua (duas), Albufeira, Olh\u00e3o, Amarante, mais duas em Ma\u00e7\u00e3o, Alcochete e Paredes de Coura (Viana do Castelo). Miranda sublinhou que a maioria dos pedidos ocorreu fora das \u00e1reas metropolitanas de Lisboa e do Porto, com cerca de 75% para atividades econ\u00f3micas, e apenas alguns para habita\u00e7\u00e3o, nomeadamente em Albufeira, T\u00e1bua (duas) e Paredes de Coura (uma).<\/p>\n<p>A APU est\u00e1 a preparar um estudo com os dois anos completos da aplica\u00e7\u00e3o do regime, procurando identificar locais, objetivos e dimens\u00e3o dos casos, bem como as finalidades espec\u00edficas. O respons\u00e1vel explicou que, at\u00e9 agora, n\u00e3o houve acelera\u00e7\u00e3o abrupta da mobiliza\u00e7\u00e3o, mas reconheceu d\u00favidas jur\u00eddicas levantadas sobre a legitimidade do mecanismo, o que gerou prud\u00eancia por parte dos munic\u00edpios. Tamb\u00e9m apontou que elei\u00e7\u00f5es aut\u00e1rquicas podem ter contribu\u00eddo para essa cautela.<\/p>\n<p>Relativamente ao objetivo de habita\u00e7\u00e3o, os n\u00fameros mais baixos podem refletir o debate sobre a utilidade da medida para reduzir o pre\u00e7o da habita\u00e7\u00e3o e aumentar a oferta de terrenos, bem como a exist\u00eancia de receios sobre impactos no ordenamento. Miranda referiu que, se o ritmo permanecer, o benef\u00edcio da altera\u00e7\u00e3o pode manter-se limitado, com potenciais efeitos secund\u00e1rios de desordenamento se houver instala\u00e7\u00f5es industriais ou habita\u00e7\u00e3o dispersas.<\/p>\n<p>O regime especial de reclassifica\u00e7\u00e3o imp\u00f5e que entre 700 a 1.000 da \u00e1rea de constru\u00e7\u00e3o acima do solo seja destinada a habita\u00e7\u00e3o p\u00fablica, arrendamento acess\u00edvel ou habita\u00e7\u00e3o a custos controlados, assegurando tamb\u00e9m a exist\u00eancia de infraestruturas gerais. O crit\u00e9rio de contiguidade com o solo urbano visa manter a consolida\u00e7\u00e3o e coer\u00eancia da urbaniza\u00e7\u00e3o.<\/p>\n<p>As altera\u00e7\u00f5es ao RJIGT geraram pol\u00e9mica sobre a participa\u00e7\u00e3o de governantes e deputados em sociedades imobili\u00e1rias. Durante o debate no parlamento, o primeiro-ministro justificou que a atua\u00e7\u00e3o da Spinumviva, empresa de consultoria ligada ao seu c\u00edrculo, decorreu de atividade de consultoria e de heran\u00e7a de terrenos, assegurando que n\u00e3o houve qualquer neg\u00f3cio imobili\u00e1rio ligado \u00e0 altera\u00e7\u00e3o legislativa.<\/p>\n","protected":false},"excerpt":{"rendered":"<ul>\n<li>Um ano ap\u00f3s a entrada em vigor, a reclassifica\u00e7\u00e3o de solos r\u00fasticos em urbanos traz poucos benef\u00edcios para habita\u00e7\u00e3o; a maioria dos pedidos destinou\u2011se a atividades econ\u00f3micas.<\/li>\n<li>O decreto-lei 117\/2024, de 30 de dezembro, \u00e9 a 7.\u00aa altera\u00e7\u00e3o ao RJIGT, simplificando licenciamentos quando a reclassifica\u00e7\u00e3o \u00e9 para constru\u00e7\u00e3o de habita\u00e7\u00e3o, mediante delibera\u00e7\u00e3o municipal.<\/li>\n<li>Segundo a Associa\u00e7\u00e3o Portuguesa de Urbanistas, at\u00e9 setembro de 2025 houve muito poucos casos; 16 reclassifica\u00e7\u00f5es conclu\u00eddas, com v\u00e1rias iniciadas em 2024 e algumas em 2025.<\/li>\n<li>A maioria dos pedidos ocorreu fora das \u00e1reas metropolitanas de Lisboa e do Porto, com cerca de 75% para atividades econ\u00f3micas; apenas alguns para habita\u00e7\u00e3o em locais como Albufeira, T\u00e1bua e Paredes de Coura.<\/li>\n<li>O regime imp\u00f5e que pelo menos 700\/1.000 da \u00c1rea de Constru\u00e7\u00e3o acima do solo seja destinada a habita\u00e7\u00e3o p\u00fablica, arrendamento acess\u00edvel ou habita\u00e7\u00e3o a custos controlados, e envolve d\u00favidas jur\u00eddicas que t\u00eam gerado prud\u00eancia municipal.<\/li>\n<\/ul>\n","protected":false},"author":2,"featured_media":183431,"comment_status":"closed","ping_status":"closed","sticky":false,"template":"","format":"standard","meta":{"footnotes":""},"categories":[1],"tags":[34,150,2287,1010,133,189],"class_list":["post-183426","post","type-post","status-publish","format-standard","has-post-thumbnail","hentry","category-noticias","tag-governo","tag-habitacao","tag-habitacao-a-custos-controlados","tag-habitacao-publica","tag-politicas-publicas","tag-urbanismo"],"yoast_head":"<!-- This site is optimized with the Yoast SEO plugin v27.2 - https:\/\/yoast.com\/product\/yoast-seo-wordpress\/ -->\n<title>Poucos pedidos de habita\u00e7\u00e3o ap\u00f3s reclassificar solos r\u00fasticos - Portal Tela Portugal<\/title>\n<meta name=\"robots\" content=\"index, follow, max-snippet:-1, max-image-preview:large, max-video-preview:-1\" \/>\n<meta property=\"og:locale\" content=\"pt_PT\" \/>\n<meta property=\"og:type\" content=\"article\" \/>\n<meta property=\"og:title\" content=\"Poucos pedidos de habita\u00e7\u00e3o ap\u00f3s reclassificar solos r\u00fasticos - Portal Tela Portugal\" \/>\n<meta property=\"og:description\" content=\"Um ano ap\u00f3s a entrada em vigor, a reclassifica\u00e7\u00e3o de solos r\u00fasticos em urbanos traz poucos benef\u00edcios para habita\u00e7\u00e3o; a maioria dos pedidos destinou\u2011se a atividades econ\u00f3micas. O decreto-lei 117\/2024, de 30 de dezembro, \u00e9 a 7.\u00aa altera\u00e7\u00e3o ao RJIGT, simplificando licenciamentos quando a reclassifica\u00e7\u00e3o \u00e9 para constru\u00e7\u00e3o de habita\u00e7\u00e3o, mediante delibera\u00e7\u00e3o municipal. Segundo a Associa\u00e7\u00e3o Portuguesa de Urbanistas, at\u00e9 setembro de 2025 houve muito poucos casos; 16 reclassifica\u00e7\u00f5es conclu\u00eddas, com v\u00e1rias iniciadas em 2024 e algumas em 2025. A maioria dos pedidos ocorreu fora das \u00e1reas metropolitanas de Lisboa e do Porto, com cerca de 75% para atividades econ\u00f3micas; apenas alguns para habita\u00e7\u00e3o em locais como Albufeira, T\u00e1bua e Paredes de Coura. O regime imp\u00f5e que pelo menos 700\/1.000 da \u00c1rea de Constru\u00e7\u00e3o acima do solo seja destinada a habita\u00e7\u00e3o p\u00fablica, arrendamento acess\u00edvel ou habita\u00e7\u00e3o a custos controlados, e envolve d\u00favidas jur\u00eddicas que t\u00eam gerado prud\u00eancia municipal.\" \/>\n<meta property=\"og:url\" content=\"https:\/\/portaltela.pt\/noticias\/2026\/01\/30\/poucos-pedidos-de-habitacao-apos-reclassificar-solos-rusticos\/\" \/>\n<meta property=\"og:site_name\" content=\"Portal Tela Portugal\" \/>\n<meta property=\"article:published_time\" content=\"2026-01-30T09:44:11+00:00\" \/>\n<meta name=\"author\" content=\"Telinha\" \/>\n<meta name=\"twitter:card\" content=\"summary_large_image\" \/>\n<meta name=\"twitter:label1\" content=\"Escrito por\" \/>\n\t<meta name=\"twitter:data1\" content=\"Telinha\" \/>\n\t<meta name=\"twitter:label2\" content=\"Tempo estimado de leitura\" \/>\n\t<meta name=\"twitter:data2\" content=\"3 minutos\" \/>\n<script type=\"application\/ld+json\" class=\"yoast-schema-graph\">{\"@context\":\"https:\/\/schema.org\",\"@graph\":[{\"@type\":\"Article\",\"@id\":\"https:\/\/portaltela.pt\/noticias\/2026\/01\/30\/poucos-pedidos-de-habitacao-apos-reclassificar-solos-rusticos\/#article\",\"isPartOf\":{\"@id\":\"https:\/\/portaltela.pt\/noticias\/2026\/01\/30\/poucos-pedidos-de-habitacao-apos-reclassificar-solos-rusticos\/\"},\"author\":{\"name\":\"Telinha\",\"@id\":\"https:\/\/portaltela.pt\/#\/schema\/person\/c4278d4a6028830caff9ee44b42d32ed\"},\"headline\":\"Poucos pedidos de habita\u00e7\u00e3o ap\u00f3s reclassificar solos r\u00fasticos\",\"datePublished\":\"2026-01-30T09:44:11+00:00\",\"mainEntityOfPage\":{\"@id\":\"https:\/\/portaltela.pt\/noticias\/2026\/01\/30\/poucos-pedidos-de-habitacao-apos-reclassificar-solos-rusticos\/\"},\"wordCount\":547,\"image\":{\"@id\":\"https:\/\/portaltela.pt\/noticias\/2026\/01\/30\/poucos-pedidos-de-habitacao-apos-reclassificar-solos-rusticos\/#primaryimage\"},\"thumbnailUrl\":\"https:\/\/portaltela.pt\/s.01k8rhncp4jt1\/2026\/01\/Solo_rustico.jpg\",\"keywords\":[\"governo\",\"habita\u00e7\u00e3o\",\"habita\u00e7\u00e3o a custos controlados\",\"habita\u00e7\u00e3o p\u00fablica\",\"pol\u00edticas p\u00fablicas\",\"urbanismo\"],\"articleSection\":[\"Not\u00edcias\"],\"inLanguage\":\"pt-PT\"},{\"@type\":\"WebPage\",\"@id\":\"https:\/\/portaltela.pt\/noticias\/2026\/01\/30\/poucos-pedidos-de-habitacao-apos-reclassificar-solos-rusticos\/\",\"url\":\"https:\/\/portaltela.pt\/noticias\/2026\/01\/30\/poucos-pedidos-de-habitacao-apos-reclassificar-solos-rusticos\/\",\"name\":\"Poucos pedidos de habita\u00e7\u00e3o ap\u00f3s reclassificar solos r\u00fasticos - Portal Tela Portugal\",\"isPartOf\":{\"@id\":\"https:\/\/portaltela.pt\/#website\"},\"primaryImageOfPage\":{\"@id\":\"https:\/\/portaltela.pt\/noticias\/2026\/01\/30\/poucos-pedidos-de-habitacao-apos-reclassificar-solos-rusticos\/#primaryimage\"},\"image\":{\"@id\":\"https:\/\/portaltela.pt\/noticias\/2026\/01\/30\/poucos-pedidos-de-habitacao-apos-reclassificar-solos-rusticos\/#primaryimage\"},\"thumbnailUrl\":\"https:\/\/portaltela.pt\/s.01k8rhncp4jt1\/2026\/01\/Solo_rustico.jpg\",\"datePublished\":\"2026-01-30T09:44:11+00:00\",\"author\":{\"@id\":\"https:\/\/portaltela.pt\/#\/schema\/person\/c4278d4a6028830caff9ee44b42d32ed\"},\"breadcrumb\":{\"@id\":\"https:\/\/portaltela.pt\/noticias\/2026\/01\/30\/poucos-pedidos-de-habitacao-apos-reclassificar-solos-rusticos\/#breadcrumb\"},\"inLanguage\":\"pt-PT\",\"potentialAction\":[{\"@type\":\"ReadAction\",\"target\":[\"https:\/\/portaltela.pt\/noticias\/2026\/01\/30\/poucos-pedidos-de-habitacao-apos-reclassificar-solos-rusticos\/\"]}]},{\"@type\":\"ImageObject\",\"inLanguage\":\"pt-PT\",\"@id\":\"https:\/\/portaltela.pt\/noticias\/2026\/01\/30\/poucos-pedidos-de-habitacao-apos-reclassificar-solos-rusticos\/#primaryimage\",\"url\":\"https:\/\/portaltela.pt\/s.01k8rhncp4jt1\/2026\/01\/Solo_rustico.jpg\",\"contentUrl\":\"https:\/\/portaltela.pt\/s.01k8rhncp4jt1\/2026\/01\/Solo_rustico.jpg\",\"width\":796,\"height\":448,\"caption\":\"Reclassifica\u00e7\u00e3o de solos r\u00fasticos para urbanos com poucos pedidos para habita\u00e7\u00e3o\"},{\"@type\":\"BreadcrumbList\",\"@id\":\"https:\/\/portaltela.pt\/noticias\/2026\/01\/30\/poucos-pedidos-de-habitacao-apos-reclassificar-solos-rusticos\/#breadcrumb\",\"itemListElement\":[{\"@type\":\"ListItem\",\"position\":1,\"name\":\"In\u00edcio\",\"item\":\"https:\/\/portaltela.pt\/\"},{\"@type\":\"ListItem\",\"position\":2,\"name\":\"Poucos pedidos de habita\u00e7\u00e3o ap\u00f3s reclassificar solos r\u00fasticos\"}]},{\"@type\":\"WebSite\",\"@id\":\"https:\/\/portaltela.pt\/#website\",\"url\":\"https:\/\/portaltela.pt\/\",\"name\":\"Portal Tela Portugal\",\"description\":\"\",\"potentialAction\":[{\"@type\":\"SearchAction\",\"target\":{\"@type\":\"EntryPoint\",\"urlTemplate\":\"https:\/\/portaltela.pt\/?s={search_term_string}\"},\"query-input\":{\"@type\":\"PropertyValueSpecification\",\"valueRequired\":true,\"valueName\":\"search_term_string\"}}],\"inLanguage\":\"pt-PT\"},{\"@type\":\"Person\",\"@id\":\"https:\/\/portaltela.pt\/#\/schema\/person\/c4278d4a6028830caff9ee44b42d32ed\",\"name\":\"Telinha\",\"image\":{\"@type\":\"ImageObject\",\"inLanguage\":\"pt-PT\",\"@id\":\"https:\/\/portaltela.pt\/s.01k8rhncp4jt1\/2025\/11\/talking-bot-125x125.png\",\"url\":\"https:\/\/portaltela.pt\/s.01k8rhncp4jt1\/2025\/11\/talking-bot-125x125.png\",\"contentUrl\":\"https:\/\/portaltela.pt\/s.01k8rhncp4jt1\/2025\/11\/talking-bot-125x125.png\",\"caption\":\"Telinha\"},\"sameAs\":[\"https:\/\/portaltela.pt\/\"],\"url\":\"https:\/\/portaltela.pt\/por\/367410592786\/\"}]}<\/script>\n<!-- \/ Yoast SEO plugin. -->","yoast_head_json":{"title":"Poucos pedidos de habita\u00e7\u00e3o ap\u00f3s reclassificar solos r\u00fasticos - Portal Tela Portugal","robots":{"index":"index","follow":"follow","max-snippet":"max-snippet:-1","max-image-preview":"max-image-preview:large","max-video-preview":"max-video-preview:-1"},"og_locale":"pt_PT","og_type":"article","og_title":"Poucos pedidos de habita\u00e7\u00e3o ap\u00f3s reclassificar solos r\u00fasticos - Portal Tela Portugal","og_description":"Um ano ap\u00f3s a entrada em vigor, a reclassifica\u00e7\u00e3o de solos r\u00fasticos em urbanos traz poucos benef\u00edcios para habita\u00e7\u00e3o; a maioria dos pedidos destinou\u2011se a atividades econ\u00f3micas. O decreto-lei 117\/2024, de 30 de dezembro, \u00e9 a 7.\u00aa altera\u00e7\u00e3o ao RJIGT, simplificando licenciamentos quando a reclassifica\u00e7\u00e3o \u00e9 para constru\u00e7\u00e3o de habita\u00e7\u00e3o, mediante delibera\u00e7\u00e3o municipal. Segundo a Associa\u00e7\u00e3o Portuguesa de Urbanistas, at\u00e9 setembro de 2025 houve muito poucos casos; 16 reclassifica\u00e7\u00f5es conclu\u00eddas, com v\u00e1rias iniciadas em 2024 e algumas em 2025. A maioria dos pedidos ocorreu fora das \u00e1reas metropolitanas de Lisboa e do Porto, com cerca de 75% para atividades econ\u00f3micas; apenas alguns para habita\u00e7\u00e3o em locais como Albufeira, T\u00e1bua e Paredes de Coura. O regime imp\u00f5e que pelo menos 700\/1.000 da \u00c1rea de Constru\u00e7\u00e3o acima do solo seja destinada a habita\u00e7\u00e3o p\u00fablica, arrendamento acess\u00edvel ou habita\u00e7\u00e3o a custos controlados, e envolve d\u00favidas jur\u00eddicas que t\u00eam gerado prud\u00eancia municipal.","og_url":"https:\/\/portaltela.pt\/noticias\/2026\/01\/30\/poucos-pedidos-de-habitacao-apos-reclassificar-solos-rusticos\/","og_site_name":"Portal Tela Portugal","article_published_time":"2026-01-30T09:44:11+00:00","author":"Telinha","twitter_card":"summary_large_image","twitter_misc":{"Escrito por":"Telinha","Tempo estimado de leitura":"3 minutos"},"schema":{"@context":"https:\/\/schema.org","@graph":[{"@type":"Article","@id":"https:\/\/portaltela.pt\/noticias\/2026\/01\/30\/poucos-pedidos-de-habitacao-apos-reclassificar-solos-rusticos\/#article","isPartOf":{"@id":"https:\/\/portaltela.pt\/noticias\/2026\/01\/30\/poucos-pedidos-de-habitacao-apos-reclassificar-solos-rusticos\/"},"author":{"name":"Telinha","@id":"https:\/\/portaltela.pt\/#\/schema\/person\/c4278d4a6028830caff9ee44b42d32ed"},"headline":"Poucos pedidos de habita\u00e7\u00e3o ap\u00f3s reclassificar solos r\u00fasticos","datePublished":"2026-01-30T09:44:11+00:00","mainEntityOfPage":{"@id":"https:\/\/portaltela.pt\/noticias\/2026\/01\/30\/poucos-pedidos-de-habitacao-apos-reclassificar-solos-rusticos\/"},"wordCount":547,"image":{"@id":"https:\/\/portaltela.pt\/noticias\/2026\/01\/30\/poucos-pedidos-de-habitacao-apos-reclassificar-solos-rusticos\/#primaryimage"},"thumbnailUrl":"https:\/\/portaltela.pt\/s.01k8rhncp4jt1\/2026\/01\/Solo_rustico.jpg","keywords":["governo","habita\u00e7\u00e3o","habita\u00e7\u00e3o a custos controlados","habita\u00e7\u00e3o p\u00fablica","pol\u00edticas p\u00fablicas","urbanismo"],"articleSection":["Not\u00edcias"],"inLanguage":"pt-PT"},{"@type":"WebPage","@id":"https:\/\/portaltela.pt\/noticias\/2026\/01\/30\/poucos-pedidos-de-habitacao-apos-reclassificar-solos-rusticos\/","url":"https:\/\/portaltela.pt\/noticias\/2026\/01\/30\/poucos-pedidos-de-habitacao-apos-reclassificar-solos-rusticos\/","name":"Poucos pedidos de habita\u00e7\u00e3o ap\u00f3s reclassificar solos r\u00fasticos - Portal Tela Portugal","isPartOf":{"@id":"https:\/\/portaltela.pt\/#website"},"primaryImageOfPage":{"@id":"https:\/\/portaltela.pt\/noticias\/2026\/01\/30\/poucos-pedidos-de-habitacao-apos-reclassificar-solos-rusticos\/#primaryimage"},"image":{"@id":"https:\/\/portaltela.pt\/noticias\/2026\/01\/30\/poucos-pedidos-de-habitacao-apos-reclassificar-solos-rusticos\/#primaryimage"},"thumbnailUrl":"https:\/\/portaltela.pt\/s.01k8rhncp4jt1\/2026\/01\/Solo_rustico.jpg","datePublished":"2026-01-30T09:44:11+00:00","author":{"@id":"https:\/\/portaltela.pt\/#\/schema\/person\/c4278d4a6028830caff9ee44b42d32ed"},"breadcrumb":{"@id":"https:\/\/portaltela.pt\/noticias\/2026\/01\/30\/poucos-pedidos-de-habitacao-apos-reclassificar-solos-rusticos\/#breadcrumb"},"inLanguage":"pt-PT","potentialAction":[{"@type":"ReadAction","target":["https:\/\/portaltela.pt\/noticias\/2026\/01\/30\/poucos-pedidos-de-habitacao-apos-reclassificar-solos-rusticos\/"]}]},{"@type":"ImageObject","inLanguage":"pt-PT","@id":"https:\/\/portaltela.pt\/noticias\/2026\/01\/30\/poucos-pedidos-de-habitacao-apos-reclassificar-solos-rusticos\/#primaryimage","url":"https:\/\/portaltela.pt\/s.01k8rhncp4jt1\/2026\/01\/Solo_rustico.jpg","contentUrl":"https:\/\/portaltela.pt\/s.01k8rhncp4jt1\/2026\/01\/Solo_rustico.jpg","width":796,"height":448,"caption":"Reclassifica\u00e7\u00e3o de solos r\u00fasticos para urbanos com poucos pedidos para habita\u00e7\u00e3o"},{"@type":"BreadcrumbList","@id":"https:\/\/portaltela.pt\/noticias\/2026\/01\/30\/poucos-pedidos-de-habitacao-apos-reclassificar-solos-rusticos\/#breadcrumb","itemListElement":[{"@type":"ListItem","position":1,"name":"In\u00edcio","item":"https:\/\/portaltela.pt\/"},{"@type":"ListItem","position":2,"name":"Poucos pedidos de habita\u00e7\u00e3o ap\u00f3s reclassificar solos r\u00fasticos"}]},{"@type":"WebSite","@id":"https:\/\/portaltela.pt\/#website","url":"https:\/\/portaltela.pt\/","name":"Portal Tela Portugal","description":"","potentialAction":[{"@type":"SearchAction","target":{"@type":"EntryPoint","urlTemplate":"https:\/\/portaltela.pt\/?s={search_term_string}"},"query-input":{"@type":"PropertyValueSpecification","valueRequired":true,"valueName":"search_term_string"}}],"inLanguage":"pt-PT"},{"@type":"Person","@id":"https:\/\/portaltela.pt\/#\/schema\/person\/c4278d4a6028830caff9ee44b42d32ed","name":"Telinha","image":{"@type":"ImageObject","inLanguage":"pt-PT","@id":"https:\/\/portaltela.pt\/s.01k8rhncp4jt1\/2025\/11\/talking-bot-125x125.png","url":"https:\/\/portaltela.pt\/s.01k8rhncp4jt1\/2025\/11\/talking-bot-125x125.png","contentUrl":"https:\/\/portaltela.pt\/s.01k8rhncp4jt1\/2025\/11\/talking-bot-125x125.png","caption":"Telinha"},"sameAs":["https:\/\/portaltela.pt\/"],"url":"https:\/\/portaltela.pt\/por\/367410592786\/"}]}},"_links":{"self":[{"href":"https:\/\/portaltela.pt\/api\/wp\/v2\/posts\/183426","targetHints":{"allow":["GET"]}}],"collection":[{"href":"https:\/\/portaltela.pt\/api\/wp\/v2\/posts"}],"about":[{"href":"https:\/\/portaltela.pt\/api\/wp\/v2\/types\/post"}],"author":[{"embeddable":true,"href":"https:\/\/portaltela.pt\/api\/wp\/v2\/users\/2"}],"replies":[{"embeddable":true,"href":"https:\/\/portaltela.pt\/api\/wp\/v2\/comments?post=183426"}],"version-history":[{"count":0,"href":"https:\/\/portaltela.pt\/api\/wp\/v2\/posts\/183426\/revisions"}],"wp:featuredmedia":[{"embeddable":true,"href":"https:\/\/portaltela.pt\/api\/wp\/v2\/media\/183431"}],"wp:attachment":[{"href":"https:\/\/portaltela.pt\/api\/wp\/v2\/media?parent=183426"}],"wp:term":[{"taxonomy":"category","embeddable":true,"href":"https:\/\/portaltela.pt\/api\/wp\/v2\/categories?post=183426"},{"taxonomy":"post_tag","embeddable":true,"href":"https:\/\/portaltela.pt\/api\/wp\/v2\/tags?post=183426"}],"curies":[{"name":"wp","href":"https:\/\/api.w.org\/{rel}","templated":true}]}}