{"id":183424,"date":"2026-01-30T06:44:00","date_gmt":"2026-01-30T09:44:00","guid":{"rendered":"https:\/\/portaltela.pt\/noticias\/2026\/01\/30\/sabugal-centro-de-trabalho-inteligente-reforca-apoio-ao-desenvolvimento-empresarial\/"},"modified":"2026-01-30T06:44:00","modified_gmt":"2026-01-30T09:44:00","slug":"sabugal-centro-de-trabalho-inteligente-reforca-apoio-ao-desenvolvimento-empresarial","status":"publish","type":"post","link":"https:\/\/portaltela.pt\/noticias\/economia\/2026\/01\/30\/sabugal-centro-de-trabalho-inteligente-reforca-apoio-ao-desenvolvimento-empresarial\/","title":{"rendered":"SABUGAL: Centro de Trabalho Inteligente refor\u00e7a apoio ao desenvolvimento empresarial"},"content":{"rendered":"<p>O Smart Work Center do Sabugal entrou em funcionamento no final de 2025, posicionando-se como novo polo de apoio ao empreendedorismo e ao desenvolvimento empresarial no concelho. O espa\u00e7o, gerido pela ADES \u2013 Associa\u00e7\u00e3o Empresarial do Sabugal, destina-se principalmente a empresas de base tecnol\u00f3gica e a servi\u00e7os avan\u00e7ados.<\/p>\n<p>Com uma \u00e1rea superior a 300 m\u00b2, o centro nasceu de um investimento de mais de 1,5 milh\u00f5es de euros do Munic\u00edpio do Sabugal, com cofinanciamento do FEDER. Localiza-se na Zona Industrial, nos lotes 15 a 18, e disponibiliza incuba\u00e7\u00e3o, alojamento empresarial, escrit\u00f3rios, coworking e servi\u00e7os de apoio ao empreendedor.<\/p>\n<p>O edif\u00edcio apresenta 10 gabinetes para PME, 12 gabinetes individuais, dois espa\u00e7os de coworking, um audit\u00f3rio com mais de 60 lugares e v\u00e1rias salas de forma\u00e7\u00e3o e reuni\u00f5es. Desde a abertura, tem registado elevado interesse, com uma multinacional j\u00e1 a instalar-se no espa\u00e7o.<\/p>\n<p>A C\u00e2mara Municipal estima ocupa\u00e7\u00e3o total at\u00e9 ao final de 2026. O Smart Work Center pretende assim contribuir para a cria\u00e7\u00e3o de empregos, fixa\u00e7\u00e3o de popula\u00e7\u00e3o e refor\u00e7ar a liga\u00e7\u00e3o entre empresas e trabalhadores locais. O munic\u00edpio tamb\u00e9m disponibiliza regulamento e formul\u00e1rio de candidatura no seu site.<\/p>\n","protected":false},"excerpt":{"rendered":"<ul>\n<li>O Smart Work Center do Sabugal come\u00e7ou a funcionar no final de 2025, sendo um polo de apoio ao empreendedorismo e ao desenvolvimento empresarial no concelho, gerido pela ADES \u2013 Associa\u00e7\u00e3o Empresarial do Sabugal.<\/li>\n<li>Destinado principalmente a empresas de base tecnol\u00f3gica e servi\u00e7os avan\u00e7ados, ocupa uma \u00e1rea superior a 300 metros quadrados e recebeu investimento superior a 1,5 milh\u00f5es de euros por parte do Munic\u00edpio do Sabugal, com cofinanciamento do FEDER.<\/li>\n<li>Localiza-se nos lotes 15, 16, 17 e 18 da Zona Industrial do Sabugal e oferece incuba\u00e7\u00e3o empresarial, alojamento empresarial, escrit\u00f3rios \u00e0 medida, espa\u00e7os de coworking e servi\u00e7os de apoio ao empreendedor.<\/li>\n<li>O edif\u00edcio disp\u00f5e de dez gabinetes para pequenas e m\u00e9dias empresas, doze gabinetes individuais, dois espa\u00e7os de coworking, um audit\u00f3rio com capacidade para mais de sessenta pessoas, duas salas de forma\u00e7\u00e3o e v\u00e1rias salas de reuni\u00f5es.<\/li>\n<li>Desde a abertura tem registado forte interesse no concelho e regi\u00e3o, com uma empresa multinacional j\u00e1 em fase de instala\u00e7\u00e3o; a C\u00e2mara Municipal prev\u00ea ocupa\u00e7\u00e3o completa at\u00e9 ao fim de 2026, com impacto econ\u00f3mico e social significativo.<\/li>\n<\/ul>\n","protected":false},"author":2,"featured_media":183438,"comment_status":"closed","ping_status":"closed","sticky":false,"template":"","format":"standard","meta":{"footnotes":""},"categories":[2,1],"tags":[679,1409,2697,316,2093,4551],"class_list":["post-183424","post","type-post","status-publish","format-standard","has-post-thumbnail","hentry","category-economia","category-noticias","tag-associacoes","tag-desenvolvimento-regional","tag-empresas","tag-investimento","tag-municipios","tag-sabugal"],"yoast_head":"<!-- This site is optimized with the Yoast SEO plugin v27.2 - https:\/\/yoast.com\/product\/yoast-seo-wordpress\/ -->\n<title>SABUGAL: Centro de Trabalho Inteligente refor\u00e7a apoio ao desenvolvimento empresarial - Portal Tela Portugal<\/title>\n<meta name=\"robots\" content=\"index, follow, max-snippet:-1, max-image-preview:large, max-video-preview:-1\" \/>\n<meta property=\"og:locale\" content=\"pt_PT\" \/>\n<meta property=\"og:type\" content=\"article\" \/>\n<meta property=\"og:title\" content=\"SABUGAL: Centro de Trabalho Inteligente refor\u00e7a apoio ao desenvolvimento empresarial - Portal Tela Portugal\" \/>\n<meta property=\"og:description\" content=\"O Smart Work Center do Sabugal come\u00e7ou a funcionar no final de 2025, sendo um polo de apoio ao empreendedorismo e ao desenvolvimento empresarial no concelho, gerido pela ADES \u2013 Associa\u00e7\u00e3o Empresarial do Sabugal. Destinado principalmente a empresas de base tecnol\u00f3gica e servi\u00e7os avan\u00e7ados, ocupa uma \u00e1rea superior a 300 metros quadrados e recebeu investimento superior a 1,5 milh\u00f5es de euros por parte do Munic\u00edpio do Sabugal, com cofinanciamento do FEDER. Localiza-se nos lotes 15, 16, 17 e 18 da Zona Industrial do Sabugal e oferece incuba\u00e7\u00e3o empresarial, alojamento empresarial, escrit\u00f3rios \u00e0 medida, espa\u00e7os de coworking e servi\u00e7os de apoio ao empreendedor. O edif\u00edcio disp\u00f5e de dez gabinetes para pequenas e m\u00e9dias empresas, doze gabinetes individuais, dois espa\u00e7os de coworking, um audit\u00f3rio com capacidade para mais de sessenta pessoas, duas salas de forma\u00e7\u00e3o e v\u00e1rias salas de reuni\u00f5es. Desde a abertura tem registado forte interesse no concelho e regi\u00e3o, com uma empresa multinacional j\u00e1 em fase de instala\u00e7\u00e3o; a C\u00e2mara Municipal prev\u00ea ocupa\u00e7\u00e3o completa at\u00e9 ao fim de 2026, com impacto econ\u00f3mico e social significativo.\" \/>\n<meta property=\"og:url\" content=\"https:\/\/portaltela.pt\/noticias\/2026\/01\/30\/sabugal-centro-de-trabalho-inteligente-reforca-apoio-ao-desenvolvimento-empresarial\/\" \/>\n<meta property=\"og:site_name\" content=\"Portal Tela Portugal\" \/>\n<meta property=\"article:published_time\" content=\"2026-01-30T09:44:00+00:00\" \/>\n<meta name=\"author\" content=\"Telinha\" \/>\n<meta name=\"twitter:card\" content=\"summary_large_image\" \/>\n<meta name=\"twitter:label1\" content=\"Escrito por\" \/>\n\t<meta name=\"twitter:data1\" content=\"Telinha\" \/>\n\t<meta name=\"twitter:label2\" content=\"Tempo estimado de leitura\" \/>\n\t<meta name=\"twitter:data2\" content=\"1 minuto\" \/>\n<script type=\"application\/ld+json\" class=\"yoast-schema-graph\">{\"@context\":\"https:\/\/schema.org\",\"@graph\":[{\"@type\":\"Article\",\"@id\":\"https:\/\/portaltela.pt\/noticias\/2026\/01\/30\/sabugal-centro-de-trabalho-inteligente-reforca-apoio-ao-desenvolvimento-empresarial\/#article\",\"isPartOf\":{\"@id\":\"https:\/\/portaltela.pt\/noticias\/2026\/01\/30\/sabugal-centro-de-trabalho-inteligente-reforca-apoio-ao-desenvolvimento-empresarial\/\"},\"author\":{\"name\":\"Telinha\",\"@id\":\"https:\/\/portaltela.pt\/#\/schema\/person\/c4278d4a6028830caff9ee44b42d32ed\"},\"headline\":\"SABUGAL: Centro de Trabalho Inteligente refor\u00e7a apoio ao desenvolvimento empresarial\",\"datePublished\":\"2026-01-30T09:44:00+00:00\",\"mainEntityOfPage\":{\"@id\":\"https:\/\/portaltela.pt\/noticias\/2026\/01\/30\/sabugal-centro-de-trabalho-inteligente-reforca-apoio-ao-desenvolvimento-empresarial\/\"},\"wordCount\":216,\"image\":{\"@id\":\"https:\/\/portaltela.pt\/noticias\/2026\/01\/30\/sabugal-centro-de-trabalho-inteligente-reforca-apoio-ao-desenvolvimento-empresarial\/#primaryimage\"},\"thumbnailUrl\":\"https:\/\/portaltela.pt\/s.01k8rhncp4jt1\/2026\/01\/unnamed-file-6024.jpg\",\"keywords\":[\"associa\u00e7\u00f5es\",\"desenvolvimento regional\",\"empresas\",\"investimento\",\"munic\u00edpios\",\"Sabugal\"],\"articleSection\":[\"Economia\",\"Not\u00edcias\"],\"inLanguage\":\"pt-PT\"},{\"@type\":\"WebPage\",\"@id\":\"https:\/\/portaltela.pt\/noticias\/2026\/01\/30\/sabugal-centro-de-trabalho-inteligente-reforca-apoio-ao-desenvolvimento-empresarial\/\",\"url\":\"https:\/\/portaltela.pt\/noticias\/2026\/01\/30\/sabugal-centro-de-trabalho-inteligente-reforca-apoio-ao-desenvolvimento-empresarial\/\",\"name\":\"SABUGAL: Centro de Trabalho Inteligente refor\u00e7a apoio ao desenvolvimento empresarial - Portal Tela Portugal\",\"isPartOf\":{\"@id\":\"https:\/\/portaltela.pt\/#website\"},\"primaryImageOfPage\":{\"@id\":\"https:\/\/portaltela.pt\/noticias\/2026\/01\/30\/sabugal-centro-de-trabalho-inteligente-reforca-apoio-ao-desenvolvimento-empresarial\/#primaryimage\"},\"image\":{\"@id\":\"https:\/\/portaltela.pt\/noticias\/2026\/01\/30\/sabugal-centro-de-trabalho-inteligente-reforca-apoio-ao-desenvolvimento-empresarial\/#primaryimage\"},\"thumbnailUrl\":\"https:\/\/portaltela.pt\/s.01k8rhncp4jt1\/2026\/01\/unnamed-file-6024.jpg\",\"datePublished\":\"2026-01-30T09:44:00+00:00\",\"author\":{\"@id\":\"https:\/\/portaltela.pt\/#\/schema\/person\/c4278d4a6028830caff9ee44b42d32ed\"},\"breadcrumb\":{\"@id\":\"https:\/\/portaltela.pt\/noticias\/2026\/01\/30\/sabugal-centro-de-trabalho-inteligente-reforca-apoio-ao-desenvolvimento-empresarial\/#breadcrumb\"},\"inLanguage\":\"pt-PT\",\"potentialAction\":[{\"@type\":\"ReadAction\",\"target\":[\"https:\/\/portaltela.pt\/noticias\/2026\/01\/30\/sabugal-centro-de-trabalho-inteligente-reforca-apoio-ao-desenvolvimento-empresarial\/\"]}]},{\"@type\":\"ImageObject\",\"inLanguage\":\"pt-PT\",\"@id\":\"https:\/\/portaltela.pt\/noticias\/2026\/01\/30\/sabugal-centro-de-trabalho-inteligente-reforca-apoio-ao-desenvolvimento-empresarial\/#primaryimage\",\"url\":\"https:\/\/portaltela.pt\/s.01k8rhncp4jt1\/2026\/01\/unnamed-file-6024.jpg\",\"contentUrl\":\"https:\/\/portaltela.pt\/s.01k8rhncp4jt1\/2026\/01\/unnamed-file-6024.jpg\",\"width\":796,\"height\":448,\"caption\":\"SABUGAL: Smart Work Center refor\u00e7a apoio ao desenvolvimento empresarial\"},{\"@type\":\"BreadcrumbList\",\"@id\":\"https:\/\/portaltela.pt\/noticias\/2026\/01\/30\/sabugal-centro-de-trabalho-inteligente-reforca-apoio-ao-desenvolvimento-empresarial\/#breadcrumb\",\"itemListElement\":[{\"@type\":\"ListItem\",\"position\":1,\"name\":\"In\u00edcio\",\"item\":\"https:\/\/portaltela.pt\/\"},{\"@type\":\"ListItem\",\"position\":2,\"name\":\"SABUGAL: Centro de Trabalho Inteligente refor\u00e7a apoio ao desenvolvimento empresarial\"}]},{\"@type\":\"WebSite\",\"@id\":\"https:\/\/portaltela.pt\/#website\",\"url\":\"https:\/\/portaltela.pt\/\",\"name\":\"Portal Tela Portugal\",\"description\":\"\",\"potentialAction\":[{\"@type\":\"SearchAction\",\"target\":{\"@type\":\"EntryPoint\",\"urlTemplate\":\"https:\/\/portaltela.pt\/?s={search_term_string}\"},\"query-input\":{\"@type\":\"PropertyValueSpecification\",\"valueRequired\":true,\"valueName\":\"search_term_string\"}}],\"inLanguage\":\"pt-PT\"},{\"@type\":\"Person\",\"@id\":\"https:\/\/portaltela.pt\/#\/schema\/person\/c4278d4a6028830caff9ee44b42d32ed\",\"name\":\"Telinha\",\"image\":{\"@type\":\"ImageObject\",\"inLanguage\":\"pt-PT\",\"@id\":\"https:\/\/portaltela.pt\/s.01k8rhncp4jt1\/2025\/11\/talking-bot-125x125.png\",\"url\":\"https:\/\/portaltela.pt\/s.01k8rhncp4jt1\/2025\/11\/talking-bot-125x125.png\",\"contentUrl\":\"https:\/\/portaltela.pt\/s.01k8rhncp4jt1\/2025\/11\/talking-bot-125x125.png\",\"caption\":\"Telinha\"},\"sameAs\":[\"https:\/\/portaltela.pt\/\"],\"url\":\"https:\/\/portaltela.pt\/por\/367410592786\/\"}]}<\/script>\n<!-- \/ Yoast SEO plugin. -->","yoast_head_json":{"title":"SABUGAL: Centro de Trabalho Inteligente refor\u00e7a apoio ao desenvolvimento empresarial - Portal Tela Portugal","robots":{"index":"index","follow":"follow","max-snippet":"max-snippet:-1","max-image-preview":"max-image-preview:large","max-video-preview":"max-video-preview:-1"},"og_locale":"pt_PT","og_type":"article","og_title":"SABUGAL: Centro de Trabalho Inteligente refor\u00e7a apoio ao desenvolvimento empresarial - Portal Tela Portugal","og_description":"O Smart Work Center do Sabugal come\u00e7ou a funcionar no final de 2025, sendo um polo de apoio ao empreendedorismo e ao desenvolvimento empresarial no concelho, gerido pela ADES \u2013 Associa\u00e7\u00e3o Empresarial do Sabugal. Destinado principalmente a empresas de base tecnol\u00f3gica e servi\u00e7os avan\u00e7ados, ocupa uma \u00e1rea superior a 300 metros quadrados e recebeu investimento superior a 1,5 milh\u00f5es de euros por parte do Munic\u00edpio do Sabugal, com cofinanciamento do FEDER. Localiza-se nos lotes 15, 16, 17 e 18 da Zona Industrial do Sabugal e oferece incuba\u00e7\u00e3o empresarial, alojamento empresarial, escrit\u00f3rios \u00e0 medida, espa\u00e7os de coworking e servi\u00e7os de apoio ao empreendedor. O edif\u00edcio disp\u00f5e de dez gabinetes para pequenas e m\u00e9dias empresas, doze gabinetes individuais, dois espa\u00e7os de coworking, um audit\u00f3rio com capacidade para mais de sessenta pessoas, duas salas de forma\u00e7\u00e3o e v\u00e1rias salas de reuni\u00f5es. Desde a abertura tem registado forte interesse no concelho e regi\u00e3o, com uma empresa multinacional j\u00e1 em fase de instala\u00e7\u00e3o; a C\u00e2mara Municipal prev\u00ea ocupa\u00e7\u00e3o completa at\u00e9 ao fim de 2026, com impacto econ\u00f3mico e social significativo.","og_url":"https:\/\/portaltela.pt\/noticias\/2026\/01\/30\/sabugal-centro-de-trabalho-inteligente-reforca-apoio-ao-desenvolvimento-empresarial\/","og_site_name":"Portal Tela Portugal","article_published_time":"2026-01-30T09:44:00+00:00","author":"Telinha","twitter_card":"summary_large_image","twitter_misc":{"Escrito por":"Telinha","Tempo estimado de leitura":"1 minuto"},"schema":{"@context":"https:\/\/schema.org","@graph":[{"@type":"Article","@id":"https:\/\/portaltela.pt\/noticias\/2026\/01\/30\/sabugal-centro-de-trabalho-inteligente-reforca-apoio-ao-desenvolvimento-empresarial\/#article","isPartOf":{"@id":"https:\/\/portaltela.pt\/noticias\/2026\/01\/30\/sabugal-centro-de-trabalho-inteligente-reforca-apoio-ao-desenvolvimento-empresarial\/"},"author":{"name":"Telinha","@id":"https:\/\/portaltela.pt\/#\/schema\/person\/c4278d4a6028830caff9ee44b42d32ed"},"headline":"SABUGAL: Centro de Trabalho Inteligente refor\u00e7a apoio ao desenvolvimento empresarial","datePublished":"2026-01-30T09:44:00+00:00","mainEntityOfPage":{"@id":"https:\/\/portaltela.pt\/noticias\/2026\/01\/30\/sabugal-centro-de-trabalho-inteligente-reforca-apoio-ao-desenvolvimento-empresarial\/"},"wordCount":216,"image":{"@id":"https:\/\/portaltela.pt\/noticias\/2026\/01\/30\/sabugal-centro-de-trabalho-inteligente-reforca-apoio-ao-desenvolvimento-empresarial\/#primaryimage"},"thumbnailUrl":"https:\/\/portaltela.pt\/s.01k8rhncp4jt1\/2026\/01\/unnamed-file-6024.jpg","keywords":["associa\u00e7\u00f5es","desenvolvimento regional","empresas","investimento","munic\u00edpios","Sabugal"],"articleSection":["Economia","Not\u00edcias"],"inLanguage":"pt-PT"},{"@type":"WebPage","@id":"https:\/\/portaltela.pt\/noticias\/2026\/01\/30\/sabugal-centro-de-trabalho-inteligente-reforca-apoio-ao-desenvolvimento-empresarial\/","url":"https:\/\/portaltela.pt\/noticias\/2026\/01\/30\/sabugal-centro-de-trabalho-inteligente-reforca-apoio-ao-desenvolvimento-empresarial\/","name":"SABUGAL: Centro de Trabalho Inteligente refor\u00e7a apoio ao desenvolvimento empresarial - Portal Tela Portugal","isPartOf":{"@id":"https:\/\/portaltela.pt\/#website"},"primaryImageOfPage":{"@id":"https:\/\/portaltela.pt\/noticias\/2026\/01\/30\/sabugal-centro-de-trabalho-inteligente-reforca-apoio-ao-desenvolvimento-empresarial\/#primaryimage"},"image":{"@id":"https:\/\/portaltela.pt\/noticias\/2026\/01\/30\/sabugal-centro-de-trabalho-inteligente-reforca-apoio-ao-desenvolvimento-empresarial\/#primaryimage"},"thumbnailUrl":"https:\/\/portaltela.pt\/s.01k8rhncp4jt1\/2026\/01\/unnamed-file-6024.jpg","datePublished":"2026-01-30T09:44:00+00:00","author":{"@id":"https:\/\/portaltela.pt\/#\/schema\/person\/c4278d4a6028830caff9ee44b42d32ed"},"breadcrumb":{"@id":"https:\/\/portaltela.pt\/noticias\/2026\/01\/30\/sabugal-centro-de-trabalho-inteligente-reforca-apoio-ao-desenvolvimento-empresarial\/#breadcrumb"},"inLanguage":"pt-PT","potentialAction":[{"@type":"ReadAction","target":["https:\/\/portaltela.pt\/noticias\/2026\/01\/30\/sabugal-centro-de-trabalho-inteligente-reforca-apoio-ao-desenvolvimento-empresarial\/"]}]},{"@type":"ImageObject","inLanguage":"pt-PT","@id":"https:\/\/portaltela.pt\/noticias\/2026\/01\/30\/sabugal-centro-de-trabalho-inteligente-reforca-apoio-ao-desenvolvimento-empresarial\/#primaryimage","url":"https:\/\/portaltela.pt\/s.01k8rhncp4jt1\/2026\/01\/unnamed-file-6024.jpg","contentUrl":"https:\/\/portaltela.pt\/s.01k8rhncp4jt1\/2026\/01\/unnamed-file-6024.jpg","width":796,"height":448,"caption":"SABUGAL: Smart Work Center refor\u00e7a apoio ao desenvolvimento empresarial"},{"@type":"BreadcrumbList","@id":"https:\/\/portaltela.pt\/noticias\/2026\/01\/30\/sabugal-centro-de-trabalho-inteligente-reforca-apoio-ao-desenvolvimento-empresarial\/#breadcrumb","itemListElement":[{"@type":"ListItem","position":1,"name":"In\u00edcio","item":"https:\/\/portaltela.pt\/"},{"@type":"ListItem","position":2,"name":"SABUGAL: Centro de Trabalho Inteligente refor\u00e7a apoio ao desenvolvimento empresarial"}]},{"@type":"WebSite","@id":"https:\/\/portaltela.pt\/#website","url":"https:\/\/portaltela.pt\/","name":"Portal Tela Portugal","description":"","potentialAction":[{"@type":"SearchAction","target":{"@type":"EntryPoint","urlTemplate":"https:\/\/portaltela.pt\/?s={search_term_string}"},"query-input":{"@type":"PropertyValueSpecification","valueRequired":true,"valueName":"search_term_string"}}],"inLanguage":"pt-PT"},{"@type":"Person","@id":"https:\/\/portaltela.pt\/#\/schema\/person\/c4278d4a6028830caff9ee44b42d32ed","name":"Telinha","image":{"@type":"ImageObject","inLanguage":"pt-PT","@id":"https:\/\/portaltela.pt\/s.01k8rhncp4jt1\/2025\/11\/talking-bot-125x125.png","url":"https:\/\/portaltela.pt\/s.01k8rhncp4jt1\/2025\/11\/talking-bot-125x125.png","contentUrl":"https:\/\/portaltela.pt\/s.01k8rhncp4jt1\/2025\/11\/talking-bot-125x125.png","caption":"Telinha"},"sameAs":["https:\/\/portaltela.pt\/"],"url":"https:\/\/portaltela.pt\/por\/367410592786\/"}]}},"_links":{"self":[{"href":"https:\/\/portaltela.pt\/api\/wp\/v2\/posts\/183424","targetHints":{"allow":["GET"]}}],"collection":[{"href":"https:\/\/portaltela.pt\/api\/wp\/v2\/posts"}],"about":[{"href":"https:\/\/portaltela.pt\/api\/wp\/v2\/types\/post"}],"author":[{"embeddable":true,"href":"https:\/\/portaltela.pt\/api\/wp\/v2\/users\/2"}],"replies":[{"embeddable":true,"href":"https:\/\/portaltela.pt\/api\/wp\/v2\/comments?post=183424"}],"version-history":[{"count":0,"href":"https:\/\/portaltela.pt\/api\/wp\/v2\/posts\/183424\/revisions"}],"wp:featuredmedia":[{"embeddable":true,"href":"https:\/\/portaltela.pt\/api\/wp\/v2\/media\/183438"}],"wp:attachment":[{"href":"https:\/\/portaltela.pt\/api\/wp\/v2\/media?parent=183424"}],"wp:term":[{"taxonomy":"category","embeddable":true,"href":"https:\/\/portaltela.pt\/api\/wp\/v2\/categories?post=183424"},{"taxonomy":"post_tag","embeddable":true,"href":"https:\/\/portaltela.pt\/api\/wp\/v2\/tags?post=183424"}],"curies":[{"name":"wp","href":"https:\/\/api.w.org\/{rel}","templated":true}]}}