{"id":183403,"date":"2026-01-30T06:51:44","date_gmt":"2026-01-30T09:51:44","guid":{"rendered":"https:\/\/portaltela.pt\/noticias\/2026\/01\/30\/aniversario-dos-caminheiros-do-freixo-celebra-14-anos-e-160-percursos\/"},"modified":"2026-01-30T06:51:44","modified_gmt":"2026-01-30T09:51:44","slug":"aniversario-dos-caminheiros-do-freixo-celebra-14-anos-e-160-percursos","status":"publish","type":"post","link":"https:\/\/portaltela.pt\/desporto\/2026\/01\/30\/aniversario-dos-caminheiros-do-freixo-celebra-14-anos-e-160-percursos\/","title":{"rendered":"Anivers\u00e1rio dos Caminheiros do Freixo celebra 14 anos e 160 percursos"},"content":{"rendered":"<p>Os Caminheiros da Casa do Povo do Freixo v\u00e3o celebrar o 14\u00ba anivers\u00e1rio no dia 7 de fevereiro, marcando tamb\u00e9m a realiza\u00e7\u00e3o de 160 caminhadas desde a funda\u00e7\u00e3o. O grupo destaca a atua\u00e7\u00e3o ao longo de v\u00e1rios anos, com percursos por montanhas, passadi\u00e7os, margens de rios e zonas costeiras, sempre com esp\u00edrito de partilha e inclus\u00e3o.<\/p>\n<p>A iniciativa de comemora\u00e7\u00e3o inclui uma caminhada de 7 a 8 quil\u00f3metros, que passa pelos passadi\u00e7os da Serra D\u2019Ossa, seguida de um almo\u00e7o. A participa\u00e7\u00e3o requer inscri\u00e7\u00e3o, pelo email ccpfreixo@gmail.com, com nome completo e data de nascimento.<\/p>\n<p>O custo simb\u00f3lico \u00e9 de 10 euros, cobrindo a caminhada, o seguro e o almo\u00e7o, pago no dia. A concentra\u00e7\u00e3o est\u00e1 marcada para as 8h45, junto ao Pavilh\u00e3o Multiusos de Redondo, na Zona Industrial, onde haver\u00e1 estacionamento, antes da desloca\u00e7\u00e3o para o in\u00edcio do percurso.<\/p>\n<h3>Detalhes da participa\u00e7\u00e3o<\/h3>\n<p>As inscri\u00e7\u00f5es devem ser enviadas para o email indicado, com os dados solicitados. O evento promove atividade f\u00edsica em ambiente natural e envolve um almo\u00e7o de confraterniza\u00e7\u00e3o ap\u00f3s o trajeto. Em caso de altera\u00e7\u00f5es, os organizadores manter\u00e3o os participantes informados.<\/p>\n","protected":false},"excerpt":{"rendered":"<ul>\n<li>Os Caminheiros da Casa do Povo do Freixo assinalam, no dia 7 de fevereiro, o 14.\u00ba anivers\u00e1rio e a 160.\u00aa caminhada organizada ao longo dos anos.<\/li>\n<li>O grupo recorda o percurso feito, com centenas de quil\u00f3metros em montanhas, passadi\u00e7os, margens de rios e zonas costeiras, destacando esp\u00edrito de partilha e inclus\u00e3o.<\/li>\n<li>A comemora\u00e7\u00e3o inclui uma caminhada de 7 a 8 quil\u00f3metros, passando pelos passadi\u00e7os da Serra D\u2019Ossa, seguida de almo\u00e7o.<\/li>\n<li>A participa\u00e7\u00e3o exige inscri\u00e7\u00e3o obrigat\u00f3ria para ccpfreixo@gmail.com, com nome completo e data de nascimento; o custo \u00e9 de 10 euros e cobre caminhada, seguro e almo\u00e7o, pago no dia.<\/li>\n<li>A concentra\u00e7\u00e3o \u00e9 \u00e0s 8h45, junto ao Pavilh\u00e3o Multiusos de Redondo, na Zona Industrial, com estacionamento dispon\u00edvel, antes da desloca\u00e7\u00e3o ao in\u00edcio do percurso.<\/li>\n<\/ul>\n","protected":false},"author":2,"featured_media":183418,"comment_status":"closed","ping_status":"closed","sticky":false,"template":"","format":"standard","meta":{"footnotes":""},"categories":[21],"tags":[2464,152,3568,4388,169],"class_list":["post-183403","post","type-post","status-publish","format-standard","has-post-thumbnail","hentry","category-desporto","tag-atividade-fisica","tag-desporto","tag-natureza","tag-percurso-pedestres","tag-turismo"],"yoast_head":"<!-- This site is optimized with the Yoast SEO plugin v27.2 - https:\/\/yoast.com\/product\/yoast-seo-wordpress\/ -->\n<title>Anivers\u00e1rio dos Caminheiros do Freixo celebra 14 anos e 160 percursos - Portal Tela Portugal<\/title>\n<meta name=\"robots\" content=\"index, follow, max-snippet:-1, max-image-preview:large, max-video-preview:-1\" \/>\n<meta property=\"og:locale\" content=\"pt_PT\" \/>\n<meta property=\"og:type\" content=\"article\" \/>\n<meta property=\"og:title\" content=\"Anivers\u00e1rio dos Caminheiros do Freixo celebra 14 anos e 160 percursos - Portal Tela Portugal\" \/>\n<meta property=\"og:description\" content=\"Os Caminheiros da Casa do Povo do Freixo assinalam, no dia 7 de fevereiro, o 14.\u00ba anivers\u00e1rio e a 160.\u00aa caminhada organizada ao longo dos anos. O grupo recorda o percurso feito, com centenas de quil\u00f3metros em montanhas, passadi\u00e7os, margens de rios e zonas costeiras, destacando esp\u00edrito de partilha e inclus\u00e3o. A comemora\u00e7\u00e3o inclui uma caminhada de 7 a 8 quil\u00f3metros, passando pelos passadi\u00e7os da Serra D\u2019Ossa, seguida de almo\u00e7o. A participa\u00e7\u00e3o exige inscri\u00e7\u00e3o obrigat\u00f3ria para ccpfreixo@gmail.com, com nome completo e data de nascimento; o custo \u00e9 de 10 euros e cobre caminhada, seguro e almo\u00e7o, pago no dia. A concentra\u00e7\u00e3o \u00e9 \u00e0s 8h45, junto ao Pavilh\u00e3o Multiusos de Redondo, na Zona Industrial, com estacionamento dispon\u00edvel, antes da desloca\u00e7\u00e3o ao in\u00edcio do percurso.\" \/>\n<meta property=\"og:url\" content=\"https:\/\/portaltela.pt\/noticias\/2026\/01\/30\/aniversario-dos-caminheiros-do-freixo-celebra-14-anos-e-160-percursos\/\" \/>\n<meta property=\"og:site_name\" content=\"Portal Tela Portugal\" \/>\n<meta property=\"article:published_time\" content=\"2026-01-30T09:51:44+00:00\" \/>\n<meta name=\"author\" content=\"Telinha\" \/>\n<meta name=\"twitter:card\" content=\"summary_large_image\" \/>\n<meta name=\"twitter:label1\" content=\"Escrito por\" \/>\n\t<meta name=\"twitter:data1\" content=\"Telinha\" \/>\n\t<meta name=\"twitter:label2\" content=\"Tempo estimado de leitura\" \/>\n\t<meta name=\"twitter:data2\" content=\"1 minuto\" \/>\n<script type=\"application\/ld+json\" class=\"yoast-schema-graph\">{\"@context\":\"https:\/\/schema.org\",\"@graph\":[{\"@type\":\"Article\",\"@id\":\"https:\/\/portaltela.pt\/noticias\/2026\/01\/30\/aniversario-dos-caminheiros-do-freixo-celebra-14-anos-e-160-percursos\/#article\",\"isPartOf\":{\"@id\":\"https:\/\/portaltela.pt\/noticias\/2026\/01\/30\/aniversario-dos-caminheiros-do-freixo-celebra-14-anos-e-160-percursos\/\"},\"author\":{\"name\":\"Telinha\",\"@id\":\"https:\/\/portaltela.pt\/#\/schema\/person\/c4278d4a6028830caff9ee44b42d32ed\"},\"headline\":\"Anivers\u00e1rio dos Caminheiros do Freixo celebra 14 anos e 160 percursos\",\"datePublished\":\"2026-01-30T09:51:44+00:00\",\"mainEntityOfPage\":{\"@id\":\"https:\/\/portaltela.pt\/noticias\/2026\/01\/30\/aniversario-dos-caminheiros-do-freixo-celebra-14-anos-e-160-percursos\/\"},\"wordCount\":217,\"image\":{\"@id\":\"https:\/\/portaltela.pt\/noticias\/2026\/01\/30\/aniversario-dos-caminheiros-do-freixo-celebra-14-anos-e-160-percursos\/#primaryimage\"},\"thumbnailUrl\":\"https:\/\/portaltela.pt\/s.01k8rhncp4jt1\/2026\/01\/unnamed-file-6020.jpg\",\"keywords\":[\"atividade f\u00edsica\",\"desporto\",\"natureza\",\"percurso pedestres\",\"turismo\"],\"articleSection\":[\"Desporto\"],\"inLanguage\":\"pt-PT\"},{\"@type\":\"WebPage\",\"@id\":\"https:\/\/portaltela.pt\/noticias\/2026\/01\/30\/aniversario-dos-caminheiros-do-freixo-celebra-14-anos-e-160-percursos\/\",\"url\":\"https:\/\/portaltela.pt\/noticias\/2026\/01\/30\/aniversario-dos-caminheiros-do-freixo-celebra-14-anos-e-160-percursos\/\",\"name\":\"Anivers\u00e1rio dos Caminheiros do Freixo celebra 14 anos e 160 percursos - Portal Tela Portugal\",\"isPartOf\":{\"@id\":\"https:\/\/portaltela.pt\/#website\"},\"primaryImageOfPage\":{\"@id\":\"https:\/\/portaltela.pt\/noticias\/2026\/01\/30\/aniversario-dos-caminheiros-do-freixo-celebra-14-anos-e-160-percursos\/#primaryimage\"},\"image\":{\"@id\":\"https:\/\/portaltela.pt\/noticias\/2026\/01\/30\/aniversario-dos-caminheiros-do-freixo-celebra-14-anos-e-160-percursos\/#primaryimage\"},\"thumbnailUrl\":\"https:\/\/portaltela.pt\/s.01k8rhncp4jt1\/2026\/01\/unnamed-file-6020.jpg\",\"datePublished\":\"2026-01-30T09:51:44+00:00\",\"author\":{\"@id\":\"https:\/\/portaltela.pt\/#\/schema\/person\/c4278d4a6028830caff9ee44b42d32ed\"},\"breadcrumb\":{\"@id\":\"https:\/\/portaltela.pt\/noticias\/2026\/01\/30\/aniversario-dos-caminheiros-do-freixo-celebra-14-anos-e-160-percursos\/#breadcrumb\"},\"inLanguage\":\"pt-PT\",\"potentialAction\":[{\"@type\":\"ReadAction\",\"target\":[\"https:\/\/portaltela.pt\/noticias\/2026\/01\/30\/aniversario-dos-caminheiros-do-freixo-celebra-14-anos-e-160-percursos\/\"]}]},{\"@type\":\"ImageObject\",\"inLanguage\":\"pt-PT\",\"@id\":\"https:\/\/portaltela.pt\/noticias\/2026\/01\/30\/aniversario-dos-caminheiros-do-freixo-celebra-14-anos-e-160-percursos\/#primaryimage\",\"url\":\"https:\/\/portaltela.pt\/s.01k8rhncp4jt1\/2026\/01\/unnamed-file-6020.jpg\",\"contentUrl\":\"https:\/\/portaltela.pt\/s.01k8rhncp4jt1\/2026\/01\/unnamed-file-6020.jpg\",\"width\":796,\"height\":448,\"caption\":\"Caminhada do anivers\u00e1rio dos Caminheiros do Freixo celebra 14 anos e 160 percursos realizados\"},{\"@type\":\"BreadcrumbList\",\"@id\":\"https:\/\/portaltela.pt\/noticias\/2026\/01\/30\/aniversario-dos-caminheiros-do-freixo-celebra-14-anos-e-160-percursos\/#breadcrumb\",\"itemListElement\":[{\"@type\":\"ListItem\",\"position\":1,\"name\":\"In\u00edcio\",\"item\":\"https:\/\/portaltela.pt\/\"},{\"@type\":\"ListItem\",\"position\":2,\"name\":\"Anivers\u00e1rio dos Caminheiros do Freixo celebra 14 anos e 160 percursos\"}]},{\"@type\":\"WebSite\",\"@id\":\"https:\/\/portaltela.pt\/#website\",\"url\":\"https:\/\/portaltela.pt\/\",\"name\":\"Portal Tela Portugal\",\"description\":\"\",\"potentialAction\":[{\"@type\":\"SearchAction\",\"target\":{\"@type\":\"EntryPoint\",\"urlTemplate\":\"https:\/\/portaltela.pt\/?s={search_term_string}\"},\"query-input\":{\"@type\":\"PropertyValueSpecification\",\"valueRequired\":true,\"valueName\":\"search_term_string\"}}],\"inLanguage\":\"pt-PT\"},{\"@type\":\"Person\",\"@id\":\"https:\/\/portaltela.pt\/#\/schema\/person\/c4278d4a6028830caff9ee44b42d32ed\",\"name\":\"Telinha\",\"image\":{\"@type\":\"ImageObject\",\"inLanguage\":\"pt-PT\",\"@id\":\"https:\/\/portaltela.pt\/s.01k8rhncp4jt1\/2025\/11\/talking-bot-125x125.png\",\"url\":\"https:\/\/portaltela.pt\/s.01k8rhncp4jt1\/2025\/11\/talking-bot-125x125.png\",\"contentUrl\":\"https:\/\/portaltela.pt\/s.01k8rhncp4jt1\/2025\/11\/talking-bot-125x125.png\",\"caption\":\"Telinha\"},\"sameAs\":[\"https:\/\/portaltela.pt\/\"],\"url\":\"https:\/\/portaltela.pt\/por\/367410592786\/\"}]}<\/script>\n<!-- \/ Yoast SEO plugin. -->","yoast_head_json":{"title":"Anivers\u00e1rio dos Caminheiros do Freixo celebra 14 anos e 160 percursos - Portal Tela Portugal","robots":{"index":"index","follow":"follow","max-snippet":"max-snippet:-1","max-image-preview":"max-image-preview:large","max-video-preview":"max-video-preview:-1"},"og_locale":"pt_PT","og_type":"article","og_title":"Anivers\u00e1rio dos Caminheiros do Freixo celebra 14 anos e 160 percursos - Portal Tela Portugal","og_description":"Os Caminheiros da Casa do Povo do Freixo assinalam, no dia 7 de fevereiro, o 14.\u00ba anivers\u00e1rio e a 160.\u00aa caminhada organizada ao longo dos anos. O grupo recorda o percurso feito, com centenas de quil\u00f3metros em montanhas, passadi\u00e7os, margens de rios e zonas costeiras, destacando esp\u00edrito de partilha e inclus\u00e3o. A comemora\u00e7\u00e3o inclui uma caminhada de 7 a 8 quil\u00f3metros, passando pelos passadi\u00e7os da Serra D\u2019Ossa, seguida de almo\u00e7o. A participa\u00e7\u00e3o exige inscri\u00e7\u00e3o obrigat\u00f3ria para ccpfreixo@gmail.com, com nome completo e data de nascimento; o custo \u00e9 de 10 euros e cobre caminhada, seguro e almo\u00e7o, pago no dia. A concentra\u00e7\u00e3o \u00e9 \u00e0s 8h45, junto ao Pavilh\u00e3o Multiusos de Redondo, na Zona Industrial, com estacionamento dispon\u00edvel, antes da desloca\u00e7\u00e3o ao in\u00edcio do percurso.","og_url":"https:\/\/portaltela.pt\/noticias\/2026\/01\/30\/aniversario-dos-caminheiros-do-freixo-celebra-14-anos-e-160-percursos\/","og_site_name":"Portal Tela Portugal","article_published_time":"2026-01-30T09:51:44+00:00","author":"Telinha","twitter_card":"summary_large_image","twitter_misc":{"Escrito por":"Telinha","Tempo estimado de leitura":"1 minuto"},"schema":{"@context":"https:\/\/schema.org","@graph":[{"@type":"Article","@id":"https:\/\/portaltela.pt\/noticias\/2026\/01\/30\/aniversario-dos-caminheiros-do-freixo-celebra-14-anos-e-160-percursos\/#article","isPartOf":{"@id":"https:\/\/portaltela.pt\/noticias\/2026\/01\/30\/aniversario-dos-caminheiros-do-freixo-celebra-14-anos-e-160-percursos\/"},"author":{"name":"Telinha","@id":"https:\/\/portaltela.pt\/#\/schema\/person\/c4278d4a6028830caff9ee44b42d32ed"},"headline":"Anivers\u00e1rio dos Caminheiros do Freixo celebra 14 anos e 160 percursos","datePublished":"2026-01-30T09:51:44+00:00","mainEntityOfPage":{"@id":"https:\/\/portaltela.pt\/noticias\/2026\/01\/30\/aniversario-dos-caminheiros-do-freixo-celebra-14-anos-e-160-percursos\/"},"wordCount":217,"image":{"@id":"https:\/\/portaltela.pt\/noticias\/2026\/01\/30\/aniversario-dos-caminheiros-do-freixo-celebra-14-anos-e-160-percursos\/#primaryimage"},"thumbnailUrl":"https:\/\/portaltela.pt\/s.01k8rhncp4jt1\/2026\/01\/unnamed-file-6020.jpg","keywords":["atividade f\u00edsica","desporto","natureza","percurso pedestres","turismo"],"articleSection":["Desporto"],"inLanguage":"pt-PT"},{"@type":"WebPage","@id":"https:\/\/portaltela.pt\/noticias\/2026\/01\/30\/aniversario-dos-caminheiros-do-freixo-celebra-14-anos-e-160-percursos\/","url":"https:\/\/portaltela.pt\/noticias\/2026\/01\/30\/aniversario-dos-caminheiros-do-freixo-celebra-14-anos-e-160-percursos\/","name":"Anivers\u00e1rio dos Caminheiros do Freixo celebra 14 anos e 160 percursos - Portal Tela Portugal","isPartOf":{"@id":"https:\/\/portaltela.pt\/#website"},"primaryImageOfPage":{"@id":"https:\/\/portaltela.pt\/noticias\/2026\/01\/30\/aniversario-dos-caminheiros-do-freixo-celebra-14-anos-e-160-percursos\/#primaryimage"},"image":{"@id":"https:\/\/portaltela.pt\/noticias\/2026\/01\/30\/aniversario-dos-caminheiros-do-freixo-celebra-14-anos-e-160-percursos\/#primaryimage"},"thumbnailUrl":"https:\/\/portaltela.pt\/s.01k8rhncp4jt1\/2026\/01\/unnamed-file-6020.jpg","datePublished":"2026-01-30T09:51:44+00:00","author":{"@id":"https:\/\/portaltela.pt\/#\/schema\/person\/c4278d4a6028830caff9ee44b42d32ed"},"breadcrumb":{"@id":"https:\/\/portaltela.pt\/noticias\/2026\/01\/30\/aniversario-dos-caminheiros-do-freixo-celebra-14-anos-e-160-percursos\/#breadcrumb"},"inLanguage":"pt-PT","potentialAction":[{"@type":"ReadAction","target":["https:\/\/portaltela.pt\/noticias\/2026\/01\/30\/aniversario-dos-caminheiros-do-freixo-celebra-14-anos-e-160-percursos\/"]}]},{"@type":"ImageObject","inLanguage":"pt-PT","@id":"https:\/\/portaltela.pt\/noticias\/2026\/01\/30\/aniversario-dos-caminheiros-do-freixo-celebra-14-anos-e-160-percursos\/#primaryimage","url":"https:\/\/portaltela.pt\/s.01k8rhncp4jt1\/2026\/01\/unnamed-file-6020.jpg","contentUrl":"https:\/\/portaltela.pt\/s.01k8rhncp4jt1\/2026\/01\/unnamed-file-6020.jpg","width":796,"height":448,"caption":"Caminhada do anivers\u00e1rio dos Caminheiros do Freixo celebra 14 anos e 160 percursos realizados"},{"@type":"BreadcrumbList","@id":"https:\/\/portaltela.pt\/noticias\/2026\/01\/30\/aniversario-dos-caminheiros-do-freixo-celebra-14-anos-e-160-percursos\/#breadcrumb","itemListElement":[{"@type":"ListItem","position":1,"name":"In\u00edcio","item":"https:\/\/portaltela.pt\/"},{"@type":"ListItem","position":2,"name":"Anivers\u00e1rio dos Caminheiros do Freixo celebra 14 anos e 160 percursos"}]},{"@type":"WebSite","@id":"https:\/\/portaltela.pt\/#website","url":"https:\/\/portaltela.pt\/","name":"Portal Tela Portugal","description":"","potentialAction":[{"@type":"SearchAction","target":{"@type":"EntryPoint","urlTemplate":"https:\/\/portaltela.pt\/?s={search_term_string}"},"query-input":{"@type":"PropertyValueSpecification","valueRequired":true,"valueName":"search_term_string"}}],"inLanguage":"pt-PT"},{"@type":"Person","@id":"https:\/\/portaltela.pt\/#\/schema\/person\/c4278d4a6028830caff9ee44b42d32ed","name":"Telinha","image":{"@type":"ImageObject","inLanguage":"pt-PT","@id":"https:\/\/portaltela.pt\/s.01k8rhncp4jt1\/2025\/11\/talking-bot-125x125.png","url":"https:\/\/portaltela.pt\/s.01k8rhncp4jt1\/2025\/11\/talking-bot-125x125.png","contentUrl":"https:\/\/portaltela.pt\/s.01k8rhncp4jt1\/2025\/11\/talking-bot-125x125.png","caption":"Telinha"},"sameAs":["https:\/\/portaltela.pt\/"],"url":"https:\/\/portaltela.pt\/por\/367410592786\/"}]}},"_links":{"self":[{"href":"https:\/\/portaltela.pt\/api\/wp\/v2\/posts\/183403","targetHints":{"allow":["GET"]}}],"collection":[{"href":"https:\/\/portaltela.pt\/api\/wp\/v2\/posts"}],"about":[{"href":"https:\/\/portaltela.pt\/api\/wp\/v2\/types\/post"}],"author":[{"embeddable":true,"href":"https:\/\/portaltela.pt\/api\/wp\/v2\/users\/2"}],"replies":[{"embeddable":true,"href":"https:\/\/portaltela.pt\/api\/wp\/v2\/comments?post=183403"}],"version-history":[{"count":0,"href":"https:\/\/portaltela.pt\/api\/wp\/v2\/posts\/183403\/revisions"}],"wp:featuredmedia":[{"embeddable":true,"href":"https:\/\/portaltela.pt\/api\/wp\/v2\/media\/183418"}],"wp:attachment":[{"href":"https:\/\/portaltela.pt\/api\/wp\/v2\/media?parent=183403"}],"wp:term":[{"taxonomy":"category","embeddable":true,"href":"https:\/\/portaltela.pt\/api\/wp\/v2\/categories?post=183403"},{"taxonomy":"post_tag","embeddable":true,"href":"https:\/\/portaltela.pt\/api\/wp\/v2\/tags?post=183403"}],"curies":[{"name":"wp","href":"https:\/\/api.w.org\/{rel}","templated":true}]}}