{"id":183401,"date":"2026-01-30T06:54:00","date_gmt":"2026-01-30T09:54:00","guid":{"rendered":"https:\/\/portaltela.pt\/noticias\/2026\/01\/30\/cristian-ramirez-regressa-a-ad-manteigas\/"},"modified":"2026-01-30T06:54:00","modified_gmt":"2026-01-30T09:54:00","slug":"cristian-ramirez-regressa-a-ad-manteigas","status":"publish","type":"post","link":"https:\/\/portaltela.pt\/desporto\/futebol\/2026\/01\/30\/cristian-ramirez-regressa-a-ad-manteigas\/","title":{"rendered":"Cristian Ramirez regressa \u00e0 AD Manteigas"},"content":{"rendered":"<p>A Associa\u00e7\u00e3o Desportiva de Manteigas anunciou hoje o regresso de Cristian Ramirez ao clube, para a temporada em curso, refor\u00e7ando o plantel da equipa s\u00e9nior. O jogador volta a vestir a camisola da AD Manteigas.<\/p>\n<p>Ramirez junta-se aos restantes atletas do plantel, com a finalidade de fortalecer as op\u00e7\u00f5es t\u00e9cnicas para as competi\u00e7\u00f5es onde a coletividade participa.<\/p>\n<p>A dire\u00e7\u00e3o do clube desejou ao atleta um regresso pleno de sucesso, agradecendo pela prioridade dada ao regresso e pelo esfor\u00e7o em manter o projeto desportivo em andamento.<\/p>\n","protected":false},"excerpt":{"rendered":"<ul>\n<li>O jogador Cristian Ramirez regressa \u00e0 Associa\u00e7\u00e3o Desportiva de Manteigas para a presente \u00e9poca desportiva.<\/li>\n<li>A dire\u00e7\u00e3o do clube anunciou oficialmente o regresso do atleta ao plantel.<\/li>\n<li>Ramirez volta a envergar a camisola da AD Manteigas.<\/li>\n<li>A dire\u00e7\u00e3o deseja ao jogador um regresso pleno de sucesso.<\/li>\n<li>O an\u00fancio ressalta o refor\u00e7o do plantel para a \u00e9poca em curso.<\/li>\n<\/ul>\n","protected":false},"author":2,"featured_media":183430,"comment_status":"closed","ping_status":"closed","sticky":false,"template":"","format":"standard","meta":{"footnotes":""},"categories":[21,24],"tags":[1367,218,152,32,242,1399],"class_list":["post-183401","post","type-post","status-publish","format-standard","has-post-thumbnail","hentry","category-desporto","category-futebol","tag-clubes","tag-desportivo","tag-desporto","tag-futebol","tag-jogadores","tag-manteigas"],"yoast_head":"<!-- This site is optimized with the Yoast SEO plugin v27.2 - https:\/\/yoast.com\/product\/yoast-seo-wordpress\/ -->\n<title>Cristian Ramirez regressa \u00e0 AD Manteigas - Portal Tela Portugal<\/title>\n<meta name=\"robots\" content=\"index, follow, max-snippet:-1, max-image-preview:large, max-video-preview:-1\" \/>\n<meta property=\"og:locale\" content=\"pt_PT\" \/>\n<meta property=\"og:type\" content=\"article\" \/>\n<meta property=\"og:title\" content=\"Cristian Ramirez regressa \u00e0 AD Manteigas - Portal Tela Portugal\" \/>\n<meta property=\"og:description\" content=\"O jogador Cristian Ramirez regressa \u00e0 Associa\u00e7\u00e3o Desportiva de Manteigas para a presente \u00e9poca desportiva. A dire\u00e7\u00e3o do clube anunciou oficialmente o regresso do atleta ao plantel. Ramirez volta a envergar a camisola da AD Manteigas. A dire\u00e7\u00e3o deseja ao jogador um regresso pleno de sucesso. O an\u00fancio ressalta o refor\u00e7o do plantel para a \u00e9poca em curso.\" \/>\n<meta property=\"og:url\" content=\"https:\/\/portaltela.pt\/noticias\/2026\/01\/30\/cristian-ramirez-regressa-a-ad-manteigas\/\" \/>\n<meta property=\"og:site_name\" content=\"Portal Tela Portugal\" \/>\n<meta property=\"article:published_time\" content=\"2026-01-30T09:54:00+00:00\" \/>\n<meta name=\"author\" content=\"Telinha\" \/>\n<meta name=\"twitter:card\" content=\"summary_large_image\" \/>\n<meta name=\"twitter:label1\" content=\"Escrito por\" \/>\n\t<meta name=\"twitter:data1\" content=\"Telinha\" \/>\n<script type=\"application\/ld+json\" class=\"yoast-schema-graph\">{\"@context\":\"https:\/\/schema.org\",\"@graph\":[{\"@type\":\"Article\",\"@id\":\"https:\/\/portaltela.pt\/noticias\/2026\/01\/30\/cristian-ramirez-regressa-a-ad-manteigas\/#article\",\"isPartOf\":{\"@id\":\"https:\/\/portaltela.pt\/noticias\/2026\/01\/30\/cristian-ramirez-regressa-a-ad-manteigas\/\"},\"author\":{\"name\":\"Telinha\",\"@id\":\"https:\/\/portaltela.pt\/#\/schema\/person\/c4278d4a6028830caff9ee44b42d32ed\"},\"headline\":\"Cristian Ramirez regressa \u00e0 AD Manteigas\",\"datePublished\":\"2026-01-30T09:54:00+00:00\",\"mainEntityOfPage\":{\"@id\":\"https:\/\/portaltela.pt\/noticias\/2026\/01\/30\/cristian-ramirez-regressa-a-ad-manteigas\/\"},\"wordCount\":98,\"image\":{\"@id\":\"https:\/\/portaltela.pt\/noticias\/2026\/01\/30\/cristian-ramirez-regressa-a-ad-manteigas\/#primaryimage\"},\"thumbnailUrl\":\"https:\/\/portaltela.pt\/s.01k8rhncp4jt1\/2026\/01\/624063020_1437432401506185_7837576971598014606_n.jpg\",\"keywords\":[\"clubes\",\"desportivo\",\"desporto\",\"futebol\",\"jogadores\",\"Manteigas\"],\"articleSection\":[\"Desporto\",\"Futebol\"],\"inLanguage\":\"pt-PT\"},{\"@type\":\"WebPage\",\"@id\":\"https:\/\/portaltela.pt\/noticias\/2026\/01\/30\/cristian-ramirez-regressa-a-ad-manteigas\/\",\"url\":\"https:\/\/portaltela.pt\/noticias\/2026\/01\/30\/cristian-ramirez-regressa-a-ad-manteigas\/\",\"name\":\"Cristian Ramirez regressa \u00e0 AD Manteigas - Portal Tela Portugal\",\"isPartOf\":{\"@id\":\"https:\/\/portaltela.pt\/#website\"},\"primaryImageOfPage\":{\"@id\":\"https:\/\/portaltela.pt\/noticias\/2026\/01\/30\/cristian-ramirez-regressa-a-ad-manteigas\/#primaryimage\"},\"image\":{\"@id\":\"https:\/\/portaltela.pt\/noticias\/2026\/01\/30\/cristian-ramirez-regressa-a-ad-manteigas\/#primaryimage\"},\"thumbnailUrl\":\"https:\/\/portaltela.pt\/s.01k8rhncp4jt1\/2026\/01\/624063020_1437432401506185_7837576971598014606_n.jpg\",\"datePublished\":\"2026-01-30T09:54:00+00:00\",\"author\":{\"@id\":\"https:\/\/portaltela.pt\/#\/schema\/person\/c4278d4a6028830caff9ee44b42d32ed\"},\"breadcrumb\":{\"@id\":\"https:\/\/portaltela.pt\/noticias\/2026\/01\/30\/cristian-ramirez-regressa-a-ad-manteigas\/#breadcrumb\"},\"inLanguage\":\"pt-PT\",\"potentialAction\":[{\"@type\":\"ReadAction\",\"target\":[\"https:\/\/portaltela.pt\/noticias\/2026\/01\/30\/cristian-ramirez-regressa-a-ad-manteigas\/\"]}]},{\"@type\":\"ImageObject\",\"inLanguage\":\"pt-PT\",\"@id\":\"https:\/\/portaltela.pt\/noticias\/2026\/01\/30\/cristian-ramirez-regressa-a-ad-manteigas\/#primaryimage\",\"url\":\"https:\/\/portaltela.pt\/s.01k8rhncp4jt1\/2026\/01\/624063020_1437432401506185_7837576971598014606_n.jpg\",\"contentUrl\":\"https:\/\/portaltela.pt\/s.01k8rhncp4jt1\/2026\/01\/624063020_1437432401506185_7837576971598014606_n.jpg\",\"width\":796,\"height\":448,\"caption\":\"Mercado of Sport\u2019s: Cristian Ramirez regressa \u00e0 AD Manteigas\"},{\"@type\":\"BreadcrumbList\",\"@id\":\"https:\/\/portaltela.pt\/noticias\/2026\/01\/30\/cristian-ramirez-regressa-a-ad-manteigas\/#breadcrumb\",\"itemListElement\":[{\"@type\":\"ListItem\",\"position\":1,\"name\":\"In\u00edcio\",\"item\":\"https:\/\/portaltela.pt\/\"},{\"@type\":\"ListItem\",\"position\":2,\"name\":\"Cristian Ramirez regressa \u00e0 AD Manteigas\"}]},{\"@type\":\"WebSite\",\"@id\":\"https:\/\/portaltela.pt\/#website\",\"url\":\"https:\/\/portaltela.pt\/\",\"name\":\"Portal Tela Portugal\",\"description\":\"\",\"potentialAction\":[{\"@type\":\"SearchAction\",\"target\":{\"@type\":\"EntryPoint\",\"urlTemplate\":\"https:\/\/portaltela.pt\/?s={search_term_string}\"},\"query-input\":{\"@type\":\"PropertyValueSpecification\",\"valueRequired\":true,\"valueName\":\"search_term_string\"}}],\"inLanguage\":\"pt-PT\"},{\"@type\":\"Person\",\"@id\":\"https:\/\/portaltela.pt\/#\/schema\/person\/c4278d4a6028830caff9ee44b42d32ed\",\"name\":\"Telinha\",\"image\":{\"@type\":\"ImageObject\",\"inLanguage\":\"pt-PT\",\"@id\":\"https:\/\/portaltela.pt\/s.01k8rhncp4jt1\/2025\/11\/talking-bot-125x125.png\",\"url\":\"https:\/\/portaltela.pt\/s.01k8rhncp4jt1\/2025\/11\/talking-bot-125x125.png\",\"contentUrl\":\"https:\/\/portaltela.pt\/s.01k8rhncp4jt1\/2025\/11\/talking-bot-125x125.png\",\"caption\":\"Telinha\"},\"sameAs\":[\"https:\/\/portaltela.pt\/\"],\"url\":\"https:\/\/portaltela.pt\/por\/367410592786\/\"}]}<\/script>\n<!-- \/ Yoast SEO plugin. -->","yoast_head_json":{"title":"Cristian Ramirez regressa \u00e0 AD Manteigas - Portal Tela Portugal","robots":{"index":"index","follow":"follow","max-snippet":"max-snippet:-1","max-image-preview":"max-image-preview:large","max-video-preview":"max-video-preview:-1"},"og_locale":"pt_PT","og_type":"article","og_title":"Cristian Ramirez regressa \u00e0 AD Manteigas - Portal Tela Portugal","og_description":"O jogador Cristian Ramirez regressa \u00e0 Associa\u00e7\u00e3o Desportiva de Manteigas para a presente \u00e9poca desportiva. A dire\u00e7\u00e3o do clube anunciou oficialmente o regresso do atleta ao plantel. Ramirez volta a envergar a camisola da AD Manteigas. A dire\u00e7\u00e3o deseja ao jogador um regresso pleno de sucesso. O an\u00fancio ressalta o refor\u00e7o do plantel para a \u00e9poca em curso.","og_url":"https:\/\/portaltela.pt\/noticias\/2026\/01\/30\/cristian-ramirez-regressa-a-ad-manteigas\/","og_site_name":"Portal Tela Portugal","article_published_time":"2026-01-30T09:54:00+00:00","author":"Telinha","twitter_card":"summary_large_image","twitter_misc":{"Escrito por":"Telinha"},"schema":{"@context":"https:\/\/schema.org","@graph":[{"@type":"Article","@id":"https:\/\/portaltela.pt\/noticias\/2026\/01\/30\/cristian-ramirez-regressa-a-ad-manteigas\/#article","isPartOf":{"@id":"https:\/\/portaltela.pt\/noticias\/2026\/01\/30\/cristian-ramirez-regressa-a-ad-manteigas\/"},"author":{"name":"Telinha","@id":"https:\/\/portaltela.pt\/#\/schema\/person\/c4278d4a6028830caff9ee44b42d32ed"},"headline":"Cristian Ramirez regressa \u00e0 AD Manteigas","datePublished":"2026-01-30T09:54:00+00:00","mainEntityOfPage":{"@id":"https:\/\/portaltela.pt\/noticias\/2026\/01\/30\/cristian-ramirez-regressa-a-ad-manteigas\/"},"wordCount":98,"image":{"@id":"https:\/\/portaltela.pt\/noticias\/2026\/01\/30\/cristian-ramirez-regressa-a-ad-manteigas\/#primaryimage"},"thumbnailUrl":"https:\/\/portaltela.pt\/s.01k8rhncp4jt1\/2026\/01\/624063020_1437432401506185_7837576971598014606_n.jpg","keywords":["clubes","desportivo","desporto","futebol","jogadores","Manteigas"],"articleSection":["Desporto","Futebol"],"inLanguage":"pt-PT"},{"@type":"WebPage","@id":"https:\/\/portaltela.pt\/noticias\/2026\/01\/30\/cristian-ramirez-regressa-a-ad-manteigas\/","url":"https:\/\/portaltela.pt\/noticias\/2026\/01\/30\/cristian-ramirez-regressa-a-ad-manteigas\/","name":"Cristian Ramirez regressa \u00e0 AD Manteigas - Portal Tela Portugal","isPartOf":{"@id":"https:\/\/portaltela.pt\/#website"},"primaryImageOfPage":{"@id":"https:\/\/portaltela.pt\/noticias\/2026\/01\/30\/cristian-ramirez-regressa-a-ad-manteigas\/#primaryimage"},"image":{"@id":"https:\/\/portaltela.pt\/noticias\/2026\/01\/30\/cristian-ramirez-regressa-a-ad-manteigas\/#primaryimage"},"thumbnailUrl":"https:\/\/portaltela.pt\/s.01k8rhncp4jt1\/2026\/01\/624063020_1437432401506185_7837576971598014606_n.jpg","datePublished":"2026-01-30T09:54:00+00:00","author":{"@id":"https:\/\/portaltela.pt\/#\/schema\/person\/c4278d4a6028830caff9ee44b42d32ed"},"breadcrumb":{"@id":"https:\/\/portaltela.pt\/noticias\/2026\/01\/30\/cristian-ramirez-regressa-a-ad-manteigas\/#breadcrumb"},"inLanguage":"pt-PT","potentialAction":[{"@type":"ReadAction","target":["https:\/\/portaltela.pt\/noticias\/2026\/01\/30\/cristian-ramirez-regressa-a-ad-manteigas\/"]}]},{"@type":"ImageObject","inLanguage":"pt-PT","@id":"https:\/\/portaltela.pt\/noticias\/2026\/01\/30\/cristian-ramirez-regressa-a-ad-manteigas\/#primaryimage","url":"https:\/\/portaltela.pt\/s.01k8rhncp4jt1\/2026\/01\/624063020_1437432401506185_7837576971598014606_n.jpg","contentUrl":"https:\/\/portaltela.pt\/s.01k8rhncp4jt1\/2026\/01\/624063020_1437432401506185_7837576971598014606_n.jpg","width":796,"height":448,"caption":"Mercado of Sport\u2019s: Cristian Ramirez regressa \u00e0 AD Manteigas"},{"@type":"BreadcrumbList","@id":"https:\/\/portaltela.pt\/noticias\/2026\/01\/30\/cristian-ramirez-regressa-a-ad-manteigas\/#breadcrumb","itemListElement":[{"@type":"ListItem","position":1,"name":"In\u00edcio","item":"https:\/\/portaltela.pt\/"},{"@type":"ListItem","position":2,"name":"Cristian Ramirez regressa \u00e0 AD Manteigas"}]},{"@type":"WebSite","@id":"https:\/\/portaltela.pt\/#website","url":"https:\/\/portaltela.pt\/","name":"Portal Tela Portugal","description":"","potentialAction":[{"@type":"SearchAction","target":{"@type":"EntryPoint","urlTemplate":"https:\/\/portaltela.pt\/?s={search_term_string}"},"query-input":{"@type":"PropertyValueSpecification","valueRequired":true,"valueName":"search_term_string"}}],"inLanguage":"pt-PT"},{"@type":"Person","@id":"https:\/\/portaltela.pt\/#\/schema\/person\/c4278d4a6028830caff9ee44b42d32ed","name":"Telinha","image":{"@type":"ImageObject","inLanguage":"pt-PT","@id":"https:\/\/portaltela.pt\/s.01k8rhncp4jt1\/2025\/11\/talking-bot-125x125.png","url":"https:\/\/portaltela.pt\/s.01k8rhncp4jt1\/2025\/11\/talking-bot-125x125.png","contentUrl":"https:\/\/portaltela.pt\/s.01k8rhncp4jt1\/2025\/11\/talking-bot-125x125.png","caption":"Telinha"},"sameAs":["https:\/\/portaltela.pt\/"],"url":"https:\/\/portaltela.pt\/por\/367410592786\/"}]}},"_links":{"self":[{"href":"https:\/\/portaltela.pt\/api\/wp\/v2\/posts\/183401","targetHints":{"allow":["GET"]}}],"collection":[{"href":"https:\/\/portaltela.pt\/api\/wp\/v2\/posts"}],"about":[{"href":"https:\/\/portaltela.pt\/api\/wp\/v2\/types\/post"}],"author":[{"embeddable":true,"href":"https:\/\/portaltela.pt\/api\/wp\/v2\/users\/2"}],"replies":[{"embeddable":true,"href":"https:\/\/portaltela.pt\/api\/wp\/v2\/comments?post=183401"}],"version-history":[{"count":0,"href":"https:\/\/portaltela.pt\/api\/wp\/v2\/posts\/183401\/revisions"}],"wp:featuredmedia":[{"embeddable":true,"href":"https:\/\/portaltela.pt\/api\/wp\/v2\/media\/183430"}],"wp:attachment":[{"href":"https:\/\/portaltela.pt\/api\/wp\/v2\/media?parent=183401"}],"wp:term":[{"taxonomy":"category","embeddable":true,"href":"https:\/\/portaltela.pt\/api\/wp\/v2\/categories?post=183401"},{"taxonomy":"post_tag","embeddable":true,"href":"https:\/\/portaltela.pt\/api\/wp\/v2\/tags?post=183401"}],"curies":[{"name":"wp","href":"https:\/\/api.w.org\/{rel}","templated":true}]}}