{"id":183368,"date":"2026-01-30T06:12:00","date_gmt":"2026-01-30T09:12:00","guid":{"rendered":"https:\/\/portaltela.pt\/noticias\/2026\/01\/30\/plano-municipal-de-emergencia-e-protecao-civil-ativado-em-alcacer-do-sal\/"},"modified":"2026-01-30T06:12:00","modified_gmt":"2026-01-30T09:12:00","slug":"plano-municipal-de-emergencia-e-protecao-civil-ativado-em-alcacer-do-sal","status":"publish","type":"post","link":"https:\/\/portaltela.pt\/noticias\/2026\/01\/30\/plano-municipal-de-emergencia-e-protecao-civil-ativado-em-alcacer-do-sal\/","title":{"rendered":"Plano Municipal de Emerg\u00eancia e Prote\u00e7\u00e3o Civil ativado em Alc\u00e1cer do Sal"},"content":{"rendered":"<p>Em Alc\u00e1cer do Sal, a depress\u00e3o Kristin, registada a 28 de janeiro de 2026, provocou v\u00e1rias ocorr\u00eancias no concelho. Face \u00e0 gravidade, o Plano Municipal de Emerg\u00eancia e Prote\u00e7\u00e3o Civil foi ativado \u00e0s 20h00 de 29 de janeiro de 2026.<\/p>\n<p>No territ\u00f3rio, ocorreram quedas de estruturas e de \u00e1rvores, danos em habita\u00e7\u00f5es e infraestruturas, cortes de energia, interrup\u00e7\u00f5es nas comunica\u00e7\u00f5es e vias rodovi\u00e1rias bloqueadas. A popula\u00e7\u00e3o ficou ainda sujeita a perturba\u00e7\u00f5es nos servi\u00e7os p\u00fablicos.<\/p>\n<p>A Comiss\u00e3o Municipal de Prote\u00e7\u00e3o Civil reuniu no quartel dos Bombeiros Mistos de Alc\u00e1cer do Sal, para avaliar a situa\u00e7\u00e3o e autorizar a ativa\u00e7\u00e3o do plano. O munic\u00edpio solicitou, tamb\u00e9m, ao Governo a declara\u00e7\u00e3o de estado de calamidade.<\/p>\n<h3>Medidas em curso<\/h3>\n<p>O Plano Municipal de Emerg\u00eancia de Prote\u00e7\u00e3o Civil de Alc\u00e1cer do Sal passa a orientar interven\u00e7\u00f5es na \u00e1rea afetada, com foco na resposta a danos e na assist\u00eancia \u00e0 popula\u00e7\u00e3o. O Governo ainda n\u00e3o confirmou o estado de calamidade para o concelho.<\/p>\n","protected":false},"excerpt":{"rendered":"<ul>\n<li>A depress\u00e3o Kristin, ocorrida a 28 de janeiro de 2026, levou \u00e0 ativa\u00e7\u00e3o do Plano Municipal de Emerg\u00eancia e Prote\u00e7\u00e3o Civil de Alc\u00e1cer do Sal \u00e0s 20h00 de 29 de janeiro de 2026.<\/li>\n<li>No concelho foram registadas quedas de estruturas e de \u00e1rvores, danos em habita\u00e7\u00f5es e infraestruturas, interrup\u00e7\u00f5es no fornecimento de energia el\u00e9ctrica e nas comunica\u00e7\u00f5es, al\u00e9m de cortes de vias rodovi\u00e1rias.<\/li>\n<li>Tamb\u00e9m houve perturba\u00e7\u00f5es no funcionamento dos servi\u00e7os p\u00fablicos e na vida da popula\u00e7\u00e3o.<\/li>\n<li>A decis\u00e3o foi tomada pela Comiss\u00e3o Municipal de Prote\u00e7\u00e3o Civil, reunida no quartel dos Bombeiros Mistos de Alc\u00e1cer do Sal, ap\u00f3s avalia\u00e7\u00e3o de situa\u00e7\u00e3o e consulta \u00e0 Comiss\u00e3o.<\/li>\n<li>A C\u00e2mara pediu ao Governo a declara\u00e7\u00e3o de estado de calamidade no concelho, face aos preju\u00edzos causados pelas inunda\u00e7\u00f5es e pelos estragos da depress\u00e3o Kristin.<\/li>\n<\/ul>\n","protected":false},"author":2,"featured_media":183393,"comment_status":"closed","ping_status":"closed","sticky":false,"template":"","format":"standard","meta":{"footnotes":""},"categories":[1],"tags":[4729,1998,971,4687,320,3738],"class_list":["post-183368","post","type-post","status-publish","format-standard","has-post-thumbnail","hentry","category-noticias","tag-abastecimento-de-energia","tag-alcacer-do-sal","tag-bombeiros","tag-calamidade-publica","tag-protecao-civil","tag-vias-de-comunicacao"],"yoast_head":"<!-- This site is optimized with the Yoast SEO plugin v27.2 - https:\/\/yoast.com\/product\/yoast-seo-wordpress\/ -->\n<title>Plano Municipal de Emerg\u00eancia e Prote\u00e7\u00e3o Civil ativado em Alc\u00e1cer do Sal - Portal Tela Portugal<\/title>\n<meta name=\"robots\" content=\"index, follow, max-snippet:-1, max-image-preview:large, max-video-preview:-1\" \/>\n<meta property=\"og:locale\" content=\"pt_PT\" \/>\n<meta property=\"og:type\" content=\"article\" \/>\n<meta property=\"og:title\" content=\"Plano Municipal de Emerg\u00eancia e Prote\u00e7\u00e3o Civil ativado em Alc\u00e1cer do Sal - Portal Tela Portugal\" \/>\n<meta property=\"og:description\" content=\"A depress\u00e3o Kristin, ocorrida a 28 de janeiro de 2026, levou \u00e0 ativa\u00e7\u00e3o do Plano Municipal de Emerg\u00eancia e Prote\u00e7\u00e3o Civil de Alc\u00e1cer do Sal \u00e0s 20h00 de 29 de janeiro de 2026. No concelho foram registadas quedas de estruturas e de \u00e1rvores, danos em habita\u00e7\u00f5es e infraestruturas, interrup\u00e7\u00f5es no fornecimento de energia el\u00e9ctrica e nas comunica\u00e7\u00f5es, al\u00e9m de cortes de vias rodovi\u00e1rias. Tamb\u00e9m houve perturba\u00e7\u00f5es no funcionamento dos servi\u00e7os p\u00fablicos e na vida da popula\u00e7\u00e3o. A decis\u00e3o foi tomada pela Comiss\u00e3o Municipal de Prote\u00e7\u00e3o Civil, reunida no quartel dos Bombeiros Mistos de Alc\u00e1cer do Sal, ap\u00f3s avalia\u00e7\u00e3o de situa\u00e7\u00e3o e consulta \u00e0 Comiss\u00e3o. A C\u00e2mara pediu ao Governo a declara\u00e7\u00e3o de estado de calamidade no concelho, face aos preju\u00edzos causados pelas inunda\u00e7\u00f5es e pelos estragos da depress\u00e3o Kristin.\" \/>\n<meta property=\"og:url\" content=\"https:\/\/portaltela.pt\/noticias\/2026\/01\/30\/plano-municipal-de-emergencia-e-protecao-civil-ativado-em-alcacer-do-sal\/\" \/>\n<meta property=\"og:site_name\" content=\"Portal Tela Portugal\" \/>\n<meta property=\"article:published_time\" content=\"2026-01-30T09:12:00+00:00\" \/>\n<meta name=\"author\" content=\"Telinha\" \/>\n<meta name=\"twitter:card\" content=\"summary_large_image\" \/>\n<meta name=\"twitter:label1\" content=\"Escrito por\" \/>\n\t<meta name=\"twitter:data1\" content=\"Telinha\" \/>\n\t<meta name=\"twitter:label2\" content=\"Tempo estimado de leitura\" \/>\n\t<meta name=\"twitter:data2\" content=\"1 minuto\" \/>\n<script type=\"application\/ld+json\" class=\"yoast-schema-graph\">{\"@context\":\"https:\/\/schema.org\",\"@graph\":[{\"@type\":\"Article\",\"@id\":\"https:\/\/portaltela.pt\/noticias\/2026\/01\/30\/plano-municipal-de-emergencia-e-protecao-civil-ativado-em-alcacer-do-sal\/#article\",\"isPartOf\":{\"@id\":\"https:\/\/portaltela.pt\/noticias\/2026\/01\/30\/plano-municipal-de-emergencia-e-protecao-civil-ativado-em-alcacer-do-sal\/\"},\"author\":{\"name\":\"Telinha\",\"@id\":\"https:\/\/portaltela.pt\/#\/schema\/person\/c4278d4a6028830caff9ee44b42d32ed\"},\"headline\":\"Plano Municipal de Emerg\u00eancia e Prote\u00e7\u00e3o Civil ativado em Alc\u00e1cer do Sal\",\"datePublished\":\"2026-01-30T09:12:00+00:00\",\"mainEntityOfPage\":{\"@id\":\"https:\/\/portaltela.pt\/noticias\/2026\/01\/30\/plano-municipal-de-emergencia-e-protecao-civil-ativado-em-alcacer-do-sal\/\"},\"wordCount\":196,\"image\":{\"@id\":\"https:\/\/portaltela.pt\/noticias\/2026\/01\/30\/plano-municipal-de-emergencia-e-protecao-civil-ativado-em-alcacer-do-sal\/#primaryimage\"},\"thumbnailUrl\":\"https:\/\/portaltela.pt\/s.01k8rhncp4jt1\/2026\/01\/unnamed-file-6019.jpg\",\"keywords\":[\"abastecimento de energia\",\"Alc\u00e1cer do Sal\",\"bombeiros\",\"calamidade p\u00fablica\",\"prote\u00e7\u00e3o civil\",\"vias de comunica\u00e7\u00e3o\"],\"articleSection\":[\"Not\u00edcias\"],\"inLanguage\":\"pt-PT\"},{\"@type\":\"WebPage\",\"@id\":\"https:\/\/portaltela.pt\/noticias\/2026\/01\/30\/plano-municipal-de-emergencia-e-protecao-civil-ativado-em-alcacer-do-sal\/\",\"url\":\"https:\/\/portaltela.pt\/noticias\/2026\/01\/30\/plano-municipal-de-emergencia-e-protecao-civil-ativado-em-alcacer-do-sal\/\",\"name\":\"Plano Municipal de Emerg\u00eancia e Prote\u00e7\u00e3o Civil ativado em Alc\u00e1cer do Sal - Portal Tela Portugal\",\"isPartOf\":{\"@id\":\"https:\/\/portaltela.pt\/#website\"},\"primaryImageOfPage\":{\"@id\":\"https:\/\/portaltela.pt\/noticias\/2026\/01\/30\/plano-municipal-de-emergencia-e-protecao-civil-ativado-em-alcacer-do-sal\/#primaryimage\"},\"image\":{\"@id\":\"https:\/\/portaltela.pt\/noticias\/2026\/01\/30\/plano-municipal-de-emergencia-e-protecao-civil-ativado-em-alcacer-do-sal\/#primaryimage\"},\"thumbnailUrl\":\"https:\/\/portaltela.pt\/s.01k8rhncp4jt1\/2026\/01\/unnamed-file-6019.jpg\",\"datePublished\":\"2026-01-30T09:12:00+00:00\",\"author\":{\"@id\":\"https:\/\/portaltela.pt\/#\/schema\/person\/c4278d4a6028830caff9ee44b42d32ed\"},\"breadcrumb\":{\"@id\":\"https:\/\/portaltela.pt\/noticias\/2026\/01\/30\/plano-municipal-de-emergencia-e-protecao-civil-ativado-em-alcacer-do-sal\/#breadcrumb\"},\"inLanguage\":\"pt-PT\",\"potentialAction\":[{\"@type\":\"ReadAction\",\"target\":[\"https:\/\/portaltela.pt\/noticias\/2026\/01\/30\/plano-municipal-de-emergencia-e-protecao-civil-ativado-em-alcacer-do-sal\/\"]}]},{\"@type\":\"ImageObject\",\"inLanguage\":\"pt-PT\",\"@id\":\"https:\/\/portaltela.pt\/noticias\/2026\/01\/30\/plano-municipal-de-emergencia-e-protecao-civil-ativado-em-alcacer-do-sal\/#primaryimage\",\"url\":\"https:\/\/portaltela.pt\/s.01k8rhncp4jt1\/2026\/01\/unnamed-file-6019.jpg\",\"contentUrl\":\"https:\/\/portaltela.pt\/s.01k8rhncp4jt1\/2026\/01\/unnamed-file-6019.jpg\",\"width\":796,\"height\":448,\"caption\":\"Em Alc\u00e1cer do Sal foi ativado o Plano Municipal de Emerg\u00eancia e Prote\u00e7\u00e3o Civil\"},{\"@type\":\"BreadcrumbList\",\"@id\":\"https:\/\/portaltela.pt\/noticias\/2026\/01\/30\/plano-municipal-de-emergencia-e-protecao-civil-ativado-em-alcacer-do-sal\/#breadcrumb\",\"itemListElement\":[{\"@type\":\"ListItem\",\"position\":1,\"name\":\"In\u00edcio\",\"item\":\"https:\/\/portaltela.pt\/\"},{\"@type\":\"ListItem\",\"position\":2,\"name\":\"Plano Municipal de Emerg\u00eancia e Prote\u00e7\u00e3o Civil ativado em Alc\u00e1cer do Sal\"}]},{\"@type\":\"WebSite\",\"@id\":\"https:\/\/portaltela.pt\/#website\",\"url\":\"https:\/\/portaltela.pt\/\",\"name\":\"Portal Tela Portugal\",\"description\":\"\",\"potentialAction\":[{\"@type\":\"SearchAction\",\"target\":{\"@type\":\"EntryPoint\",\"urlTemplate\":\"https:\/\/portaltela.pt\/?s={search_term_string}\"},\"query-input\":{\"@type\":\"PropertyValueSpecification\",\"valueRequired\":true,\"valueName\":\"search_term_string\"}}],\"inLanguage\":\"pt-PT\"},{\"@type\":\"Person\",\"@id\":\"https:\/\/portaltela.pt\/#\/schema\/person\/c4278d4a6028830caff9ee44b42d32ed\",\"name\":\"Telinha\",\"image\":{\"@type\":\"ImageObject\",\"inLanguage\":\"pt-PT\",\"@id\":\"https:\/\/portaltela.pt\/s.01k8rhncp4jt1\/2025\/11\/talking-bot-125x125.png\",\"url\":\"https:\/\/portaltela.pt\/s.01k8rhncp4jt1\/2025\/11\/talking-bot-125x125.png\",\"contentUrl\":\"https:\/\/portaltela.pt\/s.01k8rhncp4jt1\/2025\/11\/talking-bot-125x125.png\",\"caption\":\"Telinha\"},\"sameAs\":[\"https:\/\/portaltela.pt\/\"],\"url\":\"https:\/\/portaltela.pt\/por\/367410592786\/\"}]}<\/script>\n<!-- \/ Yoast SEO plugin. -->","yoast_head_json":{"title":"Plano Municipal de Emerg\u00eancia e Prote\u00e7\u00e3o Civil ativado em Alc\u00e1cer do Sal - Portal Tela Portugal","robots":{"index":"index","follow":"follow","max-snippet":"max-snippet:-1","max-image-preview":"max-image-preview:large","max-video-preview":"max-video-preview:-1"},"og_locale":"pt_PT","og_type":"article","og_title":"Plano Municipal de Emerg\u00eancia e Prote\u00e7\u00e3o Civil ativado em Alc\u00e1cer do Sal - Portal Tela Portugal","og_description":"A depress\u00e3o Kristin, ocorrida a 28 de janeiro de 2026, levou \u00e0 ativa\u00e7\u00e3o do Plano Municipal de Emerg\u00eancia e Prote\u00e7\u00e3o Civil de Alc\u00e1cer do Sal \u00e0s 20h00 de 29 de janeiro de 2026. No concelho foram registadas quedas de estruturas e de \u00e1rvores, danos em habita\u00e7\u00f5es e infraestruturas, interrup\u00e7\u00f5es no fornecimento de energia el\u00e9ctrica e nas comunica\u00e7\u00f5es, al\u00e9m de cortes de vias rodovi\u00e1rias. Tamb\u00e9m houve perturba\u00e7\u00f5es no funcionamento dos servi\u00e7os p\u00fablicos e na vida da popula\u00e7\u00e3o. A decis\u00e3o foi tomada pela Comiss\u00e3o Municipal de Prote\u00e7\u00e3o Civil, reunida no quartel dos Bombeiros Mistos de Alc\u00e1cer do Sal, ap\u00f3s avalia\u00e7\u00e3o de situa\u00e7\u00e3o e consulta \u00e0 Comiss\u00e3o. A C\u00e2mara pediu ao Governo a declara\u00e7\u00e3o de estado de calamidade no concelho, face aos preju\u00edzos causados pelas inunda\u00e7\u00f5es e pelos estragos da depress\u00e3o Kristin.","og_url":"https:\/\/portaltela.pt\/noticias\/2026\/01\/30\/plano-municipal-de-emergencia-e-protecao-civil-ativado-em-alcacer-do-sal\/","og_site_name":"Portal Tela Portugal","article_published_time":"2026-01-30T09:12:00+00:00","author":"Telinha","twitter_card":"summary_large_image","twitter_misc":{"Escrito por":"Telinha","Tempo estimado de leitura":"1 minuto"},"schema":{"@context":"https:\/\/schema.org","@graph":[{"@type":"Article","@id":"https:\/\/portaltela.pt\/noticias\/2026\/01\/30\/plano-municipal-de-emergencia-e-protecao-civil-ativado-em-alcacer-do-sal\/#article","isPartOf":{"@id":"https:\/\/portaltela.pt\/noticias\/2026\/01\/30\/plano-municipal-de-emergencia-e-protecao-civil-ativado-em-alcacer-do-sal\/"},"author":{"name":"Telinha","@id":"https:\/\/portaltela.pt\/#\/schema\/person\/c4278d4a6028830caff9ee44b42d32ed"},"headline":"Plano Municipal de Emerg\u00eancia e Prote\u00e7\u00e3o Civil ativado em Alc\u00e1cer do Sal","datePublished":"2026-01-30T09:12:00+00:00","mainEntityOfPage":{"@id":"https:\/\/portaltela.pt\/noticias\/2026\/01\/30\/plano-municipal-de-emergencia-e-protecao-civil-ativado-em-alcacer-do-sal\/"},"wordCount":196,"image":{"@id":"https:\/\/portaltela.pt\/noticias\/2026\/01\/30\/plano-municipal-de-emergencia-e-protecao-civil-ativado-em-alcacer-do-sal\/#primaryimage"},"thumbnailUrl":"https:\/\/portaltela.pt\/s.01k8rhncp4jt1\/2026\/01\/unnamed-file-6019.jpg","keywords":["abastecimento de energia","Alc\u00e1cer do Sal","bombeiros","calamidade p\u00fablica","prote\u00e7\u00e3o civil","vias de comunica\u00e7\u00e3o"],"articleSection":["Not\u00edcias"],"inLanguage":"pt-PT"},{"@type":"WebPage","@id":"https:\/\/portaltela.pt\/noticias\/2026\/01\/30\/plano-municipal-de-emergencia-e-protecao-civil-ativado-em-alcacer-do-sal\/","url":"https:\/\/portaltela.pt\/noticias\/2026\/01\/30\/plano-municipal-de-emergencia-e-protecao-civil-ativado-em-alcacer-do-sal\/","name":"Plano Municipal de Emerg\u00eancia e Prote\u00e7\u00e3o Civil ativado em Alc\u00e1cer do Sal - Portal Tela Portugal","isPartOf":{"@id":"https:\/\/portaltela.pt\/#website"},"primaryImageOfPage":{"@id":"https:\/\/portaltela.pt\/noticias\/2026\/01\/30\/plano-municipal-de-emergencia-e-protecao-civil-ativado-em-alcacer-do-sal\/#primaryimage"},"image":{"@id":"https:\/\/portaltela.pt\/noticias\/2026\/01\/30\/plano-municipal-de-emergencia-e-protecao-civil-ativado-em-alcacer-do-sal\/#primaryimage"},"thumbnailUrl":"https:\/\/portaltela.pt\/s.01k8rhncp4jt1\/2026\/01\/unnamed-file-6019.jpg","datePublished":"2026-01-30T09:12:00+00:00","author":{"@id":"https:\/\/portaltela.pt\/#\/schema\/person\/c4278d4a6028830caff9ee44b42d32ed"},"breadcrumb":{"@id":"https:\/\/portaltela.pt\/noticias\/2026\/01\/30\/plano-municipal-de-emergencia-e-protecao-civil-ativado-em-alcacer-do-sal\/#breadcrumb"},"inLanguage":"pt-PT","potentialAction":[{"@type":"ReadAction","target":["https:\/\/portaltela.pt\/noticias\/2026\/01\/30\/plano-municipal-de-emergencia-e-protecao-civil-ativado-em-alcacer-do-sal\/"]}]},{"@type":"ImageObject","inLanguage":"pt-PT","@id":"https:\/\/portaltela.pt\/noticias\/2026\/01\/30\/plano-municipal-de-emergencia-e-protecao-civil-ativado-em-alcacer-do-sal\/#primaryimage","url":"https:\/\/portaltela.pt\/s.01k8rhncp4jt1\/2026\/01\/unnamed-file-6019.jpg","contentUrl":"https:\/\/portaltela.pt\/s.01k8rhncp4jt1\/2026\/01\/unnamed-file-6019.jpg","width":796,"height":448,"caption":"Em Alc\u00e1cer do Sal foi ativado o Plano Municipal de Emerg\u00eancia e Prote\u00e7\u00e3o Civil"},{"@type":"BreadcrumbList","@id":"https:\/\/portaltela.pt\/noticias\/2026\/01\/30\/plano-municipal-de-emergencia-e-protecao-civil-ativado-em-alcacer-do-sal\/#breadcrumb","itemListElement":[{"@type":"ListItem","position":1,"name":"In\u00edcio","item":"https:\/\/portaltela.pt\/"},{"@type":"ListItem","position":2,"name":"Plano Municipal de Emerg\u00eancia e Prote\u00e7\u00e3o Civil ativado em Alc\u00e1cer do Sal"}]},{"@type":"WebSite","@id":"https:\/\/portaltela.pt\/#website","url":"https:\/\/portaltela.pt\/","name":"Portal Tela Portugal","description":"","potentialAction":[{"@type":"SearchAction","target":{"@type":"EntryPoint","urlTemplate":"https:\/\/portaltela.pt\/?s={search_term_string}"},"query-input":{"@type":"PropertyValueSpecification","valueRequired":true,"valueName":"search_term_string"}}],"inLanguage":"pt-PT"},{"@type":"Person","@id":"https:\/\/portaltela.pt\/#\/schema\/person\/c4278d4a6028830caff9ee44b42d32ed","name":"Telinha","image":{"@type":"ImageObject","inLanguage":"pt-PT","@id":"https:\/\/portaltela.pt\/s.01k8rhncp4jt1\/2025\/11\/talking-bot-125x125.png","url":"https:\/\/portaltela.pt\/s.01k8rhncp4jt1\/2025\/11\/talking-bot-125x125.png","contentUrl":"https:\/\/portaltela.pt\/s.01k8rhncp4jt1\/2025\/11\/talking-bot-125x125.png","caption":"Telinha"},"sameAs":["https:\/\/portaltela.pt\/"],"url":"https:\/\/portaltela.pt\/por\/367410592786\/"}]}},"_links":{"self":[{"href":"https:\/\/portaltela.pt\/api\/wp\/v2\/posts\/183368","targetHints":{"allow":["GET"]}}],"collection":[{"href":"https:\/\/portaltela.pt\/api\/wp\/v2\/posts"}],"about":[{"href":"https:\/\/portaltela.pt\/api\/wp\/v2\/types\/post"}],"author":[{"embeddable":true,"href":"https:\/\/portaltela.pt\/api\/wp\/v2\/users\/2"}],"replies":[{"embeddable":true,"href":"https:\/\/portaltela.pt\/api\/wp\/v2\/comments?post=183368"}],"version-history":[{"count":0,"href":"https:\/\/portaltela.pt\/api\/wp\/v2\/posts\/183368\/revisions"}],"wp:featuredmedia":[{"embeddable":true,"href":"https:\/\/portaltela.pt\/api\/wp\/v2\/media\/183393"}],"wp:attachment":[{"href":"https:\/\/portaltela.pt\/api\/wp\/v2\/media?parent=183368"}],"wp:term":[{"taxonomy":"category","embeddable":true,"href":"https:\/\/portaltela.pt\/api\/wp\/v2\/categories?post=183368"},{"taxonomy":"post_tag","embeddable":true,"href":"https:\/\/portaltela.pt\/api\/wp\/v2\/tags?post=183368"}],"curies":[{"name":"wp","href":"https:\/\/api.w.org\/{rel}","templated":true}]}}