{"id":183341,"date":"2026-01-30T06:21:00","date_gmt":"2026-01-30T09:21:00","guid":{"rendered":"https:\/\/portaltela.pt\/noticias\/2026\/01\/30\/ps-livre-e-pan-esperam-que-parlamento-rejeite-delirio-negacionista-da-il\/"},"modified":"2026-01-30T06:21:00","modified_gmt":"2026-01-30T09:21:00","slug":"ps-livre-e-pan-esperam-que-parlamento-rejeite-delirio-negacionista-da-il","status":"publish","type":"post","link":"https:\/\/portaltela.pt\/noticias\/politica\/2026\/01\/30\/ps-livre-e-pan-esperam-que-parlamento-rejeite-delirio-negacionista-da-il\/","title":{"rendered":"PS, Livre e PAN esperam que Parlamento rejeite del\u00edrio negacionista da IL"},"content":{"rendered":"<p>O projeto da Iniciativa Liberal para alterar a Lei de Bases do Clima ser\u00e1 votado nesta sexta-feira na Assembleia da Rep\u00fablica. Partidos da oposi\u00e7\u00e3o apontam que a medida \u00e9 um retrocesso e pode comprometer metas nacionais e europeias.<\/p>\n<p>O PS, o Livre e o PAN descrevem a proposta como desadequada e alertam para impactos na credibilidade internacional de Portugal. Apontam que a altera\u00e7\u00e3o arrisca comprometer acordos clim\u00e1ticos em vigor.<\/p>\n<p>Entre as mudan\u00e7as alvo, est\u00e1 a revoga\u00e7\u00e3o da proibi\u00e7\u00e3o de minera\u00e7\u00e3o em mar profundo e a inclus\u00e3o do termo energias limpas, em vez de renov\u00e1veis, o que suscita cr\u00edticas por parte dos oponentes.<\/p>\n<p>A tempestade Kristin \u00e9 usada como exemplo para enfatizar a necessidade de uma moldura legal robusta. Partidos de esquerda defendem manter o enquadramento atual para cumprir metas europeias.<\/p>\n<h3>Pontos-chave da proposta e cr\u00edticas<\/h3>\n<p>O PS sustenta que a proposta desfigura o diploma aprovado em 2021 e questiona a credibilidade de Portugal em negocia\u00e7\u00f5es clim\u00e1ticas internacionais. Miguel Costa Matos afirma que os social-democratas devem atuar em conformidade com o interesse p\u00fablico.<\/p>\n<p>In\u00eas Sousa Real, do PAN, acusa a IL de querer revogar princ\u00edpios da legisla\u00e7\u00e3o clim\u00e1tica, colocando Portugal em desalinho com a transi\u00e7\u00e3o ecol\u00f3gica da UE. A deputada sublinha que a medida exp\u00f5e o pa\u00eds a riscos regulat\u00f3rios.<\/p>\n<p>Jorge Pinto, do Livre, aponta que a proposta \u00e9 uma leitura ideol\u00f3gica que visa retirar compet\u00eancias locais e regionais da gest\u00e3o clim\u00e1tica, enfraquecendo pol\u00edticas de adapta\u00e7\u00e3o e energia renov\u00e1vel.<\/p>\n<p>A discuss\u00e3o tamb\u00e9m aborda a eventual flexibiliza\u00e7\u00e3o de planeamento regional e o impacto de medidas sobre as zonas mar\u00edtimas. Lembram-se ainda procedimentos para a nomea\u00e7\u00e3o do Conselho para a A\u00e7\u00e3o Clim\u00e1tica.<\/p>\n<h3>Contexto e desdobramentos<\/h3>\n<p>Al\u00e9m da IL, o debate inclui propostas do Livre, PS e PAN para adaptar a Lei de Enquadramento Or\u00e7amental \u00e0 Lei de Bases do Clima, com foco em metas e justi\u00e7a clim\u00e1tica. Os legisladores esperam esclarecer caminhos para 2045 e 2030.<\/p>\n","protected":false},"excerpt":{"rendered":"<ul>\n<li>O grupo de oposi\u00e7\u00e3o (PS, Livre e PAN) criticou o projeto da Iniciativa Liberal para alterar a Lei de Bases do Clima, considerando-o um retrocesso e pedindo a rejei\u00e7\u00e3o.<\/li>\n<li>Alegam que a proposta pode comprometer metas nacionais e europeias e criar d\u00favidas quanto \u00e0 credibilidade internacional de Portugal, especialmente ap\u00f3s a COP 30.<\/li>\n<li>Entre as mudan\u00e7as contestadas est\u00e1 a revoga\u00e7\u00e3o da proibi\u00e7\u00e3o da minera\u00e7\u00e3o em mar profundo e a inclus\u00e3o de \u201cenergias limpas\u201d na lei, o que \u00e9 visto como despropositado por alguns partidos.<\/li>\n<li>A deputada In\u00eas Sousa Real (Pessoas-Animais-Natureza) acusa a IL de revogar princ\u00edpios clim\u00e1ticos e colocar Portugal em desacordo com metas da Uni\u00e3o Europeia, apontando o caso da tempestade Kristin como exemplo da urg\u00eancia de uma lei robusta.<\/li>\n<li>O debate inclui tamb\u00e9m propostas de adapta\u00e7\u00e3o da Lei de Enquadramento Or\u00e7amental \u00e0 Lei de Bases do Clima, com foco em metas de neutralidade carb\u00f3nica para 2045 e elimina\u00e7\u00e3o de subs\u00eddios aos combust\u00edveis f\u00f3sseis at\u00e9 2030.<\/li>\n<\/ul>\n","protected":false},"author":2,"featured_media":183350,"comment_status":"closed","ping_status":"closed","sticky":false,"template":"","format":"standard","meta":{"footnotes":""},"categories":[1,5],"tags":[2053,3603,1482,2373,3427,2144],"class_list":["post-183341","post","type-post","status-publish","format-standard","has-post-thumbnail","hentry","category-noticias","category-politica","tag-acao-climatica","tag-energias-renovaveis","tag-iniciativa-liberal","tag-livre","tag-pan","tag-ps"],"yoast_head":"<!-- This site is optimized with the Yoast SEO plugin v27.2 - https:\/\/yoast.com\/product\/yoast-seo-wordpress\/ -->\n<title>PS, Livre e PAN esperam que Parlamento rejeite del\u00edrio negacionista da IL - Portal Tela Portugal<\/title>\n<meta name=\"robots\" content=\"index, follow, max-snippet:-1, max-image-preview:large, max-video-preview:-1\" \/>\n<meta property=\"og:locale\" content=\"pt_PT\" \/>\n<meta property=\"og:type\" content=\"article\" \/>\n<meta property=\"og:title\" content=\"PS, Livre e PAN esperam que Parlamento rejeite del\u00edrio negacionista da IL - Portal Tela Portugal\" \/>\n<meta property=\"og:description\" content=\"O grupo de oposi\u00e7\u00e3o (PS, Livre e PAN) criticou o projeto da Iniciativa Liberal para alterar a Lei de Bases do Clima, considerando-o um retrocesso e pedindo a rejei\u00e7\u00e3o. Alegam que a proposta pode comprometer metas nacionais e europeias e criar d\u00favidas quanto \u00e0 credibilidade internacional de Portugal, especialmente ap\u00f3s a COP 30. Entre as mudan\u00e7as contestadas est\u00e1 a revoga\u00e7\u00e3o da proibi\u00e7\u00e3o da minera\u00e7\u00e3o em mar profundo e a inclus\u00e3o de \u201cenergias limpas\u201d na lei, o que \u00e9 visto como despropositado por alguns partidos. A deputada In\u00eas Sousa Real (Pessoas-Animais-Natureza) acusa a IL de revogar princ\u00edpios clim\u00e1ticos e colocar Portugal em desacordo com metas da Uni\u00e3o Europeia, apontando o caso da tempestade Kristin como exemplo da urg\u00eancia de uma lei robusta. O debate inclui tamb\u00e9m propostas de adapta\u00e7\u00e3o da Lei de Enquadramento Or\u00e7amental \u00e0 Lei de Bases do Clima, com foco em metas de neutralidade carb\u00f3nica para 2045 e elimina\u00e7\u00e3o de subs\u00eddios aos combust\u00edveis f\u00f3sseis at\u00e9 2030.\" \/>\n<meta property=\"og:url\" content=\"https:\/\/portaltela.pt\/noticias\/2026\/01\/30\/ps-livre-e-pan-esperam-que-parlamento-rejeite-delirio-negacionista-da-il\/\" \/>\n<meta property=\"og:site_name\" content=\"Portal Tela Portugal\" \/>\n<meta property=\"article:published_time\" content=\"2026-01-30T09:21:00+00:00\" \/>\n<meta name=\"author\" content=\"Telinha\" \/>\n<meta name=\"twitter:card\" content=\"summary_large_image\" \/>\n<meta name=\"twitter:label1\" content=\"Escrito por\" \/>\n\t<meta name=\"twitter:data1\" content=\"Telinha\" \/>\n\t<meta name=\"twitter:label2\" content=\"Tempo estimado de leitura\" \/>\n\t<meta name=\"twitter:data2\" content=\"2 minutos\" \/>\n<script type=\"application\/ld+json\" class=\"yoast-schema-graph\">{\"@context\":\"https:\/\/schema.org\",\"@graph\":[{\"@type\":\"Article\",\"@id\":\"https:\/\/portaltela.pt\/noticias\/2026\/01\/30\/ps-livre-e-pan-esperam-que-parlamento-rejeite-delirio-negacionista-da-il\/#article\",\"isPartOf\":{\"@id\":\"https:\/\/portaltela.pt\/noticias\/2026\/01\/30\/ps-livre-e-pan-esperam-que-parlamento-rejeite-delirio-negacionista-da-il\/\"},\"author\":{\"name\":\"Telinha\",\"@id\":\"https:\/\/portaltela.pt\/#\/schema\/person\/c4278d4a6028830caff9ee44b42d32ed\"},\"headline\":\"PS, Livre e PAN esperam que Parlamento rejeite del\u00edrio negacionista da IL\",\"datePublished\":\"2026-01-30T09:21:00+00:00\",\"mainEntityOfPage\":{\"@id\":\"https:\/\/portaltela.pt\/noticias\/2026\/01\/30\/ps-livre-e-pan-esperam-que-parlamento-rejeite-delirio-negacionista-da-il\/\"},\"wordCount\":361,\"image\":{\"@id\":\"https:\/\/portaltela.pt\/noticias\/2026\/01\/30\/ps-livre-e-pan-esperam-que-parlamento-rejeite-delirio-negacionista-da-il\/#primaryimage\"},\"thumbnailUrl\":\"https:\/\/portaltela.pt\/s.01k8rhncp4jt1\/2026\/01\/2062869.jpg\",\"keywords\":[\"A\u00e7\u00e3o Clim\u00e1tica\",\"energias renov\u00e1veis\",\"Iniciativa Liberal\",\"Livre\",\"PAN\",\"PS\"],\"articleSection\":[\"Not\u00edcias\",\"Pol\u00edtica\"],\"inLanguage\":\"pt-PT\"},{\"@type\":\"WebPage\",\"@id\":\"https:\/\/portaltela.pt\/noticias\/2026\/01\/30\/ps-livre-e-pan-esperam-que-parlamento-rejeite-delirio-negacionista-da-il\/\",\"url\":\"https:\/\/portaltela.pt\/noticias\/2026\/01\/30\/ps-livre-e-pan-esperam-que-parlamento-rejeite-delirio-negacionista-da-il\/\",\"name\":\"PS, Livre e PAN esperam que Parlamento rejeite del\u00edrio negacionista da IL - Portal Tela Portugal\",\"isPartOf\":{\"@id\":\"https:\/\/portaltela.pt\/#website\"},\"primaryImageOfPage\":{\"@id\":\"https:\/\/portaltela.pt\/noticias\/2026\/01\/30\/ps-livre-e-pan-esperam-que-parlamento-rejeite-delirio-negacionista-da-il\/#primaryimage\"},\"image\":{\"@id\":\"https:\/\/portaltela.pt\/noticias\/2026\/01\/30\/ps-livre-e-pan-esperam-que-parlamento-rejeite-delirio-negacionista-da-il\/#primaryimage\"},\"thumbnailUrl\":\"https:\/\/portaltela.pt\/s.01k8rhncp4jt1\/2026\/01\/2062869.jpg\",\"datePublished\":\"2026-01-30T09:21:00+00:00\",\"author\":{\"@id\":\"https:\/\/portaltela.pt\/#\/schema\/person\/c4278d4a6028830caff9ee44b42d32ed\"},\"breadcrumb\":{\"@id\":\"https:\/\/portaltela.pt\/noticias\/2026\/01\/30\/ps-livre-e-pan-esperam-que-parlamento-rejeite-delirio-negacionista-da-il\/#breadcrumb\"},\"inLanguage\":\"pt-PT\",\"potentialAction\":[{\"@type\":\"ReadAction\",\"target\":[\"https:\/\/portaltela.pt\/noticias\/2026\/01\/30\/ps-livre-e-pan-esperam-que-parlamento-rejeite-delirio-negacionista-da-il\/\"]}]},{\"@type\":\"ImageObject\",\"inLanguage\":\"pt-PT\",\"@id\":\"https:\/\/portaltela.pt\/noticias\/2026\/01\/30\/ps-livre-e-pan-esperam-que-parlamento-rejeite-delirio-negacionista-da-il\/#primaryimage\",\"url\":\"https:\/\/portaltela.pt\/s.01k8rhncp4jt1\/2026\/01\/2062869.jpg\",\"contentUrl\":\"https:\/\/portaltela.pt\/s.01k8rhncp4jt1\/2026\/01\/2062869.jpg\",\"width\":796,\"height\":448,\"caption\":\"Passagem de depress\u00f5es sucessivas por Portugal em 2026 constitui uma exemplo da import\u00e2ncia da ac\u00e7\u00e3o clim\u00e1tica\"},{\"@type\":\"BreadcrumbList\",\"@id\":\"https:\/\/portaltela.pt\/noticias\/2026\/01\/30\/ps-livre-e-pan-esperam-que-parlamento-rejeite-delirio-negacionista-da-il\/#breadcrumb\",\"itemListElement\":[{\"@type\":\"ListItem\",\"position\":1,\"name\":\"In\u00edcio\",\"item\":\"https:\/\/portaltela.pt\/\"},{\"@type\":\"ListItem\",\"position\":2,\"name\":\"PS, Livre e PAN esperam que Parlamento rejeite del\u00edrio negacionista da IL\"}]},{\"@type\":\"WebSite\",\"@id\":\"https:\/\/portaltela.pt\/#website\",\"url\":\"https:\/\/portaltela.pt\/\",\"name\":\"Portal Tela Portugal\",\"description\":\"\",\"potentialAction\":[{\"@type\":\"SearchAction\",\"target\":{\"@type\":\"EntryPoint\",\"urlTemplate\":\"https:\/\/portaltela.pt\/?s={search_term_string}\"},\"query-input\":{\"@type\":\"PropertyValueSpecification\",\"valueRequired\":true,\"valueName\":\"search_term_string\"}}],\"inLanguage\":\"pt-PT\"},{\"@type\":\"Person\",\"@id\":\"https:\/\/portaltela.pt\/#\/schema\/person\/c4278d4a6028830caff9ee44b42d32ed\",\"name\":\"Telinha\",\"image\":{\"@type\":\"ImageObject\",\"inLanguage\":\"pt-PT\",\"@id\":\"https:\/\/portaltela.pt\/s.01k8rhncp4jt1\/2025\/11\/talking-bot-125x125.png\",\"url\":\"https:\/\/portaltela.pt\/s.01k8rhncp4jt1\/2025\/11\/talking-bot-125x125.png\",\"contentUrl\":\"https:\/\/portaltela.pt\/s.01k8rhncp4jt1\/2025\/11\/talking-bot-125x125.png\",\"caption\":\"Telinha\"},\"sameAs\":[\"https:\/\/portaltela.pt\/\"],\"url\":\"https:\/\/portaltela.pt\/por\/367410592786\/\"}]}<\/script>\n<!-- \/ Yoast SEO plugin. -->","yoast_head_json":{"title":"PS, Livre e PAN esperam que Parlamento rejeite del\u00edrio negacionista da IL - Portal Tela Portugal","robots":{"index":"index","follow":"follow","max-snippet":"max-snippet:-1","max-image-preview":"max-image-preview:large","max-video-preview":"max-video-preview:-1"},"og_locale":"pt_PT","og_type":"article","og_title":"PS, Livre e PAN esperam que Parlamento rejeite del\u00edrio negacionista da IL - Portal Tela Portugal","og_description":"O grupo de oposi\u00e7\u00e3o (PS, Livre e PAN) criticou o projeto da Iniciativa Liberal para alterar a Lei de Bases do Clima, considerando-o um retrocesso e pedindo a rejei\u00e7\u00e3o. Alegam que a proposta pode comprometer metas nacionais e europeias e criar d\u00favidas quanto \u00e0 credibilidade internacional de Portugal, especialmente ap\u00f3s a COP 30. Entre as mudan\u00e7as contestadas est\u00e1 a revoga\u00e7\u00e3o da proibi\u00e7\u00e3o da minera\u00e7\u00e3o em mar profundo e a inclus\u00e3o de \u201cenergias limpas\u201d na lei, o que \u00e9 visto como despropositado por alguns partidos. A deputada In\u00eas Sousa Real (Pessoas-Animais-Natureza) acusa a IL de revogar princ\u00edpios clim\u00e1ticos e colocar Portugal em desacordo com metas da Uni\u00e3o Europeia, apontando o caso da tempestade Kristin como exemplo da urg\u00eancia de uma lei robusta. O debate inclui tamb\u00e9m propostas de adapta\u00e7\u00e3o da Lei de Enquadramento Or\u00e7amental \u00e0 Lei de Bases do Clima, com foco em metas de neutralidade carb\u00f3nica para 2045 e elimina\u00e7\u00e3o de subs\u00eddios aos combust\u00edveis f\u00f3sseis at\u00e9 2030.","og_url":"https:\/\/portaltela.pt\/noticias\/2026\/01\/30\/ps-livre-e-pan-esperam-que-parlamento-rejeite-delirio-negacionista-da-il\/","og_site_name":"Portal Tela Portugal","article_published_time":"2026-01-30T09:21:00+00:00","author":"Telinha","twitter_card":"summary_large_image","twitter_misc":{"Escrito por":"Telinha","Tempo estimado de leitura":"2 minutos"},"schema":{"@context":"https:\/\/schema.org","@graph":[{"@type":"Article","@id":"https:\/\/portaltela.pt\/noticias\/2026\/01\/30\/ps-livre-e-pan-esperam-que-parlamento-rejeite-delirio-negacionista-da-il\/#article","isPartOf":{"@id":"https:\/\/portaltela.pt\/noticias\/2026\/01\/30\/ps-livre-e-pan-esperam-que-parlamento-rejeite-delirio-negacionista-da-il\/"},"author":{"name":"Telinha","@id":"https:\/\/portaltela.pt\/#\/schema\/person\/c4278d4a6028830caff9ee44b42d32ed"},"headline":"PS, Livre e PAN esperam que Parlamento rejeite del\u00edrio negacionista da IL","datePublished":"2026-01-30T09:21:00+00:00","mainEntityOfPage":{"@id":"https:\/\/portaltela.pt\/noticias\/2026\/01\/30\/ps-livre-e-pan-esperam-que-parlamento-rejeite-delirio-negacionista-da-il\/"},"wordCount":361,"image":{"@id":"https:\/\/portaltela.pt\/noticias\/2026\/01\/30\/ps-livre-e-pan-esperam-que-parlamento-rejeite-delirio-negacionista-da-il\/#primaryimage"},"thumbnailUrl":"https:\/\/portaltela.pt\/s.01k8rhncp4jt1\/2026\/01\/2062869.jpg","keywords":["A\u00e7\u00e3o Clim\u00e1tica","energias renov\u00e1veis","Iniciativa Liberal","Livre","PAN","PS"],"articleSection":["Not\u00edcias","Pol\u00edtica"],"inLanguage":"pt-PT"},{"@type":"WebPage","@id":"https:\/\/portaltela.pt\/noticias\/2026\/01\/30\/ps-livre-e-pan-esperam-que-parlamento-rejeite-delirio-negacionista-da-il\/","url":"https:\/\/portaltela.pt\/noticias\/2026\/01\/30\/ps-livre-e-pan-esperam-que-parlamento-rejeite-delirio-negacionista-da-il\/","name":"PS, Livre e PAN esperam que Parlamento rejeite del\u00edrio negacionista da IL - Portal Tela Portugal","isPartOf":{"@id":"https:\/\/portaltela.pt\/#website"},"primaryImageOfPage":{"@id":"https:\/\/portaltela.pt\/noticias\/2026\/01\/30\/ps-livre-e-pan-esperam-que-parlamento-rejeite-delirio-negacionista-da-il\/#primaryimage"},"image":{"@id":"https:\/\/portaltela.pt\/noticias\/2026\/01\/30\/ps-livre-e-pan-esperam-que-parlamento-rejeite-delirio-negacionista-da-il\/#primaryimage"},"thumbnailUrl":"https:\/\/portaltela.pt\/s.01k8rhncp4jt1\/2026\/01\/2062869.jpg","datePublished":"2026-01-30T09:21:00+00:00","author":{"@id":"https:\/\/portaltela.pt\/#\/schema\/person\/c4278d4a6028830caff9ee44b42d32ed"},"breadcrumb":{"@id":"https:\/\/portaltela.pt\/noticias\/2026\/01\/30\/ps-livre-e-pan-esperam-que-parlamento-rejeite-delirio-negacionista-da-il\/#breadcrumb"},"inLanguage":"pt-PT","potentialAction":[{"@type":"ReadAction","target":["https:\/\/portaltela.pt\/noticias\/2026\/01\/30\/ps-livre-e-pan-esperam-que-parlamento-rejeite-delirio-negacionista-da-il\/"]}]},{"@type":"ImageObject","inLanguage":"pt-PT","@id":"https:\/\/portaltela.pt\/noticias\/2026\/01\/30\/ps-livre-e-pan-esperam-que-parlamento-rejeite-delirio-negacionista-da-il\/#primaryimage","url":"https:\/\/portaltela.pt\/s.01k8rhncp4jt1\/2026\/01\/2062869.jpg","contentUrl":"https:\/\/portaltela.pt\/s.01k8rhncp4jt1\/2026\/01\/2062869.jpg","width":796,"height":448,"caption":"Passagem de depress\u00f5es sucessivas por Portugal em 2026 constitui uma exemplo da import\u00e2ncia da ac\u00e7\u00e3o clim\u00e1tica"},{"@type":"BreadcrumbList","@id":"https:\/\/portaltela.pt\/noticias\/2026\/01\/30\/ps-livre-e-pan-esperam-que-parlamento-rejeite-delirio-negacionista-da-il\/#breadcrumb","itemListElement":[{"@type":"ListItem","position":1,"name":"In\u00edcio","item":"https:\/\/portaltela.pt\/"},{"@type":"ListItem","position":2,"name":"PS, Livre e PAN esperam que Parlamento rejeite del\u00edrio negacionista da IL"}]},{"@type":"WebSite","@id":"https:\/\/portaltela.pt\/#website","url":"https:\/\/portaltela.pt\/","name":"Portal Tela Portugal","description":"","potentialAction":[{"@type":"SearchAction","target":{"@type":"EntryPoint","urlTemplate":"https:\/\/portaltela.pt\/?s={search_term_string}"},"query-input":{"@type":"PropertyValueSpecification","valueRequired":true,"valueName":"search_term_string"}}],"inLanguage":"pt-PT"},{"@type":"Person","@id":"https:\/\/portaltela.pt\/#\/schema\/person\/c4278d4a6028830caff9ee44b42d32ed","name":"Telinha","image":{"@type":"ImageObject","inLanguage":"pt-PT","@id":"https:\/\/portaltela.pt\/s.01k8rhncp4jt1\/2025\/11\/talking-bot-125x125.png","url":"https:\/\/portaltela.pt\/s.01k8rhncp4jt1\/2025\/11\/talking-bot-125x125.png","contentUrl":"https:\/\/portaltela.pt\/s.01k8rhncp4jt1\/2025\/11\/talking-bot-125x125.png","caption":"Telinha"},"sameAs":["https:\/\/portaltela.pt\/"],"url":"https:\/\/portaltela.pt\/por\/367410592786\/"}]}},"_links":{"self":[{"href":"https:\/\/portaltela.pt\/api\/wp\/v2\/posts\/183341","targetHints":{"allow":["GET"]}}],"collection":[{"href":"https:\/\/portaltela.pt\/api\/wp\/v2\/posts"}],"about":[{"href":"https:\/\/portaltela.pt\/api\/wp\/v2\/types\/post"}],"author":[{"embeddable":true,"href":"https:\/\/portaltela.pt\/api\/wp\/v2\/users\/2"}],"replies":[{"embeddable":true,"href":"https:\/\/portaltela.pt\/api\/wp\/v2\/comments?post=183341"}],"version-history":[{"count":0,"href":"https:\/\/portaltela.pt\/api\/wp\/v2\/posts\/183341\/revisions"}],"wp:featuredmedia":[{"embeddable":true,"href":"https:\/\/portaltela.pt\/api\/wp\/v2\/media\/183350"}],"wp:attachment":[{"href":"https:\/\/portaltela.pt\/api\/wp\/v2\/media?parent=183341"}],"wp:term":[{"taxonomy":"category","embeddable":true,"href":"https:\/\/portaltela.pt\/api\/wp\/v2\/categories?post=183341"},{"taxonomy":"post_tag","embeddable":true,"href":"https:\/\/portaltela.pt\/api\/wp\/v2\/tags?post=183341"}],"curies":[{"name":"wp","href":"https:\/\/api.w.org\/{rel}","templated":true}]}}