{"id":183319,"date":"2026-01-30T06:05:00","date_gmt":"2026-01-30T09:05:00","guid":{"rendered":"https:\/\/portaltela.pt\/noticias\/2026\/01\/30\/fado-bicha-e-ana-bacalhau-homenageiam-ary-dos-santos-em-lisboa\/"},"modified":"2026-01-30T06:05:00","modified_gmt":"2026-01-30T09:05:00","slug":"fado-bicha-e-ana-bacalhau-homenageiam-ary-dos-santos-em-lisboa","status":"publish","type":"post","link":"https:\/\/portaltela.pt\/noticias\/2026\/01\/30\/fado-bicha-e-ana-bacalhau-homenageiam-ary-dos-santos-em-lisboa\/","title":{"rendered":"Fado Bicha e Ana Bacalhau homenageiam Ary dos Santos em Lisboa"},"content":{"rendered":"<p>Fado Bicha e Ana Bacalhau participaram num espet\u00e1culo realizado em Lisboa, dedicado a Ary dos Santos. O concerto reuniu vozes e mensagens em homenagem ao letrista portugu\u00eas.<\/p>\n<p>O confronto entre o fado contempor\u00e2neo e a obra de Ary dos Santos foi o eixo central da apresenta\u00e7\u00e3o, que valorizou a mem\u00f3ria de o que o compositor significou para a m\u00fasica nacional. A atua\u00e7\u00e3o contou com interpreta\u00e7\u00f5es que procuraram manter a verve das suas letras.<\/p>\n<p>O evento teve como objetivo celebrar a import\u00e2ncia de Ary dos Santos na cultura portuguesa, destacando a rela\u00e7\u00e3o entre o fado e a poesia social. O espet\u00e1culo manteve o foco na transmiss\u00e3o de mensagens e na preserva\u00e7\u00e3o do legado do artista.<\/p>\n","protected":false},"excerpt":{"rendered":"<ul>\n<li>Fado Bicha e Ana Bacalhau participaram num espet\u00e1culo em Lisboa dedicado a Ary dos Santos.<\/li>\n<li>O concerto foi uma homenagem ao poeta e compositor Ary dos Santos.<\/li>\n<li>A atua\u00e7\u00e3o reuniu artistas no \u00e2mbito de uma iniciativa de tributo em contexto lisboeta.<\/li>\n<li>A apresenta\u00e7\u00e3o destacou a obra de Ary dos Santos, com int\u00e9rpretes a interpretarem temas do cancioneiro portugu\u00eas.<\/li>\n<\/ul>\n","protected":false},"author":2,"featured_media":183322,"comment_status":"closed","ping_status":"closed","sticky":false,"template":"","format":"standard","meta":{"footnotes":""},"categories":[1],"tags":[145,2586,981,122,3039],"class_list":["post-183319","post","type-post","status-publish","format-standard","has-post-thumbnail","hentry","category-noticias","tag-cultura","tag-fado-jazz-ensemble","tag-lisboa","tag-musica","tag-musica-teatro-concertos"],"yoast_head":"<!-- This site is optimized with the Yoast SEO plugin v27.2 - https:\/\/yoast.com\/product\/yoast-seo-wordpress\/ -->\n<title>Fado Bicha e Ana Bacalhau homenageiam Ary dos Santos em Lisboa - Portal Tela Portugal<\/title>\n<meta name=\"robots\" content=\"index, follow, max-snippet:-1, max-image-preview:large, max-video-preview:-1\" \/>\n<meta property=\"og:locale\" content=\"pt_PT\" \/>\n<meta property=\"og:type\" content=\"article\" \/>\n<meta property=\"og:title\" content=\"Fado Bicha e Ana Bacalhau homenageiam Ary dos Santos em Lisboa - Portal Tela Portugal\" \/>\n<meta property=\"og:description\" content=\"Fado Bicha e Ana Bacalhau participaram num espet\u00e1culo em Lisboa dedicado a Ary dos Santos. O concerto foi uma homenagem ao poeta e compositor Ary dos Santos. A atua\u00e7\u00e3o reuniu artistas no \u00e2mbito de uma iniciativa de tributo em contexto lisboeta. A apresenta\u00e7\u00e3o destacou a obra de Ary dos Santos, com int\u00e9rpretes a interpretarem temas do cancioneiro portugu\u00eas.\" \/>\n<meta property=\"og:url\" content=\"https:\/\/portaltela.pt\/noticias\/2026\/01\/30\/fado-bicha-e-ana-bacalhau-homenageiam-ary-dos-santos-em-lisboa\/\" \/>\n<meta property=\"og:site_name\" content=\"Portal Tela Portugal\" \/>\n<meta property=\"article:published_time\" content=\"2026-01-30T09:05:00+00:00\" \/>\n<meta name=\"author\" content=\"Telinha\" \/>\n<meta name=\"twitter:card\" content=\"summary_large_image\" \/>\n<meta name=\"twitter:label1\" content=\"Escrito por\" \/>\n\t<meta name=\"twitter:data1\" content=\"Telinha\" \/>\n\t<meta name=\"twitter:label2\" content=\"Tempo estimado de leitura\" \/>\n\t<meta name=\"twitter:data2\" content=\"1 minuto\" \/>\n<script type=\"application\/ld+json\" class=\"yoast-schema-graph\">{\"@context\":\"https:\/\/schema.org\",\"@graph\":[{\"@type\":\"Article\",\"@id\":\"https:\/\/portaltela.pt\/noticias\/2026\/01\/30\/fado-bicha-e-ana-bacalhau-homenageiam-ary-dos-santos-em-lisboa\/#article\",\"isPartOf\":{\"@id\":\"https:\/\/portaltela.pt\/noticias\/2026\/01\/30\/fado-bicha-e-ana-bacalhau-homenageiam-ary-dos-santos-em-lisboa\/\"},\"author\":{\"name\":\"Telinha\",\"@id\":\"https:\/\/portaltela.pt\/#\/schema\/person\/c4278d4a6028830caff9ee44b42d32ed\"},\"headline\":\"Fado Bicha e Ana Bacalhau homenageiam Ary dos Santos em Lisboa\",\"datePublished\":\"2026-01-30T09:05:00+00:00\",\"mainEntityOfPage\":{\"@id\":\"https:\/\/portaltela.pt\/noticias\/2026\/01\/30\/fado-bicha-e-ana-bacalhau-homenageiam-ary-dos-santos-em-lisboa\/\"},\"wordCount\":138,\"image\":{\"@id\":\"https:\/\/portaltela.pt\/noticias\/2026\/01\/30\/fado-bicha-e-ana-bacalhau-homenageiam-ary-dos-santos-em-lisboa\/#primaryimage\"},\"thumbnailUrl\":\"https:\/\/portaltela.pt\/s.01k8rhncp4jt1\/2026\/01\/CACHE_780X1200_ANALOG_WATERMARKED_20632489_1049122_16032019022739.jpg\",\"keywords\":[\"cultura\",\"Fado Jazz Ensemble\",\"Lisboa\",\"m\u00fasica\",\"m\u00fasica\/teatro\/concertos\"],\"articleSection\":[\"Not\u00edcias\"],\"inLanguage\":\"pt-PT\"},{\"@type\":\"WebPage\",\"@id\":\"https:\/\/portaltela.pt\/noticias\/2026\/01\/30\/fado-bicha-e-ana-bacalhau-homenageiam-ary-dos-santos-em-lisboa\/\",\"url\":\"https:\/\/portaltela.pt\/noticias\/2026\/01\/30\/fado-bicha-e-ana-bacalhau-homenageiam-ary-dos-santos-em-lisboa\/\",\"name\":\"Fado Bicha e Ana Bacalhau homenageiam Ary dos Santos em Lisboa - Portal Tela Portugal\",\"isPartOf\":{\"@id\":\"https:\/\/portaltela.pt\/#website\"},\"primaryImageOfPage\":{\"@id\":\"https:\/\/portaltela.pt\/noticias\/2026\/01\/30\/fado-bicha-e-ana-bacalhau-homenageiam-ary-dos-santos-em-lisboa\/#primaryimage\"},\"image\":{\"@id\":\"https:\/\/portaltela.pt\/noticias\/2026\/01\/30\/fado-bicha-e-ana-bacalhau-homenageiam-ary-dos-santos-em-lisboa\/#primaryimage\"},\"thumbnailUrl\":\"https:\/\/portaltela.pt\/s.01k8rhncp4jt1\/2026\/01\/CACHE_780X1200_ANALOG_WATERMARKED_20632489_1049122_16032019022739.jpg\",\"datePublished\":\"2026-01-30T09:05:00+00:00\",\"author\":{\"@id\":\"https:\/\/portaltela.pt\/#\/schema\/person\/c4278d4a6028830caff9ee44b42d32ed\"},\"breadcrumb\":{\"@id\":\"https:\/\/portaltela.pt\/noticias\/2026\/01\/30\/fado-bicha-e-ana-bacalhau-homenageiam-ary-dos-santos-em-lisboa\/#breadcrumb\"},\"inLanguage\":\"pt-PT\",\"potentialAction\":[{\"@type\":\"ReadAction\",\"target\":[\"https:\/\/portaltela.pt\/noticias\/2026\/01\/30\/fado-bicha-e-ana-bacalhau-homenageiam-ary-dos-santos-em-lisboa\/\"]}]},{\"@type\":\"ImageObject\",\"inLanguage\":\"pt-PT\",\"@id\":\"https:\/\/portaltela.pt\/noticias\/2026\/01\/30\/fado-bicha-e-ana-bacalhau-homenageiam-ary-dos-santos-em-lisboa\/#primaryimage\",\"url\":\"https:\/\/portaltela.pt\/s.01k8rhncp4jt1\/2026\/01\/CACHE_780X1200_ANALOG_WATERMARKED_20632489_1049122_16032019022739.jpg\",\"contentUrl\":\"https:\/\/portaltela.pt\/s.01k8rhncp4jt1\/2026\/01\/CACHE_780X1200_ANALOG_WATERMARKED_20632489_1049122_16032019022739.jpg\",\"width\":796,\"height\":448,\"caption\":\"Fado Bicha e Ana Bacalhau em espet\u00e1culo de homenagem a Ary dos Santos em Lisboa\"},{\"@type\":\"BreadcrumbList\",\"@id\":\"https:\/\/portaltela.pt\/noticias\/2026\/01\/30\/fado-bicha-e-ana-bacalhau-homenageiam-ary-dos-santos-em-lisboa\/#breadcrumb\",\"itemListElement\":[{\"@type\":\"ListItem\",\"position\":1,\"name\":\"In\u00edcio\",\"item\":\"https:\/\/portaltela.pt\/\"},{\"@type\":\"ListItem\",\"position\":2,\"name\":\"Fado Bicha e Ana Bacalhau homenageiam Ary dos Santos em Lisboa\"}]},{\"@type\":\"WebSite\",\"@id\":\"https:\/\/portaltela.pt\/#website\",\"url\":\"https:\/\/portaltela.pt\/\",\"name\":\"Portal Tela Portugal\",\"description\":\"\",\"potentialAction\":[{\"@type\":\"SearchAction\",\"target\":{\"@type\":\"EntryPoint\",\"urlTemplate\":\"https:\/\/portaltela.pt\/?s={search_term_string}\"},\"query-input\":{\"@type\":\"PropertyValueSpecification\",\"valueRequired\":true,\"valueName\":\"search_term_string\"}}],\"inLanguage\":\"pt-PT\"},{\"@type\":\"Person\",\"@id\":\"https:\/\/portaltela.pt\/#\/schema\/person\/c4278d4a6028830caff9ee44b42d32ed\",\"name\":\"Telinha\",\"image\":{\"@type\":\"ImageObject\",\"inLanguage\":\"pt-PT\",\"@id\":\"https:\/\/portaltela.pt\/s.01k8rhncp4jt1\/2025\/11\/talking-bot-125x125.png\",\"url\":\"https:\/\/portaltela.pt\/s.01k8rhncp4jt1\/2025\/11\/talking-bot-125x125.png\",\"contentUrl\":\"https:\/\/portaltela.pt\/s.01k8rhncp4jt1\/2025\/11\/talking-bot-125x125.png\",\"caption\":\"Telinha\"},\"sameAs\":[\"https:\/\/portaltela.pt\/\"],\"url\":\"https:\/\/portaltela.pt\/por\/367410592786\/\"}]}<\/script>\n<!-- \/ Yoast SEO plugin. -->","yoast_head_json":{"title":"Fado Bicha e Ana Bacalhau homenageiam Ary dos Santos em Lisboa - Portal Tela Portugal","robots":{"index":"index","follow":"follow","max-snippet":"max-snippet:-1","max-image-preview":"max-image-preview:large","max-video-preview":"max-video-preview:-1"},"og_locale":"pt_PT","og_type":"article","og_title":"Fado Bicha e Ana Bacalhau homenageiam Ary dos Santos em Lisboa - Portal Tela Portugal","og_description":"Fado Bicha e Ana Bacalhau participaram num espet\u00e1culo em Lisboa dedicado a Ary dos Santos. O concerto foi uma homenagem ao poeta e compositor Ary dos Santos. A atua\u00e7\u00e3o reuniu artistas no \u00e2mbito de uma iniciativa de tributo em contexto lisboeta. A apresenta\u00e7\u00e3o destacou a obra de Ary dos Santos, com int\u00e9rpretes a interpretarem temas do cancioneiro portugu\u00eas.","og_url":"https:\/\/portaltela.pt\/noticias\/2026\/01\/30\/fado-bicha-e-ana-bacalhau-homenageiam-ary-dos-santos-em-lisboa\/","og_site_name":"Portal Tela Portugal","article_published_time":"2026-01-30T09:05:00+00:00","author":"Telinha","twitter_card":"summary_large_image","twitter_misc":{"Escrito por":"Telinha","Tempo estimado de leitura":"1 minuto"},"schema":{"@context":"https:\/\/schema.org","@graph":[{"@type":"Article","@id":"https:\/\/portaltela.pt\/noticias\/2026\/01\/30\/fado-bicha-e-ana-bacalhau-homenageiam-ary-dos-santos-em-lisboa\/#article","isPartOf":{"@id":"https:\/\/portaltela.pt\/noticias\/2026\/01\/30\/fado-bicha-e-ana-bacalhau-homenageiam-ary-dos-santos-em-lisboa\/"},"author":{"name":"Telinha","@id":"https:\/\/portaltela.pt\/#\/schema\/person\/c4278d4a6028830caff9ee44b42d32ed"},"headline":"Fado Bicha e Ana Bacalhau homenageiam Ary dos Santos em Lisboa","datePublished":"2026-01-30T09:05:00+00:00","mainEntityOfPage":{"@id":"https:\/\/portaltela.pt\/noticias\/2026\/01\/30\/fado-bicha-e-ana-bacalhau-homenageiam-ary-dos-santos-em-lisboa\/"},"wordCount":138,"image":{"@id":"https:\/\/portaltela.pt\/noticias\/2026\/01\/30\/fado-bicha-e-ana-bacalhau-homenageiam-ary-dos-santos-em-lisboa\/#primaryimage"},"thumbnailUrl":"https:\/\/portaltela.pt\/s.01k8rhncp4jt1\/2026\/01\/CACHE_780X1200_ANALOG_WATERMARKED_20632489_1049122_16032019022739.jpg","keywords":["cultura","Fado Jazz Ensemble","Lisboa","m\u00fasica","m\u00fasica\/teatro\/concertos"],"articleSection":["Not\u00edcias"],"inLanguage":"pt-PT"},{"@type":"WebPage","@id":"https:\/\/portaltela.pt\/noticias\/2026\/01\/30\/fado-bicha-e-ana-bacalhau-homenageiam-ary-dos-santos-em-lisboa\/","url":"https:\/\/portaltela.pt\/noticias\/2026\/01\/30\/fado-bicha-e-ana-bacalhau-homenageiam-ary-dos-santos-em-lisboa\/","name":"Fado Bicha e Ana Bacalhau homenageiam Ary dos Santos em Lisboa - Portal Tela Portugal","isPartOf":{"@id":"https:\/\/portaltela.pt\/#website"},"primaryImageOfPage":{"@id":"https:\/\/portaltela.pt\/noticias\/2026\/01\/30\/fado-bicha-e-ana-bacalhau-homenageiam-ary-dos-santos-em-lisboa\/#primaryimage"},"image":{"@id":"https:\/\/portaltela.pt\/noticias\/2026\/01\/30\/fado-bicha-e-ana-bacalhau-homenageiam-ary-dos-santos-em-lisboa\/#primaryimage"},"thumbnailUrl":"https:\/\/portaltela.pt\/s.01k8rhncp4jt1\/2026\/01\/CACHE_780X1200_ANALOG_WATERMARKED_20632489_1049122_16032019022739.jpg","datePublished":"2026-01-30T09:05:00+00:00","author":{"@id":"https:\/\/portaltela.pt\/#\/schema\/person\/c4278d4a6028830caff9ee44b42d32ed"},"breadcrumb":{"@id":"https:\/\/portaltela.pt\/noticias\/2026\/01\/30\/fado-bicha-e-ana-bacalhau-homenageiam-ary-dos-santos-em-lisboa\/#breadcrumb"},"inLanguage":"pt-PT","potentialAction":[{"@type":"ReadAction","target":["https:\/\/portaltela.pt\/noticias\/2026\/01\/30\/fado-bicha-e-ana-bacalhau-homenageiam-ary-dos-santos-em-lisboa\/"]}]},{"@type":"ImageObject","inLanguage":"pt-PT","@id":"https:\/\/portaltela.pt\/noticias\/2026\/01\/30\/fado-bicha-e-ana-bacalhau-homenageiam-ary-dos-santos-em-lisboa\/#primaryimage","url":"https:\/\/portaltela.pt\/s.01k8rhncp4jt1\/2026\/01\/CACHE_780X1200_ANALOG_WATERMARKED_20632489_1049122_16032019022739.jpg","contentUrl":"https:\/\/portaltela.pt\/s.01k8rhncp4jt1\/2026\/01\/CACHE_780X1200_ANALOG_WATERMARKED_20632489_1049122_16032019022739.jpg","width":796,"height":448,"caption":"Fado Bicha e Ana Bacalhau em espet\u00e1culo de homenagem a Ary dos Santos em Lisboa"},{"@type":"BreadcrumbList","@id":"https:\/\/portaltela.pt\/noticias\/2026\/01\/30\/fado-bicha-e-ana-bacalhau-homenageiam-ary-dos-santos-em-lisboa\/#breadcrumb","itemListElement":[{"@type":"ListItem","position":1,"name":"In\u00edcio","item":"https:\/\/portaltela.pt\/"},{"@type":"ListItem","position":2,"name":"Fado Bicha e Ana Bacalhau homenageiam Ary dos Santos em Lisboa"}]},{"@type":"WebSite","@id":"https:\/\/portaltela.pt\/#website","url":"https:\/\/portaltela.pt\/","name":"Portal Tela Portugal","description":"","potentialAction":[{"@type":"SearchAction","target":{"@type":"EntryPoint","urlTemplate":"https:\/\/portaltela.pt\/?s={search_term_string}"},"query-input":{"@type":"PropertyValueSpecification","valueRequired":true,"valueName":"search_term_string"}}],"inLanguage":"pt-PT"},{"@type":"Person","@id":"https:\/\/portaltela.pt\/#\/schema\/person\/c4278d4a6028830caff9ee44b42d32ed","name":"Telinha","image":{"@type":"ImageObject","inLanguage":"pt-PT","@id":"https:\/\/portaltela.pt\/s.01k8rhncp4jt1\/2025\/11\/talking-bot-125x125.png","url":"https:\/\/portaltela.pt\/s.01k8rhncp4jt1\/2025\/11\/talking-bot-125x125.png","contentUrl":"https:\/\/portaltela.pt\/s.01k8rhncp4jt1\/2025\/11\/talking-bot-125x125.png","caption":"Telinha"},"sameAs":["https:\/\/portaltela.pt\/"],"url":"https:\/\/portaltela.pt\/por\/367410592786\/"}]}},"_links":{"self":[{"href":"https:\/\/portaltela.pt\/api\/wp\/v2\/posts\/183319","targetHints":{"allow":["GET"]}}],"collection":[{"href":"https:\/\/portaltela.pt\/api\/wp\/v2\/posts"}],"about":[{"href":"https:\/\/portaltela.pt\/api\/wp\/v2\/types\/post"}],"author":[{"embeddable":true,"href":"https:\/\/portaltela.pt\/api\/wp\/v2\/users\/2"}],"replies":[{"embeddable":true,"href":"https:\/\/portaltela.pt\/api\/wp\/v2\/comments?post=183319"}],"version-history":[{"count":0,"href":"https:\/\/portaltela.pt\/api\/wp\/v2\/posts\/183319\/revisions"}],"wp:featuredmedia":[{"embeddable":true,"href":"https:\/\/portaltela.pt\/api\/wp\/v2\/media\/183322"}],"wp:attachment":[{"href":"https:\/\/portaltela.pt\/api\/wp\/v2\/media?parent=183319"}],"wp:term":[{"taxonomy":"category","embeddable":true,"href":"https:\/\/portaltela.pt\/api\/wp\/v2\/categories?post=183319"},{"taxonomy":"post_tag","embeddable":true,"href":"https:\/\/portaltela.pt\/api\/wp\/v2\/tags?post=183319"}],"curies":[{"name":"wp","href":"https:\/\/api.w.org\/{rel}","templated":true}]}}