{"id":183317,"date":"2026-01-30T06:08:00","date_gmt":"2026-01-30T09:08:00","guid":{"rendered":"https:\/\/portaltela.pt\/noticias\/2026\/01\/30\/mourinho-congela-schjelderup-moffi-apresentado-hoje-no-fc-porto\/"},"modified":"2026-01-30T06:08:00","modified_gmt":"2026-01-30T09:08:00","slug":"mourinho-congela-schjelderup-moffi-apresentado-hoje-no-fc-porto","status":"publish","type":"post","link":"https:\/\/portaltela.pt\/desporto\/futebol\/2026\/01\/30\/mourinho-congela-schjelderup-moffi-apresentado-hoje-no-fc-porto\/","title":{"rendered":"Mourinho congela Schjelderup; Moffi apresentado hoje no FC Porto"},"content":{"rendered":"<p>O dossi\u00ea de Andreas Schjelderup pode sofrer uma reviravolta 72 horas antes do fecho do mercado de inverno. A Veracidade das informa\u00e7\u00f5es aponta para uma reavalia\u00e7\u00e3o por parte da dire\u00e7\u00e3o do Benfica, que j\u00e1 teve influ\u00eancia no 4-2 diante do Real Madrid.<\/p>\n<p>A decis\u00e3o a ser tomada pela SAD surge numa altura em que o extremo noruegu\u00eas tem estado em foco, ap\u00f3s o seu desempenho frente aos madrilenos ter sido decisivo para o sucesso da equipa. A reavalia\u00e7\u00e3o poder\u00e1 impedir a sa\u00edda do jogador.<\/p>\n<p>O mercado de transfer\u00eancias n\u00e3o p\u00e1ra, com v\u00e1rias movimenta\u00e7\u00f5es a ocorrer em Portugal e no estrangeiro. A par dessas negocia\u00e7\u00f5es, seguem-se as expectativas para os pr\u00f3ximos dias, enquanto clubes tentam fechar refor\u00e7os ou manter o planeado.<\/p>\n<h3>Promessa eg\u00edpcia a caminho do Barcelona<\/h3>\n<p>Hamza Abdelkarim, ponta-de-lan\u00e7a eg\u00edpcio de 18 anos, est\u00e1 a caminho do Barcelona. O jogador, atualmente ao servi\u00e7o do Al Ahly, dever\u00e1 ingressar na equipa B blaugrana num contrato de empr\u00e9stimo com op\u00e7\u00e3o de compra.<\/p>\n<h3>Antigo alvo do Benfica ruma \u00e0 Real Sociedad<\/h3>\n<p>Wesley est\u00e1 a caminho da Real Sociedad. O extremo brasileiro, que j\u00e1 foi alvo do Benfica, aguarda autoriza\u00e7\u00e3o para viajar e dever\u00e1 assinar contrato brevemente, num neg\u00f3cio estimado em cerca de 12 milh\u00f5es de euros.<\/p>\n<h3>Moffi apresentado hoje no FC Porto<\/h3>\n<p>Terren Moffi ser\u00e1 apresentado como refor\u00e7o do FC Porto, completando o trio de aquisi\u00e7\u00f5es do clube no mercado de inverno, ap\u00f3s Thiago Silva e Oskar Pietuszewski. O avan\u00e7ado chegou ao Porto na tarde de hoje e j\u00e1 marcou presen\u00e7a no Est\u00e1dio do Drag\u00e3o.<\/p>\n<h3>Zabiri na mira do Al Ittihad<\/h3>\n<p>O jovem internacional marroquino Yassir Zabiri aparece ligado ao Al Ittihad, numa lista de alternativas para colmatar a eventual sa\u00edda de Moussa Diaby para o Inter de Mil\u00e3o.<\/p>\n<h3>Rui Borges mant\u00e9m-se na linha de frente<\/h3>\n<p>N\u00e3o foram reportadas altera\u00e7\u00f5es na atual linha de comando, com o treinador a manter o n\u00edvel de exig\u00eancia e o foco nos objetivos da equipa para o restante da temporada.<\/p>\n","protected":false},"excerpt":{"rendered":"<ul>\n<li>O Benfica est\u00e1 a reavaliar a sa\u00edda de Andreas Schjelderup a tr\u00eas dias do fecho do mercado, apesar de o extremo ter sido decisivo na vit\u00f3ria sobre o Real Madrid.<\/li>\n<li>Wesley, antigo alvo do Benfica, est\u00e1 a caminho da Real Sociedad e dever\u00e1 assinar por cerca de doze milh\u00f5es de euros.<\/li>\n<li>Moffi ser\u00e1 hoje apresentado como refor\u00e7o do FC Porto; chegou ao Porto ao meio da tarde e foi visto no camarote do Drag\u00e3o.<\/li>\n<li>Hamza Abdelkarim, ponta-de-lan\u00e7a eg\u00edpcio de dezoito anos, est\u00e1 a caminho do Barcelona, integrado na equipa B por empr\u00e9stimo com op\u00e7\u00e3o de compra.<\/li>\n<li>Yassir Zabiri est\u00e1 apontado ao Al Ittihad e surge como alternativa para colmatar a poss\u00edvel sa\u00edda de Moussa Diaby para o Inter de Mil\u00e3o.<\/li>\n<\/ul>\n","protected":false},"author":2,"featured_media":183321,"comment_status":"closed","ping_status":"closed","sticky":false,"template":"","format":"standard","meta":{"footnotes":""},"categories":[21,24],"tags":[1946,2028,32,242,3083,1633],"class_list":["post-183317","post","type-post","status-publish","format-standard","has-post-thumbnail","hentry","category-desporto","category-futebol","tag-benfica","tag-fc-porto","tag-futebol","tag-jogadores","tag-real-sociedad","tag-transferencias-internacionais"],"yoast_head":"<!-- This site is optimized with the Yoast SEO plugin v27.2 - https:\/\/yoast.com\/product\/yoast-seo-wordpress\/ -->\n<title>Mourinho congela Schjelderup; Moffi apresentado hoje no FC Porto - Portal Tela Portugal<\/title>\n<meta name=\"robots\" content=\"index, follow, max-snippet:-1, max-image-preview:large, max-video-preview:-1\" \/>\n<meta property=\"og:locale\" content=\"pt_PT\" \/>\n<meta property=\"og:type\" content=\"article\" \/>\n<meta property=\"og:title\" content=\"Mourinho congela Schjelderup; Moffi apresentado hoje no FC Porto - Portal Tela Portugal\" \/>\n<meta property=\"og:description\" content=\"O Benfica est\u00e1 a reavaliar a sa\u00edda de Andreas Schjelderup a tr\u00eas dias do fecho do mercado, apesar de o extremo ter sido decisivo na vit\u00f3ria sobre o Real Madrid. Wesley, antigo alvo do Benfica, est\u00e1 a caminho da Real Sociedad e dever\u00e1 assinar por cerca de doze milh\u00f5es de euros. Moffi ser\u00e1 hoje apresentado como refor\u00e7o do FC Porto; chegou ao Porto ao meio da tarde e foi visto no camarote do Drag\u00e3o. Hamza Abdelkarim, ponta-de-lan\u00e7a eg\u00edpcio de dezoito anos, est\u00e1 a caminho do Barcelona, integrado na equipa B por empr\u00e9stimo com op\u00e7\u00e3o de compra. Yassir Zabiri est\u00e1 apontado ao Al Ittihad e surge como alternativa para colmatar a poss\u00edvel sa\u00edda de Moussa Diaby para o Inter de Mil\u00e3o.\" \/>\n<meta property=\"og:url\" content=\"https:\/\/portaltela.pt\/noticias\/2026\/01\/30\/mourinho-congela-schjelderup-moffi-apresentado-hoje-no-fc-porto\/\" \/>\n<meta property=\"og:site_name\" content=\"Portal Tela Portugal\" \/>\n<meta property=\"article:published_time\" content=\"2026-01-30T09:08:00+00:00\" \/>\n<meta name=\"author\" content=\"Telinha\" \/>\n<meta name=\"twitter:card\" content=\"summary_large_image\" \/>\n<meta name=\"twitter:label1\" content=\"Escrito por\" \/>\n\t<meta name=\"twitter:data1\" content=\"Telinha\" \/>\n\t<meta name=\"twitter:label2\" content=\"Tempo estimado de leitura\" \/>\n\t<meta name=\"twitter:data2\" content=\"2 minutos\" \/>\n<script type=\"application\/ld+json\" class=\"yoast-schema-graph\">{\"@context\":\"https:\/\/schema.org\",\"@graph\":[{\"@type\":\"Article\",\"@id\":\"https:\/\/portaltela.pt\/noticias\/2026\/01\/30\/mourinho-congela-schjelderup-moffi-apresentado-hoje-no-fc-porto\/#article\",\"isPartOf\":{\"@id\":\"https:\/\/portaltela.pt\/noticias\/2026\/01\/30\/mourinho-congela-schjelderup-moffi-apresentado-hoje-no-fc-porto\/\"},\"author\":{\"name\":\"Telinha\",\"@id\":\"https:\/\/portaltela.pt\/#\/schema\/person\/c4278d4a6028830caff9ee44b42d32ed\"},\"headline\":\"Mourinho congela Schjelderup; Moffi apresentado hoje no FC Porto\",\"datePublished\":\"2026-01-30T09:08:00+00:00\",\"mainEntityOfPage\":{\"@id\":\"https:\/\/portaltela.pt\/noticias\/2026\/01\/30\/mourinho-congela-schjelderup-moffi-apresentado-hoje-no-fc-porto\/\"},\"wordCount\":368,\"image\":{\"@id\":\"https:\/\/portaltela.pt\/noticias\/2026\/01\/30\/mourinho-congela-schjelderup-moffi-apresentado-hoje-no-fc-porto\/#primaryimage\"},\"thumbnailUrl\":\"https:\/\/portaltela.pt\/s.01k8rhncp4jt1\/2026\/01\/img_1200x721uu2026-01-30-09-07-43-2418416.jpg\",\"keywords\":[\"Benfica\",\"FC Porto\",\"futebol\",\"jogadores\",\"Real Sociedad\",\"transfer\u00eancias internacionais\"],\"articleSection\":[\"Desporto\",\"Futebol\"],\"inLanguage\":\"pt-PT\"},{\"@type\":\"WebPage\",\"@id\":\"https:\/\/portaltela.pt\/noticias\/2026\/01\/30\/mourinho-congela-schjelderup-moffi-apresentado-hoje-no-fc-porto\/\",\"url\":\"https:\/\/portaltela.pt\/noticias\/2026\/01\/30\/mourinho-congela-schjelderup-moffi-apresentado-hoje-no-fc-porto\/\",\"name\":\"Mourinho congela Schjelderup; Moffi apresentado hoje no FC Porto - Portal Tela Portugal\",\"isPartOf\":{\"@id\":\"https:\/\/portaltela.pt\/#website\"},\"primaryImageOfPage\":{\"@id\":\"https:\/\/portaltela.pt\/noticias\/2026\/01\/30\/mourinho-congela-schjelderup-moffi-apresentado-hoje-no-fc-porto\/#primaryimage\"},\"image\":{\"@id\":\"https:\/\/portaltela.pt\/noticias\/2026\/01\/30\/mourinho-congela-schjelderup-moffi-apresentado-hoje-no-fc-porto\/#primaryimage\"},\"thumbnailUrl\":\"https:\/\/portaltela.pt\/s.01k8rhncp4jt1\/2026\/01\/img_1200x721uu2026-01-30-09-07-43-2418416.jpg\",\"datePublished\":\"2026-01-30T09:08:00+00:00\",\"author\":{\"@id\":\"https:\/\/portaltela.pt\/#\/schema\/person\/c4278d4a6028830caff9ee44b42d32ed\"},\"breadcrumb\":{\"@id\":\"https:\/\/portaltela.pt\/noticias\/2026\/01\/30\/mourinho-congela-schjelderup-moffi-apresentado-hoje-no-fc-porto\/#breadcrumb\"},\"inLanguage\":\"pt-PT\",\"potentialAction\":[{\"@type\":\"ReadAction\",\"target\":[\"https:\/\/portaltela.pt\/noticias\/2026\/01\/30\/mourinho-congela-schjelderup-moffi-apresentado-hoje-no-fc-porto\/\"]}]},{\"@type\":\"ImageObject\",\"inLanguage\":\"pt-PT\",\"@id\":\"https:\/\/portaltela.pt\/noticias\/2026\/01\/30\/mourinho-congela-schjelderup-moffi-apresentado-hoje-no-fc-porto\/#primaryimage\",\"url\":\"https:\/\/portaltela.pt\/s.01k8rhncp4jt1\/2026\/01\/img_1200x721uu2026-01-30-09-07-43-2418416.jpg\",\"contentUrl\":\"https:\/\/portaltela.pt\/s.01k8rhncp4jt1\/2026\/01\/img_1200x721uu2026-01-30-09-07-43-2418416.jpg\",\"width\":796,\"height\":448,\"caption\":\"Jos\u00e9 Mourinho 'congela' Schjelderup no Benfica\"},{\"@type\":\"BreadcrumbList\",\"@id\":\"https:\/\/portaltela.pt\/noticias\/2026\/01\/30\/mourinho-congela-schjelderup-moffi-apresentado-hoje-no-fc-porto\/#breadcrumb\",\"itemListElement\":[{\"@type\":\"ListItem\",\"position\":1,\"name\":\"In\u00edcio\",\"item\":\"https:\/\/portaltela.pt\/\"},{\"@type\":\"ListItem\",\"position\":2,\"name\":\"Mourinho congela Schjelderup; Moffi apresentado hoje no FC Porto\"}]},{\"@type\":\"WebSite\",\"@id\":\"https:\/\/portaltela.pt\/#website\",\"url\":\"https:\/\/portaltela.pt\/\",\"name\":\"Portal Tela Portugal\",\"description\":\"\",\"potentialAction\":[{\"@type\":\"SearchAction\",\"target\":{\"@type\":\"EntryPoint\",\"urlTemplate\":\"https:\/\/portaltela.pt\/?s={search_term_string}\"},\"query-input\":{\"@type\":\"PropertyValueSpecification\",\"valueRequired\":true,\"valueName\":\"search_term_string\"}}],\"inLanguage\":\"pt-PT\"},{\"@type\":\"Person\",\"@id\":\"https:\/\/portaltela.pt\/#\/schema\/person\/c4278d4a6028830caff9ee44b42d32ed\",\"name\":\"Telinha\",\"image\":{\"@type\":\"ImageObject\",\"inLanguage\":\"pt-PT\",\"@id\":\"https:\/\/portaltela.pt\/s.01k8rhncp4jt1\/2025\/11\/talking-bot-125x125.png\",\"url\":\"https:\/\/portaltela.pt\/s.01k8rhncp4jt1\/2025\/11\/talking-bot-125x125.png\",\"contentUrl\":\"https:\/\/portaltela.pt\/s.01k8rhncp4jt1\/2025\/11\/talking-bot-125x125.png\",\"caption\":\"Telinha\"},\"sameAs\":[\"https:\/\/portaltela.pt\/\"],\"url\":\"https:\/\/portaltela.pt\/por\/367410592786\/\"}]}<\/script>\n<!-- \/ Yoast SEO plugin. -->","yoast_head_json":{"title":"Mourinho congela Schjelderup; Moffi apresentado hoje no FC Porto - Portal Tela Portugal","robots":{"index":"index","follow":"follow","max-snippet":"max-snippet:-1","max-image-preview":"max-image-preview:large","max-video-preview":"max-video-preview:-1"},"og_locale":"pt_PT","og_type":"article","og_title":"Mourinho congela Schjelderup; Moffi apresentado hoje no FC Porto - Portal Tela Portugal","og_description":"O Benfica est\u00e1 a reavaliar a sa\u00edda de Andreas Schjelderup a tr\u00eas dias do fecho do mercado, apesar de o extremo ter sido decisivo na vit\u00f3ria sobre o Real Madrid. Wesley, antigo alvo do Benfica, est\u00e1 a caminho da Real Sociedad e dever\u00e1 assinar por cerca de doze milh\u00f5es de euros. Moffi ser\u00e1 hoje apresentado como refor\u00e7o do FC Porto; chegou ao Porto ao meio da tarde e foi visto no camarote do Drag\u00e3o. Hamza Abdelkarim, ponta-de-lan\u00e7a eg\u00edpcio de dezoito anos, est\u00e1 a caminho do Barcelona, integrado na equipa B por empr\u00e9stimo com op\u00e7\u00e3o de compra. Yassir Zabiri est\u00e1 apontado ao Al Ittihad e surge como alternativa para colmatar a poss\u00edvel sa\u00edda de Moussa Diaby para o Inter de Mil\u00e3o.","og_url":"https:\/\/portaltela.pt\/noticias\/2026\/01\/30\/mourinho-congela-schjelderup-moffi-apresentado-hoje-no-fc-porto\/","og_site_name":"Portal Tela Portugal","article_published_time":"2026-01-30T09:08:00+00:00","author":"Telinha","twitter_card":"summary_large_image","twitter_misc":{"Escrito por":"Telinha","Tempo estimado de leitura":"2 minutos"},"schema":{"@context":"https:\/\/schema.org","@graph":[{"@type":"Article","@id":"https:\/\/portaltela.pt\/noticias\/2026\/01\/30\/mourinho-congela-schjelderup-moffi-apresentado-hoje-no-fc-porto\/#article","isPartOf":{"@id":"https:\/\/portaltela.pt\/noticias\/2026\/01\/30\/mourinho-congela-schjelderup-moffi-apresentado-hoje-no-fc-porto\/"},"author":{"name":"Telinha","@id":"https:\/\/portaltela.pt\/#\/schema\/person\/c4278d4a6028830caff9ee44b42d32ed"},"headline":"Mourinho congela Schjelderup; Moffi apresentado hoje no FC Porto","datePublished":"2026-01-30T09:08:00+00:00","mainEntityOfPage":{"@id":"https:\/\/portaltela.pt\/noticias\/2026\/01\/30\/mourinho-congela-schjelderup-moffi-apresentado-hoje-no-fc-porto\/"},"wordCount":368,"image":{"@id":"https:\/\/portaltela.pt\/noticias\/2026\/01\/30\/mourinho-congela-schjelderup-moffi-apresentado-hoje-no-fc-porto\/#primaryimage"},"thumbnailUrl":"https:\/\/portaltela.pt\/s.01k8rhncp4jt1\/2026\/01\/img_1200x721uu2026-01-30-09-07-43-2418416.jpg","keywords":["Benfica","FC Porto","futebol","jogadores","Real Sociedad","transfer\u00eancias internacionais"],"articleSection":["Desporto","Futebol"],"inLanguage":"pt-PT"},{"@type":"WebPage","@id":"https:\/\/portaltela.pt\/noticias\/2026\/01\/30\/mourinho-congela-schjelderup-moffi-apresentado-hoje-no-fc-porto\/","url":"https:\/\/portaltela.pt\/noticias\/2026\/01\/30\/mourinho-congela-schjelderup-moffi-apresentado-hoje-no-fc-porto\/","name":"Mourinho congela Schjelderup; Moffi apresentado hoje no FC Porto - Portal Tela Portugal","isPartOf":{"@id":"https:\/\/portaltela.pt\/#website"},"primaryImageOfPage":{"@id":"https:\/\/portaltela.pt\/noticias\/2026\/01\/30\/mourinho-congela-schjelderup-moffi-apresentado-hoje-no-fc-porto\/#primaryimage"},"image":{"@id":"https:\/\/portaltela.pt\/noticias\/2026\/01\/30\/mourinho-congela-schjelderup-moffi-apresentado-hoje-no-fc-porto\/#primaryimage"},"thumbnailUrl":"https:\/\/portaltela.pt\/s.01k8rhncp4jt1\/2026\/01\/img_1200x721uu2026-01-30-09-07-43-2418416.jpg","datePublished":"2026-01-30T09:08:00+00:00","author":{"@id":"https:\/\/portaltela.pt\/#\/schema\/person\/c4278d4a6028830caff9ee44b42d32ed"},"breadcrumb":{"@id":"https:\/\/portaltela.pt\/noticias\/2026\/01\/30\/mourinho-congela-schjelderup-moffi-apresentado-hoje-no-fc-porto\/#breadcrumb"},"inLanguage":"pt-PT","potentialAction":[{"@type":"ReadAction","target":["https:\/\/portaltela.pt\/noticias\/2026\/01\/30\/mourinho-congela-schjelderup-moffi-apresentado-hoje-no-fc-porto\/"]}]},{"@type":"ImageObject","inLanguage":"pt-PT","@id":"https:\/\/portaltela.pt\/noticias\/2026\/01\/30\/mourinho-congela-schjelderup-moffi-apresentado-hoje-no-fc-porto\/#primaryimage","url":"https:\/\/portaltela.pt\/s.01k8rhncp4jt1\/2026\/01\/img_1200x721uu2026-01-30-09-07-43-2418416.jpg","contentUrl":"https:\/\/portaltela.pt\/s.01k8rhncp4jt1\/2026\/01\/img_1200x721uu2026-01-30-09-07-43-2418416.jpg","width":796,"height":448,"caption":"Jos\u00e9 Mourinho 'congela' Schjelderup no Benfica"},{"@type":"BreadcrumbList","@id":"https:\/\/portaltela.pt\/noticias\/2026\/01\/30\/mourinho-congela-schjelderup-moffi-apresentado-hoje-no-fc-porto\/#breadcrumb","itemListElement":[{"@type":"ListItem","position":1,"name":"In\u00edcio","item":"https:\/\/portaltela.pt\/"},{"@type":"ListItem","position":2,"name":"Mourinho congela Schjelderup; Moffi apresentado hoje no FC Porto"}]},{"@type":"WebSite","@id":"https:\/\/portaltela.pt\/#website","url":"https:\/\/portaltela.pt\/","name":"Portal Tela Portugal","description":"","potentialAction":[{"@type":"SearchAction","target":{"@type":"EntryPoint","urlTemplate":"https:\/\/portaltela.pt\/?s={search_term_string}"},"query-input":{"@type":"PropertyValueSpecification","valueRequired":true,"valueName":"search_term_string"}}],"inLanguage":"pt-PT"},{"@type":"Person","@id":"https:\/\/portaltela.pt\/#\/schema\/person\/c4278d4a6028830caff9ee44b42d32ed","name":"Telinha","image":{"@type":"ImageObject","inLanguage":"pt-PT","@id":"https:\/\/portaltela.pt\/s.01k8rhncp4jt1\/2025\/11\/talking-bot-125x125.png","url":"https:\/\/portaltela.pt\/s.01k8rhncp4jt1\/2025\/11\/talking-bot-125x125.png","contentUrl":"https:\/\/portaltela.pt\/s.01k8rhncp4jt1\/2025\/11\/talking-bot-125x125.png","caption":"Telinha"},"sameAs":["https:\/\/portaltela.pt\/"],"url":"https:\/\/portaltela.pt\/por\/367410592786\/"}]}},"_links":{"self":[{"href":"https:\/\/portaltela.pt\/api\/wp\/v2\/posts\/183317","targetHints":{"allow":["GET"]}}],"collection":[{"href":"https:\/\/portaltela.pt\/api\/wp\/v2\/posts"}],"about":[{"href":"https:\/\/portaltela.pt\/api\/wp\/v2\/types\/post"}],"author":[{"embeddable":true,"href":"https:\/\/portaltela.pt\/api\/wp\/v2\/users\/2"}],"replies":[{"embeddable":true,"href":"https:\/\/portaltela.pt\/api\/wp\/v2\/comments?post=183317"}],"version-history":[{"count":0,"href":"https:\/\/portaltela.pt\/api\/wp\/v2\/posts\/183317\/revisions"}],"wp:featuredmedia":[{"embeddable":true,"href":"https:\/\/portaltela.pt\/api\/wp\/v2\/media\/183321"}],"wp:attachment":[{"href":"https:\/\/portaltela.pt\/api\/wp\/v2\/media?parent=183317"}],"wp:term":[{"taxonomy":"category","embeddable":true,"href":"https:\/\/portaltela.pt\/api\/wp\/v2\/categories?post=183317"},{"taxonomy":"post_tag","embeddable":true,"href":"https:\/\/portaltela.pt\/api\/wp\/v2\/tags?post=183317"}],"curies":[{"name":"wp","href":"https:\/\/api.w.org\/{rel}","templated":true}]}}