{"id":183282,"date":"2026-01-30T03:34:00","date_gmt":"2026-01-30T06:34:00","guid":{"rendered":"https:\/\/portaltela.pt\/noticias\/2026\/01\/30\/entidade-orcamental-divulga-sintese-de-execucao-ate-dezembro\/"},"modified":"2026-01-30T03:34:00","modified_gmt":"2026-01-30T06:34:00","slug":"entidade-orcamental-divulga-sintese-de-execucao-ate-dezembro","status":"publish","type":"post","link":"https:\/\/portaltela.pt\/noticias\/economia\/2026\/01\/30\/entidade-orcamental-divulga-sintese-de-execucao-ate-dezembro\/","title":{"rendered":"Entidade Or\u00e7amental divulga s\u00edntese de execu\u00e7\u00e3o at\u00e9 dezembro"},"content":{"rendered":"<p>A Entidade Or\u00e7amental divulgou hoje uma s\u00edntese de execu\u00e7\u00e3o or\u00e7amental at\u00e9 dezembro. A comunica\u00e7\u00e3o visa apresentar, de forma sint\u00e9tica, o desempenho financeiro do per\u00edodo em causa.<\/p>\n<p>O conte\u00fado completo permanece acess\u00edvel apenas a subscritores. Segundo a institui\u00e7\u00e3o, n\u00e3o foram tornados p\u00fablicos detalhes estruturais ou n\u00fameros espec\u00edficos no texto dispon\u00edvel publicamente.<\/p>\n","protected":false},"excerpt":{"rendered":"<ul>\n<li>A Entidade Or\u00e7amental divulga hoje uma s\u00edntese de execu\u00e7\u00e3o at\u00e9 dezembro.<\/li>\n<li>O conte\u00fado completo est\u00e1 dispon\u00edvel apenas para subscritores.<\/li>\n<li>A s\u00edntese resume dados de execu\u00e7\u00e3o or\u00e7amental at\u00e9 dezembro.<\/li>\n<li>A publica\u00e7\u00e3o n\u00e3o disponibiliza detalhes adicionais para o p\u00fablico em geral.<\/li>\n<\/ul>\n","protected":false},"author":2,"featured_media":183285,"comment_status":"closed","ping_status":"closed","sticky":false,"template":"","format":"standard","meta":{"footnotes":""},"categories":[2,1],"tags":[28,733,2415,4477,1769],"class_list":["post-183282","post","type-post","status-publish","format-standard","has-post-thumbnail","hentry","category-economia","category-noticias","tag-economia","tag-financas-publicas","tag-gestao","tag-orcamento-participativo","tag-orcamento-territorio"],"yoast_head":"<!-- This site is optimized with the Yoast SEO plugin v27.2 - https:\/\/yoast.com\/product\/yoast-seo-wordpress\/ -->\n<title>Entidade Or\u00e7amental divulga s\u00edntese de execu\u00e7\u00e3o at\u00e9 dezembro - Portal Tela Portugal<\/title>\n<meta name=\"robots\" content=\"index, follow, max-snippet:-1, max-image-preview:large, max-video-preview:-1\" \/>\n<meta property=\"og:locale\" content=\"pt_PT\" \/>\n<meta property=\"og:type\" content=\"article\" \/>\n<meta property=\"og:title\" content=\"Entidade Or\u00e7amental divulga s\u00edntese de execu\u00e7\u00e3o at\u00e9 dezembro - Portal Tela Portugal\" \/>\n<meta property=\"og:description\" content=\"A Entidade Or\u00e7amental divulga hoje uma s\u00edntese de execu\u00e7\u00e3o at\u00e9 dezembro. O conte\u00fado completo est\u00e1 dispon\u00edvel apenas para subscritores. A s\u00edntese resume dados de execu\u00e7\u00e3o or\u00e7amental at\u00e9 dezembro. A publica\u00e7\u00e3o n\u00e3o disponibiliza detalhes adicionais para o p\u00fablico em geral.\" \/>\n<meta property=\"og:url\" content=\"https:\/\/portaltela.pt\/noticias\/2026\/01\/30\/entidade-orcamental-divulga-sintese-de-execucao-ate-dezembro\/\" \/>\n<meta property=\"og:site_name\" content=\"Portal Tela Portugal\" \/>\n<meta property=\"article:published_time\" content=\"2026-01-30T06:34:00+00:00\" \/>\n<meta name=\"author\" content=\"Telinha\" \/>\n<meta name=\"twitter:card\" content=\"summary_large_image\" \/>\n<meta name=\"twitter:label1\" content=\"Escrito por\" \/>\n\t<meta name=\"twitter:data1\" content=\"Telinha\" \/>\n<script type=\"application\/ld+json\" class=\"yoast-schema-graph\">{\"@context\":\"https:\/\/schema.org\",\"@graph\":[{\"@type\":\"Article\",\"@id\":\"https:\/\/portaltela.pt\/noticias\/2026\/01\/30\/entidade-orcamental-divulga-sintese-de-execucao-ate-dezembro\/#article\",\"isPartOf\":{\"@id\":\"https:\/\/portaltela.pt\/noticias\/2026\/01\/30\/entidade-orcamental-divulga-sintese-de-execucao-ate-dezembro\/\"},\"author\":{\"name\":\"Telinha\",\"@id\":\"https:\/\/portaltela.pt\/#\/schema\/person\/c4278d4a6028830caff9ee44b42d32ed\"},\"headline\":\"Entidade Or\u00e7amental divulga s\u00edntese de execu\u00e7\u00e3o at\u00e9 dezembro\",\"datePublished\":\"2026-01-30T06:34:00+00:00\",\"mainEntityOfPage\":{\"@id\":\"https:\/\/portaltela.pt\/noticias\/2026\/01\/30\/entidade-orcamental-divulga-sintese-de-execucao-ate-dezembro\/\"},\"wordCount\":76,\"image\":{\"@id\":\"https:\/\/portaltela.pt\/noticias\/2026\/01\/30\/entidade-orcamental-divulga-sintese-de-execucao-ate-dezembro\/#primaryimage\"},\"thumbnailUrl\":\"https:\/\/portaltela.pt\/s.01k8rhncp4jt1\/2026\/01\/CACHE_780X1200_ANALOG_WATERMARKED_18969632_1844827_30032019013615.jpg\",\"keywords\":[\"economia\",\"finan\u00e7as p\u00fablicas\",\"gest\u00e3o\",\"Or\u00e7amento Participativo\",\"Or\u00e7amento\/Territ\u00f3rio\"],\"articleSection\":[\"Economia\",\"Not\u00edcias\"],\"inLanguage\":\"pt-PT\"},{\"@type\":\"WebPage\",\"@id\":\"https:\/\/portaltela.pt\/noticias\/2026\/01\/30\/entidade-orcamental-divulga-sintese-de-execucao-ate-dezembro\/\",\"url\":\"https:\/\/portaltela.pt\/noticias\/2026\/01\/30\/entidade-orcamental-divulga-sintese-de-execucao-ate-dezembro\/\",\"name\":\"Entidade Or\u00e7amental divulga s\u00edntese de execu\u00e7\u00e3o at\u00e9 dezembro - Portal Tela Portugal\",\"isPartOf\":{\"@id\":\"https:\/\/portaltela.pt\/#website\"},\"primaryImageOfPage\":{\"@id\":\"https:\/\/portaltela.pt\/noticias\/2026\/01\/30\/entidade-orcamental-divulga-sintese-de-execucao-ate-dezembro\/#primaryimage\"},\"image\":{\"@id\":\"https:\/\/portaltela.pt\/noticias\/2026\/01\/30\/entidade-orcamental-divulga-sintese-de-execucao-ate-dezembro\/#primaryimage\"},\"thumbnailUrl\":\"https:\/\/portaltela.pt\/s.01k8rhncp4jt1\/2026\/01\/CACHE_780X1200_ANALOG_WATERMARKED_18969632_1844827_30032019013615.jpg\",\"datePublished\":\"2026-01-30T06:34:00+00:00\",\"author\":{\"@id\":\"https:\/\/portaltela.pt\/#\/schema\/person\/c4278d4a6028830caff9ee44b42d32ed\"},\"breadcrumb\":{\"@id\":\"https:\/\/portaltela.pt\/noticias\/2026\/01\/30\/entidade-orcamental-divulga-sintese-de-execucao-ate-dezembro\/#breadcrumb\"},\"inLanguage\":\"pt-PT\",\"potentialAction\":[{\"@type\":\"ReadAction\",\"target\":[\"https:\/\/portaltela.pt\/noticias\/2026\/01\/30\/entidade-orcamental-divulga-sintese-de-execucao-ate-dezembro\/\"]}]},{\"@type\":\"ImageObject\",\"inLanguage\":\"pt-PT\",\"@id\":\"https:\/\/portaltela.pt\/noticias\/2026\/01\/30\/entidade-orcamental-divulga-sintese-de-execucao-ate-dezembro\/#primaryimage\",\"url\":\"https:\/\/portaltela.pt\/s.01k8rhncp4jt1\/2026\/01\/CACHE_780X1200_ANALOG_WATERMARKED_18969632_1844827_30032019013615.jpg\",\"contentUrl\":\"https:\/\/portaltela.pt\/s.01k8rhncp4jt1\/2026\/01\/CACHE_780X1200_ANALOG_WATERMARKED_18969632_1844827_30032019013615.jpg\",\"width\":768,\"height\":533,\"caption\":\"Entidade Or\u00e7amental divulga hoje s\u00edntese de execu\u00e7\u00e3o at\u00e9 dezembro\"},{\"@type\":\"BreadcrumbList\",\"@id\":\"https:\/\/portaltela.pt\/noticias\/2026\/01\/30\/entidade-orcamental-divulga-sintese-de-execucao-ate-dezembro\/#breadcrumb\",\"itemListElement\":[{\"@type\":\"ListItem\",\"position\":1,\"name\":\"In\u00edcio\",\"item\":\"https:\/\/portaltela.pt\/\"},{\"@type\":\"ListItem\",\"position\":2,\"name\":\"Entidade Or\u00e7amental divulga s\u00edntese de execu\u00e7\u00e3o at\u00e9 dezembro\"}]},{\"@type\":\"WebSite\",\"@id\":\"https:\/\/portaltela.pt\/#website\",\"url\":\"https:\/\/portaltela.pt\/\",\"name\":\"Portal Tela Portugal\",\"description\":\"\",\"potentialAction\":[{\"@type\":\"SearchAction\",\"target\":{\"@type\":\"EntryPoint\",\"urlTemplate\":\"https:\/\/portaltela.pt\/?s={search_term_string}\"},\"query-input\":{\"@type\":\"PropertyValueSpecification\",\"valueRequired\":true,\"valueName\":\"search_term_string\"}}],\"inLanguage\":\"pt-PT\"},{\"@type\":\"Person\",\"@id\":\"https:\/\/portaltela.pt\/#\/schema\/person\/c4278d4a6028830caff9ee44b42d32ed\",\"name\":\"Telinha\",\"image\":{\"@type\":\"ImageObject\",\"inLanguage\":\"pt-PT\",\"@id\":\"https:\/\/portaltela.pt\/s.01k8rhncp4jt1\/2025\/11\/talking-bot-125x125.png\",\"url\":\"https:\/\/portaltela.pt\/s.01k8rhncp4jt1\/2025\/11\/talking-bot-125x125.png\",\"contentUrl\":\"https:\/\/portaltela.pt\/s.01k8rhncp4jt1\/2025\/11\/talking-bot-125x125.png\",\"caption\":\"Telinha\"},\"sameAs\":[\"https:\/\/portaltela.pt\/\"],\"url\":\"https:\/\/portaltela.pt\/por\/367410592786\/\"}]}<\/script>\n<!-- \/ Yoast SEO plugin. -->","yoast_head_json":{"title":"Entidade Or\u00e7amental divulga s\u00edntese de execu\u00e7\u00e3o at\u00e9 dezembro - Portal Tela Portugal","robots":{"index":"index","follow":"follow","max-snippet":"max-snippet:-1","max-image-preview":"max-image-preview:large","max-video-preview":"max-video-preview:-1"},"og_locale":"pt_PT","og_type":"article","og_title":"Entidade Or\u00e7amental divulga s\u00edntese de execu\u00e7\u00e3o at\u00e9 dezembro - Portal Tela Portugal","og_description":"A Entidade Or\u00e7amental divulga hoje uma s\u00edntese de execu\u00e7\u00e3o at\u00e9 dezembro. O conte\u00fado completo est\u00e1 dispon\u00edvel apenas para subscritores. A s\u00edntese resume dados de execu\u00e7\u00e3o or\u00e7amental at\u00e9 dezembro. A publica\u00e7\u00e3o n\u00e3o disponibiliza detalhes adicionais para o p\u00fablico em geral.","og_url":"https:\/\/portaltela.pt\/noticias\/2026\/01\/30\/entidade-orcamental-divulga-sintese-de-execucao-ate-dezembro\/","og_site_name":"Portal Tela Portugal","article_published_time":"2026-01-30T06:34:00+00:00","author":"Telinha","twitter_card":"summary_large_image","twitter_misc":{"Escrito por":"Telinha"},"schema":{"@context":"https:\/\/schema.org","@graph":[{"@type":"Article","@id":"https:\/\/portaltela.pt\/noticias\/2026\/01\/30\/entidade-orcamental-divulga-sintese-de-execucao-ate-dezembro\/#article","isPartOf":{"@id":"https:\/\/portaltela.pt\/noticias\/2026\/01\/30\/entidade-orcamental-divulga-sintese-de-execucao-ate-dezembro\/"},"author":{"name":"Telinha","@id":"https:\/\/portaltela.pt\/#\/schema\/person\/c4278d4a6028830caff9ee44b42d32ed"},"headline":"Entidade Or\u00e7amental divulga s\u00edntese de execu\u00e7\u00e3o at\u00e9 dezembro","datePublished":"2026-01-30T06:34:00+00:00","mainEntityOfPage":{"@id":"https:\/\/portaltela.pt\/noticias\/2026\/01\/30\/entidade-orcamental-divulga-sintese-de-execucao-ate-dezembro\/"},"wordCount":76,"image":{"@id":"https:\/\/portaltela.pt\/noticias\/2026\/01\/30\/entidade-orcamental-divulga-sintese-de-execucao-ate-dezembro\/#primaryimage"},"thumbnailUrl":"https:\/\/portaltela.pt\/s.01k8rhncp4jt1\/2026\/01\/CACHE_780X1200_ANALOG_WATERMARKED_18969632_1844827_30032019013615.jpg","keywords":["economia","finan\u00e7as p\u00fablicas","gest\u00e3o","Or\u00e7amento Participativo","Or\u00e7amento\/Territ\u00f3rio"],"articleSection":["Economia","Not\u00edcias"],"inLanguage":"pt-PT"},{"@type":"WebPage","@id":"https:\/\/portaltela.pt\/noticias\/2026\/01\/30\/entidade-orcamental-divulga-sintese-de-execucao-ate-dezembro\/","url":"https:\/\/portaltela.pt\/noticias\/2026\/01\/30\/entidade-orcamental-divulga-sintese-de-execucao-ate-dezembro\/","name":"Entidade Or\u00e7amental divulga s\u00edntese de execu\u00e7\u00e3o at\u00e9 dezembro - Portal Tela Portugal","isPartOf":{"@id":"https:\/\/portaltela.pt\/#website"},"primaryImageOfPage":{"@id":"https:\/\/portaltela.pt\/noticias\/2026\/01\/30\/entidade-orcamental-divulga-sintese-de-execucao-ate-dezembro\/#primaryimage"},"image":{"@id":"https:\/\/portaltela.pt\/noticias\/2026\/01\/30\/entidade-orcamental-divulga-sintese-de-execucao-ate-dezembro\/#primaryimage"},"thumbnailUrl":"https:\/\/portaltela.pt\/s.01k8rhncp4jt1\/2026\/01\/CACHE_780X1200_ANALOG_WATERMARKED_18969632_1844827_30032019013615.jpg","datePublished":"2026-01-30T06:34:00+00:00","author":{"@id":"https:\/\/portaltela.pt\/#\/schema\/person\/c4278d4a6028830caff9ee44b42d32ed"},"breadcrumb":{"@id":"https:\/\/portaltela.pt\/noticias\/2026\/01\/30\/entidade-orcamental-divulga-sintese-de-execucao-ate-dezembro\/#breadcrumb"},"inLanguage":"pt-PT","potentialAction":[{"@type":"ReadAction","target":["https:\/\/portaltela.pt\/noticias\/2026\/01\/30\/entidade-orcamental-divulga-sintese-de-execucao-ate-dezembro\/"]}]},{"@type":"ImageObject","inLanguage":"pt-PT","@id":"https:\/\/portaltela.pt\/noticias\/2026\/01\/30\/entidade-orcamental-divulga-sintese-de-execucao-ate-dezembro\/#primaryimage","url":"https:\/\/portaltela.pt\/s.01k8rhncp4jt1\/2026\/01\/CACHE_780X1200_ANALOG_WATERMARKED_18969632_1844827_30032019013615.jpg","contentUrl":"https:\/\/portaltela.pt\/s.01k8rhncp4jt1\/2026\/01\/CACHE_780X1200_ANALOG_WATERMARKED_18969632_1844827_30032019013615.jpg","width":768,"height":533,"caption":"Entidade Or\u00e7amental divulga hoje s\u00edntese de execu\u00e7\u00e3o at\u00e9 dezembro"},{"@type":"BreadcrumbList","@id":"https:\/\/portaltela.pt\/noticias\/2026\/01\/30\/entidade-orcamental-divulga-sintese-de-execucao-ate-dezembro\/#breadcrumb","itemListElement":[{"@type":"ListItem","position":1,"name":"In\u00edcio","item":"https:\/\/portaltela.pt\/"},{"@type":"ListItem","position":2,"name":"Entidade Or\u00e7amental divulga s\u00edntese de execu\u00e7\u00e3o at\u00e9 dezembro"}]},{"@type":"WebSite","@id":"https:\/\/portaltela.pt\/#website","url":"https:\/\/portaltela.pt\/","name":"Portal Tela Portugal","description":"","potentialAction":[{"@type":"SearchAction","target":{"@type":"EntryPoint","urlTemplate":"https:\/\/portaltela.pt\/?s={search_term_string}"},"query-input":{"@type":"PropertyValueSpecification","valueRequired":true,"valueName":"search_term_string"}}],"inLanguage":"pt-PT"},{"@type":"Person","@id":"https:\/\/portaltela.pt\/#\/schema\/person\/c4278d4a6028830caff9ee44b42d32ed","name":"Telinha","image":{"@type":"ImageObject","inLanguage":"pt-PT","@id":"https:\/\/portaltela.pt\/s.01k8rhncp4jt1\/2025\/11\/talking-bot-125x125.png","url":"https:\/\/portaltela.pt\/s.01k8rhncp4jt1\/2025\/11\/talking-bot-125x125.png","contentUrl":"https:\/\/portaltela.pt\/s.01k8rhncp4jt1\/2025\/11\/talking-bot-125x125.png","caption":"Telinha"},"sameAs":["https:\/\/portaltela.pt\/"],"url":"https:\/\/portaltela.pt\/por\/367410592786\/"}]}},"_links":{"self":[{"href":"https:\/\/portaltela.pt\/api\/wp\/v2\/posts\/183282","targetHints":{"allow":["GET"]}}],"collection":[{"href":"https:\/\/portaltela.pt\/api\/wp\/v2\/posts"}],"about":[{"href":"https:\/\/portaltela.pt\/api\/wp\/v2\/types\/post"}],"author":[{"embeddable":true,"href":"https:\/\/portaltela.pt\/api\/wp\/v2\/users\/2"}],"replies":[{"embeddable":true,"href":"https:\/\/portaltela.pt\/api\/wp\/v2\/comments?post=183282"}],"version-history":[{"count":0,"href":"https:\/\/portaltela.pt\/api\/wp\/v2\/posts\/183282\/revisions"}],"wp:featuredmedia":[{"embeddable":true,"href":"https:\/\/portaltela.pt\/api\/wp\/v2\/media\/183285"}],"wp:attachment":[{"href":"https:\/\/portaltela.pt\/api\/wp\/v2\/media?parent=183282"}],"wp:term":[{"taxonomy":"category","embeddable":true,"href":"https:\/\/portaltela.pt\/api\/wp\/v2\/categories?post=183282"},{"taxonomy":"post_tag","embeddable":true,"href":"https:\/\/portaltela.pt\/api\/wp\/v2\/tags?post=183282"}],"curies":[{"name":"wp","href":"https:\/\/api.w.org\/{rel}","templated":true}]}}