{"id":183266,"date":"2026-01-30T05:30:00","date_gmt":"2026-01-30T08:30:00","guid":{"rendered":"https:\/\/portaltela.pt\/noticias\/2026\/01\/30\/prisao-preventiva-para-suspeito-evadido-por-violencia-domestica\/"},"modified":"2026-01-30T05:30:00","modified_gmt":"2026-01-30T08:30:00","slug":"prisao-preventiva-para-suspeito-evadido-por-violencia-domestica","status":"publish","type":"post","link":"https:\/\/portaltela.pt\/noticias\/2026\/01\/30\/prisao-preventiva-para-suspeito-evadido-por-violencia-domestica\/","title":{"rendered":"Pris\u00e3o preventiva para suspeito evadido por viol\u00eancia dom\u00e9stica"},"content":{"rendered":"<p>Um homem de 40 anos ficou em pris\u00e3o preventiva por suspeita de viol\u00eancia dom\u00e9stica, dano qualificado, evas\u00e3o, amea\u00e7as e deten\u00e7\u00e3o de arma proibida, no concelho de Vila Franca de Xira, segundo a PSP.<\/p>\n<p>O crime ter\u00e1 ocorrido junto da resid\u00eancia da v\u00edtima, durante um desentendimento motivado por ci\u00fames, onde o suspeito alegadamente agrediu a companheira \u00e0 porta da casa.<\/p>\n<p>Segundo a PSP, o homem efetuou quatro disparos com arma de fogo quando foi confrontado pelo pai da v\u00edtima; um disparo atingiu uma janela da habita\u00e7\u00e3o, antes de ele fugir.<\/p>\n<p>A nota aponta que o suspeito j\u00e1 estava sob obriga\u00e7\u00e3o de perman\u00eancia na habita\u00e7\u00e3o com vigil\u00e2ncia eletr\u00f3nica, em outro processo de viol\u00eancia dom\u00e9stica. Foi localizado numa unidade hospitalar, detido e apresentado a autoridade judici\u00e1ria, que decretou a pris\u00e3o preventiva.<\/p>\n","protected":false},"excerpt":{"rendered":"<ul>\n<li>Um homem de 40 anos ficou em pris\u00e3o preventiva por viol\u00eancia dom\u00e9stica, dano qualificado, evas\u00e3o, amea\u00e7as e deten\u00e7\u00e3o de arma proibida, no concelho de Vila Franca de Xira.<\/li>\n<li>A PSP afirmou que o suspeito agrediu a companheira \u00e0 porta da resid\u00eancia, ap\u00f3s desentendimento motivado por ci\u00fames.<\/li>\n<li>O mesmo ter\u00e1 efectuado quatro disparos com uma arma de fogo ao ser confrontado pelo pai da v\u00edtima, atingindo uma janela da habita\u00e7\u00e3o, antes de fugir.<\/li>\n<li>O homem j\u00e1 estava sujeito \u00e0 obriga\u00e7\u00e3o de perman\u00eancia na habita\u00e7\u00e3o com vigil\u00e2ncia eletr\u00f3nica, no \u00e2mbito de outro processo de viol\u00eancia dom\u00e9stica.<\/li>\n<li>Foi localizado numa unidade hospitalar, detido e ficou sujeito \u00e0 medida de coa\u00e7\u00e3o de pris\u00e3o preventiva pela autoridade judici\u00e1ria.<\/li>\n<\/ul>\n","protected":false},"author":2,"featured_media":183267,"comment_status":"closed","ping_status":"closed","sticky":false,"template":"","format":"standard","meta":{"footnotes":""},"categories":[1],"tags":[124,1445,838,4784,250,214],"class_list":["post-183266","post","type-post","status-publish","format-standard","has-post-thumbnail","hentry","category-noticias","tag-arma-de-fogo","tag-dano-qualificado","tag-detencao-de-arma-proibida","tag-evasao","tag-seguranca-publica","tag-violencia-domestica"],"yoast_head":"<!-- This site is optimized with the Yoast SEO plugin v27.2 - https:\/\/yoast.com\/product\/yoast-seo-wordpress\/ -->\n<title>Pris\u00e3o preventiva para suspeito evadido por viol\u00eancia dom\u00e9stica - Portal Tela Portugal<\/title>\n<meta name=\"robots\" content=\"index, follow, max-snippet:-1, max-image-preview:large, max-video-preview:-1\" \/>\n<meta property=\"og:locale\" content=\"pt_PT\" \/>\n<meta property=\"og:type\" content=\"article\" \/>\n<meta property=\"og:title\" content=\"Pris\u00e3o preventiva para suspeito evadido por viol\u00eancia dom\u00e9stica - Portal Tela Portugal\" \/>\n<meta property=\"og:description\" content=\"Um homem de 40 anos ficou em pris\u00e3o preventiva por viol\u00eancia dom\u00e9stica, dano qualificado, evas\u00e3o, amea\u00e7as e deten\u00e7\u00e3o de arma proibida, no concelho de Vila Franca de Xira. A PSP afirmou que o suspeito agrediu a companheira \u00e0 porta da resid\u00eancia, ap\u00f3s desentendimento motivado por ci\u00fames. O mesmo ter\u00e1 efectuado quatro disparos com uma arma de fogo ao ser confrontado pelo pai da v\u00edtima, atingindo uma janela da habita\u00e7\u00e3o, antes de fugir. O homem j\u00e1 estava sujeito \u00e0 obriga\u00e7\u00e3o de perman\u00eancia na habita\u00e7\u00e3o com vigil\u00e2ncia eletr\u00f3nica, no \u00e2mbito de outro processo de viol\u00eancia dom\u00e9stica. Foi localizado numa unidade hospitalar, detido e ficou sujeito \u00e0 medida de coa\u00e7\u00e3o de pris\u00e3o preventiva pela autoridade judici\u00e1ria.\" \/>\n<meta property=\"og:url\" content=\"https:\/\/portaltela.pt\/noticias\/2026\/01\/30\/prisao-preventiva-para-suspeito-evadido-por-violencia-domestica\/\" \/>\n<meta property=\"og:site_name\" content=\"Portal Tela Portugal\" \/>\n<meta property=\"article:published_time\" content=\"2026-01-30T08:30:00+00:00\" \/>\n<meta name=\"author\" content=\"Telinha\" \/>\n<meta name=\"twitter:card\" content=\"summary_large_image\" \/>\n<meta name=\"twitter:label1\" content=\"Escrito por\" \/>\n\t<meta name=\"twitter:data1\" content=\"Telinha\" \/>\n\t<meta name=\"twitter:label2\" content=\"Tempo estimado de leitura\" \/>\n\t<meta name=\"twitter:data2\" content=\"1 minuto\" \/>\n<script type=\"application\/ld+json\" class=\"yoast-schema-graph\">{\"@context\":\"https:\/\/schema.org\",\"@graph\":[{\"@type\":\"Article\",\"@id\":\"https:\/\/portaltela.pt\/noticias\/2026\/01\/30\/prisao-preventiva-para-suspeito-evadido-por-violencia-domestica\/#article\",\"isPartOf\":{\"@id\":\"https:\/\/portaltela.pt\/noticias\/2026\/01\/30\/prisao-preventiva-para-suspeito-evadido-por-violencia-domestica\/\"},\"author\":{\"name\":\"Telinha\",\"@id\":\"https:\/\/portaltela.pt\/#\/schema\/person\/c4278d4a6028830caff9ee44b42d32ed\"},\"headline\":\"Pris\u00e3o preventiva para suspeito evadido por viol\u00eancia dom\u00e9stica\",\"datePublished\":\"2026-01-30T08:30:00+00:00\",\"mainEntityOfPage\":{\"@id\":\"https:\/\/portaltela.pt\/noticias\/2026\/01\/30\/prisao-preventiva-para-suspeito-evadido-por-violencia-domestica\/\"},\"wordCount\":157,\"image\":{\"@id\":\"https:\/\/portaltela.pt\/noticias\/2026\/01\/30\/prisao-preventiva-para-suspeito-evadido-por-violencia-domestica\/#primaryimage\"},\"thumbnailUrl\":\"https:\/\/portaltela.pt\/s.01k8rhncp4jt1\/2026\/01\/PSP_Detencao.jpg\",\"keywords\":[\"arma de fogo\",\"dano qualificado\",\"deten\u00e7\u00e3o de arma proibida\",\"evas\u00e3o\",\"seguran\u00e7a p\u00fablica\",\"viol\u00eancia dom\u00e9stica\"],\"articleSection\":[\"Not\u00edcias\"],\"inLanguage\":\"pt-PT\"},{\"@type\":\"WebPage\",\"@id\":\"https:\/\/portaltela.pt\/noticias\/2026\/01\/30\/prisao-preventiva-para-suspeito-evadido-por-violencia-domestica\/\",\"url\":\"https:\/\/portaltela.pt\/noticias\/2026\/01\/30\/prisao-preventiva-para-suspeito-evadido-por-violencia-domestica\/\",\"name\":\"Pris\u00e3o preventiva para suspeito evadido por viol\u00eancia dom\u00e9stica - Portal Tela Portugal\",\"isPartOf\":{\"@id\":\"https:\/\/portaltela.pt\/#website\"},\"primaryImageOfPage\":{\"@id\":\"https:\/\/portaltela.pt\/noticias\/2026\/01\/30\/prisao-preventiva-para-suspeito-evadido-por-violencia-domestica\/#primaryimage\"},\"image\":{\"@id\":\"https:\/\/portaltela.pt\/noticias\/2026\/01\/30\/prisao-preventiva-para-suspeito-evadido-por-violencia-domestica\/#primaryimage\"},\"thumbnailUrl\":\"https:\/\/portaltela.pt\/s.01k8rhncp4jt1\/2026\/01\/PSP_Detencao.jpg\",\"datePublished\":\"2026-01-30T08:30:00+00:00\",\"author\":{\"@id\":\"https:\/\/portaltela.pt\/#\/schema\/person\/c4278d4a6028830caff9ee44b42d32ed\"},\"breadcrumb\":{\"@id\":\"https:\/\/portaltela.pt\/noticias\/2026\/01\/30\/prisao-preventiva-para-suspeito-evadido-por-violencia-domestica\/#breadcrumb\"},\"inLanguage\":\"pt-PT\",\"potentialAction\":[{\"@type\":\"ReadAction\",\"target\":[\"https:\/\/portaltela.pt\/noticias\/2026\/01\/30\/prisao-preventiva-para-suspeito-evadido-por-violencia-domestica\/\"]}]},{\"@type\":\"ImageObject\",\"inLanguage\":\"pt-PT\",\"@id\":\"https:\/\/portaltela.pt\/noticias\/2026\/01\/30\/prisao-preventiva-para-suspeito-evadido-por-violencia-domestica\/#primaryimage\",\"url\":\"https:\/\/portaltela.pt\/s.01k8rhncp4jt1\/2026\/01\/PSP_Detencao.jpg\",\"contentUrl\":\"https:\/\/portaltela.pt\/s.01k8rhncp4jt1\/2026\/01\/PSP_Detencao.jpg\",\"width\":796,\"height\":448,\"caption\":\"Suspeito de viol\u00eancia dom\u00e9stica detido em Vila Franca de Xira\"},{\"@type\":\"BreadcrumbList\",\"@id\":\"https:\/\/portaltela.pt\/noticias\/2026\/01\/30\/prisao-preventiva-para-suspeito-evadido-por-violencia-domestica\/#breadcrumb\",\"itemListElement\":[{\"@type\":\"ListItem\",\"position\":1,\"name\":\"In\u00edcio\",\"item\":\"https:\/\/portaltela.pt\/\"},{\"@type\":\"ListItem\",\"position\":2,\"name\":\"Pris\u00e3o preventiva para suspeito evadido por viol\u00eancia dom\u00e9stica\"}]},{\"@type\":\"WebSite\",\"@id\":\"https:\/\/portaltela.pt\/#website\",\"url\":\"https:\/\/portaltela.pt\/\",\"name\":\"Portal Tela Portugal\",\"description\":\"\",\"potentialAction\":[{\"@type\":\"SearchAction\",\"target\":{\"@type\":\"EntryPoint\",\"urlTemplate\":\"https:\/\/portaltela.pt\/?s={search_term_string}\"},\"query-input\":{\"@type\":\"PropertyValueSpecification\",\"valueRequired\":true,\"valueName\":\"search_term_string\"}}],\"inLanguage\":\"pt-PT\"},{\"@type\":\"Person\",\"@id\":\"https:\/\/portaltela.pt\/#\/schema\/person\/c4278d4a6028830caff9ee44b42d32ed\",\"name\":\"Telinha\",\"image\":{\"@type\":\"ImageObject\",\"inLanguage\":\"pt-PT\",\"@id\":\"https:\/\/portaltela.pt\/s.01k8rhncp4jt1\/2025\/11\/talking-bot-125x125.png\",\"url\":\"https:\/\/portaltela.pt\/s.01k8rhncp4jt1\/2025\/11\/talking-bot-125x125.png\",\"contentUrl\":\"https:\/\/portaltela.pt\/s.01k8rhncp4jt1\/2025\/11\/talking-bot-125x125.png\",\"caption\":\"Telinha\"},\"sameAs\":[\"https:\/\/portaltela.pt\/\"],\"url\":\"https:\/\/portaltela.pt\/por\/367410592786\/\"}]}<\/script>\n<!-- \/ Yoast SEO plugin. -->","yoast_head_json":{"title":"Pris\u00e3o preventiva para suspeito evadido por viol\u00eancia dom\u00e9stica - Portal Tela Portugal","robots":{"index":"index","follow":"follow","max-snippet":"max-snippet:-1","max-image-preview":"max-image-preview:large","max-video-preview":"max-video-preview:-1"},"og_locale":"pt_PT","og_type":"article","og_title":"Pris\u00e3o preventiva para suspeito evadido por viol\u00eancia dom\u00e9stica - Portal Tela Portugal","og_description":"Um homem de 40 anos ficou em pris\u00e3o preventiva por viol\u00eancia dom\u00e9stica, dano qualificado, evas\u00e3o, amea\u00e7as e deten\u00e7\u00e3o de arma proibida, no concelho de Vila Franca de Xira. A PSP afirmou que o suspeito agrediu a companheira \u00e0 porta da resid\u00eancia, ap\u00f3s desentendimento motivado por ci\u00fames. O mesmo ter\u00e1 efectuado quatro disparos com uma arma de fogo ao ser confrontado pelo pai da v\u00edtima, atingindo uma janela da habita\u00e7\u00e3o, antes de fugir. O homem j\u00e1 estava sujeito \u00e0 obriga\u00e7\u00e3o de perman\u00eancia na habita\u00e7\u00e3o com vigil\u00e2ncia eletr\u00f3nica, no \u00e2mbito de outro processo de viol\u00eancia dom\u00e9stica. Foi localizado numa unidade hospitalar, detido e ficou sujeito \u00e0 medida de coa\u00e7\u00e3o de pris\u00e3o preventiva pela autoridade judici\u00e1ria.","og_url":"https:\/\/portaltela.pt\/noticias\/2026\/01\/30\/prisao-preventiva-para-suspeito-evadido-por-violencia-domestica\/","og_site_name":"Portal Tela Portugal","article_published_time":"2026-01-30T08:30:00+00:00","author":"Telinha","twitter_card":"summary_large_image","twitter_misc":{"Escrito por":"Telinha","Tempo estimado de leitura":"1 minuto"},"schema":{"@context":"https:\/\/schema.org","@graph":[{"@type":"Article","@id":"https:\/\/portaltela.pt\/noticias\/2026\/01\/30\/prisao-preventiva-para-suspeito-evadido-por-violencia-domestica\/#article","isPartOf":{"@id":"https:\/\/portaltela.pt\/noticias\/2026\/01\/30\/prisao-preventiva-para-suspeito-evadido-por-violencia-domestica\/"},"author":{"name":"Telinha","@id":"https:\/\/portaltela.pt\/#\/schema\/person\/c4278d4a6028830caff9ee44b42d32ed"},"headline":"Pris\u00e3o preventiva para suspeito evadido por viol\u00eancia dom\u00e9stica","datePublished":"2026-01-30T08:30:00+00:00","mainEntityOfPage":{"@id":"https:\/\/portaltela.pt\/noticias\/2026\/01\/30\/prisao-preventiva-para-suspeito-evadido-por-violencia-domestica\/"},"wordCount":157,"image":{"@id":"https:\/\/portaltela.pt\/noticias\/2026\/01\/30\/prisao-preventiva-para-suspeito-evadido-por-violencia-domestica\/#primaryimage"},"thumbnailUrl":"https:\/\/portaltela.pt\/s.01k8rhncp4jt1\/2026\/01\/PSP_Detencao.jpg","keywords":["arma de fogo","dano qualificado","deten\u00e7\u00e3o de arma proibida","evas\u00e3o","seguran\u00e7a p\u00fablica","viol\u00eancia dom\u00e9stica"],"articleSection":["Not\u00edcias"],"inLanguage":"pt-PT"},{"@type":"WebPage","@id":"https:\/\/portaltela.pt\/noticias\/2026\/01\/30\/prisao-preventiva-para-suspeito-evadido-por-violencia-domestica\/","url":"https:\/\/portaltela.pt\/noticias\/2026\/01\/30\/prisao-preventiva-para-suspeito-evadido-por-violencia-domestica\/","name":"Pris\u00e3o preventiva para suspeito evadido por viol\u00eancia dom\u00e9stica - Portal Tela Portugal","isPartOf":{"@id":"https:\/\/portaltela.pt\/#website"},"primaryImageOfPage":{"@id":"https:\/\/portaltela.pt\/noticias\/2026\/01\/30\/prisao-preventiva-para-suspeito-evadido-por-violencia-domestica\/#primaryimage"},"image":{"@id":"https:\/\/portaltela.pt\/noticias\/2026\/01\/30\/prisao-preventiva-para-suspeito-evadido-por-violencia-domestica\/#primaryimage"},"thumbnailUrl":"https:\/\/portaltela.pt\/s.01k8rhncp4jt1\/2026\/01\/PSP_Detencao.jpg","datePublished":"2026-01-30T08:30:00+00:00","author":{"@id":"https:\/\/portaltela.pt\/#\/schema\/person\/c4278d4a6028830caff9ee44b42d32ed"},"breadcrumb":{"@id":"https:\/\/portaltela.pt\/noticias\/2026\/01\/30\/prisao-preventiva-para-suspeito-evadido-por-violencia-domestica\/#breadcrumb"},"inLanguage":"pt-PT","potentialAction":[{"@type":"ReadAction","target":["https:\/\/portaltela.pt\/noticias\/2026\/01\/30\/prisao-preventiva-para-suspeito-evadido-por-violencia-domestica\/"]}]},{"@type":"ImageObject","inLanguage":"pt-PT","@id":"https:\/\/portaltela.pt\/noticias\/2026\/01\/30\/prisao-preventiva-para-suspeito-evadido-por-violencia-domestica\/#primaryimage","url":"https:\/\/portaltela.pt\/s.01k8rhncp4jt1\/2026\/01\/PSP_Detencao.jpg","contentUrl":"https:\/\/portaltela.pt\/s.01k8rhncp4jt1\/2026\/01\/PSP_Detencao.jpg","width":796,"height":448,"caption":"Suspeito de viol\u00eancia dom\u00e9stica detido em Vila Franca de Xira"},{"@type":"BreadcrumbList","@id":"https:\/\/portaltela.pt\/noticias\/2026\/01\/30\/prisao-preventiva-para-suspeito-evadido-por-violencia-domestica\/#breadcrumb","itemListElement":[{"@type":"ListItem","position":1,"name":"In\u00edcio","item":"https:\/\/portaltela.pt\/"},{"@type":"ListItem","position":2,"name":"Pris\u00e3o preventiva para suspeito evadido por viol\u00eancia dom\u00e9stica"}]},{"@type":"WebSite","@id":"https:\/\/portaltela.pt\/#website","url":"https:\/\/portaltela.pt\/","name":"Portal Tela Portugal","description":"","potentialAction":[{"@type":"SearchAction","target":{"@type":"EntryPoint","urlTemplate":"https:\/\/portaltela.pt\/?s={search_term_string}"},"query-input":{"@type":"PropertyValueSpecification","valueRequired":true,"valueName":"search_term_string"}}],"inLanguage":"pt-PT"},{"@type":"Person","@id":"https:\/\/portaltela.pt\/#\/schema\/person\/c4278d4a6028830caff9ee44b42d32ed","name":"Telinha","image":{"@type":"ImageObject","inLanguage":"pt-PT","@id":"https:\/\/portaltela.pt\/s.01k8rhncp4jt1\/2025\/11\/talking-bot-125x125.png","url":"https:\/\/portaltela.pt\/s.01k8rhncp4jt1\/2025\/11\/talking-bot-125x125.png","contentUrl":"https:\/\/portaltela.pt\/s.01k8rhncp4jt1\/2025\/11\/talking-bot-125x125.png","caption":"Telinha"},"sameAs":["https:\/\/portaltela.pt\/"],"url":"https:\/\/portaltela.pt\/por\/367410592786\/"}]}},"_links":{"self":[{"href":"https:\/\/portaltela.pt\/api\/wp\/v2\/posts\/183266","targetHints":{"allow":["GET"]}}],"collection":[{"href":"https:\/\/portaltela.pt\/api\/wp\/v2\/posts"}],"about":[{"href":"https:\/\/portaltela.pt\/api\/wp\/v2\/types\/post"}],"author":[{"embeddable":true,"href":"https:\/\/portaltela.pt\/api\/wp\/v2\/users\/2"}],"replies":[{"embeddable":true,"href":"https:\/\/portaltela.pt\/api\/wp\/v2\/comments?post=183266"}],"version-history":[{"count":0,"href":"https:\/\/portaltela.pt\/api\/wp\/v2\/posts\/183266\/revisions"}],"wp:featuredmedia":[{"embeddable":true,"href":"https:\/\/portaltela.pt\/api\/wp\/v2\/media\/183267"}],"wp:attachment":[{"href":"https:\/\/portaltela.pt\/api\/wp\/v2\/media?parent=183266"}],"wp:term":[{"taxonomy":"category","embeddable":true,"href":"https:\/\/portaltela.pt\/api\/wp\/v2\/categories?post=183266"},{"taxonomy":"post_tag","embeddable":true,"href":"https:\/\/portaltela.pt\/api\/wp\/v2\/tags?post=183266"}],"curies":[{"name":"wp","href":"https:\/\/api.w.org\/{rel}","templated":true}]}}