{"id":183223,"date":"2026-01-30T04:43:00","date_gmt":"2026-01-30T07:43:00","guid":{"rendered":"https:\/\/portaltela.pt\/noticias\/2026\/01\/30\/meu-1-o-caso-como-psicologa-forense-foi-o-estripador-de-lisboa\/"},"modified":"2026-01-30T04:43:00","modified_gmt":"2026-01-30T07:43:00","slug":"meu-1-o-caso-como-psicologa-forense-foi-o-estripador-de-lisboa","status":"publish","type":"post","link":"https:\/\/portaltela.pt\/noticias\/politica\/2026\/01\/30\/meu-1-o-caso-como-psicologa-forense-foi-o-estripador-de-lisboa\/","title":{"rendered":"Meu 1.\u00ba caso como psic\u00f3loga forense foi o Estripador de Lisboa"},"content":{"rendered":"<p>O epis\u00f3dio de hoje do podcast Aqui H\u00e1 Crime apresenta Cristina Soeiro, psic\u00f3loga forense e criminal da Pol\u00edcia Judici\u00e1ria, e Lu\u00eds Cardoso, m\u00e9dico especialista em Medicina Legal no Instituto Nacional de Medicina Legal e Ci\u00eancias Forenses. O programa analisa o que leva algu\u00e9m a cometer homic\u00eddio e como um cad\u00e1ver pode conter pistas cruciais para identificar um culpado. A conversa \u00e9 conduzida por J\u00falia Pinheiro e Marta Gon\u00e7alves.<\/p>\n<p>Antes de discutir casos, os especialistas destacam a import\u00e2ncia da observa\u00e7\u00e3o minuciosa do cad\u00e1ver. Cardoso explica que cada vest\u00edgio pode contribuir para determinar a causa da morte ou revelar o agressor, num momento \u00fanico. A aut\u00f3psia envolve a an\u00e1lise da roupa, objetos e descri\u00e7\u00e3o detalhada do corpo, seguida de uma limpeza para observar les\u00f5es.<\/p>\n<p>Dados oficiais ajudam a contextualizar o fen\u00f3meno. O Relat\u00f3rio Anual de Seguran\u00e7a Interna de 2023 registou 89 homic\u00eddios num universo de mais de 350 mil participa\u00e7\u00f5es criminais, com cerca de 90 mil den\u00fancias envolvendo pessoas. Em 26% dos casos houve viol\u00eancia dom\u00e9stica.<\/p>\n<h3>Entrevistados<\/h3>\n<p>Cristina Soeiro, com mais de 30 anos no servi\u00e7o p\u00fablico, \u00e9 doutorada em psicologia da Justi\u00e7a pela Universidade do Minho e dirige o gabinete de Psicologia e Sele\u00e7\u00e3o do Instituto de Pol\u00edcia Judici\u00e1ria e Ci\u00eancias Criminais. Lu\u00eds Cardoso atua na unidade de Patologia Forense e coordena a per\u00edcia no Centro do Instituto.<\/p>\n<h3>Em suma<\/h3>\n<p>Este \u00e9 o terceiro epis\u00f3dio de Aqui H\u00e1 Crime, produzido pela SIC, com J\u00falia Pinheiro na apresenta\u00e7\u00e3o e Marta Gon\u00e7alves na entrevista e narra\u00e7\u00e3o. A banda sonora e a sonoplastia s\u00e3o de Jo\u00e3o Lu\u00eds Amorim, a capa de Tiago Pereira Santos e a fotografia de Jos\u00e9 Fonseca Fernandes. A s\u00e9rie \u00e9 coordenada por Joana Beleza, sob a dire\u00e7\u00e3o de Daniel Oliveira.<\/p>\n<p>A hora do crime continua toda sexta-feira, nos sites da SIC, SIC Not\u00edcias e Expresso, bem como nas plataformas de podcasts.<\/p>\n","protected":false},"excerpt":{"rendered":"<ul>\n<li>O terceiro epis\u00f3dio do podcast Aqui H\u00e1 Crime tem como convidados a psic\u00f3loga forense Cristina Soeiro e o m\u00e9dico Lu\u00eds Cardoso, especialistas em Medicina Legal, discutindo o que leva algu\u00e9m a matar e como um cad\u00e1ver pode revelar pistas.<\/li>\n<li>A conversa enfatiza a observa\u00e7\u00e3o do cad\u00e1ver como in\u00edcio de qualquer investiga\u00e7\u00e3o, incluindo exame da roupa e itens, limpeza e avalia\u00e7\u00e3o sistem\u00e1tica da pele para identificar les\u00f5es.<\/li>\n<li>Dados do Relat\u00f3rio Anual de Seguran\u00e7a Interna mostram, no ano passado, 89 homic\u00eddios entre mais de 350 mil participa\u00e7\u00f5es criminais, com 26% (23) ocorridos em contexto de viol\u00eancia dom\u00e9stica.<\/li>\n<li>Cardoso destaca que a viol\u00eancia violenta associada a homic\u00eddios costuma acontecer em contextos de proximidade, e Soeiro afirma que o amor n\u00e3o est\u00e1 ligado a homic\u00eddios.<\/li>\n<li>O epis\u00f3dio \u00e9 conduzido por J\u00falia Pinheiro e organizado por Marta Gon\u00e7alves, com produ\u00e7\u00e3o, entrevistas e narra\u00e7\u00e3o da equipa do programa; a s\u00e9rie \u00e9 divulgada \u00e0s sextas-feiras nos sites da SIC, SIC Not\u00edcias e Expresso.<\/li>\n<\/ul>\n","protected":false},"author":2,"featured_media":183234,"comment_status":"closed","ping_status":"closed","sticky":false,"template":"","format":"standard","meta":{"footnotes":""},"categories":[1,5],"tags":[1345,215,217,4783,1802,2249],"class_list":["post-183223","post","type-post","status-publish","format-standard","has-post-thumbnail","hentry","category-noticias","category-politica","tag-homicidio","tag-investigacao","tag-investigacao-criminal","tag-patologia-forense","tag-policia-judiciaria","tag-psicologia"],"yoast_head":"<!-- This site is optimized with the Yoast SEO plugin v27.2 - https:\/\/yoast.com\/product\/yoast-seo-wordpress\/ -->\n<title>Meu 1.\u00ba caso como psic\u00f3loga forense foi o Estripador de Lisboa - Portal Tela Portugal<\/title>\n<meta name=\"robots\" content=\"index, follow, max-snippet:-1, max-image-preview:large, max-video-preview:-1\" \/>\n<meta property=\"og:locale\" content=\"pt_PT\" \/>\n<meta property=\"og:type\" content=\"article\" \/>\n<meta property=\"og:title\" content=\"Meu 1.\u00ba caso como psic\u00f3loga forense foi o Estripador de Lisboa - Portal Tela Portugal\" \/>\n<meta property=\"og:description\" content=\"O terceiro epis\u00f3dio do podcast Aqui H\u00e1 Crime tem como convidados a psic\u00f3loga forense Cristina Soeiro e o m\u00e9dico Lu\u00eds Cardoso, especialistas em Medicina Legal, discutindo o que leva algu\u00e9m a matar e como um cad\u00e1ver pode revelar pistas. A conversa enfatiza a observa\u00e7\u00e3o do cad\u00e1ver como in\u00edcio de qualquer investiga\u00e7\u00e3o, incluindo exame da roupa e itens, limpeza e avalia\u00e7\u00e3o sistem\u00e1tica da pele para identificar les\u00f5es. Dados do Relat\u00f3rio Anual de Seguran\u00e7a Interna mostram, no ano passado, 89 homic\u00eddios entre mais de 350 mil participa\u00e7\u00f5es criminais, com 26% (23) ocorridos em contexto de viol\u00eancia dom\u00e9stica. Cardoso destaca que a viol\u00eancia violenta associada a homic\u00eddios costuma acontecer em contextos de proximidade, e Soeiro afirma que o amor n\u00e3o est\u00e1 ligado a homic\u00eddios. O epis\u00f3dio \u00e9 conduzido por J\u00falia Pinheiro e organizado por Marta Gon\u00e7alves, com produ\u00e7\u00e3o, entrevistas e narra\u00e7\u00e3o da equipa do programa; a s\u00e9rie \u00e9 divulgada \u00e0s sextas-feiras nos sites da SIC, SIC Not\u00edcias e Expresso.\" \/>\n<meta property=\"og:url\" content=\"https:\/\/portaltela.pt\/noticias\/2026\/01\/30\/meu-1-o-caso-como-psicologa-forense-foi-o-estripador-de-lisboa\/\" \/>\n<meta property=\"og:site_name\" content=\"Portal Tela Portugal\" \/>\n<meta property=\"article:published_time\" content=\"2026-01-30T07:43:00+00:00\" \/>\n<meta name=\"author\" content=\"Telinha\" \/>\n<meta name=\"twitter:card\" content=\"summary_large_image\" \/>\n<meta name=\"twitter:label1\" content=\"Escrito por\" \/>\n\t<meta name=\"twitter:data1\" content=\"Telinha\" \/>\n\t<meta name=\"twitter:label2\" content=\"Tempo estimado de leitura\" \/>\n\t<meta name=\"twitter:data2\" content=\"2 minutos\" \/>\n<script type=\"application\/ld+json\" class=\"yoast-schema-graph\">{\"@context\":\"https:\/\/schema.org\",\"@graph\":[{\"@type\":\"Article\",\"@id\":\"https:\/\/portaltela.pt\/noticias\/2026\/01\/30\/meu-1-o-caso-como-psicologa-forense-foi-o-estripador-de-lisboa\/#article\",\"isPartOf\":{\"@id\":\"https:\/\/portaltela.pt\/noticias\/2026\/01\/30\/meu-1-o-caso-como-psicologa-forense-foi-o-estripador-de-lisboa\/\"},\"author\":{\"name\":\"Telinha\",\"@id\":\"https:\/\/portaltela.pt\/#\/schema\/person\/c4278d4a6028830caff9ee44b42d32ed\"},\"headline\":\"Meu 1.\u00ba caso como psic\u00f3loga forense foi o Estripador de Lisboa\",\"datePublished\":\"2026-01-30T07:43:00+00:00\",\"mainEntityOfPage\":{\"@id\":\"https:\/\/portaltela.pt\/noticias\/2026\/01\/30\/meu-1-o-caso-como-psicologa-forense-foi-o-estripador-de-lisboa\/\"},\"wordCount\":350,\"image\":{\"@id\":\"https:\/\/portaltela.pt\/noticias\/2026\/01\/30\/meu-1-o-caso-como-psicologa-forense-foi-o-estripador-de-lisboa\/#primaryimage\"},\"thumbnailUrl\":\"https:\/\/portaltela.pt\/s.01k8rhncp4jt1\/2026\/01\/unnamed-file-6004.jpg\",\"keywords\":[\"homic\u00eddio\",\"investiga\u00e7\u00e3o\",\"investiga\u00e7\u00e3o criminal\",\"Patologia Forense\",\"Pol\u00edcia Judici\u00e1ria\",\"psicologia\"],\"articleSection\":[\"Not\u00edcias\",\"Pol\u00edtica\"],\"inLanguage\":\"pt-PT\"},{\"@type\":\"WebPage\",\"@id\":\"https:\/\/portaltela.pt\/noticias\/2026\/01\/30\/meu-1-o-caso-como-psicologa-forense-foi-o-estripador-de-lisboa\/\",\"url\":\"https:\/\/portaltela.pt\/noticias\/2026\/01\/30\/meu-1-o-caso-como-psicologa-forense-foi-o-estripador-de-lisboa\/\",\"name\":\"Meu 1.\u00ba caso como psic\u00f3loga forense foi o Estripador de Lisboa - Portal Tela Portugal\",\"isPartOf\":{\"@id\":\"https:\/\/portaltela.pt\/#website\"},\"primaryImageOfPage\":{\"@id\":\"https:\/\/portaltela.pt\/noticias\/2026\/01\/30\/meu-1-o-caso-como-psicologa-forense-foi-o-estripador-de-lisboa\/#primaryimage\"},\"image\":{\"@id\":\"https:\/\/portaltela.pt\/noticias\/2026\/01\/30\/meu-1-o-caso-como-psicologa-forense-foi-o-estripador-de-lisboa\/#primaryimage\"},\"thumbnailUrl\":\"https:\/\/portaltela.pt\/s.01k8rhncp4jt1\/2026\/01\/unnamed-file-6004.jpg\",\"datePublished\":\"2026-01-30T07:43:00+00:00\",\"author\":{\"@id\":\"https:\/\/portaltela.pt\/#\/schema\/person\/c4278d4a6028830caff9ee44b42d32ed\"},\"breadcrumb\":{\"@id\":\"https:\/\/portaltela.pt\/noticias\/2026\/01\/30\/meu-1-o-caso-como-psicologa-forense-foi-o-estripador-de-lisboa\/#breadcrumb\"},\"inLanguage\":\"pt-PT\",\"potentialAction\":[{\"@type\":\"ReadAction\",\"target\":[\"https:\/\/portaltela.pt\/noticias\/2026\/01\/30\/meu-1-o-caso-como-psicologa-forense-foi-o-estripador-de-lisboa\/\"]}]},{\"@type\":\"ImageObject\",\"inLanguage\":\"pt-PT\",\"@id\":\"https:\/\/portaltela.pt\/noticias\/2026\/01\/30\/meu-1-o-caso-como-psicologa-forense-foi-o-estripador-de-lisboa\/#primaryimage\",\"url\":\"https:\/\/portaltela.pt\/s.01k8rhncp4jt1\/2026\/01\/unnamed-file-6004.jpg\",\"contentUrl\":\"https:\/\/portaltela.pt\/s.01k8rhncp4jt1\/2026\/01\/unnamed-file-6004.jpg\",\"width\":796,\"height\":448,\"caption\":\"SIC estreia \u201cAqui H\u00e1 Crime\u201d, podcast narrativo de J\u00falia Pinheiro sobre os casos que marcaram Portugal\"},{\"@type\":\"BreadcrumbList\",\"@id\":\"https:\/\/portaltela.pt\/noticias\/2026\/01\/30\/meu-1-o-caso-como-psicologa-forense-foi-o-estripador-de-lisboa\/#breadcrumb\",\"itemListElement\":[{\"@type\":\"ListItem\",\"position\":1,\"name\":\"In\u00edcio\",\"item\":\"https:\/\/portaltela.pt\/\"},{\"@type\":\"ListItem\",\"position\":2,\"name\":\"Meu 1.\u00ba caso como psic\u00f3loga forense foi o Estripador de Lisboa\"}]},{\"@type\":\"WebSite\",\"@id\":\"https:\/\/portaltela.pt\/#website\",\"url\":\"https:\/\/portaltela.pt\/\",\"name\":\"Portal Tela Portugal\",\"description\":\"\",\"potentialAction\":[{\"@type\":\"SearchAction\",\"target\":{\"@type\":\"EntryPoint\",\"urlTemplate\":\"https:\/\/portaltela.pt\/?s={search_term_string}\"},\"query-input\":{\"@type\":\"PropertyValueSpecification\",\"valueRequired\":true,\"valueName\":\"search_term_string\"}}],\"inLanguage\":\"pt-PT\"},{\"@type\":\"Person\",\"@id\":\"https:\/\/portaltela.pt\/#\/schema\/person\/c4278d4a6028830caff9ee44b42d32ed\",\"name\":\"Telinha\",\"image\":{\"@type\":\"ImageObject\",\"inLanguage\":\"pt-PT\",\"@id\":\"https:\/\/portaltela.pt\/s.01k8rhncp4jt1\/2025\/11\/talking-bot-125x125.png\",\"url\":\"https:\/\/portaltela.pt\/s.01k8rhncp4jt1\/2025\/11\/talking-bot-125x125.png\",\"contentUrl\":\"https:\/\/portaltela.pt\/s.01k8rhncp4jt1\/2025\/11\/talking-bot-125x125.png\",\"caption\":\"Telinha\"},\"sameAs\":[\"https:\/\/portaltela.pt\/\"],\"url\":\"https:\/\/portaltela.pt\/por\/367410592786\/\"}]}<\/script>\n<!-- \/ Yoast SEO plugin. -->","yoast_head_json":{"title":"Meu 1.\u00ba caso como psic\u00f3loga forense foi o Estripador de Lisboa - Portal Tela Portugal","robots":{"index":"index","follow":"follow","max-snippet":"max-snippet:-1","max-image-preview":"max-image-preview:large","max-video-preview":"max-video-preview:-1"},"og_locale":"pt_PT","og_type":"article","og_title":"Meu 1.\u00ba caso como psic\u00f3loga forense foi o Estripador de Lisboa - Portal Tela Portugal","og_description":"O terceiro epis\u00f3dio do podcast Aqui H\u00e1 Crime tem como convidados a psic\u00f3loga forense Cristina Soeiro e o m\u00e9dico Lu\u00eds Cardoso, especialistas em Medicina Legal, discutindo o que leva algu\u00e9m a matar e como um cad\u00e1ver pode revelar pistas. A conversa enfatiza a observa\u00e7\u00e3o do cad\u00e1ver como in\u00edcio de qualquer investiga\u00e7\u00e3o, incluindo exame da roupa e itens, limpeza e avalia\u00e7\u00e3o sistem\u00e1tica da pele para identificar les\u00f5es. Dados do Relat\u00f3rio Anual de Seguran\u00e7a Interna mostram, no ano passado, 89 homic\u00eddios entre mais de 350 mil participa\u00e7\u00f5es criminais, com 26% (23) ocorridos em contexto de viol\u00eancia dom\u00e9stica. Cardoso destaca que a viol\u00eancia violenta associada a homic\u00eddios costuma acontecer em contextos de proximidade, e Soeiro afirma que o amor n\u00e3o est\u00e1 ligado a homic\u00eddios. O epis\u00f3dio \u00e9 conduzido por J\u00falia Pinheiro e organizado por Marta Gon\u00e7alves, com produ\u00e7\u00e3o, entrevistas e narra\u00e7\u00e3o da equipa do programa; a s\u00e9rie \u00e9 divulgada \u00e0s sextas-feiras nos sites da SIC, SIC Not\u00edcias e Expresso.","og_url":"https:\/\/portaltela.pt\/noticias\/2026\/01\/30\/meu-1-o-caso-como-psicologa-forense-foi-o-estripador-de-lisboa\/","og_site_name":"Portal Tela Portugal","article_published_time":"2026-01-30T07:43:00+00:00","author":"Telinha","twitter_card":"summary_large_image","twitter_misc":{"Escrito por":"Telinha","Tempo estimado de leitura":"2 minutos"},"schema":{"@context":"https:\/\/schema.org","@graph":[{"@type":"Article","@id":"https:\/\/portaltela.pt\/noticias\/2026\/01\/30\/meu-1-o-caso-como-psicologa-forense-foi-o-estripador-de-lisboa\/#article","isPartOf":{"@id":"https:\/\/portaltela.pt\/noticias\/2026\/01\/30\/meu-1-o-caso-como-psicologa-forense-foi-o-estripador-de-lisboa\/"},"author":{"name":"Telinha","@id":"https:\/\/portaltela.pt\/#\/schema\/person\/c4278d4a6028830caff9ee44b42d32ed"},"headline":"Meu 1.\u00ba caso como psic\u00f3loga forense foi o Estripador de Lisboa","datePublished":"2026-01-30T07:43:00+00:00","mainEntityOfPage":{"@id":"https:\/\/portaltela.pt\/noticias\/2026\/01\/30\/meu-1-o-caso-como-psicologa-forense-foi-o-estripador-de-lisboa\/"},"wordCount":350,"image":{"@id":"https:\/\/portaltela.pt\/noticias\/2026\/01\/30\/meu-1-o-caso-como-psicologa-forense-foi-o-estripador-de-lisboa\/#primaryimage"},"thumbnailUrl":"https:\/\/portaltela.pt\/s.01k8rhncp4jt1\/2026\/01\/unnamed-file-6004.jpg","keywords":["homic\u00eddio","investiga\u00e7\u00e3o","investiga\u00e7\u00e3o criminal","Patologia Forense","Pol\u00edcia Judici\u00e1ria","psicologia"],"articleSection":["Not\u00edcias","Pol\u00edtica"],"inLanguage":"pt-PT"},{"@type":"WebPage","@id":"https:\/\/portaltela.pt\/noticias\/2026\/01\/30\/meu-1-o-caso-como-psicologa-forense-foi-o-estripador-de-lisboa\/","url":"https:\/\/portaltela.pt\/noticias\/2026\/01\/30\/meu-1-o-caso-como-psicologa-forense-foi-o-estripador-de-lisboa\/","name":"Meu 1.\u00ba caso como psic\u00f3loga forense foi o Estripador de Lisboa - Portal Tela Portugal","isPartOf":{"@id":"https:\/\/portaltela.pt\/#website"},"primaryImageOfPage":{"@id":"https:\/\/portaltela.pt\/noticias\/2026\/01\/30\/meu-1-o-caso-como-psicologa-forense-foi-o-estripador-de-lisboa\/#primaryimage"},"image":{"@id":"https:\/\/portaltela.pt\/noticias\/2026\/01\/30\/meu-1-o-caso-como-psicologa-forense-foi-o-estripador-de-lisboa\/#primaryimage"},"thumbnailUrl":"https:\/\/portaltela.pt\/s.01k8rhncp4jt1\/2026\/01\/unnamed-file-6004.jpg","datePublished":"2026-01-30T07:43:00+00:00","author":{"@id":"https:\/\/portaltela.pt\/#\/schema\/person\/c4278d4a6028830caff9ee44b42d32ed"},"breadcrumb":{"@id":"https:\/\/portaltela.pt\/noticias\/2026\/01\/30\/meu-1-o-caso-como-psicologa-forense-foi-o-estripador-de-lisboa\/#breadcrumb"},"inLanguage":"pt-PT","potentialAction":[{"@type":"ReadAction","target":["https:\/\/portaltela.pt\/noticias\/2026\/01\/30\/meu-1-o-caso-como-psicologa-forense-foi-o-estripador-de-lisboa\/"]}]},{"@type":"ImageObject","inLanguage":"pt-PT","@id":"https:\/\/portaltela.pt\/noticias\/2026\/01\/30\/meu-1-o-caso-como-psicologa-forense-foi-o-estripador-de-lisboa\/#primaryimage","url":"https:\/\/portaltela.pt\/s.01k8rhncp4jt1\/2026\/01\/unnamed-file-6004.jpg","contentUrl":"https:\/\/portaltela.pt\/s.01k8rhncp4jt1\/2026\/01\/unnamed-file-6004.jpg","width":796,"height":448,"caption":"SIC estreia \u201cAqui H\u00e1 Crime\u201d, podcast narrativo de J\u00falia Pinheiro sobre os casos que marcaram Portugal"},{"@type":"BreadcrumbList","@id":"https:\/\/portaltela.pt\/noticias\/2026\/01\/30\/meu-1-o-caso-como-psicologa-forense-foi-o-estripador-de-lisboa\/#breadcrumb","itemListElement":[{"@type":"ListItem","position":1,"name":"In\u00edcio","item":"https:\/\/portaltela.pt\/"},{"@type":"ListItem","position":2,"name":"Meu 1.\u00ba caso como psic\u00f3loga forense foi o Estripador de Lisboa"}]},{"@type":"WebSite","@id":"https:\/\/portaltela.pt\/#website","url":"https:\/\/portaltela.pt\/","name":"Portal Tela Portugal","description":"","potentialAction":[{"@type":"SearchAction","target":{"@type":"EntryPoint","urlTemplate":"https:\/\/portaltela.pt\/?s={search_term_string}"},"query-input":{"@type":"PropertyValueSpecification","valueRequired":true,"valueName":"search_term_string"}}],"inLanguage":"pt-PT"},{"@type":"Person","@id":"https:\/\/portaltela.pt\/#\/schema\/person\/c4278d4a6028830caff9ee44b42d32ed","name":"Telinha","image":{"@type":"ImageObject","inLanguage":"pt-PT","@id":"https:\/\/portaltela.pt\/s.01k8rhncp4jt1\/2025\/11\/talking-bot-125x125.png","url":"https:\/\/portaltela.pt\/s.01k8rhncp4jt1\/2025\/11\/talking-bot-125x125.png","contentUrl":"https:\/\/portaltela.pt\/s.01k8rhncp4jt1\/2025\/11\/talking-bot-125x125.png","caption":"Telinha"},"sameAs":["https:\/\/portaltela.pt\/"],"url":"https:\/\/portaltela.pt\/por\/367410592786\/"}]}},"_links":{"self":[{"href":"https:\/\/portaltela.pt\/api\/wp\/v2\/posts\/183223","targetHints":{"allow":["GET"]}}],"collection":[{"href":"https:\/\/portaltela.pt\/api\/wp\/v2\/posts"}],"about":[{"href":"https:\/\/portaltela.pt\/api\/wp\/v2\/types\/post"}],"author":[{"embeddable":true,"href":"https:\/\/portaltela.pt\/api\/wp\/v2\/users\/2"}],"replies":[{"embeddable":true,"href":"https:\/\/portaltela.pt\/api\/wp\/v2\/comments?post=183223"}],"version-history":[{"count":0,"href":"https:\/\/portaltela.pt\/api\/wp\/v2\/posts\/183223\/revisions"}],"wp:featuredmedia":[{"embeddable":true,"href":"https:\/\/portaltela.pt\/api\/wp\/v2\/media\/183234"}],"wp:attachment":[{"href":"https:\/\/portaltela.pt\/api\/wp\/v2\/media?parent=183223"}],"wp:term":[{"taxonomy":"category","embeddable":true,"href":"https:\/\/portaltela.pt\/api\/wp\/v2\/categories?post=183223"},{"taxonomy":"post_tag","embeddable":true,"href":"https:\/\/portaltela.pt\/api\/wp\/v2\/tags?post=183223"}],"curies":[{"name":"wp","href":"https:\/\/api.w.org\/{rel}","templated":true}]}}