{"id":183194,"date":"2026-01-30T04:15:07","date_gmt":"2026-01-30T07:15:07","guid":{"rendered":"https:\/\/portaltela.pt\/noticias\/2026\/01\/30\/razoes-sociologicas-no-combate-ao-branqueamento-de-capitais-e-web3\/"},"modified":"2026-01-30T04:15:07","modified_gmt":"2026-01-30T07:15:07","slug":"razoes-sociologicas-no-combate-ao-branqueamento-de-capitais-e-web3","status":"publish","type":"post","link":"https:\/\/portaltela.pt\/noticias\/2026\/01\/30\/razoes-sociologicas-no-combate-ao-branqueamento-de-capitais-e-web3\/","title":{"rendered":"Raz\u00f5es Sociol\u00f3gicas no Combate ao Branqueamento de Capitais e Web3"},"content":{"rendered":"<p>Nos termos deste ensaio, analisa-se como o branqueamento de capitais molda a confian\u00e7a institucional e como a Web3 e a blockchain podem contribuir para refor\u00e7ar a transpar\u00eancia. Explora-se a evolu\u00e7\u00e3o hist\u00f3rica e o enquadramento regulat\u00f3rio atual, sem perder o foco na precis\u00e3o factual.<\/p>\n<p>O artigo aborda a rela\u00e7\u00e3o entre crime econ\u00f3mico, institui\u00e7\u00f5es e sociedade, sublinhando que a luta contra o branqueamento \u00e9 tamb\u00e9m uma resposta \u00e0 eros\u00e3o de valores de legalidade. Analisa-se o papel da tecnologia na preven\u00e7\u00e3o e na gest\u00e3o de riscos.<\/p>\n<p>O texto discute, ainda, como a digitaliza\u00e7\u00e3o dos servi\u00e7os financeiros e a emerg\u00eancia de ativos digitais desafiam modelos tradicionais, sugerindo uma leitura alternativa em que a inova\u00e7\u00e3o pode apoiar a conformidade e a confian\u00e7a no sistema financeiro.<\/p>\n<h3>Fundamentos Sociol\u00f3gicos do Combate ao Branqueamento<\/h3>\n<p>O branqueamento tem ra\u00edzes hist\u00f3ricas na coopera\u00e7\u00e3o internacional contra o crime organizado e origina obriga\u00e7\u00f5es de reporte e dilig\u00eancia por parte de institui\u00e7\u00f5es financeiras. A norma global evoluiu com o tempo.<\/p>\n<p>Sociologicamente, o fen\u00f3meno representa viol\u00eancia simb\u00f3lica que distorce mercados e mina a legitimidade institucional. A normaliza\u00e7\u00e3o revela falhas sist\u00e9micas na arquitetura social e econ\u00f3mica.<\/p>\n<p>Combater o branqueamento exige promover uma cultura de legalidade e transpar\u00eancia, n\u00e3o apenas cumprir regras formais. A criminalidade econ\u00f3mica reage \u00e0s estruturas sociais existentes, explorando vulnerabilidades institucionais.<\/p>\n<h3>Limita\u00e7\u00f5es dos Modelos Tradicionais<\/h3>\n<p>Os modelos tradicionais de controlo enfrentam centraliza\u00e7\u00e3o excessiva da informa\u00e7\u00e3o e depend\u00eancia de intermedi\u00e1rios. Isto pode reduzir a efic\u00e1cia da dete\u00e7\u00e3o de risco.<\/p>\n<p>A velocidade da inova\u00e7\u00e3o financeira, com fintechs e ativos digitais, desafia a adapta\u00e7\u00e3o dos sistemas regulat\u00f3rios. A resist\u00eancia \u00e0 mudan\u00e7a \u00e9 um obst\u00e1culo a superar.<\/p>\n<p>H\u00e1 ainda uma assimetria de informa\u00e7\u00e3o entre reguladores e institui\u00e7\u00f5es, gerando custos elevados e zonas cinzentas que podem facilitar pr\u00e1ticas il\u00edcitas.<\/p>\n<h3>Web3 e Blockchain: Uma Nova Perspectiva<\/h3>\n<p>Web3 e blockchain oferecem descentraliza\u00e7\u00e3o, transpar\u00eancia e programa\u00e7\u00e3o de regras. Estas caracter\u00edsticas podem apoiar o combate ao branqueamento, desde que enquadradas com rigor.<\/p>\n<p>A imutabilidade e a rastreabilidade de registos permitem integrar regras de compliance em contratos inteligentes, fortalecendo a integridade do sistema. A confian\u00e7a pode residir na pr\u00f3pria estrutura tecnol\u00f3gica.<\/p>\n<p>A identidade digital verific\u00e1vel facilita privacidade aliada \u00e0 responsabilidade. Protocolos descentralizados de KYC e AML est\u00e3o a avan\u00e7ar para ecossistemas mais seguros e inclusivos.<\/p>\n<p>Exemplos pr\u00e1ticos j\u00e1 surgem: plataformas DeFi com verifica\u00e7\u00e3o descentralizada e redes que usam provas de conhecimento zero para privacidade sem perder conformidade.<\/p>\n<h3>Desafios \u00c9ticos e Sociot\u00e9cnicos<\/h3>\n<p>A privacidade versus transpar\u00eancia exige reflex\u00e3o \u00e9tica. A inclus\u00e3o digital n\u00e3o deve excluir ningu\u00e9m dos novos modelos. A regula\u00e7\u00e3o precisa acompanhar a complexidade dos sistemas distribu\u00eddos.<\/p>\n<p>Governan\u00e7a de redes descentralizadas \u00e9 um desafio: quem define regras e como evitar capturas por interesses privados? Modelos h\u00edbridos com colabora\u00e7\u00e3o entre reguladores, comunidades t\u00e9cnicas e institui\u00e7\u00f5es s\u00e3o explorados.<\/p>\n<h3>Perspectivas Futuras e Recomenda\u00e7\u00f5es Estrat\u00e9gicas<\/h3>\n<p>Para uma integra\u00e7\u00e3o eficaz, recomenda-se educa\u00e7\u00e3o e capacita\u00e7\u00e3o de profissionais, regula\u00e7\u00e3o adaptativa e parcerias p\u00fablico-privadas. Solu\u00e7\u00f5es descentralizadas devem testar-se em ambientes controlados.<\/p>\n<p>A inclus\u00e3o digital deve assegurar que benef\u00edcios da Web3 atinjam toda a sociedade, evitando exclus\u00f5es. A regula\u00e7\u00e3o precisa evoluir sem sufocar a inova\u00e7\u00e3o.<\/p>\n<p>Em suma, o combate ao branqueamento continua a ser uma defesa da integridade institucional e da justi\u00e7a econ\u00f3mica. A Web3 e a blockchain podem ser aliadas, desde que enquadradas com responsabilidade e curiosidade regulat\u00f3ria.<\/p>\n","protected":false},"excerpt":{"rendered":"<ul>\n<li>O branqueamento de capitais \u00e9 uma amea\u00e7a \u00e0 confian\u00e7a social e \u00e0 legitimidade institucional; historicamente, organismos como o GAFI, o FMI e o Banco Mundial estruturaram regras de reporte, dilig\u00eancia e controlo.<\/li>\n<li>Os modelos tradicionais apresentam limita\u00e7\u00f5es, como centraliza\u00e7\u00e3o de informa\u00e7\u00e3o, depend\u00eancia de intermedi\u00e1rios, burocracia e assimetria de informa\u00e7\u00e3o entre reguladores e institui\u00e7\u00f5es.<\/li>\n<li>A Web3 e a blockchain podem refor\u00e7ar a transpar\u00eancia e a conformidade via registos imut\u00e1veis, rastreabilidade de transa\u00e7\u00f5es, contratos inteligentes e identidades digitais verific\u00e1veis, incluindo abordagens descentralizadas de KYC e AML.<\/li>\n<li>Desafios \u00e9ticos e sociot\u00e9cnicos existem, sobretudo no equil\u00edbrio entre privacidade e transpar\u00eancia, inclus\u00e3o digital e governan\u00e7a de redes descentralizadas, exigindo modelos h\u00edbridos de coopera\u00e7\u00e3o entre comunidades, reguladores e empresas.<\/li>\n<li>Recomenda-se investir em educa\u00e7\u00e3o, regula\u00e7\u00e3o adaptativa, parcerias p\u00fablico-privadas e inclus\u00e3o digital para aproveitar o potencial da Web3 de forma respons\u00e1vel e eficaz.<\/li>\n<\/ul>\n","protected":false},"author":2,"featured_media":183203,"comment_status":"closed","ping_status":"closed","sticky":false,"template":"","format":"standard","meta":{"footnotes":""},"categories":[1],"tags":[4780,2251,4781,769,2377,4460],"class_list":["post-183194","post","type-post","status-publish","format-standard","has-post-thumbnail","hentry","category-noticias","tag-crime-economico","tag-criptomoedas","tag-identidade-digital-verificavel","tag-lavagem-de-capitais","tag-regulacao-internacional","tag-tecnologias-disruptivas"],"yoast_head":"<!-- This site is optimized with the Yoast SEO plugin v27.2 - https:\/\/yoast.com\/product\/yoast-seo-wordpress\/ -->\n<title>Raz\u00f5es Sociol\u00f3gicas no Combate ao Branqueamento de Capitais e Web3 - Portal Tela Portugal<\/title>\n<meta name=\"robots\" content=\"index, follow, max-snippet:-1, max-image-preview:large, max-video-preview:-1\" \/>\n<meta property=\"og:locale\" content=\"pt_PT\" \/>\n<meta property=\"og:type\" content=\"article\" \/>\n<meta property=\"og:title\" content=\"Raz\u00f5es Sociol\u00f3gicas no Combate ao Branqueamento de Capitais e Web3 - Portal Tela Portugal\" \/>\n<meta property=\"og:description\" content=\"O branqueamento de capitais \u00e9 uma amea\u00e7a \u00e0 confian\u00e7a social e \u00e0 legitimidade institucional; historicamente, organismos como o GAFI, o FMI e o Banco Mundial estruturaram regras de reporte, dilig\u00eancia e controlo. Os modelos tradicionais apresentam limita\u00e7\u00f5es, como centraliza\u00e7\u00e3o de informa\u00e7\u00e3o, depend\u00eancia de intermedi\u00e1rios, burocracia e assimetria de informa\u00e7\u00e3o entre reguladores e institui\u00e7\u00f5es. A Web3 e a blockchain podem refor\u00e7ar a transpar\u00eancia e a conformidade via registos imut\u00e1veis, rastreabilidade de transa\u00e7\u00f5es, contratos inteligentes e identidades digitais verific\u00e1veis, incluindo abordagens descentralizadas de KYC e AML. Desafios \u00e9ticos e sociot\u00e9cnicos existem, sobretudo no equil\u00edbrio entre privacidade e transpar\u00eancia, inclus\u00e3o digital e governan\u00e7a de redes descentralizadas, exigindo modelos h\u00edbridos de coopera\u00e7\u00e3o entre comunidades, reguladores e empresas. Recomenda-se investir em educa\u00e7\u00e3o, regula\u00e7\u00e3o adaptativa, parcerias p\u00fablico-privadas e inclus\u00e3o digital para aproveitar o potencial da Web3 de forma respons\u00e1vel e eficaz.\" \/>\n<meta property=\"og:url\" content=\"https:\/\/portaltela.pt\/noticias\/2026\/01\/30\/razoes-sociologicas-no-combate-ao-branqueamento-de-capitais-e-web3\/\" \/>\n<meta property=\"og:site_name\" content=\"Portal Tela Portugal\" \/>\n<meta property=\"article:published_time\" content=\"2026-01-30T07:15:07+00:00\" \/>\n<meta name=\"author\" content=\"Telinha\" \/>\n<meta name=\"twitter:card\" content=\"summary_large_image\" \/>\n<meta name=\"twitter:label1\" content=\"Escrito por\" \/>\n\t<meta name=\"twitter:data1\" content=\"Telinha\" \/>\n\t<meta name=\"twitter:label2\" content=\"Tempo estimado de leitura\" \/>\n\t<meta name=\"twitter:data2\" content=\"3 minutos\" \/>\n<script type=\"application\/ld+json\" class=\"yoast-schema-graph\">{\"@context\":\"https:\/\/schema.org\",\"@graph\":[{\"@type\":\"Article\",\"@id\":\"https:\/\/portaltela.pt\/noticias\/2026\/01\/30\/razoes-sociologicas-no-combate-ao-branqueamento-de-capitais-e-web3\/#article\",\"isPartOf\":{\"@id\":\"https:\/\/portaltela.pt\/noticias\/2026\/01\/30\/razoes-sociologicas-no-combate-ao-branqueamento-de-capitais-e-web3\/\"},\"author\":{\"name\":\"Telinha\",\"@id\":\"https:\/\/portaltela.pt\/#\/schema\/person\/c4278d4a6028830caff9ee44b42d32ed\"},\"headline\":\"Raz\u00f5es Sociol\u00f3gicas no Combate ao Branqueamento de Capitais e Web3\",\"datePublished\":\"2026-01-30T07:15:07+00:00\",\"mainEntityOfPage\":{\"@id\":\"https:\/\/portaltela.pt\/noticias\/2026\/01\/30\/razoes-sociologicas-no-combate-ao-branqueamento-de-capitais-e-web3\/\"},\"wordCount\":627,\"image\":{\"@id\":\"https:\/\/portaltela.pt\/noticias\/2026\/01\/30\/razoes-sociologicas-no-combate-ao-branqueamento-de-capitais-e-web3\/#primaryimage\"},\"thumbnailUrl\":\"https:\/\/portaltela.pt\/s.01k8rhncp4jt1\/2026\/01\/Bison3.jpg\",\"keywords\":[\"crime econ\u00f3mico\",\"criptomoedas\",\"identidade digital verific\u00e1vel\",\"lavagem de capitais\",\"regula\u00e7\u00e3o internacional\",\"tecnologias disruptivas\"],\"articleSection\":[\"Not\u00edcias\"],\"inLanguage\":\"pt-PT\"},{\"@type\":\"WebPage\",\"@id\":\"https:\/\/portaltela.pt\/noticias\/2026\/01\/30\/razoes-sociologicas-no-combate-ao-branqueamento-de-capitais-e-web3\/\",\"url\":\"https:\/\/portaltela.pt\/noticias\/2026\/01\/30\/razoes-sociologicas-no-combate-ao-branqueamento-de-capitais-e-web3\/\",\"name\":\"Raz\u00f5es Sociol\u00f3gicas no Combate ao Branqueamento de Capitais e Web3 - Portal Tela Portugal\",\"isPartOf\":{\"@id\":\"https:\/\/portaltela.pt\/#website\"},\"primaryImageOfPage\":{\"@id\":\"https:\/\/portaltela.pt\/noticias\/2026\/01\/30\/razoes-sociologicas-no-combate-ao-branqueamento-de-capitais-e-web3\/#primaryimage\"},\"image\":{\"@id\":\"https:\/\/portaltela.pt\/noticias\/2026\/01\/30\/razoes-sociologicas-no-combate-ao-branqueamento-de-capitais-e-web3\/#primaryimage\"},\"thumbnailUrl\":\"https:\/\/portaltela.pt\/s.01k8rhncp4jt1\/2026\/01\/Bison3.jpg\",\"datePublished\":\"2026-01-30T07:15:07+00:00\",\"author\":{\"@id\":\"https:\/\/portaltela.pt\/#\/schema\/person\/c4278d4a6028830caff9ee44b42d32ed\"},\"breadcrumb\":{\"@id\":\"https:\/\/portaltela.pt\/noticias\/2026\/01\/30\/razoes-sociologicas-no-combate-ao-branqueamento-de-capitais-e-web3\/#breadcrumb\"},\"inLanguage\":\"pt-PT\",\"potentialAction\":[{\"@type\":\"ReadAction\",\"target\":[\"https:\/\/portaltela.pt\/noticias\/2026\/01\/30\/razoes-sociologicas-no-combate-ao-branqueamento-de-capitais-e-web3\/\"]}]},{\"@type\":\"ImageObject\",\"inLanguage\":\"pt-PT\",\"@id\":\"https:\/\/portaltela.pt\/noticias\/2026\/01\/30\/razoes-sociologicas-no-combate-ao-branqueamento-de-capitais-e-web3\/#primaryimage\",\"url\":\"https:\/\/portaltela.pt\/s.01k8rhncp4jt1\/2026\/01\/Bison3.jpg\",\"contentUrl\":\"https:\/\/portaltela.pt\/s.01k8rhncp4jt1\/2026\/01\/Bison3.jpg\",\"width\":796,\"height\":448,\"caption\":\"Photo\"},{\"@type\":\"BreadcrumbList\",\"@id\":\"https:\/\/portaltela.pt\/noticias\/2026\/01\/30\/razoes-sociologicas-no-combate-ao-branqueamento-de-capitais-e-web3\/#breadcrumb\",\"itemListElement\":[{\"@type\":\"ListItem\",\"position\":1,\"name\":\"In\u00edcio\",\"item\":\"https:\/\/portaltela.pt\/\"},{\"@type\":\"ListItem\",\"position\":2,\"name\":\"Raz\u00f5es Sociol\u00f3gicas no Combate ao Branqueamento de Capitais e Web3\"}]},{\"@type\":\"WebSite\",\"@id\":\"https:\/\/portaltela.pt\/#website\",\"url\":\"https:\/\/portaltela.pt\/\",\"name\":\"Portal Tela Portugal\",\"description\":\"\",\"potentialAction\":[{\"@type\":\"SearchAction\",\"target\":{\"@type\":\"EntryPoint\",\"urlTemplate\":\"https:\/\/portaltela.pt\/?s={search_term_string}\"},\"query-input\":{\"@type\":\"PropertyValueSpecification\",\"valueRequired\":true,\"valueName\":\"search_term_string\"}}],\"inLanguage\":\"pt-PT\"},{\"@type\":\"Person\",\"@id\":\"https:\/\/portaltela.pt\/#\/schema\/person\/c4278d4a6028830caff9ee44b42d32ed\",\"name\":\"Telinha\",\"image\":{\"@type\":\"ImageObject\",\"inLanguage\":\"pt-PT\",\"@id\":\"https:\/\/portaltela.pt\/s.01k8rhncp4jt1\/2025\/11\/talking-bot-125x125.png\",\"url\":\"https:\/\/portaltela.pt\/s.01k8rhncp4jt1\/2025\/11\/talking-bot-125x125.png\",\"contentUrl\":\"https:\/\/portaltela.pt\/s.01k8rhncp4jt1\/2025\/11\/talking-bot-125x125.png\",\"caption\":\"Telinha\"},\"sameAs\":[\"https:\/\/portaltela.pt\/\"],\"url\":\"https:\/\/portaltela.pt\/por\/367410592786\/\"}]}<\/script>\n<!-- \/ Yoast SEO plugin. -->","yoast_head_json":{"title":"Raz\u00f5es Sociol\u00f3gicas no Combate ao Branqueamento de Capitais e Web3 - Portal Tela Portugal","robots":{"index":"index","follow":"follow","max-snippet":"max-snippet:-1","max-image-preview":"max-image-preview:large","max-video-preview":"max-video-preview:-1"},"og_locale":"pt_PT","og_type":"article","og_title":"Raz\u00f5es Sociol\u00f3gicas no Combate ao Branqueamento de Capitais e Web3 - Portal Tela Portugal","og_description":"O branqueamento de capitais \u00e9 uma amea\u00e7a \u00e0 confian\u00e7a social e \u00e0 legitimidade institucional; historicamente, organismos como o GAFI, o FMI e o Banco Mundial estruturaram regras de reporte, dilig\u00eancia e controlo. Os modelos tradicionais apresentam limita\u00e7\u00f5es, como centraliza\u00e7\u00e3o de informa\u00e7\u00e3o, depend\u00eancia de intermedi\u00e1rios, burocracia e assimetria de informa\u00e7\u00e3o entre reguladores e institui\u00e7\u00f5es. A Web3 e a blockchain podem refor\u00e7ar a transpar\u00eancia e a conformidade via registos imut\u00e1veis, rastreabilidade de transa\u00e7\u00f5es, contratos inteligentes e identidades digitais verific\u00e1veis, incluindo abordagens descentralizadas de KYC e AML. Desafios \u00e9ticos e sociot\u00e9cnicos existem, sobretudo no equil\u00edbrio entre privacidade e transpar\u00eancia, inclus\u00e3o digital e governan\u00e7a de redes descentralizadas, exigindo modelos h\u00edbridos de coopera\u00e7\u00e3o entre comunidades, reguladores e empresas. Recomenda-se investir em educa\u00e7\u00e3o, regula\u00e7\u00e3o adaptativa, parcerias p\u00fablico-privadas e inclus\u00e3o digital para aproveitar o potencial da Web3 de forma respons\u00e1vel e eficaz.","og_url":"https:\/\/portaltela.pt\/noticias\/2026\/01\/30\/razoes-sociologicas-no-combate-ao-branqueamento-de-capitais-e-web3\/","og_site_name":"Portal Tela Portugal","article_published_time":"2026-01-30T07:15:07+00:00","author":"Telinha","twitter_card":"summary_large_image","twitter_misc":{"Escrito por":"Telinha","Tempo estimado de leitura":"3 minutos"},"schema":{"@context":"https:\/\/schema.org","@graph":[{"@type":"Article","@id":"https:\/\/portaltela.pt\/noticias\/2026\/01\/30\/razoes-sociologicas-no-combate-ao-branqueamento-de-capitais-e-web3\/#article","isPartOf":{"@id":"https:\/\/portaltela.pt\/noticias\/2026\/01\/30\/razoes-sociologicas-no-combate-ao-branqueamento-de-capitais-e-web3\/"},"author":{"name":"Telinha","@id":"https:\/\/portaltela.pt\/#\/schema\/person\/c4278d4a6028830caff9ee44b42d32ed"},"headline":"Raz\u00f5es Sociol\u00f3gicas no Combate ao Branqueamento de Capitais e Web3","datePublished":"2026-01-30T07:15:07+00:00","mainEntityOfPage":{"@id":"https:\/\/portaltela.pt\/noticias\/2026\/01\/30\/razoes-sociologicas-no-combate-ao-branqueamento-de-capitais-e-web3\/"},"wordCount":627,"image":{"@id":"https:\/\/portaltela.pt\/noticias\/2026\/01\/30\/razoes-sociologicas-no-combate-ao-branqueamento-de-capitais-e-web3\/#primaryimage"},"thumbnailUrl":"https:\/\/portaltela.pt\/s.01k8rhncp4jt1\/2026\/01\/Bison3.jpg","keywords":["crime econ\u00f3mico","criptomoedas","identidade digital verific\u00e1vel","lavagem de capitais","regula\u00e7\u00e3o internacional","tecnologias disruptivas"],"articleSection":["Not\u00edcias"],"inLanguage":"pt-PT"},{"@type":"WebPage","@id":"https:\/\/portaltela.pt\/noticias\/2026\/01\/30\/razoes-sociologicas-no-combate-ao-branqueamento-de-capitais-e-web3\/","url":"https:\/\/portaltela.pt\/noticias\/2026\/01\/30\/razoes-sociologicas-no-combate-ao-branqueamento-de-capitais-e-web3\/","name":"Raz\u00f5es Sociol\u00f3gicas no Combate ao Branqueamento de Capitais e Web3 - Portal Tela Portugal","isPartOf":{"@id":"https:\/\/portaltela.pt\/#website"},"primaryImageOfPage":{"@id":"https:\/\/portaltela.pt\/noticias\/2026\/01\/30\/razoes-sociologicas-no-combate-ao-branqueamento-de-capitais-e-web3\/#primaryimage"},"image":{"@id":"https:\/\/portaltela.pt\/noticias\/2026\/01\/30\/razoes-sociologicas-no-combate-ao-branqueamento-de-capitais-e-web3\/#primaryimage"},"thumbnailUrl":"https:\/\/portaltela.pt\/s.01k8rhncp4jt1\/2026\/01\/Bison3.jpg","datePublished":"2026-01-30T07:15:07+00:00","author":{"@id":"https:\/\/portaltela.pt\/#\/schema\/person\/c4278d4a6028830caff9ee44b42d32ed"},"breadcrumb":{"@id":"https:\/\/portaltela.pt\/noticias\/2026\/01\/30\/razoes-sociologicas-no-combate-ao-branqueamento-de-capitais-e-web3\/#breadcrumb"},"inLanguage":"pt-PT","potentialAction":[{"@type":"ReadAction","target":["https:\/\/portaltela.pt\/noticias\/2026\/01\/30\/razoes-sociologicas-no-combate-ao-branqueamento-de-capitais-e-web3\/"]}]},{"@type":"ImageObject","inLanguage":"pt-PT","@id":"https:\/\/portaltela.pt\/noticias\/2026\/01\/30\/razoes-sociologicas-no-combate-ao-branqueamento-de-capitais-e-web3\/#primaryimage","url":"https:\/\/portaltela.pt\/s.01k8rhncp4jt1\/2026\/01\/Bison3.jpg","contentUrl":"https:\/\/portaltela.pt\/s.01k8rhncp4jt1\/2026\/01\/Bison3.jpg","width":796,"height":448,"caption":"Photo"},{"@type":"BreadcrumbList","@id":"https:\/\/portaltela.pt\/noticias\/2026\/01\/30\/razoes-sociologicas-no-combate-ao-branqueamento-de-capitais-e-web3\/#breadcrumb","itemListElement":[{"@type":"ListItem","position":1,"name":"In\u00edcio","item":"https:\/\/portaltela.pt\/"},{"@type":"ListItem","position":2,"name":"Raz\u00f5es Sociol\u00f3gicas no Combate ao Branqueamento de Capitais e Web3"}]},{"@type":"WebSite","@id":"https:\/\/portaltela.pt\/#website","url":"https:\/\/portaltela.pt\/","name":"Portal Tela Portugal","description":"","potentialAction":[{"@type":"SearchAction","target":{"@type":"EntryPoint","urlTemplate":"https:\/\/portaltela.pt\/?s={search_term_string}"},"query-input":{"@type":"PropertyValueSpecification","valueRequired":true,"valueName":"search_term_string"}}],"inLanguage":"pt-PT"},{"@type":"Person","@id":"https:\/\/portaltela.pt\/#\/schema\/person\/c4278d4a6028830caff9ee44b42d32ed","name":"Telinha","image":{"@type":"ImageObject","inLanguage":"pt-PT","@id":"https:\/\/portaltela.pt\/s.01k8rhncp4jt1\/2025\/11\/talking-bot-125x125.png","url":"https:\/\/portaltela.pt\/s.01k8rhncp4jt1\/2025\/11\/talking-bot-125x125.png","contentUrl":"https:\/\/portaltela.pt\/s.01k8rhncp4jt1\/2025\/11\/talking-bot-125x125.png","caption":"Telinha"},"sameAs":["https:\/\/portaltela.pt\/"],"url":"https:\/\/portaltela.pt\/por\/367410592786\/"}]}},"_links":{"self":[{"href":"https:\/\/portaltela.pt\/api\/wp\/v2\/posts\/183194","targetHints":{"allow":["GET"]}}],"collection":[{"href":"https:\/\/portaltela.pt\/api\/wp\/v2\/posts"}],"about":[{"href":"https:\/\/portaltela.pt\/api\/wp\/v2\/types\/post"}],"author":[{"embeddable":true,"href":"https:\/\/portaltela.pt\/api\/wp\/v2\/users\/2"}],"replies":[{"embeddable":true,"href":"https:\/\/portaltela.pt\/api\/wp\/v2\/comments?post=183194"}],"version-history":[{"count":0,"href":"https:\/\/portaltela.pt\/api\/wp\/v2\/posts\/183194\/revisions"}],"wp:featuredmedia":[{"embeddable":true,"href":"https:\/\/portaltela.pt\/api\/wp\/v2\/media\/183203"}],"wp:attachment":[{"href":"https:\/\/portaltela.pt\/api\/wp\/v2\/media?parent=183194"}],"wp:term":[{"taxonomy":"category","embeddable":true,"href":"https:\/\/portaltela.pt\/api\/wp\/v2\/categories?post=183194"},{"taxonomy":"post_tag","embeddable":true,"href":"https:\/\/portaltela.pt\/api\/wp\/v2\/tags?post=183194"}],"curies":[{"name":"wp","href":"https:\/\/api.w.org\/{rel}","templated":true}]}}