{"id":183193,"date":"2026-01-30T04:17:32","date_gmt":"2026-01-30T07:17:32","guid":{"rendered":"https:\/\/portaltela.pt\/noticias\/2026\/01\/30\/joao-canijo-um-dos-realizadores-portugueses-mais-premiados-da-sua-geracao\/"},"modified":"2026-01-30T04:17:32","modified_gmt":"2026-01-30T07:17:32","slug":"joao-canijo-um-dos-realizadores-portugueses-mais-premiados-da-sua-geracao","status":"publish","type":"post","link":"https:\/\/portaltela.pt\/noticias\/2026\/01\/30\/joao-canijo-um-dos-realizadores-portugueses-mais-premiados-da-sua-geracao\/","title":{"rendered":"Jo\u00e3o Canijo, um dos realizadores portugueses mais premiados da sua gera\u00e7\u00e3o"},"content":{"rendered":"<p>Jo\u00e3o Canijo, um dos realizadores portugueses mais premiados da sua gera\u00e7\u00e3o, morreu esta quinta-feira aos 68 anos, confirmou \u00e0 Lusa uma fonte da produtora Midas Films. O \u00f3bito ocorreu perto de Vila Vi\u00e7osa, no distrito de \u00c9vora, onde o cineasta tinha resid\u00eancia alternada com Lisboa. Ainda n\u00e3o foi adiantada a causa da morte. A CNN refere, no entanto, que o realizador ter\u00e1 sofrido um ataque card\u00edaco fulminante.<\/p>\n<p>Canijo encontrava-se a terminar o seu mais recente projeto, o filme Encena\u00e7\u00e3o, e tinha conclu\u00eddo h\u00e1 cerca de duas semanas as filmagens de uma pe\u00e7a de teatro associada ao seu trabalho. O an\u00fancio foi feito pela Midas Films, que acompanha a carreira do autor.<\/p>\n<p>A carreira de Canijo abrangeu mais de dez longas-metragens e tr\u00eas document\u00e1rios, com uma passagem marcante pelo cinema portugu\u00eas. J\u00e1 trabalhou como assistente de realiza\u00e7\u00e3o de cineastas como Manoel de Oliveira, Wim Wenders, Alain Tanner e Werner Schroeter.<\/p>\n<h3>Influ\u00eancia e reconhecimento internacional<\/h3>\n<p>Entre as obras mais reconhecidas destacam-se Sangue do Meu Sangue (2011), Viver Mal (2023) e Mal Viver (2023). Sangue do Meu Sangue foi exibido em mais de 50 festivais e premiado com o Pr\u00e9mio da Cr\u00edtica Internacional em San Sebasti\u00e1n e com o Grande Pr\u00e9mio do J\u00fari em Miami. O filme participou em mais de 60 festivais em todo o mundo.<\/p>\n<p>Mal Viver garantiu ao cineasta o Urso de Prata no Festival de Berlim em 2023 e foi a escolha de Portugal para a corrida ao \u00d3scar de Melhor Filme Internacional na 96.\u00aa edi\u00e7\u00e3o. O filme tamb\u00e9m arrecadou o Pr\u00e9mio de Melhor Realizador em Montevideo e o Grande Pr\u00e9mio em Las Palmas de Gran Can\u00e1ria, Espanha.<\/p>\n<p>Em Portugal, Mal Viver recebeu o Pr\u00e9mio Sophia de Melhor Realiza\u00e7\u00e3o e o filme foi eleito Melhor Filme na 13.\u00aa edi\u00e7\u00e3o dos pr\u00e9mios nacionais. Canijo venceu o Globo de Ouro de Melhor Filme por tr\u00eas ocasi\u00f5es: Noite Escura (2005), Sangue do Meu Sangue (2012) e \u00c9 o Amor (2014).<\/p>\n<h3>Dados biogr\u00e1ficos<\/h3>\n<p>Jo\u00e3o Canijo nasceu a 10 de dezembro de 1957, no Porto. Ao longo da carreira, destacou-se pela sua versatilidade como realizador e argumentista, contribuindo para a cinefilia portuguesa com uma filmografia marcada pela exig\u00eancia est\u00e9tica e pela profundidade tem\u00e1tica. Recentemente, dedicou-se a Encena\u00e7\u00e3o e \u00e0s filmagens de uma pe\u00e7a de teatro associada ao seu trabalho.<\/p>\n","protected":false},"excerpt":{"rendered":"<ul>\n<li>O realizador portugu\u00eas Jo\u00e3o Canijo morreu esta quinta-feira, aos 68 anos, perto de Vila Vi\u00e7osa, no distrito de \u00c9vora; a causa de morte n\u00e3o foi adiantada pela produtora Midas Filmes, mas a CNN referiu ataque card\u00edaco fulminante.<\/li>\n<li>Estava a terminar o filme Encena\u00e7\u00e3o e, h\u00e1 cerca de duas semanas, terminara as filmagens de uma pe\u00e7a de teatro relacionada com ele.<\/li>\n<li>Ao longo da carreira realizou mais de dez longas-metragens e tr\u00eas document\u00e1rios, tendo trabalhado como assistente de realiza\u00e7\u00e3o com cineastas como Manoel de Oliveira e Wim Wenders.<\/li>\n<li>Entre as obras mais reconhecidas est\u00e3o Sangue do Meu Sangue (2011), Viver Mal (2023) e Mal Viver (2023), com pr\u00e9mios em festivais internacionais, incluindo o Urso de Prata em Berlim e a sele\u00e7\u00e3o para o \u00d3scar de Melhor Filme Internacional.<\/li>\n<li>Nascido a 10 de dezembro de 1957, no Porto, Canijo venceu o Globo de Ouro de Melhor Filme por tr\u00eas vezes (2005, 2012 e 2014) e ficou marcado pelo cinema e pela dramaturgia.<\/li>\n<\/ul>\n","protected":false},"author":2,"featured_media":183197,"comment_status":"closed","ping_status":"closed","sticky":false,"template":"","format":"standard","meta":{"footnotes":""},"categories":[1],"tags":[1073,1009,4762,982,1014,4760],"class_list":["post-183193","post","type-post","status-publish","format-standard","has-post-thumbnail","hentry","category-noticias","tag-cinema-teatro-concertos","tag-globos-de-ouro","tag-mal-viver","tag-porto","tag-portugal","tag-urso-de-prata"],"yoast_head":"<!-- This site is optimized with the Yoast SEO plugin v27.2 - https:\/\/yoast.com\/product\/yoast-seo-wordpress\/ -->\n<title>Jo\u00e3o Canijo, um dos realizadores portugueses mais premiados da sua gera\u00e7\u00e3o - Portal Tela Portugal<\/title>\n<meta name=\"robots\" content=\"index, follow, max-snippet:-1, max-image-preview:large, max-video-preview:-1\" \/>\n<meta property=\"og:locale\" content=\"pt_PT\" \/>\n<meta property=\"og:type\" content=\"article\" \/>\n<meta property=\"og:title\" content=\"Jo\u00e3o Canijo, um dos realizadores portugueses mais premiados da sua gera\u00e7\u00e3o - Portal Tela Portugal\" \/>\n<meta property=\"og:description\" content=\"O realizador portugu\u00eas Jo\u00e3o Canijo morreu esta quinta-feira, aos 68 anos, perto de Vila Vi\u00e7osa, no distrito de \u00c9vora; a causa de morte n\u00e3o foi adiantada pela produtora Midas Filmes, mas a CNN referiu ataque card\u00edaco fulminante. Estava a terminar o filme Encena\u00e7\u00e3o e, h\u00e1 cerca de duas semanas, terminara as filmagens de uma pe\u00e7a de teatro relacionada com ele. Ao longo da carreira realizou mais de dez longas-metragens e tr\u00eas document\u00e1rios, tendo trabalhado como assistente de realiza\u00e7\u00e3o com cineastas como Manoel de Oliveira e Wim Wenders. Entre as obras mais reconhecidas est\u00e3o Sangue do Meu Sangue (2011), Viver Mal (2023) e Mal Viver (2023), com pr\u00e9mios em festivais internacionais, incluindo o Urso de Prata em Berlim e a sele\u00e7\u00e3o para o \u00d3scar de Melhor Filme Internacional. Nascido a 10 de dezembro de 1957, no Porto, Canijo venceu o Globo de Ouro de Melhor Filme por tr\u00eas vezes (2005, 2012 e 2014) e ficou marcado pelo cinema e pela dramaturgia.\" \/>\n<meta property=\"og:url\" content=\"https:\/\/portaltela.pt\/noticias\/2026\/01\/30\/joao-canijo-um-dos-realizadores-portugueses-mais-premiados-da-sua-geracao\/\" \/>\n<meta property=\"og:site_name\" content=\"Portal Tela Portugal\" \/>\n<meta property=\"article:published_time\" content=\"2026-01-30T07:17:32+00:00\" \/>\n<meta name=\"author\" content=\"Telinha\" \/>\n<meta name=\"twitter:card\" content=\"summary_large_image\" \/>\n<meta name=\"twitter:label1\" content=\"Escrito por\" \/>\n\t<meta name=\"twitter:data1\" content=\"Telinha\" \/>\n\t<meta name=\"twitter:label2\" content=\"Tempo estimado de leitura\" \/>\n\t<meta name=\"twitter:data2\" content=\"2 minutos\" \/>\n<script type=\"application\/ld+json\" class=\"yoast-schema-graph\">{\"@context\":\"https:\/\/schema.org\",\"@graph\":[{\"@type\":\"Article\",\"@id\":\"https:\/\/portaltela.pt\/noticias\/2026\/01\/30\/joao-canijo-um-dos-realizadores-portugueses-mais-premiados-da-sua-geracao\/#article\",\"isPartOf\":{\"@id\":\"https:\/\/portaltela.pt\/noticias\/2026\/01\/30\/joao-canijo-um-dos-realizadores-portugueses-mais-premiados-da-sua-geracao\/\"},\"author\":{\"name\":\"Telinha\",\"@id\":\"https:\/\/portaltela.pt\/#\/schema\/person\/c4278d4a6028830caff9ee44b42d32ed\"},\"headline\":\"Jo\u00e3o Canijo, um dos realizadores portugueses mais premiados da sua gera\u00e7\u00e3o\",\"datePublished\":\"2026-01-30T07:17:32+00:00\",\"mainEntityOfPage\":{\"@id\":\"https:\/\/portaltela.pt\/noticias\/2026\/01\/30\/joao-canijo-um-dos-realizadores-portugueses-mais-premiados-da-sua-geracao\/\"},\"wordCount\":410,\"image\":{\"@id\":\"https:\/\/portaltela.pt\/noticias\/2026\/01\/30\/joao-canijo-um-dos-realizadores-portugueses-mais-premiados-da-sua-geracao\/#primaryimage\"},\"thumbnailUrl\":\"https:\/\/portaltela.pt\/s.01k8rhncp4jt1\/2026\/01\/unnamed-file-5998.jpg\",\"keywords\":[\"cinema\/teatro\/concertos\",\"globos de ouro\",\"Mal Viver\",\"Porto\",\"Portugal\",\"Urso de Prata\"],\"articleSection\":[\"Not\u00edcias\"],\"inLanguage\":\"pt-PT\"},{\"@type\":\"WebPage\",\"@id\":\"https:\/\/portaltela.pt\/noticias\/2026\/01\/30\/joao-canijo-um-dos-realizadores-portugueses-mais-premiados-da-sua-geracao\/\",\"url\":\"https:\/\/portaltela.pt\/noticias\/2026\/01\/30\/joao-canijo-um-dos-realizadores-portugueses-mais-premiados-da-sua-geracao\/\",\"name\":\"Jo\u00e3o Canijo, um dos realizadores portugueses mais premiados da sua gera\u00e7\u00e3o - Portal Tela Portugal\",\"isPartOf\":{\"@id\":\"https:\/\/portaltela.pt\/#website\"},\"primaryImageOfPage\":{\"@id\":\"https:\/\/portaltela.pt\/noticias\/2026\/01\/30\/joao-canijo-um-dos-realizadores-portugueses-mais-premiados-da-sua-geracao\/#primaryimage\"},\"image\":{\"@id\":\"https:\/\/portaltela.pt\/noticias\/2026\/01\/30\/joao-canijo-um-dos-realizadores-portugueses-mais-premiados-da-sua-geracao\/#primaryimage\"},\"thumbnailUrl\":\"https:\/\/portaltela.pt\/s.01k8rhncp4jt1\/2026\/01\/unnamed-file-5998.jpg\",\"datePublished\":\"2026-01-30T07:17:32+00:00\",\"author\":{\"@id\":\"https:\/\/portaltela.pt\/#\/schema\/person\/c4278d4a6028830caff9ee44b42d32ed\"},\"breadcrumb\":{\"@id\":\"https:\/\/portaltela.pt\/noticias\/2026\/01\/30\/joao-canijo-um-dos-realizadores-portugueses-mais-premiados-da-sua-geracao\/#breadcrumb\"},\"inLanguage\":\"pt-PT\",\"potentialAction\":[{\"@type\":\"ReadAction\",\"target\":[\"https:\/\/portaltela.pt\/noticias\/2026\/01\/30\/joao-canijo-um-dos-realizadores-portugueses-mais-premiados-da-sua-geracao\/\"]}]},{\"@type\":\"ImageObject\",\"inLanguage\":\"pt-PT\",\"@id\":\"https:\/\/portaltela.pt\/noticias\/2026\/01\/30\/joao-canijo-um-dos-realizadores-portugueses-mais-premiados-da-sua-geracao\/#primaryimage\",\"url\":\"https:\/\/portaltela.pt\/s.01k8rhncp4jt1\/2026\/01\/unnamed-file-5998.jpg\",\"contentUrl\":\"https:\/\/portaltela.pt\/s.01k8rhncp4jt1\/2026\/01\/unnamed-file-5998.jpg\",\"width\":796,\"height\":448,\"caption\":\"Jo\u00e3o Canijo, um dos realizadores portugueses mais premiados da sua gera\u00e7\u00e3o\"},{\"@type\":\"BreadcrumbList\",\"@id\":\"https:\/\/portaltela.pt\/noticias\/2026\/01\/30\/joao-canijo-um-dos-realizadores-portugueses-mais-premiados-da-sua-geracao\/#breadcrumb\",\"itemListElement\":[{\"@type\":\"ListItem\",\"position\":1,\"name\":\"In\u00edcio\",\"item\":\"https:\/\/portaltela.pt\/\"},{\"@type\":\"ListItem\",\"position\":2,\"name\":\"Jo\u00e3o Canijo, um dos realizadores portugueses mais premiados da sua gera\u00e7\u00e3o\"}]},{\"@type\":\"WebSite\",\"@id\":\"https:\/\/portaltela.pt\/#website\",\"url\":\"https:\/\/portaltela.pt\/\",\"name\":\"Portal Tela Portugal\",\"description\":\"\",\"potentialAction\":[{\"@type\":\"SearchAction\",\"target\":{\"@type\":\"EntryPoint\",\"urlTemplate\":\"https:\/\/portaltela.pt\/?s={search_term_string}\"},\"query-input\":{\"@type\":\"PropertyValueSpecification\",\"valueRequired\":true,\"valueName\":\"search_term_string\"}}],\"inLanguage\":\"pt-PT\"},{\"@type\":\"Person\",\"@id\":\"https:\/\/portaltela.pt\/#\/schema\/person\/c4278d4a6028830caff9ee44b42d32ed\",\"name\":\"Telinha\",\"image\":{\"@type\":\"ImageObject\",\"inLanguage\":\"pt-PT\",\"@id\":\"https:\/\/portaltela.pt\/s.01k8rhncp4jt1\/2025\/11\/talking-bot-125x125.png\",\"url\":\"https:\/\/portaltela.pt\/s.01k8rhncp4jt1\/2025\/11\/talking-bot-125x125.png\",\"contentUrl\":\"https:\/\/portaltela.pt\/s.01k8rhncp4jt1\/2025\/11\/talking-bot-125x125.png\",\"caption\":\"Telinha\"},\"sameAs\":[\"https:\/\/portaltela.pt\/\"],\"url\":\"https:\/\/portaltela.pt\/por\/367410592786\/\"}]}<\/script>\n<!-- \/ Yoast SEO plugin. -->","yoast_head_json":{"title":"Jo\u00e3o Canijo, um dos realizadores portugueses mais premiados da sua gera\u00e7\u00e3o - Portal Tela Portugal","robots":{"index":"index","follow":"follow","max-snippet":"max-snippet:-1","max-image-preview":"max-image-preview:large","max-video-preview":"max-video-preview:-1"},"og_locale":"pt_PT","og_type":"article","og_title":"Jo\u00e3o Canijo, um dos realizadores portugueses mais premiados da sua gera\u00e7\u00e3o - Portal Tela Portugal","og_description":"O realizador portugu\u00eas Jo\u00e3o Canijo morreu esta quinta-feira, aos 68 anos, perto de Vila Vi\u00e7osa, no distrito de \u00c9vora; a causa de morte n\u00e3o foi adiantada pela produtora Midas Filmes, mas a CNN referiu ataque card\u00edaco fulminante. Estava a terminar o filme Encena\u00e7\u00e3o e, h\u00e1 cerca de duas semanas, terminara as filmagens de uma pe\u00e7a de teatro relacionada com ele. Ao longo da carreira realizou mais de dez longas-metragens e tr\u00eas document\u00e1rios, tendo trabalhado como assistente de realiza\u00e7\u00e3o com cineastas como Manoel de Oliveira e Wim Wenders. Entre as obras mais reconhecidas est\u00e3o Sangue do Meu Sangue (2011), Viver Mal (2023) e Mal Viver (2023), com pr\u00e9mios em festivais internacionais, incluindo o Urso de Prata em Berlim e a sele\u00e7\u00e3o para o \u00d3scar de Melhor Filme Internacional. Nascido a 10 de dezembro de 1957, no Porto, Canijo venceu o Globo de Ouro de Melhor Filme por tr\u00eas vezes (2005, 2012 e 2014) e ficou marcado pelo cinema e pela dramaturgia.","og_url":"https:\/\/portaltela.pt\/noticias\/2026\/01\/30\/joao-canijo-um-dos-realizadores-portugueses-mais-premiados-da-sua-geracao\/","og_site_name":"Portal Tela Portugal","article_published_time":"2026-01-30T07:17:32+00:00","author":"Telinha","twitter_card":"summary_large_image","twitter_misc":{"Escrito por":"Telinha","Tempo estimado de leitura":"2 minutos"},"schema":{"@context":"https:\/\/schema.org","@graph":[{"@type":"Article","@id":"https:\/\/portaltela.pt\/noticias\/2026\/01\/30\/joao-canijo-um-dos-realizadores-portugueses-mais-premiados-da-sua-geracao\/#article","isPartOf":{"@id":"https:\/\/portaltela.pt\/noticias\/2026\/01\/30\/joao-canijo-um-dos-realizadores-portugueses-mais-premiados-da-sua-geracao\/"},"author":{"name":"Telinha","@id":"https:\/\/portaltela.pt\/#\/schema\/person\/c4278d4a6028830caff9ee44b42d32ed"},"headline":"Jo\u00e3o Canijo, um dos realizadores portugueses mais premiados da sua gera\u00e7\u00e3o","datePublished":"2026-01-30T07:17:32+00:00","mainEntityOfPage":{"@id":"https:\/\/portaltela.pt\/noticias\/2026\/01\/30\/joao-canijo-um-dos-realizadores-portugueses-mais-premiados-da-sua-geracao\/"},"wordCount":410,"image":{"@id":"https:\/\/portaltela.pt\/noticias\/2026\/01\/30\/joao-canijo-um-dos-realizadores-portugueses-mais-premiados-da-sua-geracao\/#primaryimage"},"thumbnailUrl":"https:\/\/portaltela.pt\/s.01k8rhncp4jt1\/2026\/01\/unnamed-file-5998.jpg","keywords":["cinema\/teatro\/concertos","globos de ouro","Mal Viver","Porto","Portugal","Urso de Prata"],"articleSection":["Not\u00edcias"],"inLanguage":"pt-PT"},{"@type":"WebPage","@id":"https:\/\/portaltela.pt\/noticias\/2026\/01\/30\/joao-canijo-um-dos-realizadores-portugueses-mais-premiados-da-sua-geracao\/","url":"https:\/\/portaltela.pt\/noticias\/2026\/01\/30\/joao-canijo-um-dos-realizadores-portugueses-mais-premiados-da-sua-geracao\/","name":"Jo\u00e3o Canijo, um dos realizadores portugueses mais premiados da sua gera\u00e7\u00e3o - Portal Tela Portugal","isPartOf":{"@id":"https:\/\/portaltela.pt\/#website"},"primaryImageOfPage":{"@id":"https:\/\/portaltela.pt\/noticias\/2026\/01\/30\/joao-canijo-um-dos-realizadores-portugueses-mais-premiados-da-sua-geracao\/#primaryimage"},"image":{"@id":"https:\/\/portaltela.pt\/noticias\/2026\/01\/30\/joao-canijo-um-dos-realizadores-portugueses-mais-premiados-da-sua-geracao\/#primaryimage"},"thumbnailUrl":"https:\/\/portaltela.pt\/s.01k8rhncp4jt1\/2026\/01\/unnamed-file-5998.jpg","datePublished":"2026-01-30T07:17:32+00:00","author":{"@id":"https:\/\/portaltela.pt\/#\/schema\/person\/c4278d4a6028830caff9ee44b42d32ed"},"breadcrumb":{"@id":"https:\/\/portaltela.pt\/noticias\/2026\/01\/30\/joao-canijo-um-dos-realizadores-portugueses-mais-premiados-da-sua-geracao\/#breadcrumb"},"inLanguage":"pt-PT","potentialAction":[{"@type":"ReadAction","target":["https:\/\/portaltela.pt\/noticias\/2026\/01\/30\/joao-canijo-um-dos-realizadores-portugueses-mais-premiados-da-sua-geracao\/"]}]},{"@type":"ImageObject","inLanguage":"pt-PT","@id":"https:\/\/portaltela.pt\/noticias\/2026\/01\/30\/joao-canijo-um-dos-realizadores-portugueses-mais-premiados-da-sua-geracao\/#primaryimage","url":"https:\/\/portaltela.pt\/s.01k8rhncp4jt1\/2026\/01\/unnamed-file-5998.jpg","contentUrl":"https:\/\/portaltela.pt\/s.01k8rhncp4jt1\/2026\/01\/unnamed-file-5998.jpg","width":796,"height":448,"caption":"Jo\u00e3o Canijo, um dos realizadores portugueses mais premiados da sua gera\u00e7\u00e3o"},{"@type":"BreadcrumbList","@id":"https:\/\/portaltela.pt\/noticias\/2026\/01\/30\/joao-canijo-um-dos-realizadores-portugueses-mais-premiados-da-sua-geracao\/#breadcrumb","itemListElement":[{"@type":"ListItem","position":1,"name":"In\u00edcio","item":"https:\/\/portaltela.pt\/"},{"@type":"ListItem","position":2,"name":"Jo\u00e3o Canijo, um dos realizadores portugueses mais premiados da sua gera\u00e7\u00e3o"}]},{"@type":"WebSite","@id":"https:\/\/portaltela.pt\/#website","url":"https:\/\/portaltela.pt\/","name":"Portal Tela Portugal","description":"","potentialAction":[{"@type":"SearchAction","target":{"@type":"EntryPoint","urlTemplate":"https:\/\/portaltela.pt\/?s={search_term_string}"},"query-input":{"@type":"PropertyValueSpecification","valueRequired":true,"valueName":"search_term_string"}}],"inLanguage":"pt-PT"},{"@type":"Person","@id":"https:\/\/portaltela.pt\/#\/schema\/person\/c4278d4a6028830caff9ee44b42d32ed","name":"Telinha","image":{"@type":"ImageObject","inLanguage":"pt-PT","@id":"https:\/\/portaltela.pt\/s.01k8rhncp4jt1\/2025\/11\/talking-bot-125x125.png","url":"https:\/\/portaltela.pt\/s.01k8rhncp4jt1\/2025\/11\/talking-bot-125x125.png","contentUrl":"https:\/\/portaltela.pt\/s.01k8rhncp4jt1\/2025\/11\/talking-bot-125x125.png","caption":"Telinha"},"sameAs":["https:\/\/portaltela.pt\/"],"url":"https:\/\/portaltela.pt\/por\/367410592786\/"}]}},"_links":{"self":[{"href":"https:\/\/portaltela.pt\/api\/wp\/v2\/posts\/183193","targetHints":{"allow":["GET"]}}],"collection":[{"href":"https:\/\/portaltela.pt\/api\/wp\/v2\/posts"}],"about":[{"href":"https:\/\/portaltela.pt\/api\/wp\/v2\/types\/post"}],"author":[{"embeddable":true,"href":"https:\/\/portaltela.pt\/api\/wp\/v2\/users\/2"}],"replies":[{"embeddable":true,"href":"https:\/\/portaltela.pt\/api\/wp\/v2\/comments?post=183193"}],"version-history":[{"count":0,"href":"https:\/\/portaltela.pt\/api\/wp\/v2\/posts\/183193\/revisions"}],"wp:featuredmedia":[{"embeddable":true,"href":"https:\/\/portaltela.pt\/api\/wp\/v2\/media\/183197"}],"wp:attachment":[{"href":"https:\/\/portaltela.pt\/api\/wp\/v2\/media?parent=183193"}],"wp:term":[{"taxonomy":"category","embeddable":true,"href":"https:\/\/portaltela.pt\/api\/wp\/v2\/categories?post=183193"},{"taxonomy":"post_tag","embeddable":true,"href":"https:\/\/portaltela.pt\/api\/wp\/v2\/tags?post=183193"}],"curies":[{"name":"wp","href":"https:\/\/api.w.org\/{rel}","templated":true}]}}