{"id":183177,"date":"2026-01-30T04:45:00","date_gmt":"2026-01-30T07:45:00","guid":{"rendered":"https:\/\/portaltela.pt\/noticias\/2026\/01\/30\/goncalo-inacio-e-duvida-para-o-jogo-frente-ao-nacional\/"},"modified":"2026-01-30T04:45:00","modified_gmt":"2026-01-30T07:45:00","slug":"goncalo-inacio-e-duvida-para-o-jogo-frente-ao-nacional","status":"publish","type":"post","link":"https:\/\/portaltela.pt\/desporto\/futebol\/2026\/01\/30\/goncalo-inacio-e-duvida-para-o-jogo-frente-ao-nacional\/","title":{"rendered":"Gon\u00e7alo In\u00e1cio \u00e9 d\u00favida para o jogo frente ao Nacional"},"content":{"rendered":"<p>Gon\u00e7alo In\u00e1cio ser\u00e1 alvo de reavalia\u00e7\u00e3o hoje para a rece\u00e7\u00e3o ao Nacional, no domingo, \u00e0s 18h00, em Alvalade. O objetivo \u00e9 determinar se o central tem condi\u00e7\u00f5es para jogar, sem for\u00e7ar o fallo.<\/p>\n<p>O jogador, internacional portugu\u00eas de 24 anos, voltou a acompanhar o regresso de Bilbao no Hall VIP do Jos\u00e9 Alvalade, sem limita\u00e7\u00f5es vis\u00edveis. A equipa t\u00e9cnica mant\u00e9m a prud\u00eancia e pretende confirmar o estado f\u00edsico antes de decidir.<\/p>\n<p>A reavalia\u00e7\u00e3o acontece antes do jogo frente ao Nacional, marcado para o fim de semana em Lisboa. O clube pretende confirmar se In\u00e1cio pode arriscar sem comprometer o resto da \u00e9poca.<\/p>\n<p>No encontro anterior, em San Mam\u00e9s, In\u00e1cio teve de abandonar a partida na primeira parte ap\u00f3s um passe longo que o deixou com a coxa esquerda afetada. O t\u00e9cnico Rui Borges substituiu-o de imediato por Matheus.<\/p>\n<p>Apesar de n\u00e3o parecer ter haver qualquer gravidade, a situa\u00e7\u00e3o exige confirma\u00e7\u00e3o cl\u00ednica. A equipa mant\u00e9m o foco na seguran\u00e7a do jogador e na decis\u00e3o que ser\u00e1 tomada com base nos exames de hoje.<\/p>\n<h3>Estado da reavalia\u00e7\u00e3o<\/h3>\n<p>Afastando especula\u00e7\u00f5es, a reavalia\u00e7\u00e3o hoje determinar\u00e1 a disponibilidade para o encontro com o Nacional. O Sporting n\u00e3o adianta pormenores at\u00e9 a confirma\u00e7\u00e3o oficial, mantendo a comunica\u00e7\u00e3o apenas sobre fatos m\u00e9dicos.<\/p>\n","protected":false},"excerpt":{"rendered":"<ul>\n<li>Gon\u00e7alo In\u00e1cio \u00e9 d\u00favida para o jogo com o Nacional, no domingo \u00e0s 18h00, em Alvalade, estando a ser reavaliado hoje.<\/li>\n<li>O central do Sporting parece n\u00e3o ter les\u00e3o grave, tendo estado no Hall VIP do Jos\u00e9 Alvalde no regresso de Bilbau, sem limita\u00e7\u00f5es vis\u00edveis.<\/li>\n<li>A avalia\u00e7\u00e3o de hoje vai determinar se pode arriscar a jogar diante do Nacional.<\/li>\n<li>O internacional portugu\u00eas, de 24 anos, saiu na primeira parte do jogo em San Mam\u00e9s ap\u00f3s um passe longo para Maxi Ara\u00fajo que o deixou agarrado \u00e0 coxa esquerda, levando Rui Borges a entrar com Matheus.<\/li>\n<\/ul>\n","protected":false},"author":2,"featured_media":183179,"comment_status":"closed","ping_status":"closed","sticky":false,"template":"","format":"standard","meta":{"footnotes":""},"categories":[21,24],"tags":[1588,32,3068,2538,1319,1652],"class_list":["post-183177","post","type-post","status-publish","format-standard","has-post-thumbnail","hentry","category-desporto","category-futebol","tag-alvalade","tag-futebol","tag-goncalo-inacio","tag-lesoes","tag-nacional","tag-sporting"],"yoast_head":"<!-- This site is optimized with the Yoast SEO plugin v27.2 - https:\/\/yoast.com\/product\/yoast-seo-wordpress\/ -->\n<title>Gon\u00e7alo In\u00e1cio \u00e9 d\u00favida para o jogo frente ao Nacional - Portal Tela Portugal<\/title>\n<meta name=\"robots\" content=\"index, follow, max-snippet:-1, max-image-preview:large, max-video-preview:-1\" \/>\n<meta property=\"og:locale\" content=\"pt_PT\" \/>\n<meta property=\"og:type\" content=\"article\" \/>\n<meta property=\"og:title\" content=\"Gon\u00e7alo In\u00e1cio \u00e9 d\u00favida para o jogo frente ao Nacional - Portal Tela Portugal\" \/>\n<meta property=\"og:description\" content=\"Gon\u00e7alo In\u00e1cio \u00e9 d\u00favida para o jogo com o Nacional, no domingo \u00e0s 18h00, em Alvalade, estando a ser reavaliado hoje. O central do Sporting parece n\u00e3o ter les\u00e3o grave, tendo estado no Hall VIP do Jos\u00e9 Alvalde no regresso de Bilbau, sem limita\u00e7\u00f5es vis\u00edveis. A avalia\u00e7\u00e3o de hoje vai determinar se pode arriscar a jogar diante do Nacional. O internacional portugu\u00eas, de 24 anos, saiu na primeira parte do jogo em San Mam\u00e9s ap\u00f3s um passe longo para Maxi Ara\u00fajo que o deixou agarrado \u00e0 coxa esquerda, levando Rui Borges a entrar com Matheus.\" \/>\n<meta property=\"og:url\" content=\"https:\/\/portaltela.pt\/noticias\/2026\/01\/30\/goncalo-inacio-e-duvida-para-o-jogo-frente-ao-nacional\/\" \/>\n<meta property=\"og:site_name\" content=\"Portal Tela Portugal\" \/>\n<meta property=\"article:published_time\" content=\"2026-01-30T07:45:00+00:00\" \/>\n<meta name=\"author\" content=\"Telinha\" \/>\n<meta name=\"twitter:card\" content=\"summary_large_image\" \/>\n<meta name=\"twitter:label1\" content=\"Escrito por\" \/>\n\t<meta name=\"twitter:data1\" content=\"Telinha\" \/>\n\t<meta name=\"twitter:label2\" content=\"Tempo estimado de leitura\" \/>\n\t<meta name=\"twitter:data2\" content=\"1 minuto\" \/>\n<script type=\"application\/ld+json\" class=\"yoast-schema-graph\">{\"@context\":\"https:\/\/schema.org\",\"@graph\":[{\"@type\":\"Article\",\"@id\":\"https:\/\/portaltela.pt\/noticias\/2026\/01\/30\/goncalo-inacio-e-duvida-para-o-jogo-frente-ao-nacional\/#article\",\"isPartOf\":{\"@id\":\"https:\/\/portaltela.pt\/noticias\/2026\/01\/30\/goncalo-inacio-e-duvida-para-o-jogo-frente-ao-nacional\/\"},\"author\":{\"name\":\"Telinha\",\"@id\":\"https:\/\/portaltela.pt\/#\/schema\/person\/c4278d4a6028830caff9ee44b42d32ed\"},\"headline\":\"Gon\u00e7alo In\u00e1cio \u00e9 d\u00favida para o jogo frente ao Nacional\",\"datePublished\":\"2026-01-30T07:45:00+00:00\",\"mainEntityOfPage\":{\"@id\":\"https:\/\/portaltela.pt\/noticias\/2026\/01\/30\/goncalo-inacio-e-duvida-para-o-jogo-frente-ao-nacional\/\"},\"wordCount\":248,\"image\":{\"@id\":\"https:\/\/portaltela.pt\/noticias\/2026\/01\/30\/goncalo-inacio-e-duvida-para-o-jogo-frente-ao-nacional\/#primaryimage\"},\"thumbnailUrl\":\"https:\/\/portaltela.pt\/s.01k8rhncp4jt1\/2026\/01\/img_920x518uu2026-01-30-01-17-15-2418407.jpg\",\"keywords\":[\"Alvalade\",\"futebol\",\"Gon\u00e7alo In\u00e1cio\",\"les\u00f5es\",\"Nacional\",\"Sporting\"],\"articleSection\":[\"Desporto\",\"Futebol\"],\"inLanguage\":\"pt-PT\"},{\"@type\":\"WebPage\",\"@id\":\"https:\/\/portaltela.pt\/noticias\/2026\/01\/30\/goncalo-inacio-e-duvida-para-o-jogo-frente-ao-nacional\/\",\"url\":\"https:\/\/portaltela.pt\/noticias\/2026\/01\/30\/goncalo-inacio-e-duvida-para-o-jogo-frente-ao-nacional\/\",\"name\":\"Gon\u00e7alo In\u00e1cio \u00e9 d\u00favida para o jogo frente ao Nacional - Portal Tela Portugal\",\"isPartOf\":{\"@id\":\"https:\/\/portaltela.pt\/#website\"},\"primaryImageOfPage\":{\"@id\":\"https:\/\/portaltela.pt\/noticias\/2026\/01\/30\/goncalo-inacio-e-duvida-para-o-jogo-frente-ao-nacional\/#primaryimage\"},\"image\":{\"@id\":\"https:\/\/portaltela.pt\/noticias\/2026\/01\/30\/goncalo-inacio-e-duvida-para-o-jogo-frente-ao-nacional\/#primaryimage\"},\"thumbnailUrl\":\"https:\/\/portaltela.pt\/s.01k8rhncp4jt1\/2026\/01\/img_920x518uu2026-01-30-01-17-15-2418407.jpg\",\"datePublished\":\"2026-01-30T07:45:00+00:00\",\"author\":{\"@id\":\"https:\/\/portaltela.pt\/#\/schema\/person\/c4278d4a6028830caff9ee44b42d32ed\"},\"breadcrumb\":{\"@id\":\"https:\/\/portaltela.pt\/noticias\/2026\/01\/30\/goncalo-inacio-e-duvida-para-o-jogo-frente-ao-nacional\/#breadcrumb\"},\"inLanguage\":\"pt-PT\",\"potentialAction\":[{\"@type\":\"ReadAction\",\"target\":[\"https:\/\/portaltela.pt\/noticias\/2026\/01\/30\/goncalo-inacio-e-duvida-para-o-jogo-frente-ao-nacional\/\"]}]},{\"@type\":\"ImageObject\",\"inLanguage\":\"pt-PT\",\"@id\":\"https:\/\/portaltela.pt\/noticias\/2026\/01\/30\/goncalo-inacio-e-duvida-para-o-jogo-frente-ao-nacional\/#primaryimage\",\"url\":\"https:\/\/portaltela.pt\/s.01k8rhncp4jt1\/2026\/01\/img_920x518uu2026-01-30-01-17-15-2418407.jpg\",\"contentUrl\":\"https:\/\/portaltela.pt\/s.01k8rhncp4jt1\/2026\/01\/img_920x518uu2026-01-30-01-17-15-2418407.jpg\",\"width\":796,\"height\":448,\"caption\":\"Gon\u00e7alo In\u00e1cio\"},{\"@type\":\"BreadcrumbList\",\"@id\":\"https:\/\/portaltela.pt\/noticias\/2026\/01\/30\/goncalo-inacio-e-duvida-para-o-jogo-frente-ao-nacional\/#breadcrumb\",\"itemListElement\":[{\"@type\":\"ListItem\",\"position\":1,\"name\":\"In\u00edcio\",\"item\":\"https:\/\/portaltela.pt\/\"},{\"@type\":\"ListItem\",\"position\":2,\"name\":\"Gon\u00e7alo In\u00e1cio \u00e9 d\u00favida para o jogo frente ao Nacional\"}]},{\"@type\":\"WebSite\",\"@id\":\"https:\/\/portaltela.pt\/#website\",\"url\":\"https:\/\/portaltela.pt\/\",\"name\":\"Portal Tela Portugal\",\"description\":\"\",\"potentialAction\":[{\"@type\":\"SearchAction\",\"target\":{\"@type\":\"EntryPoint\",\"urlTemplate\":\"https:\/\/portaltela.pt\/?s={search_term_string}\"},\"query-input\":{\"@type\":\"PropertyValueSpecification\",\"valueRequired\":true,\"valueName\":\"search_term_string\"}}],\"inLanguage\":\"pt-PT\"},{\"@type\":\"Person\",\"@id\":\"https:\/\/portaltela.pt\/#\/schema\/person\/c4278d4a6028830caff9ee44b42d32ed\",\"name\":\"Telinha\",\"image\":{\"@type\":\"ImageObject\",\"inLanguage\":\"pt-PT\",\"@id\":\"https:\/\/portaltela.pt\/s.01k8rhncp4jt1\/2025\/11\/talking-bot-125x125.png\",\"url\":\"https:\/\/portaltela.pt\/s.01k8rhncp4jt1\/2025\/11\/talking-bot-125x125.png\",\"contentUrl\":\"https:\/\/portaltela.pt\/s.01k8rhncp4jt1\/2025\/11\/talking-bot-125x125.png\",\"caption\":\"Telinha\"},\"sameAs\":[\"https:\/\/portaltela.pt\/\"],\"url\":\"https:\/\/portaltela.pt\/por\/367410592786\/\"}]}<\/script>\n<!-- \/ Yoast SEO plugin. -->","yoast_head_json":{"title":"Gon\u00e7alo In\u00e1cio \u00e9 d\u00favida para o jogo frente ao Nacional - Portal Tela Portugal","robots":{"index":"index","follow":"follow","max-snippet":"max-snippet:-1","max-image-preview":"max-image-preview:large","max-video-preview":"max-video-preview:-1"},"og_locale":"pt_PT","og_type":"article","og_title":"Gon\u00e7alo In\u00e1cio \u00e9 d\u00favida para o jogo frente ao Nacional - Portal Tela Portugal","og_description":"Gon\u00e7alo In\u00e1cio \u00e9 d\u00favida para o jogo com o Nacional, no domingo \u00e0s 18h00, em Alvalade, estando a ser reavaliado hoje. O central do Sporting parece n\u00e3o ter les\u00e3o grave, tendo estado no Hall VIP do Jos\u00e9 Alvalde no regresso de Bilbau, sem limita\u00e7\u00f5es vis\u00edveis. A avalia\u00e7\u00e3o de hoje vai determinar se pode arriscar a jogar diante do Nacional. O internacional portugu\u00eas, de 24 anos, saiu na primeira parte do jogo em San Mam\u00e9s ap\u00f3s um passe longo para Maxi Ara\u00fajo que o deixou agarrado \u00e0 coxa esquerda, levando Rui Borges a entrar com Matheus.","og_url":"https:\/\/portaltela.pt\/noticias\/2026\/01\/30\/goncalo-inacio-e-duvida-para-o-jogo-frente-ao-nacional\/","og_site_name":"Portal Tela Portugal","article_published_time":"2026-01-30T07:45:00+00:00","author":"Telinha","twitter_card":"summary_large_image","twitter_misc":{"Escrito por":"Telinha","Tempo estimado de leitura":"1 minuto"},"schema":{"@context":"https:\/\/schema.org","@graph":[{"@type":"Article","@id":"https:\/\/portaltela.pt\/noticias\/2026\/01\/30\/goncalo-inacio-e-duvida-para-o-jogo-frente-ao-nacional\/#article","isPartOf":{"@id":"https:\/\/portaltela.pt\/noticias\/2026\/01\/30\/goncalo-inacio-e-duvida-para-o-jogo-frente-ao-nacional\/"},"author":{"name":"Telinha","@id":"https:\/\/portaltela.pt\/#\/schema\/person\/c4278d4a6028830caff9ee44b42d32ed"},"headline":"Gon\u00e7alo In\u00e1cio \u00e9 d\u00favida para o jogo frente ao Nacional","datePublished":"2026-01-30T07:45:00+00:00","mainEntityOfPage":{"@id":"https:\/\/portaltela.pt\/noticias\/2026\/01\/30\/goncalo-inacio-e-duvida-para-o-jogo-frente-ao-nacional\/"},"wordCount":248,"image":{"@id":"https:\/\/portaltela.pt\/noticias\/2026\/01\/30\/goncalo-inacio-e-duvida-para-o-jogo-frente-ao-nacional\/#primaryimage"},"thumbnailUrl":"https:\/\/portaltela.pt\/s.01k8rhncp4jt1\/2026\/01\/img_920x518uu2026-01-30-01-17-15-2418407.jpg","keywords":["Alvalade","futebol","Gon\u00e7alo In\u00e1cio","les\u00f5es","Nacional","Sporting"],"articleSection":["Desporto","Futebol"],"inLanguage":"pt-PT"},{"@type":"WebPage","@id":"https:\/\/portaltela.pt\/noticias\/2026\/01\/30\/goncalo-inacio-e-duvida-para-o-jogo-frente-ao-nacional\/","url":"https:\/\/portaltela.pt\/noticias\/2026\/01\/30\/goncalo-inacio-e-duvida-para-o-jogo-frente-ao-nacional\/","name":"Gon\u00e7alo In\u00e1cio \u00e9 d\u00favida para o jogo frente ao Nacional - Portal Tela Portugal","isPartOf":{"@id":"https:\/\/portaltela.pt\/#website"},"primaryImageOfPage":{"@id":"https:\/\/portaltela.pt\/noticias\/2026\/01\/30\/goncalo-inacio-e-duvida-para-o-jogo-frente-ao-nacional\/#primaryimage"},"image":{"@id":"https:\/\/portaltela.pt\/noticias\/2026\/01\/30\/goncalo-inacio-e-duvida-para-o-jogo-frente-ao-nacional\/#primaryimage"},"thumbnailUrl":"https:\/\/portaltela.pt\/s.01k8rhncp4jt1\/2026\/01\/img_920x518uu2026-01-30-01-17-15-2418407.jpg","datePublished":"2026-01-30T07:45:00+00:00","author":{"@id":"https:\/\/portaltela.pt\/#\/schema\/person\/c4278d4a6028830caff9ee44b42d32ed"},"breadcrumb":{"@id":"https:\/\/portaltela.pt\/noticias\/2026\/01\/30\/goncalo-inacio-e-duvida-para-o-jogo-frente-ao-nacional\/#breadcrumb"},"inLanguage":"pt-PT","potentialAction":[{"@type":"ReadAction","target":["https:\/\/portaltela.pt\/noticias\/2026\/01\/30\/goncalo-inacio-e-duvida-para-o-jogo-frente-ao-nacional\/"]}]},{"@type":"ImageObject","inLanguage":"pt-PT","@id":"https:\/\/portaltela.pt\/noticias\/2026\/01\/30\/goncalo-inacio-e-duvida-para-o-jogo-frente-ao-nacional\/#primaryimage","url":"https:\/\/portaltela.pt\/s.01k8rhncp4jt1\/2026\/01\/img_920x518uu2026-01-30-01-17-15-2418407.jpg","contentUrl":"https:\/\/portaltela.pt\/s.01k8rhncp4jt1\/2026\/01\/img_920x518uu2026-01-30-01-17-15-2418407.jpg","width":796,"height":448,"caption":"Gon\u00e7alo In\u00e1cio"},{"@type":"BreadcrumbList","@id":"https:\/\/portaltela.pt\/noticias\/2026\/01\/30\/goncalo-inacio-e-duvida-para-o-jogo-frente-ao-nacional\/#breadcrumb","itemListElement":[{"@type":"ListItem","position":1,"name":"In\u00edcio","item":"https:\/\/portaltela.pt\/"},{"@type":"ListItem","position":2,"name":"Gon\u00e7alo In\u00e1cio \u00e9 d\u00favida para o jogo frente ao Nacional"}]},{"@type":"WebSite","@id":"https:\/\/portaltela.pt\/#website","url":"https:\/\/portaltela.pt\/","name":"Portal Tela Portugal","description":"","potentialAction":[{"@type":"SearchAction","target":{"@type":"EntryPoint","urlTemplate":"https:\/\/portaltela.pt\/?s={search_term_string}"},"query-input":{"@type":"PropertyValueSpecification","valueRequired":true,"valueName":"search_term_string"}}],"inLanguage":"pt-PT"},{"@type":"Person","@id":"https:\/\/portaltela.pt\/#\/schema\/person\/c4278d4a6028830caff9ee44b42d32ed","name":"Telinha","image":{"@type":"ImageObject","inLanguage":"pt-PT","@id":"https:\/\/portaltela.pt\/s.01k8rhncp4jt1\/2025\/11\/talking-bot-125x125.png","url":"https:\/\/portaltela.pt\/s.01k8rhncp4jt1\/2025\/11\/talking-bot-125x125.png","contentUrl":"https:\/\/portaltela.pt\/s.01k8rhncp4jt1\/2025\/11\/talking-bot-125x125.png","caption":"Telinha"},"sameAs":["https:\/\/portaltela.pt\/"],"url":"https:\/\/portaltela.pt\/por\/367410592786\/"}]}},"_links":{"self":[{"href":"https:\/\/portaltela.pt\/api\/wp\/v2\/posts\/183177","targetHints":{"allow":["GET"]}}],"collection":[{"href":"https:\/\/portaltela.pt\/api\/wp\/v2\/posts"}],"about":[{"href":"https:\/\/portaltela.pt\/api\/wp\/v2\/types\/post"}],"author":[{"embeddable":true,"href":"https:\/\/portaltela.pt\/api\/wp\/v2\/users\/2"}],"replies":[{"embeddable":true,"href":"https:\/\/portaltela.pt\/api\/wp\/v2\/comments?post=183177"}],"version-history":[{"count":0,"href":"https:\/\/portaltela.pt\/api\/wp\/v2\/posts\/183177\/revisions"}],"wp:featuredmedia":[{"embeddable":true,"href":"https:\/\/portaltela.pt\/api\/wp\/v2\/media\/183179"}],"wp:attachment":[{"href":"https:\/\/portaltela.pt\/api\/wp\/v2\/media?parent=183177"}],"wp:term":[{"taxonomy":"category","embeddable":true,"href":"https:\/\/portaltela.pt\/api\/wp\/v2\/categories?post=183177"},{"taxonomy":"post_tag","embeddable":true,"href":"https:\/\/portaltela.pt\/api\/wp\/v2\/tags?post=183177"}],"curies":[{"name":"wp","href":"https:\/\/api.w.org\/{rel}","templated":true}]}}