{"id":183125,"date":"2026-01-30T03:24:00","date_gmt":"2026-01-30T06:24:00","guid":{"rendered":"https:\/\/portaltela.pt\/noticias\/2026\/01\/30\/morre-o-realizador-joao-canijo-aos-68-anos\/"},"modified":"2026-01-30T03:24:00","modified_gmt":"2026-01-30T06:24:00","slug":"morre-o-realizador-joao-canijo-aos-68-anos","status":"publish","type":"post","link":"https:\/\/portaltela.pt\/noticias\/2026\/01\/30\/morre-o-realizador-joao-canijo-aos-68-anos\/","title":{"rendered":"Morre o realizador Jo\u00e3o Canijo aos 68 anos"},"content":{"rendered":"<p>Jo\u00e3o Canijo, realizador portugu\u00eas, morreu esta quinta-feira, aos 68 anos, na sua resid\u00eancia em Vila Vi\u00e7osa. A not\u00edcia foi confirmada pela fam\u00edlia e pela equipa que acompanhava o cineasta.<\/p>\n<p>Considerado um dos nomes mais influentes da cinematografia nacional contempor\u00e2nea, Canijo recebeu reconhecimento internacional. Em 2023 ganhou o Urso de Prata \u2014 Pr\u00e9mio do J\u00fari \u2014 no Festival de Berlim com Mal Viver, e foi homenageado no Cineuropa, em Santiago de Compostela.<\/p>\n<p>Segundo a RTP, o cineasta encontrava-se a trabalhar na p\u00f3s-produ\u00e7\u00e3o de dois filmes, Encena\u00e7\u00e3o e As Ucranianas. Encena\u00e7\u00e3o conta com colaborados habituais, como Rita Blanco, Anabela Moreira, Beatriz Batarda e Miguel Guilherme.<\/p>\n<h3>In\u00edcio de carreira e obras marcantes<\/h3>\n<p>Nascido no Porto, Canijo iniciou a carreira nos anos 1980 como assistente de realiza\u00e7\u00e3o, trabalhando com nomes como Manoel de Oliveira, Paulo Rocha e Wim Wenders. Debutou-se em longas com Tr\u00eas Menos Eu (1988).<\/p>\n<p>Prosseguiu com Filha da M\u00e3e (1990) e com a s\u00e9rie televisiva Alentejo Sem Lei (1991), cimentando um percurso centrado em m\u00e9todos de prepara\u00e7\u00e3o rigorosos com os int\u00e9rpretes.<\/p>\n","protected":false},"excerpt":{"rendered":"<ul>\n<li>Morreu o cineasta Jo\u00e3o Canijo aos 68 anos na sua resid\u00eancia em Vila Vi\u00e7osa.<\/li>\n<li>Natural do Porto, \u00e9 considerado um dos nomes mais influentes do cinema portugu\u00eas contempor\u00e2neo.<\/li>\n<li>Em 2023 venceu o Urso de Prata no Festival de Berlim com Mal Viver e foi homenageado no Cineuropa.<\/li>\n<li>Na altura da morte, encontrava-se a trabalhar na p\u00f3s\u2011produ\u00e7\u00e3o de dois filmes, Encena\u00e7\u00e3o e As Ucranianas; Encena\u00e7\u00e3o contou com Rita Blanco, Anabela Moreira, Beatriz Batarda e Miguel Guilherme.<\/li>\n<li>A carreira come\u00e7ou nos anos oitenta como assistente de realiza\u00e7\u00e3o, com estreia em Tr\u00eas Menos Eu (1988), seguiu\u2011se Filha da M\u00e3e (1990) e Alentejo Sem Lei (1991).<\/li>\n<\/ul>\n","protected":false},"author":2,"featured_media":183145,"comment_status":"closed","ping_status":"closed","sticky":false,"template":"","format":"standard","meta":{"footnotes":""},"categories":[1],"tags":[1158,112,145,4775,4762,1014],"class_list":["post-183125","post","type-post","status-publish","format-standard","has-post-thumbnail","hentry","category-noticias","tag-berlim","tag-cinema","tag-cultura","tag-encenacao","tag-mal-viver","tag-portugal"],"yoast_head":"<!-- This site is optimized with the Yoast SEO plugin v27.2 - https:\/\/yoast.com\/product\/yoast-seo-wordpress\/ -->\n<title>Morre o realizador Jo\u00e3o Canijo aos 68 anos - Portal Tela Portugal<\/title>\n<meta name=\"robots\" content=\"index, follow, max-snippet:-1, max-image-preview:large, max-video-preview:-1\" \/>\n<meta property=\"og:locale\" content=\"pt_PT\" \/>\n<meta property=\"og:type\" content=\"article\" \/>\n<meta property=\"og:title\" content=\"Morre o realizador Jo\u00e3o Canijo aos 68 anos - Portal Tela Portugal\" \/>\n<meta property=\"og:description\" content=\"Morreu o cineasta Jo\u00e3o Canijo aos 68 anos na sua resid\u00eancia em Vila Vi\u00e7osa. Natural do Porto, \u00e9 considerado um dos nomes mais influentes do cinema portugu\u00eas contempor\u00e2neo. Em 2023 venceu o Urso de Prata no Festival de Berlim com Mal Viver e foi homenageado no Cineuropa. Na altura da morte, encontrava-se a trabalhar na p\u00f3s\u2011produ\u00e7\u00e3o de dois filmes, Encena\u00e7\u00e3o e As Ucranianas; Encena\u00e7\u00e3o contou com Rita Blanco, Anabela Moreira, Beatriz Batarda e Miguel Guilherme. A carreira come\u00e7ou nos anos oitenta como assistente de realiza\u00e7\u00e3o, com estreia em Tr\u00eas Menos Eu (1988), seguiu\u2011se Filha da M\u00e3e (1990) e Alentejo Sem Lei (1991).\" \/>\n<meta property=\"og:url\" content=\"https:\/\/portaltela.pt\/noticias\/2026\/01\/30\/morre-o-realizador-joao-canijo-aos-68-anos\/\" \/>\n<meta property=\"og:site_name\" content=\"Portal Tela Portugal\" \/>\n<meta property=\"article:published_time\" content=\"2026-01-30T06:24:00+00:00\" \/>\n<meta name=\"author\" content=\"Telinha\" \/>\n<meta name=\"twitter:card\" content=\"summary_large_image\" \/>\n<meta name=\"twitter:label1\" content=\"Escrito por\" \/>\n\t<meta name=\"twitter:data1\" content=\"Telinha\" \/>\n\t<meta name=\"twitter:label2\" content=\"Tempo estimado de leitura\" \/>\n\t<meta name=\"twitter:data2\" content=\"1 minuto\" \/>\n<script type=\"application\/ld+json\" class=\"yoast-schema-graph\">{\"@context\":\"https:\/\/schema.org\",\"@graph\":[{\"@type\":\"Article\",\"@id\":\"https:\/\/portaltela.pt\/noticias\/2026\/01\/30\/morre-o-realizador-joao-canijo-aos-68-anos\/#article\",\"isPartOf\":{\"@id\":\"https:\/\/portaltela.pt\/noticias\/2026\/01\/30\/morre-o-realizador-joao-canijo-aos-68-anos\/\"},\"author\":{\"name\":\"Telinha\",\"@id\":\"https:\/\/portaltela.pt\/#\/schema\/person\/c4278d4a6028830caff9ee44b42d32ed\"},\"headline\":\"Morre o realizador Jo\u00e3o Canijo aos 68 anos\",\"datePublished\":\"2026-01-30T06:24:00+00:00\",\"mainEntityOfPage\":{\"@id\":\"https:\/\/portaltela.pt\/noticias\/2026\/01\/30\/morre-o-realizador-joao-canijo-aos-68-anos\/\"},\"wordCount\":191,\"image\":{\"@id\":\"https:\/\/portaltela.pt\/noticias\/2026\/01\/30\/morre-o-realizador-joao-canijo-aos-68-anos\/#primaryimage\"},\"thumbnailUrl\":\"https:\/\/portaltela.pt\/s.01k8rhncp4jt1\/2026\/01\/unnamed-file-5993.jpg\",\"keywords\":[\"Berlim\",\"cinema\",\"cultura\",\"Encena\u00e7\u00e3o\",\"Mal Viver\",\"Portugal\"],\"articleSection\":[\"Not\u00edcias\"],\"inLanguage\":\"pt-PT\"},{\"@type\":\"WebPage\",\"@id\":\"https:\/\/portaltela.pt\/noticias\/2026\/01\/30\/morre-o-realizador-joao-canijo-aos-68-anos\/\",\"url\":\"https:\/\/portaltela.pt\/noticias\/2026\/01\/30\/morre-o-realizador-joao-canijo-aos-68-anos\/\",\"name\":\"Morre o realizador Jo\u00e3o Canijo aos 68 anos - Portal Tela Portugal\",\"isPartOf\":{\"@id\":\"https:\/\/portaltela.pt\/#website\"},\"primaryImageOfPage\":{\"@id\":\"https:\/\/portaltela.pt\/noticias\/2026\/01\/30\/morre-o-realizador-joao-canijo-aos-68-anos\/#primaryimage\"},\"image\":{\"@id\":\"https:\/\/portaltela.pt\/noticias\/2026\/01\/30\/morre-o-realizador-joao-canijo-aos-68-anos\/#primaryimage\"},\"thumbnailUrl\":\"https:\/\/portaltela.pt\/s.01k8rhncp4jt1\/2026\/01\/unnamed-file-5993.jpg\",\"datePublished\":\"2026-01-30T06:24:00+00:00\",\"author\":{\"@id\":\"https:\/\/portaltela.pt\/#\/schema\/person\/c4278d4a6028830caff9ee44b42d32ed\"},\"breadcrumb\":{\"@id\":\"https:\/\/portaltela.pt\/noticias\/2026\/01\/30\/morre-o-realizador-joao-canijo-aos-68-anos\/#breadcrumb\"},\"inLanguage\":\"pt-PT\",\"potentialAction\":[{\"@type\":\"ReadAction\",\"target\":[\"https:\/\/portaltela.pt\/noticias\/2026\/01\/30\/morre-o-realizador-joao-canijo-aos-68-anos\/\"]}]},{\"@type\":\"ImageObject\",\"inLanguage\":\"pt-PT\",\"@id\":\"https:\/\/portaltela.pt\/noticias\/2026\/01\/30\/morre-o-realizador-joao-canijo-aos-68-anos\/#primaryimage\",\"url\":\"https:\/\/portaltela.pt\/s.01k8rhncp4jt1\/2026\/01\/unnamed-file-5993.jpg\",\"contentUrl\":\"https:\/\/portaltela.pt\/s.01k8rhncp4jt1\/2026\/01\/unnamed-file-5993.jpg\",\"width\":796,\"height\":448,\"caption\":\"Morreu o realizador Jo\u00e3o Canijo aos 68 anos\"},{\"@type\":\"BreadcrumbList\",\"@id\":\"https:\/\/portaltela.pt\/noticias\/2026\/01\/30\/morre-o-realizador-joao-canijo-aos-68-anos\/#breadcrumb\",\"itemListElement\":[{\"@type\":\"ListItem\",\"position\":1,\"name\":\"In\u00edcio\",\"item\":\"https:\/\/portaltela.pt\/\"},{\"@type\":\"ListItem\",\"position\":2,\"name\":\"Morre o realizador Jo\u00e3o Canijo aos 68 anos\"}]},{\"@type\":\"WebSite\",\"@id\":\"https:\/\/portaltela.pt\/#website\",\"url\":\"https:\/\/portaltela.pt\/\",\"name\":\"Portal Tela Portugal\",\"description\":\"\",\"potentialAction\":[{\"@type\":\"SearchAction\",\"target\":{\"@type\":\"EntryPoint\",\"urlTemplate\":\"https:\/\/portaltela.pt\/?s={search_term_string}\"},\"query-input\":{\"@type\":\"PropertyValueSpecification\",\"valueRequired\":true,\"valueName\":\"search_term_string\"}}],\"inLanguage\":\"pt-PT\"},{\"@type\":\"Person\",\"@id\":\"https:\/\/portaltela.pt\/#\/schema\/person\/c4278d4a6028830caff9ee44b42d32ed\",\"name\":\"Telinha\",\"image\":{\"@type\":\"ImageObject\",\"inLanguage\":\"pt-PT\",\"@id\":\"https:\/\/portaltela.pt\/s.01k8rhncp4jt1\/2025\/11\/talking-bot-125x125.png\",\"url\":\"https:\/\/portaltela.pt\/s.01k8rhncp4jt1\/2025\/11\/talking-bot-125x125.png\",\"contentUrl\":\"https:\/\/portaltela.pt\/s.01k8rhncp4jt1\/2025\/11\/talking-bot-125x125.png\",\"caption\":\"Telinha\"},\"sameAs\":[\"https:\/\/portaltela.pt\/\"],\"url\":\"https:\/\/portaltela.pt\/por\/367410592786\/\"}]}<\/script>\n<!-- \/ Yoast SEO plugin. -->","yoast_head_json":{"title":"Morre o realizador Jo\u00e3o Canijo aos 68 anos - Portal Tela Portugal","robots":{"index":"index","follow":"follow","max-snippet":"max-snippet:-1","max-image-preview":"max-image-preview:large","max-video-preview":"max-video-preview:-1"},"og_locale":"pt_PT","og_type":"article","og_title":"Morre o realizador Jo\u00e3o Canijo aos 68 anos - Portal Tela Portugal","og_description":"Morreu o cineasta Jo\u00e3o Canijo aos 68 anos na sua resid\u00eancia em Vila Vi\u00e7osa. Natural do Porto, \u00e9 considerado um dos nomes mais influentes do cinema portugu\u00eas contempor\u00e2neo. Em 2023 venceu o Urso de Prata no Festival de Berlim com Mal Viver e foi homenageado no Cineuropa. Na altura da morte, encontrava-se a trabalhar na p\u00f3s\u2011produ\u00e7\u00e3o de dois filmes, Encena\u00e7\u00e3o e As Ucranianas; Encena\u00e7\u00e3o contou com Rita Blanco, Anabela Moreira, Beatriz Batarda e Miguel Guilherme. A carreira come\u00e7ou nos anos oitenta como assistente de realiza\u00e7\u00e3o, com estreia em Tr\u00eas Menos Eu (1988), seguiu\u2011se Filha da M\u00e3e (1990) e Alentejo Sem Lei (1991).","og_url":"https:\/\/portaltela.pt\/noticias\/2026\/01\/30\/morre-o-realizador-joao-canijo-aos-68-anos\/","og_site_name":"Portal Tela Portugal","article_published_time":"2026-01-30T06:24:00+00:00","author":"Telinha","twitter_card":"summary_large_image","twitter_misc":{"Escrito por":"Telinha","Tempo estimado de leitura":"1 minuto"},"schema":{"@context":"https:\/\/schema.org","@graph":[{"@type":"Article","@id":"https:\/\/portaltela.pt\/noticias\/2026\/01\/30\/morre-o-realizador-joao-canijo-aos-68-anos\/#article","isPartOf":{"@id":"https:\/\/portaltela.pt\/noticias\/2026\/01\/30\/morre-o-realizador-joao-canijo-aos-68-anos\/"},"author":{"name":"Telinha","@id":"https:\/\/portaltela.pt\/#\/schema\/person\/c4278d4a6028830caff9ee44b42d32ed"},"headline":"Morre o realizador Jo\u00e3o Canijo aos 68 anos","datePublished":"2026-01-30T06:24:00+00:00","mainEntityOfPage":{"@id":"https:\/\/portaltela.pt\/noticias\/2026\/01\/30\/morre-o-realizador-joao-canijo-aos-68-anos\/"},"wordCount":191,"image":{"@id":"https:\/\/portaltela.pt\/noticias\/2026\/01\/30\/morre-o-realizador-joao-canijo-aos-68-anos\/#primaryimage"},"thumbnailUrl":"https:\/\/portaltela.pt\/s.01k8rhncp4jt1\/2026\/01\/unnamed-file-5993.jpg","keywords":["Berlim","cinema","cultura","Encena\u00e7\u00e3o","Mal Viver","Portugal"],"articleSection":["Not\u00edcias"],"inLanguage":"pt-PT"},{"@type":"WebPage","@id":"https:\/\/portaltela.pt\/noticias\/2026\/01\/30\/morre-o-realizador-joao-canijo-aos-68-anos\/","url":"https:\/\/portaltela.pt\/noticias\/2026\/01\/30\/morre-o-realizador-joao-canijo-aos-68-anos\/","name":"Morre o realizador Jo\u00e3o Canijo aos 68 anos - Portal Tela Portugal","isPartOf":{"@id":"https:\/\/portaltela.pt\/#website"},"primaryImageOfPage":{"@id":"https:\/\/portaltela.pt\/noticias\/2026\/01\/30\/morre-o-realizador-joao-canijo-aos-68-anos\/#primaryimage"},"image":{"@id":"https:\/\/portaltela.pt\/noticias\/2026\/01\/30\/morre-o-realizador-joao-canijo-aos-68-anos\/#primaryimage"},"thumbnailUrl":"https:\/\/portaltela.pt\/s.01k8rhncp4jt1\/2026\/01\/unnamed-file-5993.jpg","datePublished":"2026-01-30T06:24:00+00:00","author":{"@id":"https:\/\/portaltela.pt\/#\/schema\/person\/c4278d4a6028830caff9ee44b42d32ed"},"breadcrumb":{"@id":"https:\/\/portaltela.pt\/noticias\/2026\/01\/30\/morre-o-realizador-joao-canijo-aos-68-anos\/#breadcrumb"},"inLanguage":"pt-PT","potentialAction":[{"@type":"ReadAction","target":["https:\/\/portaltela.pt\/noticias\/2026\/01\/30\/morre-o-realizador-joao-canijo-aos-68-anos\/"]}]},{"@type":"ImageObject","inLanguage":"pt-PT","@id":"https:\/\/portaltela.pt\/noticias\/2026\/01\/30\/morre-o-realizador-joao-canijo-aos-68-anos\/#primaryimage","url":"https:\/\/portaltela.pt\/s.01k8rhncp4jt1\/2026\/01\/unnamed-file-5993.jpg","contentUrl":"https:\/\/portaltela.pt\/s.01k8rhncp4jt1\/2026\/01\/unnamed-file-5993.jpg","width":796,"height":448,"caption":"Morreu o realizador Jo\u00e3o Canijo aos 68 anos"},{"@type":"BreadcrumbList","@id":"https:\/\/portaltela.pt\/noticias\/2026\/01\/30\/morre-o-realizador-joao-canijo-aos-68-anos\/#breadcrumb","itemListElement":[{"@type":"ListItem","position":1,"name":"In\u00edcio","item":"https:\/\/portaltela.pt\/"},{"@type":"ListItem","position":2,"name":"Morre o realizador Jo\u00e3o Canijo aos 68 anos"}]},{"@type":"WebSite","@id":"https:\/\/portaltela.pt\/#website","url":"https:\/\/portaltela.pt\/","name":"Portal Tela Portugal","description":"","potentialAction":[{"@type":"SearchAction","target":{"@type":"EntryPoint","urlTemplate":"https:\/\/portaltela.pt\/?s={search_term_string}"},"query-input":{"@type":"PropertyValueSpecification","valueRequired":true,"valueName":"search_term_string"}}],"inLanguage":"pt-PT"},{"@type":"Person","@id":"https:\/\/portaltela.pt\/#\/schema\/person\/c4278d4a6028830caff9ee44b42d32ed","name":"Telinha","image":{"@type":"ImageObject","inLanguage":"pt-PT","@id":"https:\/\/portaltela.pt\/s.01k8rhncp4jt1\/2025\/11\/talking-bot-125x125.png","url":"https:\/\/portaltela.pt\/s.01k8rhncp4jt1\/2025\/11\/talking-bot-125x125.png","contentUrl":"https:\/\/portaltela.pt\/s.01k8rhncp4jt1\/2025\/11\/talking-bot-125x125.png","caption":"Telinha"},"sameAs":["https:\/\/portaltela.pt\/"],"url":"https:\/\/portaltela.pt\/por\/367410592786\/"}]}},"_links":{"self":[{"href":"https:\/\/portaltela.pt\/api\/wp\/v2\/posts\/183125","targetHints":{"allow":["GET"]}}],"collection":[{"href":"https:\/\/portaltela.pt\/api\/wp\/v2\/posts"}],"about":[{"href":"https:\/\/portaltela.pt\/api\/wp\/v2\/types\/post"}],"author":[{"embeddable":true,"href":"https:\/\/portaltela.pt\/api\/wp\/v2\/users\/2"}],"replies":[{"embeddable":true,"href":"https:\/\/portaltela.pt\/api\/wp\/v2\/comments?post=183125"}],"version-history":[{"count":0,"href":"https:\/\/portaltela.pt\/api\/wp\/v2\/posts\/183125\/revisions"}],"wp:featuredmedia":[{"embeddable":true,"href":"https:\/\/portaltela.pt\/api\/wp\/v2\/media\/183145"}],"wp:attachment":[{"href":"https:\/\/portaltela.pt\/api\/wp\/v2\/media?parent=183125"}],"wp:term":[{"taxonomy":"category","embeddable":true,"href":"https:\/\/portaltela.pt\/api\/wp\/v2\/categories?post=183125"},{"taxonomy":"post_tag","embeddable":true,"href":"https:\/\/portaltela.pt\/api\/wp\/v2\/tags?post=183125"}],"curies":[{"name":"wp","href":"https:\/\/api.w.org\/{rel}","templated":true}]}}