{"id":183109,"date":"2026-01-30T03:59:00","date_gmt":"2026-01-30T06:59:00","guid":{"rendered":"https:\/\/portaltela.pt\/noticias\/2026\/01\/30\/campanha-para-levar-mulheres-as-estruturas-de-poder-lancada-em-portugal-e-na-ue\/"},"modified":"2026-01-30T03:59:00","modified_gmt":"2026-01-30T06:59:00","slug":"campanha-para-levar-mulheres-as-estruturas-de-poder-lancada-em-portugal-e-na-ue","status":"publish","type":"post","link":"https:\/\/portaltela.pt\/noticias\/2026\/01\/30\/campanha-para-levar-mulheres-as-estruturas-de-poder-lancada-em-portugal-e-na-ue\/","title":{"rendered":"Campanha para levar mulheres \u00e0s estruturas de poder lan\u00e7ada em Portugal e na UE"},"content":{"rendered":"<p>O Lobby Europeu das Mulheres (LEM) lan\u00e7ou em Portugal uma campanha dirigida a aumentar a representa\u00e7\u00e3o feminina nas estruturas de poder e nos \u00f3rg\u00e3os de decis\u00e3o. A iniciativa, intitulada Paridade J\u00e1! I!, \u00e9 implementada em Portugal pela Plataforma Portuguesa para os Direitos das Mulheres (PpDM), que coordena o trabalho a n\u00edvel nacional.<\/p>\n<p>A campanha dirige-se aos partidos representados na Assembleia da Rep\u00fablica, questionando as medidas que est\u00e3o a tomar para assegurar a paridade em todos os campos de decis\u00e3o. O objetivo \u00e9 evitar que a paridade seja apenas uma promessa sem consequ\u00eancias reais.<\/p>\n<h3>Contexto europeu<\/h3>\n<p>A PpDM destaca dados da Uni\u00e3o Europeia que evidenciam desequil\u00edbrios em v\u00e1rias frentes. Mulheres representam 35% dos membros de governos ministeriais, 33% dos parlamentos nacionais e 32% das assembleias locais. Em cargos de gest\u00e3o de grandes empresas cotadas, s\u00e3o 35%, enquanto apenas 23% dos \u00f3rg\u00e3os m\u00e1ximos de decis\u00e3o de organiza\u00e7\u00f5es desportivas s\u00e3o ocupados por mulheres.<\/p>\n<p>Segundo o comunicado, h\u00e1 exemplos que inspiram a reforma, como Fran\u00e7a, onde a paridade j\u00e1 est\u00e1 consolidada em regi\u00f5es e munic\u00edpios, e Finl\u00e2ndia, com 62% de mulheres no Governo. Em Portugal, a lei de Paridade est\u00e1 em vigor, mas n\u00e3o tem sido cumprida e as san\u00e7\u00f5es previstas n\u00e3o s\u00e3o aplicadas, o que, na pr\u00e1tica, reduz o impacto da norma.<\/p>\n<h3>Situa\u00e7\u00e3o em Portugal<\/h3>\n<p>Na atual legislatura, apenas 77 dos 230 mandatos na Assembleia da Rep\u00fablica s\u00e3o ocupados por mulheres, o que corresponde a 33,5% dos lugares, acima da meta de 40% mas ainda aqu\u00e9m do ideal. No contexto das \u00faltimas elei\u00e7\u00f5es legislativas, houve viola\u00e7\u00f5es graves desse limiar m\u00ednimo, sem consequ\u00eancias efetivas para o cumprimento da lei, segundo a campanha.<\/p>\n<p>A PpDM descreve a aus\u00eancia de respostas r\u00e1pidas que permitam um mecanismo de correc\u00e7\u00e3o, ap\u00f3s queixas sobre incumprimentos. A campanha aponta para a necessidade de refor\u00e7ar a aplica\u00e7\u00e3o das obriga\u00e7\u00f5es em direitos humanos das mulheres, promovendo a paridade 50-50 em todos os \u00f3rg\u00e3os de decis\u00e3o e assegurando recursos est\u00e1veis para medidas de paridade.<\/p>\n<h3>Objetivos da campanha<\/h3>\n<p>Ana Beatriz Cardoso, representante da PpDM no LEM, destaca a import\u00e2ncia de envolver as mulheres nos processos de decis\u00e3o. A iniciativa defende que n\u00e3o basta cumprir a lei, \u00e9 essencial aumentar a participa\u00e7\u00e3o de mulheres nas decis\u00f5es que afetam a vida quotidiana, especialmente em \u00e1reas com impactos diretos em fam\u00edlias e cuidado de dependentes.<\/p>\n<p>A campanha solicita a implementa\u00e7\u00e3o plena da paridade em todos os organismos de decis\u00e3o, com uma composi\u00e7\u00e3o alternada 1-1 entre mulher e homem, e a capacita\u00e7\u00e3o pol\u00edtica das mulheres. Em paralelo, ser\u00e3o questionadas as lideran\u00e7as pol\u00edticas sobre as medidas que est\u00e3o a adotar para cumprir as recomenda\u00e7\u00f5es.<\/p>\n<p>As respostas, ou a aus\u00eancia delas, ser\u00e3o tornadas p\u00fablicas a 8 de mar\u00e7o, Dia Internacional da Mulher, para informar o cidad\u00e3o sobre o estado de cumprimento e as a\u00e7\u00f5es previstas pela classe pol\u00edtica.<\/p>\n","protected":false},"excerpt":{"rendered":"<ul>\n<li>O Lobby Europeu das Mulheres lan\u00e7ou, em Portugal, a campanha \u201cParidade J\u00e1! I!\u201d para questionar as lideran\u00e7as pol\u00edticas sobre as medidas para alcan\u00e7ar paridade em todos os cargos de decis\u00e3o.<\/li>\n<li>Em Portugal, a Plataforma Portuguesa para os Direitos das Mulheres (PpDM), coordena\u00e7\u00e3o nacional da campanha, vai interpelar os partidos representados na Assembleia da Rep\u00fablica.<\/li>\n<li>Na Uni\u00e3o Europeia, as mulheres representam 33% dos parlamentos nacionais, 32% de assembleias regionais e locais e 23% dos \u00f3rg\u00e3os m\u00e1ximos de decis\u00e3o das grandes organiza\u00e7\u00f5es desportivas; Portugal tem 33,5% de mulheres na Assembleia da Rep\u00fablica.<\/li>\n<li>A PpDM alerta para viola\u00e7\u00f5es graves da Lei da Paridade nas elei\u00e7\u00f5es legislativas de 2023 sem consequ\u00eancias efetivas e acusa falta de mecanismos de correc\u00e7\u00e3o.<\/li>\n<li>A iniciativa defende a exig\u00eancia de paridade 50-50, recursos sustent\u00e1veis para pol\u00edticas de paridade e a institucionaliza\u00e7\u00e3o da paridade em todos os \u00f3rg\u00e3os, com respostas das lideran\u00e7as pol\u00edticas divulgadas a 8 de mar\u00e7o.<\/li>\n<\/ul>\n","protected":false},"author":2,"featured_media":183116,"comment_status":"closed","ping_status":"closed","sticky":false,"template":"","format":"standard","meta":{"footnotes":""},"categories":[1],"tags":[2633,3027,2701,4400,2832,2055],"class_list":["post-183109","post","type-post","status-publish","format-standard","has-post-thumbnail","hentry","category-noticias","tag-direitos-humanos","tag-igualdade-de-genero-desafios-na-atualidade","tag-mulheres","tag-organizacoes-publicas","tag-politica","tag-uniao-europeia"],"yoast_head":"<!-- This site is optimized with the Yoast SEO plugin v27.2 - https:\/\/yoast.com\/product\/yoast-seo-wordpress\/ -->\n<title>Campanha para levar mulheres \u00e0s estruturas de poder lan\u00e7ada em Portugal e na UE - Portal Tela Portugal<\/title>\n<meta name=\"robots\" content=\"index, follow, max-snippet:-1, max-image-preview:large, max-video-preview:-1\" \/>\n<meta property=\"og:locale\" content=\"pt_PT\" \/>\n<meta property=\"og:type\" content=\"article\" \/>\n<meta property=\"og:title\" content=\"Campanha para levar mulheres \u00e0s estruturas de poder lan\u00e7ada em Portugal e na UE - Portal Tela Portugal\" \/>\n<meta property=\"og:description\" content=\"O Lobby Europeu das Mulheres lan\u00e7ou, em Portugal, a campanha \u201cParidade J\u00e1! I!\u201d para questionar as lideran\u00e7as pol\u00edticas sobre as medidas para alcan\u00e7ar paridade em todos os cargos de decis\u00e3o. Em Portugal, a Plataforma Portuguesa para os Direitos das Mulheres (PpDM), coordena\u00e7\u00e3o nacional da campanha, vai interpelar os partidos representados na Assembleia da Rep\u00fablica. Na Uni\u00e3o Europeia, as mulheres representam 33% dos parlamentos nacionais, 32% de assembleias regionais e locais e 23% dos \u00f3rg\u00e3os m\u00e1ximos de decis\u00e3o das grandes organiza\u00e7\u00f5es desportivas; Portugal tem 33,5% de mulheres na Assembleia da Rep\u00fablica. A PpDM alerta para viola\u00e7\u00f5es graves da Lei da Paridade nas elei\u00e7\u00f5es legislativas de 2023 sem consequ\u00eancias efetivas e acusa falta de mecanismos de correc\u00e7\u00e3o. A iniciativa defende a exig\u00eancia de paridade 50-50, recursos sustent\u00e1veis para pol\u00edticas de paridade e a institucionaliza\u00e7\u00e3o da paridade em todos os \u00f3rg\u00e3os, com respostas das lideran\u00e7as pol\u00edticas divulgadas a 8 de mar\u00e7o.\" \/>\n<meta property=\"og:url\" content=\"https:\/\/portaltela.pt\/noticias\/2026\/01\/30\/campanha-para-levar-mulheres-as-estruturas-de-poder-lancada-em-portugal-e-na-ue\/\" \/>\n<meta property=\"og:site_name\" content=\"Portal Tela Portugal\" \/>\n<meta property=\"article:published_time\" content=\"2026-01-30T06:59:00+00:00\" \/>\n<meta name=\"author\" content=\"Telinha\" \/>\n<meta name=\"twitter:card\" content=\"summary_large_image\" \/>\n<meta name=\"twitter:label1\" content=\"Escrito por\" \/>\n\t<meta name=\"twitter:data1\" content=\"Telinha\" \/>\n\t<meta name=\"twitter:label2\" content=\"Tempo estimado de leitura\" \/>\n\t<meta name=\"twitter:data2\" content=\"3 minutos\" \/>\n<script type=\"application\/ld+json\" class=\"yoast-schema-graph\">{\"@context\":\"https:\/\/schema.org\",\"@graph\":[{\"@type\":\"Article\",\"@id\":\"https:\/\/portaltela.pt\/noticias\/2026\/01\/30\/campanha-para-levar-mulheres-as-estruturas-de-poder-lancada-em-portugal-e-na-ue\/#article\",\"isPartOf\":{\"@id\":\"https:\/\/portaltela.pt\/noticias\/2026\/01\/30\/campanha-para-levar-mulheres-as-estruturas-de-poder-lancada-em-portugal-e-na-ue\/\"},\"author\":{\"name\":\"Telinha\",\"@id\":\"https:\/\/portaltela.pt\/#\/schema\/person\/c4278d4a6028830caff9ee44b42d32ed\"},\"headline\":\"Campanha para levar mulheres \u00e0s estruturas de poder lan\u00e7ada em Portugal e na UE\",\"datePublished\":\"2026-01-30T06:59:00+00:00\",\"mainEntityOfPage\":{\"@id\":\"https:\/\/portaltela.pt\/noticias\/2026\/01\/30\/campanha-para-levar-mulheres-as-estruturas-de-poder-lancada-em-portugal-e-na-ue\/\"},\"wordCount\":528,\"image\":{\"@id\":\"https:\/\/portaltela.pt\/noticias\/2026\/01\/30\/campanha-para-levar-mulheres-as-estruturas-de-poder-lancada-em-portugal-e-na-ue\/#primaryimage\"},\"thumbnailUrl\":\"https:\/\/portaltela.pt\/s.01k8rhncp4jt1\/2026\/01\/2062514.jpg\",\"keywords\":[\"direitos humanos\",\"Igualdade de G\u00e9nero \u2013 Desafios na Atualidade\",\"Mulheres\",\"organiza\u00e7\u00f5es p\u00fablicas\",\"pol\u00edtica\",\"Uni\u00e3o Europeia\"],\"articleSection\":[\"Not\u00edcias\"],\"inLanguage\":\"pt-PT\"},{\"@type\":\"WebPage\",\"@id\":\"https:\/\/portaltela.pt\/noticias\/2026\/01\/30\/campanha-para-levar-mulheres-as-estruturas-de-poder-lancada-em-portugal-e-na-ue\/\",\"url\":\"https:\/\/portaltela.pt\/noticias\/2026\/01\/30\/campanha-para-levar-mulheres-as-estruturas-de-poder-lancada-em-portugal-e-na-ue\/\",\"name\":\"Campanha para levar mulheres \u00e0s estruturas de poder lan\u00e7ada em Portugal e na UE - Portal Tela Portugal\",\"isPartOf\":{\"@id\":\"https:\/\/portaltela.pt\/#website\"},\"primaryImageOfPage\":{\"@id\":\"https:\/\/portaltela.pt\/noticias\/2026\/01\/30\/campanha-para-levar-mulheres-as-estruturas-de-poder-lancada-em-portugal-e-na-ue\/#primaryimage\"},\"image\":{\"@id\":\"https:\/\/portaltela.pt\/noticias\/2026\/01\/30\/campanha-para-levar-mulheres-as-estruturas-de-poder-lancada-em-portugal-e-na-ue\/#primaryimage\"},\"thumbnailUrl\":\"https:\/\/portaltela.pt\/s.01k8rhncp4jt1\/2026\/01\/2062514.jpg\",\"datePublished\":\"2026-01-30T06:59:00+00:00\",\"author\":{\"@id\":\"https:\/\/portaltela.pt\/#\/schema\/person\/c4278d4a6028830caff9ee44b42d32ed\"},\"breadcrumb\":{\"@id\":\"https:\/\/portaltela.pt\/noticias\/2026\/01\/30\/campanha-para-levar-mulheres-as-estruturas-de-poder-lancada-em-portugal-e-na-ue\/#breadcrumb\"},\"inLanguage\":\"pt-PT\",\"potentialAction\":[{\"@type\":\"ReadAction\",\"target\":[\"https:\/\/portaltela.pt\/noticias\/2026\/01\/30\/campanha-para-levar-mulheres-as-estruturas-de-poder-lancada-em-portugal-e-na-ue\/\"]}]},{\"@type\":\"ImageObject\",\"inLanguage\":\"pt-PT\",\"@id\":\"https:\/\/portaltela.pt\/noticias\/2026\/01\/30\/campanha-para-levar-mulheres-as-estruturas-de-poder-lancada-em-portugal-e-na-ue\/#primaryimage\",\"url\":\"https:\/\/portaltela.pt\/s.01k8rhncp4jt1\/2026\/01\/2062514.jpg\",\"contentUrl\":\"https:\/\/portaltela.pt\/s.01k8rhncp4jt1\/2026\/01\/2062514.jpg\",\"width\":796,\"height\":448,\"caption\":\"Na actual legislatura, apenas 77 dos 230 mandatos parlamentares s\u00e3o ocupados por mulheres\"},{\"@type\":\"BreadcrumbList\",\"@id\":\"https:\/\/portaltela.pt\/noticias\/2026\/01\/30\/campanha-para-levar-mulheres-as-estruturas-de-poder-lancada-em-portugal-e-na-ue\/#breadcrumb\",\"itemListElement\":[{\"@type\":\"ListItem\",\"position\":1,\"name\":\"In\u00edcio\",\"item\":\"https:\/\/portaltela.pt\/\"},{\"@type\":\"ListItem\",\"position\":2,\"name\":\"Campanha para levar mulheres \u00e0s estruturas de poder lan\u00e7ada em Portugal e na UE\"}]},{\"@type\":\"WebSite\",\"@id\":\"https:\/\/portaltela.pt\/#website\",\"url\":\"https:\/\/portaltela.pt\/\",\"name\":\"Portal Tela Portugal\",\"description\":\"\",\"potentialAction\":[{\"@type\":\"SearchAction\",\"target\":{\"@type\":\"EntryPoint\",\"urlTemplate\":\"https:\/\/portaltela.pt\/?s={search_term_string}\"},\"query-input\":{\"@type\":\"PropertyValueSpecification\",\"valueRequired\":true,\"valueName\":\"search_term_string\"}}],\"inLanguage\":\"pt-PT\"},{\"@type\":\"Person\",\"@id\":\"https:\/\/portaltela.pt\/#\/schema\/person\/c4278d4a6028830caff9ee44b42d32ed\",\"name\":\"Telinha\",\"image\":{\"@type\":\"ImageObject\",\"inLanguage\":\"pt-PT\",\"@id\":\"https:\/\/portaltela.pt\/s.01k8rhncp4jt1\/2025\/11\/talking-bot-125x125.png\",\"url\":\"https:\/\/portaltela.pt\/s.01k8rhncp4jt1\/2025\/11\/talking-bot-125x125.png\",\"contentUrl\":\"https:\/\/portaltela.pt\/s.01k8rhncp4jt1\/2025\/11\/talking-bot-125x125.png\",\"caption\":\"Telinha\"},\"sameAs\":[\"https:\/\/portaltela.pt\/\"],\"url\":\"https:\/\/portaltela.pt\/por\/367410592786\/\"}]}<\/script>\n<!-- \/ Yoast SEO plugin. -->","yoast_head_json":{"title":"Campanha para levar mulheres \u00e0s estruturas de poder lan\u00e7ada em Portugal e na UE - Portal Tela Portugal","robots":{"index":"index","follow":"follow","max-snippet":"max-snippet:-1","max-image-preview":"max-image-preview:large","max-video-preview":"max-video-preview:-1"},"og_locale":"pt_PT","og_type":"article","og_title":"Campanha para levar mulheres \u00e0s estruturas de poder lan\u00e7ada em Portugal e na UE - Portal Tela Portugal","og_description":"O Lobby Europeu das Mulheres lan\u00e7ou, em Portugal, a campanha \u201cParidade J\u00e1! I!\u201d para questionar as lideran\u00e7as pol\u00edticas sobre as medidas para alcan\u00e7ar paridade em todos os cargos de decis\u00e3o. Em Portugal, a Plataforma Portuguesa para os Direitos das Mulheres (PpDM), coordena\u00e7\u00e3o nacional da campanha, vai interpelar os partidos representados na Assembleia da Rep\u00fablica. Na Uni\u00e3o Europeia, as mulheres representam 33% dos parlamentos nacionais, 32% de assembleias regionais e locais e 23% dos \u00f3rg\u00e3os m\u00e1ximos de decis\u00e3o das grandes organiza\u00e7\u00f5es desportivas; Portugal tem 33,5% de mulheres na Assembleia da Rep\u00fablica. A PpDM alerta para viola\u00e7\u00f5es graves da Lei da Paridade nas elei\u00e7\u00f5es legislativas de 2023 sem consequ\u00eancias efetivas e acusa falta de mecanismos de correc\u00e7\u00e3o. A iniciativa defende a exig\u00eancia de paridade 50-50, recursos sustent\u00e1veis para pol\u00edticas de paridade e a institucionaliza\u00e7\u00e3o da paridade em todos os \u00f3rg\u00e3os, com respostas das lideran\u00e7as pol\u00edticas divulgadas a 8 de mar\u00e7o.","og_url":"https:\/\/portaltela.pt\/noticias\/2026\/01\/30\/campanha-para-levar-mulheres-as-estruturas-de-poder-lancada-em-portugal-e-na-ue\/","og_site_name":"Portal Tela Portugal","article_published_time":"2026-01-30T06:59:00+00:00","author":"Telinha","twitter_card":"summary_large_image","twitter_misc":{"Escrito por":"Telinha","Tempo estimado de leitura":"3 minutos"},"schema":{"@context":"https:\/\/schema.org","@graph":[{"@type":"Article","@id":"https:\/\/portaltela.pt\/noticias\/2026\/01\/30\/campanha-para-levar-mulheres-as-estruturas-de-poder-lancada-em-portugal-e-na-ue\/#article","isPartOf":{"@id":"https:\/\/portaltela.pt\/noticias\/2026\/01\/30\/campanha-para-levar-mulheres-as-estruturas-de-poder-lancada-em-portugal-e-na-ue\/"},"author":{"name":"Telinha","@id":"https:\/\/portaltela.pt\/#\/schema\/person\/c4278d4a6028830caff9ee44b42d32ed"},"headline":"Campanha para levar mulheres \u00e0s estruturas de poder lan\u00e7ada em Portugal e na UE","datePublished":"2026-01-30T06:59:00+00:00","mainEntityOfPage":{"@id":"https:\/\/portaltela.pt\/noticias\/2026\/01\/30\/campanha-para-levar-mulheres-as-estruturas-de-poder-lancada-em-portugal-e-na-ue\/"},"wordCount":528,"image":{"@id":"https:\/\/portaltela.pt\/noticias\/2026\/01\/30\/campanha-para-levar-mulheres-as-estruturas-de-poder-lancada-em-portugal-e-na-ue\/#primaryimage"},"thumbnailUrl":"https:\/\/portaltela.pt\/s.01k8rhncp4jt1\/2026\/01\/2062514.jpg","keywords":["direitos humanos","Igualdade de G\u00e9nero \u2013 Desafios na Atualidade","Mulheres","organiza\u00e7\u00f5es p\u00fablicas","pol\u00edtica","Uni\u00e3o Europeia"],"articleSection":["Not\u00edcias"],"inLanguage":"pt-PT"},{"@type":"WebPage","@id":"https:\/\/portaltela.pt\/noticias\/2026\/01\/30\/campanha-para-levar-mulheres-as-estruturas-de-poder-lancada-em-portugal-e-na-ue\/","url":"https:\/\/portaltela.pt\/noticias\/2026\/01\/30\/campanha-para-levar-mulheres-as-estruturas-de-poder-lancada-em-portugal-e-na-ue\/","name":"Campanha para levar mulheres \u00e0s estruturas de poder lan\u00e7ada em Portugal e na UE - Portal Tela Portugal","isPartOf":{"@id":"https:\/\/portaltela.pt\/#website"},"primaryImageOfPage":{"@id":"https:\/\/portaltela.pt\/noticias\/2026\/01\/30\/campanha-para-levar-mulheres-as-estruturas-de-poder-lancada-em-portugal-e-na-ue\/#primaryimage"},"image":{"@id":"https:\/\/portaltela.pt\/noticias\/2026\/01\/30\/campanha-para-levar-mulheres-as-estruturas-de-poder-lancada-em-portugal-e-na-ue\/#primaryimage"},"thumbnailUrl":"https:\/\/portaltela.pt\/s.01k8rhncp4jt1\/2026\/01\/2062514.jpg","datePublished":"2026-01-30T06:59:00+00:00","author":{"@id":"https:\/\/portaltela.pt\/#\/schema\/person\/c4278d4a6028830caff9ee44b42d32ed"},"breadcrumb":{"@id":"https:\/\/portaltela.pt\/noticias\/2026\/01\/30\/campanha-para-levar-mulheres-as-estruturas-de-poder-lancada-em-portugal-e-na-ue\/#breadcrumb"},"inLanguage":"pt-PT","potentialAction":[{"@type":"ReadAction","target":["https:\/\/portaltela.pt\/noticias\/2026\/01\/30\/campanha-para-levar-mulheres-as-estruturas-de-poder-lancada-em-portugal-e-na-ue\/"]}]},{"@type":"ImageObject","inLanguage":"pt-PT","@id":"https:\/\/portaltela.pt\/noticias\/2026\/01\/30\/campanha-para-levar-mulheres-as-estruturas-de-poder-lancada-em-portugal-e-na-ue\/#primaryimage","url":"https:\/\/portaltela.pt\/s.01k8rhncp4jt1\/2026\/01\/2062514.jpg","contentUrl":"https:\/\/portaltela.pt\/s.01k8rhncp4jt1\/2026\/01\/2062514.jpg","width":796,"height":448,"caption":"Na actual legislatura, apenas 77 dos 230 mandatos parlamentares s\u00e3o ocupados por mulheres"},{"@type":"BreadcrumbList","@id":"https:\/\/portaltela.pt\/noticias\/2026\/01\/30\/campanha-para-levar-mulheres-as-estruturas-de-poder-lancada-em-portugal-e-na-ue\/#breadcrumb","itemListElement":[{"@type":"ListItem","position":1,"name":"In\u00edcio","item":"https:\/\/portaltela.pt\/"},{"@type":"ListItem","position":2,"name":"Campanha para levar mulheres \u00e0s estruturas de poder lan\u00e7ada em Portugal e na UE"}]},{"@type":"WebSite","@id":"https:\/\/portaltela.pt\/#website","url":"https:\/\/portaltela.pt\/","name":"Portal Tela Portugal","description":"","potentialAction":[{"@type":"SearchAction","target":{"@type":"EntryPoint","urlTemplate":"https:\/\/portaltela.pt\/?s={search_term_string}"},"query-input":{"@type":"PropertyValueSpecification","valueRequired":true,"valueName":"search_term_string"}}],"inLanguage":"pt-PT"},{"@type":"Person","@id":"https:\/\/portaltela.pt\/#\/schema\/person\/c4278d4a6028830caff9ee44b42d32ed","name":"Telinha","image":{"@type":"ImageObject","inLanguage":"pt-PT","@id":"https:\/\/portaltela.pt\/s.01k8rhncp4jt1\/2025\/11\/talking-bot-125x125.png","url":"https:\/\/portaltela.pt\/s.01k8rhncp4jt1\/2025\/11\/talking-bot-125x125.png","contentUrl":"https:\/\/portaltela.pt\/s.01k8rhncp4jt1\/2025\/11\/talking-bot-125x125.png","caption":"Telinha"},"sameAs":["https:\/\/portaltela.pt\/"],"url":"https:\/\/portaltela.pt\/por\/367410592786\/"}]}},"_links":{"self":[{"href":"https:\/\/portaltela.pt\/api\/wp\/v2\/posts\/183109","targetHints":{"allow":["GET"]}}],"collection":[{"href":"https:\/\/portaltela.pt\/api\/wp\/v2\/posts"}],"about":[{"href":"https:\/\/portaltela.pt\/api\/wp\/v2\/types\/post"}],"author":[{"embeddable":true,"href":"https:\/\/portaltela.pt\/api\/wp\/v2\/users\/2"}],"replies":[{"embeddable":true,"href":"https:\/\/portaltela.pt\/api\/wp\/v2\/comments?post=183109"}],"version-history":[{"count":0,"href":"https:\/\/portaltela.pt\/api\/wp\/v2\/posts\/183109\/revisions"}],"wp:featuredmedia":[{"embeddable":true,"href":"https:\/\/portaltela.pt\/api\/wp\/v2\/media\/183116"}],"wp:attachment":[{"href":"https:\/\/portaltela.pt\/api\/wp\/v2\/media?parent=183109"}],"wp:term":[{"taxonomy":"category","embeddable":true,"href":"https:\/\/portaltela.pt\/api\/wp\/v2\/categories?post=183109"},{"taxonomy":"post_tag","embeddable":true,"href":"https:\/\/portaltela.pt\/api\/wp\/v2\/tags?post=183109"}],"curies":[{"name":"wp","href":"https:\/\/api.w.org\/{rel}","templated":true}]}}