{"id":183064,"date":"2026-01-30T02:00:00","date_gmt":"2026-01-30T05:00:00","guid":{"rendered":"https:\/\/portaltela.pt\/noticias\/2026\/01\/30\/ue-mobiliza-153-milhoes-de-euros-em-ajuda-humanitaria-para-ucrania-e-moldova\/"},"modified":"2026-01-30T02:00:00","modified_gmt":"2026-01-30T05:00:00","slug":"ue-mobiliza-153-milhoes-de-euros-em-ajuda-humanitaria-para-ucrania-e-moldova","status":"publish","type":"post","link":"https:\/\/portaltela.pt\/noticias\/2026\/01\/30\/ue-mobiliza-153-milhoes-de-euros-em-ajuda-humanitaria-para-ucrania-e-moldova\/","title":{"rendered":"UE mobiliza 153 milh\u00f5es de euros em ajuda humanit\u00e1ria para Ucr\u00e2nia e Moldova"},"content":{"rendered":"<p>A Uni\u00e3o Europeia anunciou hoje um pacote combinado de ajuda a Ucr\u00e2nia e \u00e0 Mold\u00e1via, num montante total de 203 milh\u00f5es de euros. A medida inclui 153 milh\u00f5es para assist\u00eancia humanit\u00e1ria e 50 milh\u00f5es para refor\u00e7ar o abastecimento energ\u00e9tico de Kiev no inverno. A Mold\u00e1via, que acolhe refugiados, tamb\u00e9m recebe parte deste apoio.<\/p>\n<p>Segundo comunicado da Comiss\u00e3o Europeia, 145 milh\u00f5es de euros ficam destinados a Ucr\u00e2nia para prote\u00e7\u00e3o, abrigo, alimenta\u00e7\u00e3o, apoio financeiro direto, psicossocial e acesso a \u00e1gua e sa\u00fade. Outros 8 milh\u00f5es destinam-se \u00e0 Mold\u00e1via para acolhimento de refugiados.<\/p>\n<p>Apoio humanit\u00e1rio<\/p>\n<p>Paralelamente, a UE refor\u00e7a a resposta energ\u00e9tica: foram j\u00e1 entregue 447 geradores no valor de 3,7 milh\u00f5es de euros para hospitais, abrigos e servi\u00e7os essenciais. Est\u00e3o tamb\u00e9m em curso mais 500 geradores, das reservas rescUE, para manter servi\u00e7os em funcionamento.<\/p>\n<p>Apoio energ\u00e9tico<\/p>\n<p>Em conjunto com o Banco Europeu de Investimento, a UE disponibiliza 50 milh\u00f5es de euros \u00e0 Naftogaz, para sustentar o sistema energ\u00e9tico ucraniano neste inverno. O financiamento apoia o aquecimento e o fornecimento de energia a fam\u00edlias e servi\u00e7os.<\/p>\n<p>Este empr\u00e9stimo integra o Mecanismo para a Ucr\u00e2nia e eleva o total de apoio da UE a compras de g\u00e1s de emerg\u00eancia para o per\u00edodo 2025-2026 para 977 milh\u00f5es de euros. A ajuda humanit\u00e1ria da UE aumentou desde 2014 e j\u00e1 totaliza mais de 1,4 mil milh\u00f5es de euros nesses quatro anos.<\/p>\n<p>Ao todo, o apoio da UE \u00e0 Ucr\u00e2nia desde o in\u00edcio da invas\u00e3o soma 193,3 mil milh\u00f5es de euros, segundo a Comiss\u00e3o Europeia. O pacote anunciado hoje refor\u00e7a a prioridade europeia de assist\u00eancia r\u00e1pida em \u00e1reas cr\u00edticas.<\/p>\n","protected":false},"excerpt":{"rendered":"<ul>\n<li>A Uni\u00e3o Europeia anunciou 153 milh\u00f5es de euros em ajuda humanit\u00e1ria para a Ucr\u00e2nia e a Moldova, com 145 milh\u00f5es para a Ucr\u00e2nia e 8 milh\u00f5es para a Moldova, devido ao frio e \u00e0 falha de eletricidade.<\/li>\n<li>Paralelamente, foram anunciados 50 milh\u00f5es de euros para colmatar necessidades energ\u00e9ticas urgentes de Kiev no inverno.<\/li>\n<li>Esta semana j\u00e1 foram entregues 447 geradores de energia, no valor de 3,7 milh\u00f5es de euros, com mais 500 geradores a serem mobilizados a partir das reservas rescEU.<\/li>\n<li>Em parceria com o Banco Europeu de Investimento, a Comiss\u00e3o Europeia disponibilizou 50 milh\u00f5es de euros \u00e0 Naftogaz para sustentar o sistema energ\u00e9tico ucraniano durante o inverno.<\/li>\n<li>O apoio total da UE para as necessidades energ\u00e9ticas de inverno chega a 977 milh\u00f5es de euros para 2025-2026, e desde 2014 a UE j\u00e1 destinou mais de 1,4 mil milh\u00f5es de euros a programas de ajuda humanit\u00e1ria na Ucr\u00e2nia e na Moldova.<\/li>\n<\/ul>\n","protected":false},"author":2,"featured_media":183068,"comment_status":"closed","ping_status":"closed","sticky":false,"template":"","format":"standard","meta":{"footnotes":""},"categories":[1],"tags":[4772,256,174,3786,2134,2055],"class_list":["post-183064","post","type-post","status-publish","format-standard","has-post-thumbnail","hentry","category-noticias","tag-apoio-energetico","tag-cooperacao-internacional","tag-energia","tag-refugiados-internos","tag-ucrania","tag-uniao-europeia"],"yoast_head":"<!-- This site is optimized with the Yoast SEO plugin v27.2 - https:\/\/yoast.com\/product\/yoast-seo-wordpress\/ -->\n<title>UE mobiliza 153 milh\u00f5es de euros em ajuda humanit\u00e1ria para Ucr\u00e2nia e Moldova - Portal Tela Portugal<\/title>\n<meta name=\"robots\" content=\"index, follow, max-snippet:-1, max-image-preview:large, max-video-preview:-1\" \/>\n<meta property=\"og:locale\" content=\"pt_PT\" \/>\n<meta property=\"og:type\" content=\"article\" \/>\n<meta property=\"og:title\" content=\"UE mobiliza 153 milh\u00f5es de euros em ajuda humanit\u00e1ria para Ucr\u00e2nia e Moldova - Portal Tela Portugal\" \/>\n<meta property=\"og:description\" content=\"A Uni\u00e3o Europeia anunciou 153 milh\u00f5es de euros em ajuda humanit\u00e1ria para a Ucr\u00e2nia e a Moldova, com 145 milh\u00f5es para a Ucr\u00e2nia e 8 milh\u00f5es para a Moldova, devido ao frio e \u00e0 falha de eletricidade. Paralelamente, foram anunciados 50 milh\u00f5es de euros para colmatar necessidades energ\u00e9ticas urgentes de Kiev no inverno. Esta semana j\u00e1 foram entregues 447 geradores de energia, no valor de 3,7 milh\u00f5es de euros, com mais 500 geradores a serem mobilizados a partir das reservas rescEU. Em parceria com o Banco Europeu de Investimento, a Comiss\u00e3o Europeia disponibilizou 50 milh\u00f5es de euros \u00e0 Naftogaz para sustentar o sistema energ\u00e9tico ucraniano durante o inverno. O apoio total da UE para as necessidades energ\u00e9ticas de inverno chega a 977 milh\u00f5es de euros para 2025-2026, e desde 2014 a UE j\u00e1 destinou mais de 1,4 mil milh\u00f5es de euros a programas de ajuda humanit\u00e1ria na Ucr\u00e2nia e na Moldova.\" \/>\n<meta property=\"og:url\" content=\"https:\/\/portaltela.pt\/noticias\/2026\/01\/30\/ue-mobiliza-153-milhoes-de-euros-em-ajuda-humanitaria-para-ucrania-e-moldova\/\" \/>\n<meta property=\"og:site_name\" content=\"Portal Tela Portugal\" \/>\n<meta property=\"article:published_time\" content=\"2026-01-30T05:00:00+00:00\" \/>\n<meta name=\"author\" content=\"Telinha\" \/>\n<meta name=\"twitter:card\" content=\"summary_large_image\" \/>\n<meta name=\"twitter:label1\" content=\"Escrito por\" \/>\n\t<meta name=\"twitter:data1\" content=\"Telinha\" \/>\n\t<meta name=\"twitter:label2\" content=\"Tempo estimado de leitura\" \/>\n\t<meta name=\"twitter:data2\" content=\"1 minuto\" \/>\n<script type=\"application\/ld+json\" class=\"yoast-schema-graph\">{\"@context\":\"https:\/\/schema.org\",\"@graph\":[{\"@type\":\"Article\",\"@id\":\"https:\/\/portaltela.pt\/noticias\/2026\/01\/30\/ue-mobiliza-153-milhoes-de-euros-em-ajuda-humanitaria-para-ucrania-e-moldova\/#article\",\"isPartOf\":{\"@id\":\"https:\/\/portaltela.pt\/noticias\/2026\/01\/30\/ue-mobiliza-153-milhoes-de-euros-em-ajuda-humanitaria-para-ucrania-e-moldova\/\"},\"author\":{\"name\":\"Telinha\",\"@id\":\"https:\/\/portaltela.pt\/#\/schema\/person\/c4278d4a6028830caff9ee44b42d32ed\"},\"headline\":\"UE mobiliza 153 milh\u00f5es de euros em ajuda humanit\u00e1ria para Ucr\u00e2nia e Moldova\",\"datePublished\":\"2026-01-30T05:00:00+00:00\",\"mainEntityOfPage\":{\"@id\":\"https:\/\/portaltela.pt\/noticias\/2026\/01\/30\/ue-mobiliza-153-milhoes-de-euros-em-ajuda-humanitaria-para-ucrania-e-moldova\/\"},\"wordCount\":310,\"image\":{\"@id\":\"https:\/\/portaltela.pt\/noticias\/2026\/01\/30\/ue-mobiliza-153-milhoes-de-euros-em-ajuda-humanitaria-para-ucrania-e-moldova\/#primaryimage\"},\"thumbnailUrl\":\"https:\/\/portaltela.pt\/s.01k8rhncp4jt1\/2026\/01\/unnamed-file-5984.jpg\",\"keywords\":[\"Apoio energ\u00e9tico\",\"coopera\u00e7\u00e3o internacional\",\"energia\",\"refugiados internos\",\"Ucr\u00e2nia\",\"Uni\u00e3o Europeia\"],\"articleSection\":[\"Not\u00edcias\"],\"inLanguage\":\"pt-PT\"},{\"@type\":\"WebPage\",\"@id\":\"https:\/\/portaltela.pt\/noticias\/2026\/01\/30\/ue-mobiliza-153-milhoes-de-euros-em-ajuda-humanitaria-para-ucrania-e-moldova\/\",\"url\":\"https:\/\/portaltela.pt\/noticias\/2026\/01\/30\/ue-mobiliza-153-milhoes-de-euros-em-ajuda-humanitaria-para-ucrania-e-moldova\/\",\"name\":\"UE mobiliza 153 milh\u00f5es de euros em ajuda humanit\u00e1ria para Ucr\u00e2nia e Moldova - Portal Tela Portugal\",\"isPartOf\":{\"@id\":\"https:\/\/portaltela.pt\/#website\"},\"primaryImageOfPage\":{\"@id\":\"https:\/\/portaltela.pt\/noticias\/2026\/01\/30\/ue-mobiliza-153-milhoes-de-euros-em-ajuda-humanitaria-para-ucrania-e-moldova\/#primaryimage\"},\"image\":{\"@id\":\"https:\/\/portaltela.pt\/noticias\/2026\/01\/30\/ue-mobiliza-153-milhoes-de-euros-em-ajuda-humanitaria-para-ucrania-e-moldova\/#primaryimage\"},\"thumbnailUrl\":\"https:\/\/portaltela.pt\/s.01k8rhncp4jt1\/2026\/01\/unnamed-file-5984.jpg\",\"datePublished\":\"2026-01-30T05:00:00+00:00\",\"author\":{\"@id\":\"https:\/\/portaltela.pt\/#\/schema\/person\/c4278d4a6028830caff9ee44b42d32ed\"},\"breadcrumb\":{\"@id\":\"https:\/\/portaltela.pt\/noticias\/2026\/01\/30\/ue-mobiliza-153-milhoes-de-euros-em-ajuda-humanitaria-para-ucrania-e-moldova\/#breadcrumb\"},\"inLanguage\":\"pt-PT\",\"potentialAction\":[{\"@type\":\"ReadAction\",\"target\":[\"https:\/\/portaltela.pt\/noticias\/2026\/01\/30\/ue-mobiliza-153-milhoes-de-euros-em-ajuda-humanitaria-para-ucrania-e-moldova\/\"]}]},{\"@type\":\"ImageObject\",\"inLanguage\":\"pt-PT\",\"@id\":\"https:\/\/portaltela.pt\/noticias\/2026\/01\/30\/ue-mobiliza-153-milhoes-de-euros-em-ajuda-humanitaria-para-ucrania-e-moldova\/#primaryimage\",\"url\":\"https:\/\/portaltela.pt\/s.01k8rhncp4jt1\/2026\/01\/unnamed-file-5984.jpg\",\"contentUrl\":\"https:\/\/portaltela.pt\/s.01k8rhncp4jt1\/2026\/01\/unnamed-file-5984.jpg\",\"width\":796,\"height\":448,\"caption\":\"Uni\u00e3o Europeia mobiliza 153 milh\u00f5es de euros em ajuda humanit\u00e1ria \u00e0 Ucr\u00e2nia e \u00e0 Moldova\"},{\"@type\":\"BreadcrumbList\",\"@id\":\"https:\/\/portaltela.pt\/noticias\/2026\/01\/30\/ue-mobiliza-153-milhoes-de-euros-em-ajuda-humanitaria-para-ucrania-e-moldova\/#breadcrumb\",\"itemListElement\":[{\"@type\":\"ListItem\",\"position\":1,\"name\":\"In\u00edcio\",\"item\":\"https:\/\/portaltela.pt\/\"},{\"@type\":\"ListItem\",\"position\":2,\"name\":\"UE mobiliza 153 milh\u00f5es de euros em ajuda humanit\u00e1ria para Ucr\u00e2nia e Moldova\"}]},{\"@type\":\"WebSite\",\"@id\":\"https:\/\/portaltela.pt\/#website\",\"url\":\"https:\/\/portaltela.pt\/\",\"name\":\"Portal Tela Portugal\",\"description\":\"\",\"potentialAction\":[{\"@type\":\"SearchAction\",\"target\":{\"@type\":\"EntryPoint\",\"urlTemplate\":\"https:\/\/portaltela.pt\/?s={search_term_string}\"},\"query-input\":{\"@type\":\"PropertyValueSpecification\",\"valueRequired\":true,\"valueName\":\"search_term_string\"}}],\"inLanguage\":\"pt-PT\"},{\"@type\":\"Person\",\"@id\":\"https:\/\/portaltela.pt\/#\/schema\/person\/c4278d4a6028830caff9ee44b42d32ed\",\"name\":\"Telinha\",\"image\":{\"@type\":\"ImageObject\",\"inLanguage\":\"pt-PT\",\"@id\":\"https:\/\/portaltela.pt\/s.01k8rhncp4jt1\/2025\/11\/talking-bot-125x125.png\",\"url\":\"https:\/\/portaltela.pt\/s.01k8rhncp4jt1\/2025\/11\/talking-bot-125x125.png\",\"contentUrl\":\"https:\/\/portaltela.pt\/s.01k8rhncp4jt1\/2025\/11\/talking-bot-125x125.png\",\"caption\":\"Telinha\"},\"sameAs\":[\"https:\/\/portaltela.pt\/\"],\"url\":\"https:\/\/portaltela.pt\/por\/367410592786\/\"}]}<\/script>\n<!-- \/ Yoast SEO plugin. -->","yoast_head_json":{"title":"UE mobiliza 153 milh\u00f5es de euros em ajuda humanit\u00e1ria para Ucr\u00e2nia e Moldova - Portal Tela Portugal","robots":{"index":"index","follow":"follow","max-snippet":"max-snippet:-1","max-image-preview":"max-image-preview:large","max-video-preview":"max-video-preview:-1"},"og_locale":"pt_PT","og_type":"article","og_title":"UE mobiliza 153 milh\u00f5es de euros em ajuda humanit\u00e1ria para Ucr\u00e2nia e Moldova - Portal Tela Portugal","og_description":"A Uni\u00e3o Europeia anunciou 153 milh\u00f5es de euros em ajuda humanit\u00e1ria para a Ucr\u00e2nia e a Moldova, com 145 milh\u00f5es para a Ucr\u00e2nia e 8 milh\u00f5es para a Moldova, devido ao frio e \u00e0 falha de eletricidade. Paralelamente, foram anunciados 50 milh\u00f5es de euros para colmatar necessidades energ\u00e9ticas urgentes de Kiev no inverno. Esta semana j\u00e1 foram entregues 447 geradores de energia, no valor de 3,7 milh\u00f5es de euros, com mais 500 geradores a serem mobilizados a partir das reservas rescEU. Em parceria com o Banco Europeu de Investimento, a Comiss\u00e3o Europeia disponibilizou 50 milh\u00f5es de euros \u00e0 Naftogaz para sustentar o sistema energ\u00e9tico ucraniano durante o inverno. O apoio total da UE para as necessidades energ\u00e9ticas de inverno chega a 977 milh\u00f5es de euros para 2025-2026, e desde 2014 a UE j\u00e1 destinou mais de 1,4 mil milh\u00f5es de euros a programas de ajuda humanit\u00e1ria na Ucr\u00e2nia e na Moldova.","og_url":"https:\/\/portaltela.pt\/noticias\/2026\/01\/30\/ue-mobiliza-153-milhoes-de-euros-em-ajuda-humanitaria-para-ucrania-e-moldova\/","og_site_name":"Portal Tela Portugal","article_published_time":"2026-01-30T05:00:00+00:00","author":"Telinha","twitter_card":"summary_large_image","twitter_misc":{"Escrito por":"Telinha","Tempo estimado de leitura":"1 minuto"},"schema":{"@context":"https:\/\/schema.org","@graph":[{"@type":"Article","@id":"https:\/\/portaltela.pt\/noticias\/2026\/01\/30\/ue-mobiliza-153-milhoes-de-euros-em-ajuda-humanitaria-para-ucrania-e-moldova\/#article","isPartOf":{"@id":"https:\/\/portaltela.pt\/noticias\/2026\/01\/30\/ue-mobiliza-153-milhoes-de-euros-em-ajuda-humanitaria-para-ucrania-e-moldova\/"},"author":{"name":"Telinha","@id":"https:\/\/portaltela.pt\/#\/schema\/person\/c4278d4a6028830caff9ee44b42d32ed"},"headline":"UE mobiliza 153 milh\u00f5es de euros em ajuda humanit\u00e1ria para Ucr\u00e2nia e Moldova","datePublished":"2026-01-30T05:00:00+00:00","mainEntityOfPage":{"@id":"https:\/\/portaltela.pt\/noticias\/2026\/01\/30\/ue-mobiliza-153-milhoes-de-euros-em-ajuda-humanitaria-para-ucrania-e-moldova\/"},"wordCount":310,"image":{"@id":"https:\/\/portaltela.pt\/noticias\/2026\/01\/30\/ue-mobiliza-153-milhoes-de-euros-em-ajuda-humanitaria-para-ucrania-e-moldova\/#primaryimage"},"thumbnailUrl":"https:\/\/portaltela.pt\/s.01k8rhncp4jt1\/2026\/01\/unnamed-file-5984.jpg","keywords":["Apoio energ\u00e9tico","coopera\u00e7\u00e3o internacional","energia","refugiados internos","Ucr\u00e2nia","Uni\u00e3o Europeia"],"articleSection":["Not\u00edcias"],"inLanguage":"pt-PT"},{"@type":"WebPage","@id":"https:\/\/portaltela.pt\/noticias\/2026\/01\/30\/ue-mobiliza-153-milhoes-de-euros-em-ajuda-humanitaria-para-ucrania-e-moldova\/","url":"https:\/\/portaltela.pt\/noticias\/2026\/01\/30\/ue-mobiliza-153-milhoes-de-euros-em-ajuda-humanitaria-para-ucrania-e-moldova\/","name":"UE mobiliza 153 milh\u00f5es de euros em ajuda humanit\u00e1ria para Ucr\u00e2nia e Moldova - Portal Tela Portugal","isPartOf":{"@id":"https:\/\/portaltela.pt\/#website"},"primaryImageOfPage":{"@id":"https:\/\/portaltela.pt\/noticias\/2026\/01\/30\/ue-mobiliza-153-milhoes-de-euros-em-ajuda-humanitaria-para-ucrania-e-moldova\/#primaryimage"},"image":{"@id":"https:\/\/portaltela.pt\/noticias\/2026\/01\/30\/ue-mobiliza-153-milhoes-de-euros-em-ajuda-humanitaria-para-ucrania-e-moldova\/#primaryimage"},"thumbnailUrl":"https:\/\/portaltela.pt\/s.01k8rhncp4jt1\/2026\/01\/unnamed-file-5984.jpg","datePublished":"2026-01-30T05:00:00+00:00","author":{"@id":"https:\/\/portaltela.pt\/#\/schema\/person\/c4278d4a6028830caff9ee44b42d32ed"},"breadcrumb":{"@id":"https:\/\/portaltela.pt\/noticias\/2026\/01\/30\/ue-mobiliza-153-milhoes-de-euros-em-ajuda-humanitaria-para-ucrania-e-moldova\/#breadcrumb"},"inLanguage":"pt-PT","potentialAction":[{"@type":"ReadAction","target":["https:\/\/portaltela.pt\/noticias\/2026\/01\/30\/ue-mobiliza-153-milhoes-de-euros-em-ajuda-humanitaria-para-ucrania-e-moldova\/"]}]},{"@type":"ImageObject","inLanguage":"pt-PT","@id":"https:\/\/portaltela.pt\/noticias\/2026\/01\/30\/ue-mobiliza-153-milhoes-de-euros-em-ajuda-humanitaria-para-ucrania-e-moldova\/#primaryimage","url":"https:\/\/portaltela.pt\/s.01k8rhncp4jt1\/2026\/01\/unnamed-file-5984.jpg","contentUrl":"https:\/\/portaltela.pt\/s.01k8rhncp4jt1\/2026\/01\/unnamed-file-5984.jpg","width":796,"height":448,"caption":"Uni\u00e3o Europeia mobiliza 153 milh\u00f5es de euros em ajuda humanit\u00e1ria \u00e0 Ucr\u00e2nia e \u00e0 Moldova"},{"@type":"BreadcrumbList","@id":"https:\/\/portaltela.pt\/noticias\/2026\/01\/30\/ue-mobiliza-153-milhoes-de-euros-em-ajuda-humanitaria-para-ucrania-e-moldova\/#breadcrumb","itemListElement":[{"@type":"ListItem","position":1,"name":"In\u00edcio","item":"https:\/\/portaltela.pt\/"},{"@type":"ListItem","position":2,"name":"UE mobiliza 153 milh\u00f5es de euros em ajuda humanit\u00e1ria para Ucr\u00e2nia e Moldova"}]},{"@type":"WebSite","@id":"https:\/\/portaltela.pt\/#website","url":"https:\/\/portaltela.pt\/","name":"Portal Tela Portugal","description":"","potentialAction":[{"@type":"SearchAction","target":{"@type":"EntryPoint","urlTemplate":"https:\/\/portaltela.pt\/?s={search_term_string}"},"query-input":{"@type":"PropertyValueSpecification","valueRequired":true,"valueName":"search_term_string"}}],"inLanguage":"pt-PT"},{"@type":"Person","@id":"https:\/\/portaltela.pt\/#\/schema\/person\/c4278d4a6028830caff9ee44b42d32ed","name":"Telinha","image":{"@type":"ImageObject","inLanguage":"pt-PT","@id":"https:\/\/portaltela.pt\/s.01k8rhncp4jt1\/2025\/11\/talking-bot-125x125.png","url":"https:\/\/portaltela.pt\/s.01k8rhncp4jt1\/2025\/11\/talking-bot-125x125.png","contentUrl":"https:\/\/portaltela.pt\/s.01k8rhncp4jt1\/2025\/11\/talking-bot-125x125.png","caption":"Telinha"},"sameAs":["https:\/\/portaltela.pt\/"],"url":"https:\/\/portaltela.pt\/por\/367410592786\/"}]}},"_links":{"self":[{"href":"https:\/\/portaltela.pt\/api\/wp\/v2\/posts\/183064","targetHints":{"allow":["GET"]}}],"collection":[{"href":"https:\/\/portaltela.pt\/api\/wp\/v2\/posts"}],"about":[{"href":"https:\/\/portaltela.pt\/api\/wp\/v2\/types\/post"}],"author":[{"embeddable":true,"href":"https:\/\/portaltela.pt\/api\/wp\/v2\/users\/2"}],"replies":[{"embeddable":true,"href":"https:\/\/portaltela.pt\/api\/wp\/v2\/comments?post=183064"}],"version-history":[{"count":0,"href":"https:\/\/portaltela.pt\/api\/wp\/v2\/posts\/183064\/revisions"}],"wp:featuredmedia":[{"embeddable":true,"href":"https:\/\/portaltela.pt\/api\/wp\/v2\/media\/183068"}],"wp:attachment":[{"href":"https:\/\/portaltela.pt\/api\/wp\/v2\/media?parent=183064"}],"wp:term":[{"taxonomy":"category","embeddable":true,"href":"https:\/\/portaltela.pt\/api\/wp\/v2\/categories?post=183064"},{"taxonomy":"post_tag","embeddable":true,"href":"https:\/\/portaltela.pt\/api\/wp\/v2\/tags?post=183064"}],"curies":[{"name":"wp","href":"https:\/\/api.w.org\/{rel}","templated":true}]}}