{"id":182959,"date":"2026-01-29T21:48:00","date_gmt":"2026-01-30T00:48:00","guid":{"rendered":"https:\/\/portaltela.pt\/noticias\/2026\/01\/29\/morre-aos-68-anos-o-cineasta-joao-canijo-referencia-do-cinema-portugues\/"},"modified":"2026-01-29T21:48:00","modified_gmt":"2026-01-30T00:48:00","slug":"morre-aos-68-anos-o-cineasta-joao-canijo-referencia-do-cinema-portugues","status":"publish","type":"post","link":"https:\/\/portaltela.pt\/noticias\/2026\/01\/29\/morre-aos-68-anos-o-cineasta-joao-canijo-referencia-do-cinema-portugues\/","title":{"rendered":"Morre aos 68 anos o cineasta Jo\u00e3o Canijo, refer\u00eancia do cinema portugu\u00eas"},"content":{"rendered":"<p>Jo\u00e3o Canijo, cineasta portugu\u00eas de 68 anos, morreu na quinta-feira v\u00edtima de um ataque card\u00edaco fulminante. O realizador distinguido com o Urso de Prata no Festival de Berlim, em 2023, pelo filme Mal Viver, faleceu na sua resid\u00eancia em Vila Vi\u00e7osa.<\/p>\n<p>O corpo foi encontrado na parte da tarde de quinta-feira pela empregada de limpeza, segundo confirma\u00e7\u00f5es de produtoras com quem trabalhou ao longo da carreira. A Midas Filmes, parceira habitual, confirmou o \u00f3bito.<\/p>\n<p>Nascido no Porto, Canijo iniciou a carreira na d\u00e9cada de 1980, com atua\u00e7\u00e3o como assistente de realiza\u00e7\u00e3o, colaborando com Manoel de Oliveira, Paulo Rocha e Wim Wenders. Debutou como realizador em 1990 com Filha da M\u00e3e.<\/p>\n<h3>Um cinema de fam\u00edlias e feridas abertas<\/h3>\n<p>A obra de Canijo consolidou-se pelo olhar sobre a sociedade portuguesa a partir do interior de fam\u00edlias, explorando conflitos, tens\u00f5es emocionais e rela\u00e7\u00f5es de poder. Figuras femininas intensas marcaram o seu cinema.<\/p>\n<p>Entre os t\u00edtulos mais reconhecidos est\u00e3o Sapatos Pretos (1997) e Sangue do Meu Sangue (2011). Em 2023, Mal Viver recebeu o Urso de Prata no Festival de Berlim, elevando o seu perfil internacional.<\/p>\n<p>Os dois filmes citados integraram candidaturas de Portugal aos \u00d3scares e deram origem \u00e0 s\u00e9rie Hotel do Rio, exibida pela RTP em 2024, apresentada como a vis\u00e3o total do enredo. O elenco incluiu nomes como Anabela Moreira, Rita Blanco e Nuno Lopes.<\/p>\n<p>Deixou ainda dois projetos em p\u00f3s-produ\u00e7\u00e3o: Encena\u00e7\u00e3o e As Ucranianas. A morte de Canijo representa uma perda relevante para o cinema portugu\u00eas, mantendo uma obra que confrontou os territ\u00f3rios mais \u00edntimos da experi\u00eancia humana.<\/p>\n","protected":false},"excerpt":{"rendered":"<ul>\n<li>O cineasta portugu\u00eas Jo\u00e3o Canijo, de 68 anos, morreu na quinta-feira v\u00edtima de um ataque card\u00edaco fulminante.<\/li>\n<li>O corpo foi encontrado \u00e0 tarde de quinta-feira na sua resid\u00eancia em Vila Vi\u00e7osa, pela empregada de limpeza, segundo produtoras que com ele trabalharam.<\/li>\n<li>Canijo destacou-se internacionalmente ao receber o Urso de Prata no Festival de Berlim, em 2023, pelo filme Mal Viver.<\/li>\n<li>Natural do Porto, abriu caminho no cinema portugu\u00eas nas d\u00e9cadas de oitenta, com obras que exploram fam\u00edlias e rela\u00e7\u00f5es de poder, como Sapatos Pretos e Sangue do Meu Sangue.<\/li>\n<li>Deixa dois filmes em p\u00f3s-produ\u00e7\u00e3o, Encena\u00e7\u00e3o e As Ucranianas, e uma filmografia que marcou o cinema nacional pelos retratos cru\u00e9is das din\u00e2micas familiares.<\/li>\n<\/ul>\n","protected":false},"author":2,"featured_media":182974,"comment_status":"closed","ping_status":"closed","sticky":false,"template":"","format":"standard","meta":{"footnotes":""},"categories":[1],"tags":[112,113,40,1014,4760],"class_list":["post-182959","post","type-post","status-publish","format-standard","has-post-thumbnail","hentry","category-noticias","tag-cinema","tag-filmes-e-series","tag-pessoas","tag-portugal","tag-urso-de-prata"],"yoast_head":"<!-- This site is optimized with the Yoast SEO plugin v27.2 - https:\/\/yoast.com\/product\/yoast-seo-wordpress\/ -->\n<title>Morre aos 68 anos o cineasta Jo\u00e3o Canijo, refer\u00eancia do cinema portugu\u00eas - Portal Tela Portugal<\/title>\n<meta name=\"robots\" content=\"index, follow, max-snippet:-1, max-image-preview:large, max-video-preview:-1\" \/>\n<meta property=\"og:locale\" content=\"pt_PT\" \/>\n<meta property=\"og:type\" content=\"article\" \/>\n<meta property=\"og:title\" content=\"Morre aos 68 anos o cineasta Jo\u00e3o Canijo, refer\u00eancia do cinema portugu\u00eas - Portal Tela Portugal\" \/>\n<meta property=\"og:description\" content=\"O cineasta portugu\u00eas Jo\u00e3o Canijo, de 68 anos, morreu na quinta-feira v\u00edtima de um ataque card\u00edaco fulminante. O corpo foi encontrado \u00e0 tarde de quinta-feira na sua resid\u00eancia em Vila Vi\u00e7osa, pela empregada de limpeza, segundo produtoras que com ele trabalharam. Canijo destacou-se internacionalmente ao receber o Urso de Prata no Festival de Berlim, em 2023, pelo filme Mal Viver. Natural do Porto, abriu caminho no cinema portugu\u00eas nas d\u00e9cadas de oitenta, com obras que exploram fam\u00edlias e rela\u00e7\u00f5es de poder, como Sapatos Pretos e Sangue do Meu Sangue. Deixa dois filmes em p\u00f3s-produ\u00e7\u00e3o, Encena\u00e7\u00e3o e As Ucranianas, e uma filmografia que marcou o cinema nacional pelos retratos cru\u00e9is das din\u00e2micas familiares.\" \/>\n<meta property=\"og:url\" content=\"https:\/\/portaltela.pt\/noticias\/2026\/01\/29\/morre-aos-68-anos-o-cineasta-joao-canijo-referencia-do-cinema-portugues\/\" \/>\n<meta property=\"og:site_name\" content=\"Portal Tela Portugal\" \/>\n<meta property=\"article:published_time\" content=\"2026-01-30T00:48:00+00:00\" \/>\n<meta name=\"author\" content=\"Telinha\" \/>\n<meta name=\"twitter:card\" content=\"summary_large_image\" \/>\n<meta name=\"twitter:label1\" content=\"Escrito por\" \/>\n\t<meta name=\"twitter:data1\" content=\"Telinha\" \/>\n\t<meta name=\"twitter:label2\" content=\"Tempo estimado de leitura\" \/>\n\t<meta name=\"twitter:data2\" content=\"1 minuto\" \/>\n<script type=\"application\/ld+json\" class=\"yoast-schema-graph\">{\"@context\":\"https:\/\/schema.org\",\"@graph\":[{\"@type\":\"Article\",\"@id\":\"https:\/\/portaltela.pt\/noticias\/2026\/01\/29\/morre-aos-68-anos-o-cineasta-joao-canijo-referencia-do-cinema-portugues\/#article\",\"isPartOf\":{\"@id\":\"https:\/\/portaltela.pt\/noticias\/2026\/01\/29\/morre-aos-68-anos-o-cineasta-joao-canijo-referencia-do-cinema-portugues\/\"},\"author\":{\"name\":\"Telinha\",\"@id\":\"https:\/\/portaltela.pt\/#\/schema\/person\/c4278d4a6028830caff9ee44b42d32ed\"},\"headline\":\"Morre aos 68 anos o cineasta Jo\u00e3o Canijo, refer\u00eancia do cinema portugu\u00eas\",\"datePublished\":\"2026-01-30T00:48:00+00:00\",\"mainEntityOfPage\":{\"@id\":\"https:\/\/portaltela.pt\/noticias\/2026\/01\/29\/morre-aos-68-anos-o-cineasta-joao-canijo-referencia-do-cinema-portugues\/\"},\"wordCount\":288,\"image\":{\"@id\":\"https:\/\/portaltela.pt\/noticias\/2026\/01\/29\/morre-aos-68-anos-o-cineasta-joao-canijo-referencia-do-cinema-portugues\/#primaryimage\"},\"thumbnailUrl\":\"https:\/\/portaltela.pt\/s.01k8rhncp4jt1\/2026\/01\/image-2088.jpg\",\"keywords\":[\"cinema\",\"filmes e s\u00e9ries\",\"pessoas\",\"Portugal\",\"Urso de Prata\"],\"articleSection\":[\"Not\u00edcias\"],\"inLanguage\":\"pt-PT\"},{\"@type\":\"WebPage\",\"@id\":\"https:\/\/portaltela.pt\/noticias\/2026\/01\/29\/morre-aos-68-anos-o-cineasta-joao-canijo-referencia-do-cinema-portugues\/\",\"url\":\"https:\/\/portaltela.pt\/noticias\/2026\/01\/29\/morre-aos-68-anos-o-cineasta-joao-canijo-referencia-do-cinema-portugues\/\",\"name\":\"Morre aos 68 anos o cineasta Jo\u00e3o Canijo, refer\u00eancia do cinema portugu\u00eas - Portal Tela Portugal\",\"isPartOf\":{\"@id\":\"https:\/\/portaltela.pt\/#website\"},\"primaryImageOfPage\":{\"@id\":\"https:\/\/portaltela.pt\/noticias\/2026\/01\/29\/morre-aos-68-anos-o-cineasta-joao-canijo-referencia-do-cinema-portugues\/#primaryimage\"},\"image\":{\"@id\":\"https:\/\/portaltela.pt\/noticias\/2026\/01\/29\/morre-aos-68-anos-o-cineasta-joao-canijo-referencia-do-cinema-portugues\/#primaryimage\"},\"thumbnailUrl\":\"https:\/\/portaltela.pt\/s.01k8rhncp4jt1\/2026\/01\/image-2088.jpg\",\"datePublished\":\"2026-01-30T00:48:00+00:00\",\"author\":{\"@id\":\"https:\/\/portaltela.pt\/#\/schema\/person\/c4278d4a6028830caff9ee44b42d32ed\"},\"breadcrumb\":{\"@id\":\"https:\/\/portaltela.pt\/noticias\/2026\/01\/29\/morre-aos-68-anos-o-cineasta-joao-canijo-referencia-do-cinema-portugues\/#breadcrumb\"},\"inLanguage\":\"pt-PT\",\"potentialAction\":[{\"@type\":\"ReadAction\",\"target\":[\"https:\/\/portaltela.pt\/noticias\/2026\/01\/29\/morre-aos-68-anos-o-cineasta-joao-canijo-referencia-do-cinema-portugues\/\"]}]},{\"@type\":\"ImageObject\",\"inLanguage\":\"pt-PT\",\"@id\":\"https:\/\/portaltela.pt\/noticias\/2026\/01\/29\/morre-aos-68-anos-o-cineasta-joao-canijo-referencia-do-cinema-portugues\/#primaryimage\",\"url\":\"https:\/\/portaltela.pt\/s.01k8rhncp4jt1\/2026\/01\/image-2088.jpg\",\"contentUrl\":\"https:\/\/portaltela.pt\/s.01k8rhncp4jt1\/2026\/01\/image-2088.jpg\",\"width\":796,\"height\":448,\"caption\":\"Jo\u00e3o Canijo venceu Urso de Prata no Festival de Berlim, em 2023\"},{\"@type\":\"BreadcrumbList\",\"@id\":\"https:\/\/portaltela.pt\/noticias\/2026\/01\/29\/morre-aos-68-anos-o-cineasta-joao-canijo-referencia-do-cinema-portugues\/#breadcrumb\",\"itemListElement\":[{\"@type\":\"ListItem\",\"position\":1,\"name\":\"In\u00edcio\",\"item\":\"https:\/\/portaltela.pt\/\"},{\"@type\":\"ListItem\",\"position\":2,\"name\":\"Morre aos 68 anos o cineasta Jo\u00e3o Canijo, refer\u00eancia do cinema portugu\u00eas\"}]},{\"@type\":\"WebSite\",\"@id\":\"https:\/\/portaltela.pt\/#website\",\"url\":\"https:\/\/portaltela.pt\/\",\"name\":\"Portal Tela Portugal\",\"description\":\"\",\"potentialAction\":[{\"@type\":\"SearchAction\",\"target\":{\"@type\":\"EntryPoint\",\"urlTemplate\":\"https:\/\/portaltela.pt\/?s={search_term_string}\"},\"query-input\":{\"@type\":\"PropertyValueSpecification\",\"valueRequired\":true,\"valueName\":\"search_term_string\"}}],\"inLanguage\":\"pt-PT\"},{\"@type\":\"Person\",\"@id\":\"https:\/\/portaltela.pt\/#\/schema\/person\/c4278d4a6028830caff9ee44b42d32ed\",\"name\":\"Telinha\",\"image\":{\"@type\":\"ImageObject\",\"inLanguage\":\"pt-PT\",\"@id\":\"https:\/\/portaltela.pt\/s.01k8rhncp4jt1\/2025\/11\/talking-bot-125x125.png\",\"url\":\"https:\/\/portaltela.pt\/s.01k8rhncp4jt1\/2025\/11\/talking-bot-125x125.png\",\"contentUrl\":\"https:\/\/portaltela.pt\/s.01k8rhncp4jt1\/2025\/11\/talking-bot-125x125.png\",\"caption\":\"Telinha\"},\"sameAs\":[\"https:\/\/portaltela.pt\/\"],\"url\":\"https:\/\/portaltela.pt\/por\/367410592786\/\"}]}<\/script>\n<!-- \/ Yoast SEO plugin. -->","yoast_head_json":{"title":"Morre aos 68 anos o cineasta Jo\u00e3o Canijo, refer\u00eancia do cinema portugu\u00eas - Portal Tela Portugal","robots":{"index":"index","follow":"follow","max-snippet":"max-snippet:-1","max-image-preview":"max-image-preview:large","max-video-preview":"max-video-preview:-1"},"og_locale":"pt_PT","og_type":"article","og_title":"Morre aos 68 anos o cineasta Jo\u00e3o Canijo, refer\u00eancia do cinema portugu\u00eas - Portal Tela Portugal","og_description":"O cineasta portugu\u00eas Jo\u00e3o Canijo, de 68 anos, morreu na quinta-feira v\u00edtima de um ataque card\u00edaco fulminante. O corpo foi encontrado \u00e0 tarde de quinta-feira na sua resid\u00eancia em Vila Vi\u00e7osa, pela empregada de limpeza, segundo produtoras que com ele trabalharam. Canijo destacou-se internacionalmente ao receber o Urso de Prata no Festival de Berlim, em 2023, pelo filme Mal Viver. Natural do Porto, abriu caminho no cinema portugu\u00eas nas d\u00e9cadas de oitenta, com obras que exploram fam\u00edlias e rela\u00e7\u00f5es de poder, como Sapatos Pretos e Sangue do Meu Sangue. Deixa dois filmes em p\u00f3s-produ\u00e7\u00e3o, Encena\u00e7\u00e3o e As Ucranianas, e uma filmografia que marcou o cinema nacional pelos retratos cru\u00e9is das din\u00e2micas familiares.","og_url":"https:\/\/portaltela.pt\/noticias\/2026\/01\/29\/morre-aos-68-anos-o-cineasta-joao-canijo-referencia-do-cinema-portugues\/","og_site_name":"Portal Tela Portugal","article_published_time":"2026-01-30T00:48:00+00:00","author":"Telinha","twitter_card":"summary_large_image","twitter_misc":{"Escrito por":"Telinha","Tempo estimado de leitura":"1 minuto"},"schema":{"@context":"https:\/\/schema.org","@graph":[{"@type":"Article","@id":"https:\/\/portaltela.pt\/noticias\/2026\/01\/29\/morre-aos-68-anos-o-cineasta-joao-canijo-referencia-do-cinema-portugues\/#article","isPartOf":{"@id":"https:\/\/portaltela.pt\/noticias\/2026\/01\/29\/morre-aos-68-anos-o-cineasta-joao-canijo-referencia-do-cinema-portugues\/"},"author":{"name":"Telinha","@id":"https:\/\/portaltela.pt\/#\/schema\/person\/c4278d4a6028830caff9ee44b42d32ed"},"headline":"Morre aos 68 anos o cineasta Jo\u00e3o Canijo, refer\u00eancia do cinema portugu\u00eas","datePublished":"2026-01-30T00:48:00+00:00","mainEntityOfPage":{"@id":"https:\/\/portaltela.pt\/noticias\/2026\/01\/29\/morre-aos-68-anos-o-cineasta-joao-canijo-referencia-do-cinema-portugues\/"},"wordCount":288,"image":{"@id":"https:\/\/portaltela.pt\/noticias\/2026\/01\/29\/morre-aos-68-anos-o-cineasta-joao-canijo-referencia-do-cinema-portugues\/#primaryimage"},"thumbnailUrl":"https:\/\/portaltela.pt\/s.01k8rhncp4jt1\/2026\/01\/image-2088.jpg","keywords":["cinema","filmes e s\u00e9ries","pessoas","Portugal","Urso de Prata"],"articleSection":["Not\u00edcias"],"inLanguage":"pt-PT"},{"@type":"WebPage","@id":"https:\/\/portaltela.pt\/noticias\/2026\/01\/29\/morre-aos-68-anos-o-cineasta-joao-canijo-referencia-do-cinema-portugues\/","url":"https:\/\/portaltela.pt\/noticias\/2026\/01\/29\/morre-aos-68-anos-o-cineasta-joao-canijo-referencia-do-cinema-portugues\/","name":"Morre aos 68 anos o cineasta Jo\u00e3o Canijo, refer\u00eancia do cinema portugu\u00eas - Portal Tela Portugal","isPartOf":{"@id":"https:\/\/portaltela.pt\/#website"},"primaryImageOfPage":{"@id":"https:\/\/portaltela.pt\/noticias\/2026\/01\/29\/morre-aos-68-anos-o-cineasta-joao-canijo-referencia-do-cinema-portugues\/#primaryimage"},"image":{"@id":"https:\/\/portaltela.pt\/noticias\/2026\/01\/29\/morre-aos-68-anos-o-cineasta-joao-canijo-referencia-do-cinema-portugues\/#primaryimage"},"thumbnailUrl":"https:\/\/portaltela.pt\/s.01k8rhncp4jt1\/2026\/01\/image-2088.jpg","datePublished":"2026-01-30T00:48:00+00:00","author":{"@id":"https:\/\/portaltela.pt\/#\/schema\/person\/c4278d4a6028830caff9ee44b42d32ed"},"breadcrumb":{"@id":"https:\/\/portaltela.pt\/noticias\/2026\/01\/29\/morre-aos-68-anos-o-cineasta-joao-canijo-referencia-do-cinema-portugues\/#breadcrumb"},"inLanguage":"pt-PT","potentialAction":[{"@type":"ReadAction","target":["https:\/\/portaltela.pt\/noticias\/2026\/01\/29\/morre-aos-68-anos-o-cineasta-joao-canijo-referencia-do-cinema-portugues\/"]}]},{"@type":"ImageObject","inLanguage":"pt-PT","@id":"https:\/\/portaltela.pt\/noticias\/2026\/01\/29\/morre-aos-68-anos-o-cineasta-joao-canijo-referencia-do-cinema-portugues\/#primaryimage","url":"https:\/\/portaltela.pt\/s.01k8rhncp4jt1\/2026\/01\/image-2088.jpg","contentUrl":"https:\/\/portaltela.pt\/s.01k8rhncp4jt1\/2026\/01\/image-2088.jpg","width":796,"height":448,"caption":"Jo\u00e3o Canijo venceu Urso de Prata no Festival de Berlim, em 2023"},{"@type":"BreadcrumbList","@id":"https:\/\/portaltela.pt\/noticias\/2026\/01\/29\/morre-aos-68-anos-o-cineasta-joao-canijo-referencia-do-cinema-portugues\/#breadcrumb","itemListElement":[{"@type":"ListItem","position":1,"name":"In\u00edcio","item":"https:\/\/portaltela.pt\/"},{"@type":"ListItem","position":2,"name":"Morre aos 68 anos o cineasta Jo\u00e3o Canijo, refer\u00eancia do cinema portugu\u00eas"}]},{"@type":"WebSite","@id":"https:\/\/portaltela.pt\/#website","url":"https:\/\/portaltela.pt\/","name":"Portal Tela Portugal","description":"","potentialAction":[{"@type":"SearchAction","target":{"@type":"EntryPoint","urlTemplate":"https:\/\/portaltela.pt\/?s={search_term_string}"},"query-input":{"@type":"PropertyValueSpecification","valueRequired":true,"valueName":"search_term_string"}}],"inLanguage":"pt-PT"},{"@type":"Person","@id":"https:\/\/portaltela.pt\/#\/schema\/person\/c4278d4a6028830caff9ee44b42d32ed","name":"Telinha","image":{"@type":"ImageObject","inLanguage":"pt-PT","@id":"https:\/\/portaltela.pt\/s.01k8rhncp4jt1\/2025\/11\/talking-bot-125x125.png","url":"https:\/\/portaltela.pt\/s.01k8rhncp4jt1\/2025\/11\/talking-bot-125x125.png","contentUrl":"https:\/\/portaltela.pt\/s.01k8rhncp4jt1\/2025\/11\/talking-bot-125x125.png","caption":"Telinha"},"sameAs":["https:\/\/portaltela.pt\/"],"url":"https:\/\/portaltela.pt\/por\/367410592786\/"}]}},"_links":{"self":[{"href":"https:\/\/portaltela.pt\/api\/wp\/v2\/posts\/182959","targetHints":{"allow":["GET"]}}],"collection":[{"href":"https:\/\/portaltela.pt\/api\/wp\/v2\/posts"}],"about":[{"href":"https:\/\/portaltela.pt\/api\/wp\/v2\/types\/post"}],"author":[{"embeddable":true,"href":"https:\/\/portaltela.pt\/api\/wp\/v2\/users\/2"}],"replies":[{"embeddable":true,"href":"https:\/\/portaltela.pt\/api\/wp\/v2\/comments?post=182959"}],"version-history":[{"count":0,"href":"https:\/\/portaltela.pt\/api\/wp\/v2\/posts\/182959\/revisions"}],"wp:featuredmedia":[{"embeddable":true,"href":"https:\/\/portaltela.pt\/api\/wp\/v2\/media\/182974"}],"wp:attachment":[{"href":"https:\/\/portaltela.pt\/api\/wp\/v2\/media?parent=182959"}],"wp:term":[{"taxonomy":"category","embeddable":true,"href":"https:\/\/portaltela.pt\/api\/wp\/v2\/categories?post=182959"},{"taxonomy":"post_tag","embeddable":true,"href":"https:\/\/portaltela.pt\/api\/wp\/v2\/tags?post=182959"}],"curies":[{"name":"wp","href":"https:\/\/api.w.org\/{rel}","templated":true}]}}