{"id":182873,"date":"2026-01-29T20:59:48","date_gmt":"2026-01-29T23:59:48","guid":{"rendered":"https:\/\/portaltela.pt\/noticias\/2026\/01\/29\/poucos-pedidos-de-habitacao-apos-reclassificacao-de-solos-rusticos\/"},"modified":"2026-01-29T20:59:48","modified_gmt":"2026-01-29T23:59:48","slug":"poucos-pedidos-de-habitacao-apos-reclassificacao-de-solos-rusticos","status":"publish","type":"post","link":"https:\/\/portaltela.pt\/noticias\/2026\/01\/29\/poucos-pedidos-de-habitacao-apos-reclassificacao-de-solos-rusticos\/","title":{"rendered":"Poucos pedidos de habita\u00e7\u00e3o ap\u00f3s reclassifica\u00e7\u00e3o de solos r\u00fasticos"},"content":{"rendered":"<p>Um ano ap\u00f3s entrar em vigor a altera\u00e7\u00e3o ao Regime Jur\u00eddico dos Instrumentos de Gest\u00e3o Territorial (RJIGT), que permite reclassificar solos r\u00fasticos em urbanos por delibera\u00e7\u00e3o municipal, os benef\u00edcios para habita\u00e7\u00e3o aparecem limitados. Pedidos t\u00eam-se dirigido maioritariamente a atividades econ\u00f3micas.<\/p>\n<p>O decreto-lei 117\/2024, de 30 de dezembro, passou a simplificar os licenciamentos no \u00e2mbito do urbanismo, ordenamento do territ\u00f3rio e ind\u00fastria. A altera\u00e7\u00e3o entrou em vigor a 31 de dezembro de 2024, resultando de um entendimento entre PSD e PS no parlamento.<\/p>\n<p>Para j\u00e1, n\u00e3o existem n\u00fameros oficiais sobre reclassifica\u00e7\u00f5es, mas a Associa\u00e7\u00e3o Portuguesa de Urbanistas (APU) indica, numa primeira an\u00e1lise, que at\u00e9 setembro de 2025 foram poucos os casos no pa\u00eds. Um total de 16 reclassifica\u00e7\u00f5es registadas pela organiza\u00e7\u00e3o.<\/p>\n<p>As reclassifica\u00e7\u00f5es conclu\u00eddas surgem em munic\u00edpios de m\u00e9dia dimens\u00e3o, incluindo Albergaria-a-Velha, Castelo de Paiva, Santa Maria da Feira, Arganil, Coimbra, Figueira da Foz, T\u00e1bua, Albufeira, Olh\u00e3o, Amarante, Ma\u00e7\u00e3o, Alcochete e Paredes de Coura. A maioria ocorreu fora das \u00e1reas metropolitanas de Lisboa e do Porto.<\/p>\n<p>Segundo Manuel Miranda, presidente da APU, cerca de 75% dos pedidos visaram atividades econ\u00f3micas, com apenas alguns dedicados \u00e0 habita\u00e7\u00e3o, nomeadamente em Albufeira, T\u00e1bua e Paredes de Coura. O urbanista adianta que a associa\u00e7\u00e3o vai preparar um estudo com dois anos completos da aplica\u00e7\u00e3o do regime.<\/p>\n<p>Miranda reconhece que n\u00e3o houve acelera\u00e7\u00e3o brusca da din\u00e2mica, mas aponta d\u00favidas sobre a legitimidade jur\u00eddica destes mecanismos, o que levou a prud\u00eancia nos Munic\u00edpios. O f\u00e9rreo receio pode ter tamb\u00e9m sido influenciado por elei\u00e7\u00f5es aut\u00e1rquicas, diz o respons\u00e1vel.<\/p>\n<p>A pesquisa aponta que as reclassifica\u00e7\u00f5es econ\u00f3micas s\u00e3o limitadas por projetos vis\u00edveis e pelo debate p\u00fablico sobre a utilidade do regime na redu\u00e7\u00e3o do pre\u00e7o da habita\u00e7\u00e3o. O presidente da APU considera que, se o ritmo continuar, o regime poder\u00e1 revelar pouca utilidade, ou at\u00e9 desordenar setores ao permitir instala\u00e7\u00f5es avulsas.<\/p>\n<p>O parlamento exigiu uma avalia\u00e7\u00e3o da aplica\u00e7\u00e3o do novo regime, vigente por quatro anos. A APU ressalva que, se a tend\u00eancia se mantiver, poder\u00e1 concluir pela baixa efetividade do instrumento, ainda que mantenha potenciais impactos negativos em termos de ordena\u00e7\u00e3o.<\/p>\n<p>O regime especial determina que pelo menos 700 a 1.000 metros quadrados da \u00e1rea de constru\u00e7\u00e3o acima do solo sejam dedicados a habita\u00e7\u00e3o p\u00fablica ou de custo controlado, assegurando infraestruturas gerais. O crit\u00e9rio territorial exige contiguidade com o solo urbano para consolidar a urbaniza\u00e7\u00e3o.<\/p>\n","protected":false},"excerpt":{"rendered":"<ul>\n<li>Um ano ap\u00f3s a altera\u00e7\u00e3o ao Regime Jur\u00eddico dos Instrumentos de Gest\u00e3o Territorial (RJIGT), foi criada uma via de reclassifica\u00e7\u00e3o de solos r\u00fasticos em urbanos, com regras simplificadas.<\/li>\n<li>O decreto-lei 117\/2024, de 30 de dezembro, introduziu a 7.\u00aa altera\u00e7\u00e3o ao RJIGT, permitindo delibera\u00e7\u00e3o municipal para reclassificar terrenos para constru\u00e7\u00e3o de habita\u00e7\u00e3o, com efeitos a 31 de dezembro de 2024.<\/li>\n<li>At\u00e9 setembro de 2025, foram publicadas 16 reclassifica\u00e7\u00f5es, muitas iniciadas em 2024, com apenas alguns casos de habita\u00e7\u00e3o e a maioria direcionada para atividades econ\u00f3micas.<\/li>\n<li>Segundo a Associa\u00e7\u00e3o Portuguesa de Urbanistas, a maior parte dos pedidos ocorreu fora de \u00e1reas metropolitanas de Lisboa e do Porto, cerca de 75% para atividades econ\u00f3micas.<\/li>\n<li>O regime vigora por quatro anos; especialistas destacam que o baixo n\u00famero de reclassifica\u00e7\u00f5es pode dever-se a d\u00favidas legais e prud\u00eancia dos munic\u00edpios, com poss\u00edveis impactos na efic\u00e1cia da medida.<\/li>\n<\/ul>\n","protected":false},"author":2,"featured_media":182882,"comment_status":"closed","ping_status":"closed","sticky":false,"template":"","format":"standard","meta":{"footnotes":""},"categories":[1],"tags":[150,2287,1010,1506,3148,189],"class_list":["post-182873","post","type-post","status-publish","format-standard","has-post-thumbnail","hentry","category-noticias","tag-habitacao","tag-habitacao-a-custos-controlados","tag-habitacao-publica","tag-ordenamento-do-territorio","tag-planeamento-urbano","tag-urbanismo"],"yoast_head":"<!-- This site is optimized with the Yoast SEO plugin v27.2 - https:\/\/yoast.com\/product\/yoast-seo-wordpress\/ -->\n<title>Poucos pedidos de habita\u00e7\u00e3o ap\u00f3s reclassifica\u00e7\u00e3o de solos r\u00fasticos - Portal Tela Portugal<\/title>\n<meta name=\"robots\" content=\"index, follow, max-snippet:-1, max-image-preview:large, max-video-preview:-1\" \/>\n<meta property=\"og:locale\" content=\"pt_PT\" \/>\n<meta property=\"og:type\" content=\"article\" \/>\n<meta property=\"og:title\" content=\"Poucos pedidos de habita\u00e7\u00e3o ap\u00f3s reclassifica\u00e7\u00e3o de solos r\u00fasticos - Portal Tela Portugal\" \/>\n<meta property=\"og:description\" content=\"Um ano ap\u00f3s a altera\u00e7\u00e3o ao Regime Jur\u00eddico dos Instrumentos de Gest\u00e3o Territorial (RJIGT), foi criada uma via de reclassifica\u00e7\u00e3o de solos r\u00fasticos em urbanos, com regras simplificadas. O decreto-lei 117\/2024, de 30 de dezembro, introduziu a 7.\u00aa altera\u00e7\u00e3o ao RJIGT, permitindo delibera\u00e7\u00e3o municipal para reclassificar terrenos para constru\u00e7\u00e3o de habita\u00e7\u00e3o, com efeitos a 31 de dezembro de 2024. At\u00e9 setembro de 2025, foram publicadas 16 reclassifica\u00e7\u00f5es, muitas iniciadas em 2024, com apenas alguns casos de habita\u00e7\u00e3o e a maioria direcionada para atividades econ\u00f3micas. Segundo a Associa\u00e7\u00e3o Portuguesa de Urbanistas, a maior parte dos pedidos ocorreu fora de \u00e1reas metropolitanas de Lisboa e do Porto, cerca de 75% para atividades econ\u00f3micas. O regime vigora por quatro anos; especialistas destacam que o baixo n\u00famero de reclassifica\u00e7\u00f5es pode dever-se a d\u00favidas legais e prud\u00eancia dos munic\u00edpios, com poss\u00edveis impactos na efic\u00e1cia da medida.\" \/>\n<meta property=\"og:url\" content=\"https:\/\/portaltela.pt\/noticias\/2026\/01\/29\/poucos-pedidos-de-habitacao-apos-reclassificacao-de-solos-rusticos\/\" \/>\n<meta property=\"og:site_name\" content=\"Portal Tela Portugal\" \/>\n<meta property=\"article:published_time\" content=\"2026-01-29T23:59:48+00:00\" \/>\n<meta name=\"author\" content=\"Telinha\" \/>\n<meta name=\"twitter:card\" content=\"summary_large_image\" \/>\n<meta name=\"twitter:label1\" content=\"Escrito por\" \/>\n\t<meta name=\"twitter:data1\" content=\"Telinha\" \/>\n\t<meta name=\"twitter:label2\" content=\"Tempo estimado de leitura\" \/>\n\t<meta name=\"twitter:data2\" content=\"2 minutos\" \/>\n<script type=\"application\/ld+json\" class=\"yoast-schema-graph\">{\"@context\":\"https:\/\/schema.org\",\"@graph\":[{\"@type\":\"Article\",\"@id\":\"https:\/\/portaltela.pt\/noticias\/2026\/01\/29\/poucos-pedidos-de-habitacao-apos-reclassificacao-de-solos-rusticos\/#article\",\"isPartOf\":{\"@id\":\"https:\/\/portaltela.pt\/noticias\/2026\/01\/29\/poucos-pedidos-de-habitacao-apos-reclassificacao-de-solos-rusticos\/\"},\"author\":{\"name\":\"Telinha\",\"@id\":\"https:\/\/portaltela.pt\/#\/schema\/person\/c4278d4a6028830caff9ee44b42d32ed\"},\"headline\":\"Poucos pedidos de habita\u00e7\u00e3o ap\u00f3s reclassifica\u00e7\u00e3o de solos r\u00fasticos\",\"datePublished\":\"2026-01-29T23:59:48+00:00\",\"mainEntityOfPage\":{\"@id\":\"https:\/\/portaltela.pt\/noticias\/2026\/01\/29\/poucos-pedidos-de-habitacao-apos-reclassificacao-de-solos-rusticos\/\"},\"wordCount\":452,\"image\":{\"@id\":\"https:\/\/portaltela.pt\/noticias\/2026\/01\/29\/poucos-pedidos-de-habitacao-apos-reclassificacao-de-solos-rusticos\/#primaryimage\"},\"thumbnailUrl\":\"https:\/\/portaltela.pt\/s.01k8rhncp4jt1\/2026\/01\/img_1500x1000uu2023-05-01-21-01-13-1337988-2.jpg\",\"keywords\":[\"habita\u00e7\u00e3o\",\"habita\u00e7\u00e3o a custos controlados\",\"habita\u00e7\u00e3o p\u00fablica\",\"ordenamento do territ\u00f3rio\",\"planeamento urbano\",\"urbanismo\"],\"articleSection\":[\"Not\u00edcias\"],\"inLanguage\":\"pt-PT\"},{\"@type\":\"WebPage\",\"@id\":\"https:\/\/portaltela.pt\/noticias\/2026\/01\/29\/poucos-pedidos-de-habitacao-apos-reclassificacao-de-solos-rusticos\/\",\"url\":\"https:\/\/portaltela.pt\/noticias\/2026\/01\/29\/poucos-pedidos-de-habitacao-apos-reclassificacao-de-solos-rusticos\/\",\"name\":\"Poucos pedidos de habita\u00e7\u00e3o ap\u00f3s reclassifica\u00e7\u00e3o de solos r\u00fasticos - Portal Tela Portugal\",\"isPartOf\":{\"@id\":\"https:\/\/portaltela.pt\/#website\"},\"primaryImageOfPage\":{\"@id\":\"https:\/\/portaltela.pt\/noticias\/2026\/01\/29\/poucos-pedidos-de-habitacao-apos-reclassificacao-de-solos-rusticos\/#primaryimage\"},\"image\":{\"@id\":\"https:\/\/portaltela.pt\/noticias\/2026\/01\/29\/poucos-pedidos-de-habitacao-apos-reclassificacao-de-solos-rusticos\/#primaryimage\"},\"thumbnailUrl\":\"https:\/\/portaltela.pt\/s.01k8rhncp4jt1\/2026\/01\/img_1500x1000uu2023-05-01-21-01-13-1337988-2.jpg\",\"datePublished\":\"2026-01-29T23:59:48+00:00\",\"author\":{\"@id\":\"https:\/\/portaltela.pt\/#\/schema\/person\/c4278d4a6028830caff9ee44b42d32ed\"},\"breadcrumb\":{\"@id\":\"https:\/\/portaltela.pt\/noticias\/2026\/01\/29\/poucos-pedidos-de-habitacao-apos-reclassificacao-de-solos-rusticos\/#breadcrumb\"},\"inLanguage\":\"pt-PT\",\"potentialAction\":[{\"@type\":\"ReadAction\",\"target\":[\"https:\/\/portaltela.pt\/noticias\/2026\/01\/29\/poucos-pedidos-de-habitacao-apos-reclassificacao-de-solos-rusticos\/\"]}]},{\"@type\":\"ImageObject\",\"inLanguage\":\"pt-PT\",\"@id\":\"https:\/\/portaltela.pt\/noticias\/2026\/01\/29\/poucos-pedidos-de-habitacao-apos-reclassificacao-de-solos-rusticos\/#primaryimage\",\"url\":\"https:\/\/portaltela.pt\/s.01k8rhncp4jt1\/2026\/01\/img_1500x1000uu2023-05-01-21-01-13-1337988-2.jpg\",\"contentUrl\":\"https:\/\/portaltela.pt\/s.01k8rhncp4jt1\/2026\/01\/img_1500x1000uu2023-05-01-21-01-13-1337988-2.jpg\",\"width\":796,\"height\":448,\"caption\":\"Habita\u00e7\u00e3o\"},{\"@type\":\"BreadcrumbList\",\"@id\":\"https:\/\/portaltela.pt\/noticias\/2026\/01\/29\/poucos-pedidos-de-habitacao-apos-reclassificacao-de-solos-rusticos\/#breadcrumb\",\"itemListElement\":[{\"@type\":\"ListItem\",\"position\":1,\"name\":\"In\u00edcio\",\"item\":\"https:\/\/portaltela.pt\/\"},{\"@type\":\"ListItem\",\"position\":2,\"name\":\"Poucos pedidos de habita\u00e7\u00e3o ap\u00f3s reclassifica\u00e7\u00e3o de solos r\u00fasticos\"}]},{\"@type\":\"WebSite\",\"@id\":\"https:\/\/portaltela.pt\/#website\",\"url\":\"https:\/\/portaltela.pt\/\",\"name\":\"Portal Tela Portugal\",\"description\":\"\",\"potentialAction\":[{\"@type\":\"SearchAction\",\"target\":{\"@type\":\"EntryPoint\",\"urlTemplate\":\"https:\/\/portaltela.pt\/?s={search_term_string}\"},\"query-input\":{\"@type\":\"PropertyValueSpecification\",\"valueRequired\":true,\"valueName\":\"search_term_string\"}}],\"inLanguage\":\"pt-PT\"},{\"@type\":\"Person\",\"@id\":\"https:\/\/portaltela.pt\/#\/schema\/person\/c4278d4a6028830caff9ee44b42d32ed\",\"name\":\"Telinha\",\"image\":{\"@type\":\"ImageObject\",\"inLanguage\":\"pt-PT\",\"@id\":\"https:\/\/portaltela.pt\/s.01k8rhncp4jt1\/2025\/11\/talking-bot-125x125.png\",\"url\":\"https:\/\/portaltela.pt\/s.01k8rhncp4jt1\/2025\/11\/talking-bot-125x125.png\",\"contentUrl\":\"https:\/\/portaltela.pt\/s.01k8rhncp4jt1\/2025\/11\/talking-bot-125x125.png\",\"caption\":\"Telinha\"},\"sameAs\":[\"https:\/\/portaltela.pt\/\"],\"url\":\"https:\/\/portaltela.pt\/por\/367410592786\/\"}]}<\/script>\n<!-- \/ Yoast SEO plugin. -->","yoast_head_json":{"title":"Poucos pedidos de habita\u00e7\u00e3o ap\u00f3s reclassifica\u00e7\u00e3o de solos r\u00fasticos - Portal Tela Portugal","robots":{"index":"index","follow":"follow","max-snippet":"max-snippet:-1","max-image-preview":"max-image-preview:large","max-video-preview":"max-video-preview:-1"},"og_locale":"pt_PT","og_type":"article","og_title":"Poucos pedidos de habita\u00e7\u00e3o ap\u00f3s reclassifica\u00e7\u00e3o de solos r\u00fasticos - Portal Tela Portugal","og_description":"Um ano ap\u00f3s a altera\u00e7\u00e3o ao Regime Jur\u00eddico dos Instrumentos de Gest\u00e3o Territorial (RJIGT), foi criada uma via de reclassifica\u00e7\u00e3o de solos r\u00fasticos em urbanos, com regras simplificadas. O decreto-lei 117\/2024, de 30 de dezembro, introduziu a 7.\u00aa altera\u00e7\u00e3o ao RJIGT, permitindo delibera\u00e7\u00e3o municipal para reclassificar terrenos para constru\u00e7\u00e3o de habita\u00e7\u00e3o, com efeitos a 31 de dezembro de 2024. At\u00e9 setembro de 2025, foram publicadas 16 reclassifica\u00e7\u00f5es, muitas iniciadas em 2024, com apenas alguns casos de habita\u00e7\u00e3o e a maioria direcionada para atividades econ\u00f3micas. Segundo a Associa\u00e7\u00e3o Portuguesa de Urbanistas, a maior parte dos pedidos ocorreu fora de \u00e1reas metropolitanas de Lisboa e do Porto, cerca de 75% para atividades econ\u00f3micas. O regime vigora por quatro anos; especialistas destacam que o baixo n\u00famero de reclassifica\u00e7\u00f5es pode dever-se a d\u00favidas legais e prud\u00eancia dos munic\u00edpios, com poss\u00edveis impactos na efic\u00e1cia da medida.","og_url":"https:\/\/portaltela.pt\/noticias\/2026\/01\/29\/poucos-pedidos-de-habitacao-apos-reclassificacao-de-solos-rusticos\/","og_site_name":"Portal Tela Portugal","article_published_time":"2026-01-29T23:59:48+00:00","author":"Telinha","twitter_card":"summary_large_image","twitter_misc":{"Escrito por":"Telinha","Tempo estimado de leitura":"2 minutos"},"schema":{"@context":"https:\/\/schema.org","@graph":[{"@type":"Article","@id":"https:\/\/portaltela.pt\/noticias\/2026\/01\/29\/poucos-pedidos-de-habitacao-apos-reclassificacao-de-solos-rusticos\/#article","isPartOf":{"@id":"https:\/\/portaltela.pt\/noticias\/2026\/01\/29\/poucos-pedidos-de-habitacao-apos-reclassificacao-de-solos-rusticos\/"},"author":{"name":"Telinha","@id":"https:\/\/portaltela.pt\/#\/schema\/person\/c4278d4a6028830caff9ee44b42d32ed"},"headline":"Poucos pedidos de habita\u00e7\u00e3o ap\u00f3s reclassifica\u00e7\u00e3o de solos r\u00fasticos","datePublished":"2026-01-29T23:59:48+00:00","mainEntityOfPage":{"@id":"https:\/\/portaltela.pt\/noticias\/2026\/01\/29\/poucos-pedidos-de-habitacao-apos-reclassificacao-de-solos-rusticos\/"},"wordCount":452,"image":{"@id":"https:\/\/portaltela.pt\/noticias\/2026\/01\/29\/poucos-pedidos-de-habitacao-apos-reclassificacao-de-solos-rusticos\/#primaryimage"},"thumbnailUrl":"https:\/\/portaltela.pt\/s.01k8rhncp4jt1\/2026\/01\/img_1500x1000uu2023-05-01-21-01-13-1337988-2.jpg","keywords":["habita\u00e7\u00e3o","habita\u00e7\u00e3o a custos controlados","habita\u00e7\u00e3o p\u00fablica","ordenamento do territ\u00f3rio","planeamento urbano","urbanismo"],"articleSection":["Not\u00edcias"],"inLanguage":"pt-PT"},{"@type":"WebPage","@id":"https:\/\/portaltela.pt\/noticias\/2026\/01\/29\/poucos-pedidos-de-habitacao-apos-reclassificacao-de-solos-rusticos\/","url":"https:\/\/portaltela.pt\/noticias\/2026\/01\/29\/poucos-pedidos-de-habitacao-apos-reclassificacao-de-solos-rusticos\/","name":"Poucos pedidos de habita\u00e7\u00e3o ap\u00f3s reclassifica\u00e7\u00e3o de solos r\u00fasticos - Portal Tela Portugal","isPartOf":{"@id":"https:\/\/portaltela.pt\/#website"},"primaryImageOfPage":{"@id":"https:\/\/portaltela.pt\/noticias\/2026\/01\/29\/poucos-pedidos-de-habitacao-apos-reclassificacao-de-solos-rusticos\/#primaryimage"},"image":{"@id":"https:\/\/portaltela.pt\/noticias\/2026\/01\/29\/poucos-pedidos-de-habitacao-apos-reclassificacao-de-solos-rusticos\/#primaryimage"},"thumbnailUrl":"https:\/\/portaltela.pt\/s.01k8rhncp4jt1\/2026\/01\/img_1500x1000uu2023-05-01-21-01-13-1337988-2.jpg","datePublished":"2026-01-29T23:59:48+00:00","author":{"@id":"https:\/\/portaltela.pt\/#\/schema\/person\/c4278d4a6028830caff9ee44b42d32ed"},"breadcrumb":{"@id":"https:\/\/portaltela.pt\/noticias\/2026\/01\/29\/poucos-pedidos-de-habitacao-apos-reclassificacao-de-solos-rusticos\/#breadcrumb"},"inLanguage":"pt-PT","potentialAction":[{"@type":"ReadAction","target":["https:\/\/portaltela.pt\/noticias\/2026\/01\/29\/poucos-pedidos-de-habitacao-apos-reclassificacao-de-solos-rusticos\/"]}]},{"@type":"ImageObject","inLanguage":"pt-PT","@id":"https:\/\/portaltela.pt\/noticias\/2026\/01\/29\/poucos-pedidos-de-habitacao-apos-reclassificacao-de-solos-rusticos\/#primaryimage","url":"https:\/\/portaltela.pt\/s.01k8rhncp4jt1\/2026\/01\/img_1500x1000uu2023-05-01-21-01-13-1337988-2.jpg","contentUrl":"https:\/\/portaltela.pt\/s.01k8rhncp4jt1\/2026\/01\/img_1500x1000uu2023-05-01-21-01-13-1337988-2.jpg","width":796,"height":448,"caption":"Habita\u00e7\u00e3o"},{"@type":"BreadcrumbList","@id":"https:\/\/portaltela.pt\/noticias\/2026\/01\/29\/poucos-pedidos-de-habitacao-apos-reclassificacao-de-solos-rusticos\/#breadcrumb","itemListElement":[{"@type":"ListItem","position":1,"name":"In\u00edcio","item":"https:\/\/portaltela.pt\/"},{"@type":"ListItem","position":2,"name":"Poucos pedidos de habita\u00e7\u00e3o ap\u00f3s reclassifica\u00e7\u00e3o de solos r\u00fasticos"}]},{"@type":"WebSite","@id":"https:\/\/portaltela.pt\/#website","url":"https:\/\/portaltela.pt\/","name":"Portal Tela Portugal","description":"","potentialAction":[{"@type":"SearchAction","target":{"@type":"EntryPoint","urlTemplate":"https:\/\/portaltela.pt\/?s={search_term_string}"},"query-input":{"@type":"PropertyValueSpecification","valueRequired":true,"valueName":"search_term_string"}}],"inLanguage":"pt-PT"},{"@type":"Person","@id":"https:\/\/portaltela.pt\/#\/schema\/person\/c4278d4a6028830caff9ee44b42d32ed","name":"Telinha","image":{"@type":"ImageObject","inLanguage":"pt-PT","@id":"https:\/\/portaltela.pt\/s.01k8rhncp4jt1\/2025\/11\/talking-bot-125x125.png","url":"https:\/\/portaltela.pt\/s.01k8rhncp4jt1\/2025\/11\/talking-bot-125x125.png","contentUrl":"https:\/\/portaltela.pt\/s.01k8rhncp4jt1\/2025\/11\/talking-bot-125x125.png","caption":"Telinha"},"sameAs":["https:\/\/portaltela.pt\/"],"url":"https:\/\/portaltela.pt\/por\/367410592786\/"}]}},"_links":{"self":[{"href":"https:\/\/portaltela.pt\/api\/wp\/v2\/posts\/182873","targetHints":{"allow":["GET"]}}],"collection":[{"href":"https:\/\/portaltela.pt\/api\/wp\/v2\/posts"}],"about":[{"href":"https:\/\/portaltela.pt\/api\/wp\/v2\/types\/post"}],"author":[{"embeddable":true,"href":"https:\/\/portaltela.pt\/api\/wp\/v2\/users\/2"}],"replies":[{"embeddable":true,"href":"https:\/\/portaltela.pt\/api\/wp\/v2\/comments?post=182873"}],"version-history":[{"count":0,"href":"https:\/\/portaltela.pt\/api\/wp\/v2\/posts\/182873\/revisions"}],"wp:featuredmedia":[{"embeddable":true,"href":"https:\/\/portaltela.pt\/api\/wp\/v2\/media\/182882"}],"wp:attachment":[{"href":"https:\/\/portaltela.pt\/api\/wp\/v2\/media?parent=182873"}],"wp:term":[{"taxonomy":"category","embeddable":true,"href":"https:\/\/portaltela.pt\/api\/wp\/v2\/categories?post=182873"},{"taxonomy":"post_tag","embeddable":true,"href":"https:\/\/portaltela.pt\/api\/wp\/v2\/tags?post=182873"}],"curies":[{"name":"wp","href":"https:\/\/api.w.org\/{rel}","templated":true}]}}