{"id":182836,"date":"2026-01-29T19:56:25","date_gmt":"2026-01-29T22:56:25","guid":{"rendered":"https:\/\/portaltela.pt\/noticias\/2026\/01\/29\/morre-o-cineasta-joao-canijo-vencedor-do-urso-de-prata-em-berlim-2023\/"},"modified":"2026-01-29T19:56:25","modified_gmt":"2026-01-29T22:56:25","slug":"morre-o-cineasta-joao-canijo-vencedor-do-urso-de-prata-em-berlim-2023","status":"publish","type":"post","link":"https:\/\/portaltela.pt\/noticias\/2026\/01\/29\/morre-o-cineasta-joao-canijo-vencedor-do-urso-de-prata-em-berlim-2023\/","title":{"rendered":"Morre o cineasta Jo\u00e3o Canijo, vencedor do Urso de Prata em Berlim 2023"},"content":{"rendered":"<p>Jo\u00e3o Canijo morreu hoje, aos 68 anos, v\u00edtima de um ataque card\u00edaco fulminante. A not\u00edcia confirmou-se junto da fam\u00edlia e da comunidade do cinema em Portugal.<\/p>\n<p>O cineasta apoiou uma obra marcada por t\u00edtulos como Noite Escura (2004), Sangue do Meu Sangue (2011) e Mal Viver, vencedora do Urso de Prata no Festival de Berlim em 2023.<\/p>\n<p>Mal Viver foi reconhecida pela sua linguagem cinematogr\u00e1fica e pela participa\u00e7\u00e3o feminina na equipa, com a diretora de fotografia Leonor Teles destacada entre os cr\u00e9ditos do filme.<\/p>\n<p>O discurso de aceita\u00e7\u00e3o do Urso de Prata destacou a equipa de produ\u00e7\u00e3o e distribui\u00e7\u00e3o, bem como o elenco, acrescentando que muitas das protagonistas eram mulheres que deram a vida ao filme.<\/p>\n<p>Pedro Ad\u00e3o Silva, antigo ministro da Cultura, afirmou \u00e0 CNN Portugal que o cinema portugu\u00eas \u00e9 uma refer\u00eancia internacional e que Jo\u00e3o Canijo era um dos seus expoentes pela forma de representar mulheres no cinema.<\/p>\n<p>Natural do Porto, Canijo frequentou Hist\u00f3ria na Faculdade de Letras da Universidade do Porto entre 1978 e 1980, antes de se dedicar ao cinema. Iniciou a carreira como assistente de realiza\u00e7\u00e3o de grandes nomes.<\/p>\n","protected":false},"excerpt":{"rendered":"<ul>\n<li>Morreu o cineasta portugu\u00eas Jo\u00e3o Canijo aos 68 anos, v\u00edtima de um ataque card\u00edaco fulminante.<\/li>\n<li>A sua obra inclui Noite Escura (2004), Sangue do Meu Sangue (2011) e Mal Viver, premiado com o Urso de Prata, Pr\u00e9mio do J\u00fari, no Festival de Berlim, em 2023.<\/li>\n<li>Em Berlim, Canijo agradeceu \u00e0 equipa de produ\u00e7\u00e3o e \u00e0s mulheres que participaram no filme, destacando a diretora de fotografia Leonor Teles.<\/li>\n<li>Pedro Ad\u00e3o Silva, antigo ministro da Cultura, partilhou em direto na CNN Portugal que o cinema portugu\u00eas \u00e9 uma produ\u00e7\u00e3o de grande reconhecimento internacional, com Canijo entre os cineastas de relevo.<\/li>\n<li>Canijo nasceu no Porto, estudou Hist\u00f3ria na Faculdade de Letras da Universidade do Porto entre 1978 e 1980, e trabalhou como assistente de realiza\u00e7\u00e3o de Manoel de Oliveira, Wim Wenders, Alain Tanner e Werner Schroeter.<\/li>\n<\/ul>\n","protected":false},"author":2,"featured_media":182845,"comment_status":"closed","ping_status":"closed","sticky":false,"template":"","format":"standard","meta":{"footnotes":""},"categories":[1],"tags":[1158,112,4762,982,4760],"class_list":["post-182836","post","type-post","status-publish","format-standard","has-post-thumbnail","hentry","category-noticias","tag-berlim","tag-cinema","tag-mal-viver","tag-porto","tag-urso-de-prata"],"yoast_head":"<!-- This site is optimized with the Yoast SEO plugin v27.2 - https:\/\/yoast.com\/product\/yoast-seo-wordpress\/ -->\n<title>Morre o cineasta Jo\u00e3o Canijo, vencedor do Urso de Prata em Berlim 2023 - Portal Tela Portugal<\/title>\n<meta name=\"robots\" content=\"index, follow, max-snippet:-1, max-image-preview:large, max-video-preview:-1\" \/>\n<meta property=\"og:locale\" content=\"pt_PT\" \/>\n<meta property=\"og:type\" content=\"article\" \/>\n<meta property=\"og:title\" content=\"Morre o cineasta Jo\u00e3o Canijo, vencedor do Urso de Prata em Berlim 2023 - Portal Tela Portugal\" \/>\n<meta property=\"og:description\" content=\"Morreu o cineasta portugu\u00eas Jo\u00e3o Canijo aos 68 anos, v\u00edtima de um ataque card\u00edaco fulminante. A sua obra inclui Noite Escura (2004), Sangue do Meu Sangue (2011) e Mal Viver, premiado com o Urso de Prata, Pr\u00e9mio do J\u00fari, no Festival de Berlim, em 2023. Em Berlim, Canijo agradeceu \u00e0 equipa de produ\u00e7\u00e3o e \u00e0s mulheres que participaram no filme, destacando a diretora de fotografia Leonor Teles. Pedro Ad\u00e3o Silva, antigo ministro da Cultura, partilhou em direto na CNN Portugal que o cinema portugu\u00eas \u00e9 uma produ\u00e7\u00e3o de grande reconhecimento internacional, com Canijo entre os cineastas de relevo. Canijo nasceu no Porto, estudou Hist\u00f3ria na Faculdade de Letras da Universidade do Porto entre 1978 e 1980, e trabalhou como assistente de realiza\u00e7\u00e3o de Manoel de Oliveira, Wim Wenders, Alain Tanner e Werner Schroeter.\" \/>\n<meta property=\"og:url\" content=\"https:\/\/portaltela.pt\/noticias\/2026\/01\/29\/morre-o-cineasta-joao-canijo-vencedor-do-urso-de-prata-em-berlim-2023\/\" \/>\n<meta property=\"og:site_name\" content=\"Portal Tela Portugal\" \/>\n<meta property=\"article:published_time\" content=\"2026-01-29T22:56:25+00:00\" \/>\n<meta name=\"author\" content=\"Telinha\" \/>\n<meta name=\"twitter:card\" content=\"summary_large_image\" \/>\n<meta name=\"twitter:label1\" content=\"Escrito por\" \/>\n\t<meta name=\"twitter:data1\" content=\"Telinha\" \/>\n\t<meta name=\"twitter:label2\" content=\"Tempo estimado de leitura\" \/>\n\t<meta name=\"twitter:data2\" content=\"1 minuto\" \/>\n<script type=\"application\/ld+json\" class=\"yoast-schema-graph\">{\"@context\":\"https:\/\/schema.org\",\"@graph\":[{\"@type\":\"Article\",\"@id\":\"https:\/\/portaltela.pt\/noticias\/2026\/01\/29\/morre-o-cineasta-joao-canijo-vencedor-do-urso-de-prata-em-berlim-2023\/#article\",\"isPartOf\":{\"@id\":\"https:\/\/portaltela.pt\/noticias\/2026\/01\/29\/morre-o-cineasta-joao-canijo-vencedor-do-urso-de-prata-em-berlim-2023\/\"},\"author\":{\"name\":\"Telinha\",\"@id\":\"https:\/\/portaltela.pt\/#\/schema\/person\/c4278d4a6028830caff9ee44b42d32ed\"},\"headline\":\"Morre o cineasta Jo\u00e3o Canijo, vencedor do Urso de Prata em Berlim 2023\",\"datePublished\":\"2026-01-29T22:56:25+00:00\",\"mainEntityOfPage\":{\"@id\":\"https:\/\/portaltela.pt\/noticias\/2026\/01\/29\/morre-o-cineasta-joao-canijo-vencedor-do-urso-de-prata-em-berlim-2023\/\"},\"wordCount\":208,\"image\":{\"@id\":\"https:\/\/portaltela.pt\/noticias\/2026\/01\/29\/morre-o-cineasta-joao-canijo-vencedor-do-urso-de-prata-em-berlim-2023\/#primaryimage\"},\"thumbnailUrl\":\"https:\/\/portaltela.pt\/s.01k8rhncp4jt1\/2026\/01\/unnamed-file-5956.jpg\",\"keywords\":[\"Berlim\",\"cinema\",\"Mal Viver\",\"Porto\",\"Urso de Prata\"],\"articleSection\":[\"Not\u00edcias\"],\"inLanguage\":\"pt-PT\"},{\"@type\":\"WebPage\",\"@id\":\"https:\/\/portaltela.pt\/noticias\/2026\/01\/29\/morre-o-cineasta-joao-canijo-vencedor-do-urso-de-prata-em-berlim-2023\/\",\"url\":\"https:\/\/portaltela.pt\/noticias\/2026\/01\/29\/morre-o-cineasta-joao-canijo-vencedor-do-urso-de-prata-em-berlim-2023\/\",\"name\":\"Morre o cineasta Jo\u00e3o Canijo, vencedor do Urso de Prata em Berlim 2023 - Portal Tela Portugal\",\"isPartOf\":{\"@id\":\"https:\/\/portaltela.pt\/#website\"},\"primaryImageOfPage\":{\"@id\":\"https:\/\/portaltela.pt\/noticias\/2026\/01\/29\/morre-o-cineasta-joao-canijo-vencedor-do-urso-de-prata-em-berlim-2023\/#primaryimage\"},\"image\":{\"@id\":\"https:\/\/portaltela.pt\/noticias\/2026\/01\/29\/morre-o-cineasta-joao-canijo-vencedor-do-urso-de-prata-em-berlim-2023\/#primaryimage\"},\"thumbnailUrl\":\"https:\/\/portaltela.pt\/s.01k8rhncp4jt1\/2026\/01\/unnamed-file-5956.jpg\",\"datePublished\":\"2026-01-29T22:56:25+00:00\",\"author\":{\"@id\":\"https:\/\/portaltela.pt\/#\/schema\/person\/c4278d4a6028830caff9ee44b42d32ed\"},\"breadcrumb\":{\"@id\":\"https:\/\/portaltela.pt\/noticias\/2026\/01\/29\/morre-o-cineasta-joao-canijo-vencedor-do-urso-de-prata-em-berlim-2023\/#breadcrumb\"},\"inLanguage\":\"pt-PT\",\"potentialAction\":[{\"@type\":\"ReadAction\",\"target\":[\"https:\/\/portaltela.pt\/noticias\/2026\/01\/29\/morre-o-cineasta-joao-canijo-vencedor-do-urso-de-prata-em-berlim-2023\/\"]}]},{\"@type\":\"ImageObject\",\"inLanguage\":\"pt-PT\",\"@id\":\"https:\/\/portaltela.pt\/noticias\/2026\/01\/29\/morre-o-cineasta-joao-canijo-vencedor-do-urso-de-prata-em-berlim-2023\/#primaryimage\",\"url\":\"https:\/\/portaltela.pt\/s.01k8rhncp4jt1\/2026\/01\/unnamed-file-5956.jpg\",\"contentUrl\":\"https:\/\/portaltela.pt\/s.01k8rhncp4jt1\/2026\/01\/unnamed-file-5956.jpg\",\"width\":796,\"height\":448,\"caption\":\"O cinema invertido do realizador portugu\u00eas Jo\u00e3o Canijo chega ao Festival de Berlim --ND--\"},{\"@type\":\"BreadcrumbList\",\"@id\":\"https:\/\/portaltela.pt\/noticias\/2026\/01\/29\/morre-o-cineasta-joao-canijo-vencedor-do-urso-de-prata-em-berlim-2023\/#breadcrumb\",\"itemListElement\":[{\"@type\":\"ListItem\",\"position\":1,\"name\":\"In\u00edcio\",\"item\":\"https:\/\/portaltela.pt\/\"},{\"@type\":\"ListItem\",\"position\":2,\"name\":\"Morre o cineasta Jo\u00e3o Canijo, vencedor do Urso de Prata em Berlim 2023\"}]},{\"@type\":\"WebSite\",\"@id\":\"https:\/\/portaltela.pt\/#website\",\"url\":\"https:\/\/portaltela.pt\/\",\"name\":\"Portal Tela Portugal\",\"description\":\"\",\"potentialAction\":[{\"@type\":\"SearchAction\",\"target\":{\"@type\":\"EntryPoint\",\"urlTemplate\":\"https:\/\/portaltela.pt\/?s={search_term_string}\"},\"query-input\":{\"@type\":\"PropertyValueSpecification\",\"valueRequired\":true,\"valueName\":\"search_term_string\"}}],\"inLanguage\":\"pt-PT\"},{\"@type\":\"Person\",\"@id\":\"https:\/\/portaltela.pt\/#\/schema\/person\/c4278d4a6028830caff9ee44b42d32ed\",\"name\":\"Telinha\",\"image\":{\"@type\":\"ImageObject\",\"inLanguage\":\"pt-PT\",\"@id\":\"https:\/\/portaltela.pt\/s.01k8rhncp4jt1\/2025\/11\/talking-bot-125x125.png\",\"url\":\"https:\/\/portaltela.pt\/s.01k8rhncp4jt1\/2025\/11\/talking-bot-125x125.png\",\"contentUrl\":\"https:\/\/portaltela.pt\/s.01k8rhncp4jt1\/2025\/11\/talking-bot-125x125.png\",\"caption\":\"Telinha\"},\"sameAs\":[\"https:\/\/portaltela.pt\/\"],\"url\":\"https:\/\/portaltela.pt\/por\/367410592786\/\"}]}<\/script>\n<!-- \/ Yoast SEO plugin. -->","yoast_head_json":{"title":"Morre o cineasta Jo\u00e3o Canijo, vencedor do Urso de Prata em Berlim 2023 - Portal Tela Portugal","robots":{"index":"index","follow":"follow","max-snippet":"max-snippet:-1","max-image-preview":"max-image-preview:large","max-video-preview":"max-video-preview:-1"},"og_locale":"pt_PT","og_type":"article","og_title":"Morre o cineasta Jo\u00e3o Canijo, vencedor do Urso de Prata em Berlim 2023 - Portal Tela Portugal","og_description":"Morreu o cineasta portugu\u00eas Jo\u00e3o Canijo aos 68 anos, v\u00edtima de um ataque card\u00edaco fulminante. A sua obra inclui Noite Escura (2004), Sangue do Meu Sangue (2011) e Mal Viver, premiado com o Urso de Prata, Pr\u00e9mio do J\u00fari, no Festival de Berlim, em 2023. Em Berlim, Canijo agradeceu \u00e0 equipa de produ\u00e7\u00e3o e \u00e0s mulheres que participaram no filme, destacando a diretora de fotografia Leonor Teles. Pedro Ad\u00e3o Silva, antigo ministro da Cultura, partilhou em direto na CNN Portugal que o cinema portugu\u00eas \u00e9 uma produ\u00e7\u00e3o de grande reconhecimento internacional, com Canijo entre os cineastas de relevo. Canijo nasceu no Porto, estudou Hist\u00f3ria na Faculdade de Letras da Universidade do Porto entre 1978 e 1980, e trabalhou como assistente de realiza\u00e7\u00e3o de Manoel de Oliveira, Wim Wenders, Alain Tanner e Werner Schroeter.","og_url":"https:\/\/portaltela.pt\/noticias\/2026\/01\/29\/morre-o-cineasta-joao-canijo-vencedor-do-urso-de-prata-em-berlim-2023\/","og_site_name":"Portal Tela Portugal","article_published_time":"2026-01-29T22:56:25+00:00","author":"Telinha","twitter_card":"summary_large_image","twitter_misc":{"Escrito por":"Telinha","Tempo estimado de leitura":"1 minuto"},"schema":{"@context":"https:\/\/schema.org","@graph":[{"@type":"Article","@id":"https:\/\/portaltela.pt\/noticias\/2026\/01\/29\/morre-o-cineasta-joao-canijo-vencedor-do-urso-de-prata-em-berlim-2023\/#article","isPartOf":{"@id":"https:\/\/portaltela.pt\/noticias\/2026\/01\/29\/morre-o-cineasta-joao-canijo-vencedor-do-urso-de-prata-em-berlim-2023\/"},"author":{"name":"Telinha","@id":"https:\/\/portaltela.pt\/#\/schema\/person\/c4278d4a6028830caff9ee44b42d32ed"},"headline":"Morre o cineasta Jo\u00e3o Canijo, vencedor do Urso de Prata em Berlim 2023","datePublished":"2026-01-29T22:56:25+00:00","mainEntityOfPage":{"@id":"https:\/\/portaltela.pt\/noticias\/2026\/01\/29\/morre-o-cineasta-joao-canijo-vencedor-do-urso-de-prata-em-berlim-2023\/"},"wordCount":208,"image":{"@id":"https:\/\/portaltela.pt\/noticias\/2026\/01\/29\/morre-o-cineasta-joao-canijo-vencedor-do-urso-de-prata-em-berlim-2023\/#primaryimage"},"thumbnailUrl":"https:\/\/portaltela.pt\/s.01k8rhncp4jt1\/2026\/01\/unnamed-file-5956.jpg","keywords":["Berlim","cinema","Mal Viver","Porto","Urso de Prata"],"articleSection":["Not\u00edcias"],"inLanguage":"pt-PT"},{"@type":"WebPage","@id":"https:\/\/portaltela.pt\/noticias\/2026\/01\/29\/morre-o-cineasta-joao-canijo-vencedor-do-urso-de-prata-em-berlim-2023\/","url":"https:\/\/portaltela.pt\/noticias\/2026\/01\/29\/morre-o-cineasta-joao-canijo-vencedor-do-urso-de-prata-em-berlim-2023\/","name":"Morre o cineasta Jo\u00e3o Canijo, vencedor do Urso de Prata em Berlim 2023 - Portal Tela Portugal","isPartOf":{"@id":"https:\/\/portaltela.pt\/#website"},"primaryImageOfPage":{"@id":"https:\/\/portaltela.pt\/noticias\/2026\/01\/29\/morre-o-cineasta-joao-canijo-vencedor-do-urso-de-prata-em-berlim-2023\/#primaryimage"},"image":{"@id":"https:\/\/portaltela.pt\/noticias\/2026\/01\/29\/morre-o-cineasta-joao-canijo-vencedor-do-urso-de-prata-em-berlim-2023\/#primaryimage"},"thumbnailUrl":"https:\/\/portaltela.pt\/s.01k8rhncp4jt1\/2026\/01\/unnamed-file-5956.jpg","datePublished":"2026-01-29T22:56:25+00:00","author":{"@id":"https:\/\/portaltela.pt\/#\/schema\/person\/c4278d4a6028830caff9ee44b42d32ed"},"breadcrumb":{"@id":"https:\/\/portaltela.pt\/noticias\/2026\/01\/29\/morre-o-cineasta-joao-canijo-vencedor-do-urso-de-prata-em-berlim-2023\/#breadcrumb"},"inLanguage":"pt-PT","potentialAction":[{"@type":"ReadAction","target":["https:\/\/portaltela.pt\/noticias\/2026\/01\/29\/morre-o-cineasta-joao-canijo-vencedor-do-urso-de-prata-em-berlim-2023\/"]}]},{"@type":"ImageObject","inLanguage":"pt-PT","@id":"https:\/\/portaltela.pt\/noticias\/2026\/01\/29\/morre-o-cineasta-joao-canijo-vencedor-do-urso-de-prata-em-berlim-2023\/#primaryimage","url":"https:\/\/portaltela.pt\/s.01k8rhncp4jt1\/2026\/01\/unnamed-file-5956.jpg","contentUrl":"https:\/\/portaltela.pt\/s.01k8rhncp4jt1\/2026\/01\/unnamed-file-5956.jpg","width":796,"height":448,"caption":"O cinema invertido do realizador portugu\u00eas Jo\u00e3o Canijo chega ao Festival de Berlim --ND--"},{"@type":"BreadcrumbList","@id":"https:\/\/portaltela.pt\/noticias\/2026\/01\/29\/morre-o-cineasta-joao-canijo-vencedor-do-urso-de-prata-em-berlim-2023\/#breadcrumb","itemListElement":[{"@type":"ListItem","position":1,"name":"In\u00edcio","item":"https:\/\/portaltela.pt\/"},{"@type":"ListItem","position":2,"name":"Morre o cineasta Jo\u00e3o Canijo, vencedor do Urso de Prata em Berlim 2023"}]},{"@type":"WebSite","@id":"https:\/\/portaltela.pt\/#website","url":"https:\/\/portaltela.pt\/","name":"Portal Tela Portugal","description":"","potentialAction":[{"@type":"SearchAction","target":{"@type":"EntryPoint","urlTemplate":"https:\/\/portaltela.pt\/?s={search_term_string}"},"query-input":{"@type":"PropertyValueSpecification","valueRequired":true,"valueName":"search_term_string"}}],"inLanguage":"pt-PT"},{"@type":"Person","@id":"https:\/\/portaltela.pt\/#\/schema\/person\/c4278d4a6028830caff9ee44b42d32ed","name":"Telinha","image":{"@type":"ImageObject","inLanguage":"pt-PT","@id":"https:\/\/portaltela.pt\/s.01k8rhncp4jt1\/2025\/11\/talking-bot-125x125.png","url":"https:\/\/portaltela.pt\/s.01k8rhncp4jt1\/2025\/11\/talking-bot-125x125.png","contentUrl":"https:\/\/portaltela.pt\/s.01k8rhncp4jt1\/2025\/11\/talking-bot-125x125.png","caption":"Telinha"},"sameAs":["https:\/\/portaltela.pt\/"],"url":"https:\/\/portaltela.pt\/por\/367410592786\/"}]}},"_links":{"self":[{"href":"https:\/\/portaltela.pt\/api\/wp\/v2\/posts\/182836","targetHints":{"allow":["GET"]}}],"collection":[{"href":"https:\/\/portaltela.pt\/api\/wp\/v2\/posts"}],"about":[{"href":"https:\/\/portaltela.pt\/api\/wp\/v2\/types\/post"}],"author":[{"embeddable":true,"href":"https:\/\/portaltela.pt\/api\/wp\/v2\/users\/2"}],"replies":[{"embeddable":true,"href":"https:\/\/portaltela.pt\/api\/wp\/v2\/comments?post=182836"}],"version-history":[{"count":0,"href":"https:\/\/portaltela.pt\/api\/wp\/v2\/posts\/182836\/revisions"}],"wp:featuredmedia":[{"embeddable":true,"href":"https:\/\/portaltela.pt\/api\/wp\/v2\/media\/182845"}],"wp:attachment":[{"href":"https:\/\/portaltela.pt\/api\/wp\/v2\/media?parent=182836"}],"wp:term":[{"taxonomy":"category","embeddable":true,"href":"https:\/\/portaltela.pt\/api\/wp\/v2\/categories?post=182836"},{"taxonomy":"post_tag","embeddable":true,"href":"https:\/\/portaltela.pt\/api\/wp\/v2\/tags?post=182836"}],"curies":[{"name":"wp","href":"https:\/\/api.w.org\/{rel}","templated":true}]}}