{"id":182831,"date":"2026-01-29T20:01:30","date_gmt":"2026-01-29T23:01:30","guid":{"rendered":"https:\/\/portaltela.pt\/noticias\/2026\/01\/29\/seixal-abre-cofres-e-reforca-bombeiros-com-milhoes-em-apoio-direto\/"},"modified":"2026-01-29T20:01:30","modified_gmt":"2026-01-29T23:01:30","slug":"seixal-abre-cofres-e-reforca-bombeiros-com-milhoes-em-apoio-direto","status":"publish","type":"post","link":"https:\/\/portaltela.pt\/noticias\/2026\/01\/29\/seixal-abre-cofres-e-reforca-bombeiros-com-milhoes-em-apoio-direto\/","title":{"rendered":"Seixal abre cofres e refor\u00e7a bombeiros com milh\u00f5es em apoio direto"},"content":{"rendered":"<p>O Munic\u00edpio do Seixal vai refor\u00e7ar o apoio financeiro \u00e0s duas associa\u00e7\u00f5es humanit\u00e1rias de bombeiros do concelho, Amora e Seixal, com uma verba global superior a 1,2 milh\u00f5es de euros. A decis\u00e3o foi aprovada na \u00faltima reuni\u00e3o do executivo municipal, em resposta \u00e0s crescentes exig\u00eancias operacionais das corpora\u00e7\u00f5es. A autarquia alega que, face \u00e0 aus\u00eancia de pol\u00edticas governamentais eficazes, as autarquias assumem um papel cada vez mais determinante no financiamento do setor.<\/p>\n<p>Al\u00e9m do subs\u00eddio principal, o munic\u00edpio aprovou um apoio adicional de 230 mil euros para assegurar o funcionamento das cinco Equipas de Interven\u00e7\u00e3o Permanente existentes no concelho. O objetivo \u00e9 garantir o pagamento das remunera\u00e7\u00f5es dos bombeiros profissionais ao longo do ano.<\/p>\n<p>Segundo o presidente da C\u00e2mara Municipal do Seixal, Paulo Silva, as equipas, com cinco operacionais em perman\u00eancia, t\u00eam um papel essencial na resposta di\u00e1ria a ocorr\u00eancias. Parte dos encargos \u00e9 suportada pela Autoridade Nacional de Emerg\u00eancia e Prote\u00e7\u00e3o Civil, em conjunto com o munic\u00edpio.<\/p>\n<h3>Apoio aos bombeiros<\/h3>\n<p>No \u00e2mbito da prote\u00e7\u00e3o civil, foi ainda aprovada uma atribui\u00e7\u00e3o de 35 mil euros \u00e0 Delega\u00e7\u00e3o da Cruz Vermelha do Seixal, que atua em articula\u00e7\u00e3o com as corpora\u00e7\u00f5es para apoiar uma popula\u00e7\u00e3o estimada em 180 mil pessoas. No conjunto dos apoios, o montante representa um aumento de cerca de 10% face ao ano anterior.<\/p>\n<p>A reuni\u00e3o de c\u00e2mara contemplou, ainda, 1,1 milh\u00f5es de euros em apoios a quatro institui\u00e7\u00f5es particulares de solidariedade social, destinados \u00e0 constru\u00e7\u00e3o de cinco novas creches no concelho. Os equipamentos situam-se no Pinhal do General (Fern\u00e3o Ferro), no Pinhal Conde da Cunha (Amora), na Aldeia de Paio Pires, na Torre da Marinha e no Pinhal de Frades.<\/p>\n<p>Cada creche ter\u00e1 capacidade para 92 crian\u00e7as, num investimento global superior a 11 milh\u00f5es de euros. A comparticipa\u00e7\u00e3o governamental \u00e9 de 368 mil euros por projeto, cabendo \u00e0 autarquia o financiamento gradual do remanescente. O presidente do munic\u00edpio refor\u00e7ou que este investimento contribui para reduzir as listas de espera na resposta em creche.<\/p>\n<p>Na descentraliza\u00e7\u00e3o administrativa, foi aprovado o pagamento de cerca de 219 mil euros \u00e0s seis juntas de freguesia do concelho, como adiantamento para despesas resultantes da delega\u00e7\u00e3o de compet\u00eancias. O montante cobre os meses de fevereiro a abril de 2026, enquanto decorrem negocia\u00e7\u00f5es para formaliza\u00e7\u00e3o de autos e contratos interadministrativos.<\/p>\n<h3>Educa\u00e7\u00e3o e apoio social<\/h3>\n<p>Na educa\u00e7\u00e3o, a autarquia aprovou mais de 50 mil euros para o funcionamento das bibliotecas escolares, 24 mil euros para apoiar as 96 salas de jardim de inf\u00e2ncia da rede p\u00fablica, 11.200 euros para 16 salas dedicadas a alunos com necessidades educativas especiais e quase 8 mil euros para o projeto Desfiles de Carnaval 2025\u20132026.<\/p>\n<p>No movimento associativo, o munic\u00edpio aprovou cerca de 500 mil euros de apoios a v\u00e1rias entidades: Associa\u00e7\u00e3o N\u00e1utica do Seixal, Associa\u00e7\u00e3o de Pesca Local Os Corvos Marinhos, Movimento Democr\u00e1tico das Mulheres, Centro de Assist\u00eancia Paroquial de Amora e Associa\u00e7\u00e3o dos Servi\u00e7os Sociais dos Trabalhadores das Autarquias do Seixal.<\/p>\n","protected":false},"excerpt":{"rendered":"<ul>\n<li>O Seixal aprovou mais de 1,2 milh\u00f5es de euros para refor\u00e7ar o apoio financeiro \u00e0s duas associa\u00e7\u00f5es de bombeiros do concelho (Amora e Seixal).<\/li>\n<li>Foram ainda aprovados 230 mil euros para assegurar o funcionamento das cinco Equipas de Interven\u00e7\u00e3o Permanente, com remunera\u00e7\u00f5es dos bombeiros profissionais, em parte financiadas pela Autoridade Nacional de Emerg\u00eancia e Prote\u00e7\u00e3o Civil.<\/li>\n<li>A C\u00e2mara destinou 35 mil euros \u00e0 Delega\u00e7\u00e3o da Cruz Vermelha do Seixal (Foz do Tejo Margem Sul), que, em articula\u00e7\u00e3o com as corpora\u00e7\u00f5es, serve cerca de 180 mil pessoas; o montante representa um aumento face ao ano anterior.<\/li>\n<li>Em prote\u00e7\u00e3o civil, foi decidido investir 1,1 milh\u00f5es de euros em apoios a quatro institui\u00e7\u00f5es privadas de solidariedade social para a constru\u00e7\u00e3o de cinco novas creches, com capacidade para 92 crian\u00e7as cada; o conjunto envolve mais de 11 milh\u00f5es de euros, com comparticipa\u00e7\u00e3o governamental de 368 mil euros por creche.<\/li>\n<li>No \u00e2mbito da descentraliza\u00e7\u00e3o e educa\u00e7\u00e3o, aprovaram-se cerca de 219 mil euros para as juntas de freguesia, mais 50 mil euros para bibliotecas escolares, 24 mil para 96 salas de jardim, 11.200 euros para salas de alunos com necessidades educativas espec\u00edficas e quase 8 mil euros para o Desfiles de Carnaval; o movimento associativo recebeu cerca de 500 mil euros.<\/li>\n<\/ul>\n","protected":false},"author":2,"featured_media":182843,"comment_status":"closed","ping_status":"closed","sticky":false,"template":"","format":"standard","meta":{"footnotes":""},"categories":[1],"tags":[3354,1211,971,163,1144,1064],"class_list":["post-182831","post","type-post","status-publish","format-standard","has-post-thumbnail","hentry","category-noticias","tag-amora","tag-apoio-social","tag-bombeiros","tag-educacao","tag-instituicoes","tag-seixal"],"yoast_head":"<!-- This site is optimized with the Yoast SEO plugin v27.2 - https:\/\/yoast.com\/product\/yoast-seo-wordpress\/ -->\n<title>Seixal abre cofres e refor\u00e7a bombeiros com milh\u00f5es em apoio direto - Portal Tela Portugal<\/title>\n<meta name=\"robots\" content=\"index, follow, max-snippet:-1, max-image-preview:large, max-video-preview:-1\" \/>\n<meta property=\"og:locale\" content=\"pt_PT\" \/>\n<meta property=\"og:type\" content=\"article\" \/>\n<meta property=\"og:title\" content=\"Seixal abre cofres e refor\u00e7a bombeiros com milh\u00f5es em apoio direto - Portal Tela Portugal\" \/>\n<meta property=\"og:description\" content=\"O Seixal aprovou mais de 1,2 milh\u00f5es de euros para refor\u00e7ar o apoio financeiro \u00e0s duas associa\u00e7\u00f5es de bombeiros do concelho (Amora e Seixal). Foram ainda aprovados 230 mil euros para assegurar o funcionamento das cinco Equipas de Interven\u00e7\u00e3o Permanente, com remunera\u00e7\u00f5es dos bombeiros profissionais, em parte financiadas pela Autoridade Nacional de Emerg\u00eancia e Prote\u00e7\u00e3o Civil. A C\u00e2mara destinou 35 mil euros \u00e0 Delega\u00e7\u00e3o da Cruz Vermelha do Seixal (Foz do Tejo Margem Sul), que, em articula\u00e7\u00e3o com as corpora\u00e7\u00f5es, serve cerca de 180 mil pessoas; o montante representa um aumento face ao ano anterior. Em prote\u00e7\u00e3o civil, foi decidido investir 1,1 milh\u00f5es de euros em apoios a quatro institui\u00e7\u00f5es privadas de solidariedade social para a constru\u00e7\u00e3o de cinco novas creches, com capacidade para 92 crian\u00e7as cada; o conjunto envolve mais de 11 milh\u00f5es de euros, com comparticipa\u00e7\u00e3o governamental de 368 mil euros por creche. No \u00e2mbito da descentraliza\u00e7\u00e3o e educa\u00e7\u00e3o, aprovaram-se cerca de 219 mil euros para as juntas de freguesia, mais 50 mil euros para bibliotecas escolares, 24 mil para 96 salas de jardim, 11.200 euros para salas de alunos com necessidades educativas espec\u00edficas e quase 8 mil euros para o Desfiles de Carnaval; o movimento associativo recebeu cerca de 500 mil euros.\" \/>\n<meta property=\"og:url\" content=\"https:\/\/portaltela.pt\/noticias\/2026\/01\/29\/seixal-abre-cofres-e-reforca-bombeiros-com-milhoes-em-apoio-direto\/\" \/>\n<meta property=\"og:site_name\" content=\"Portal Tela Portugal\" \/>\n<meta property=\"article:published_time\" content=\"2026-01-29T23:01:30+00:00\" \/>\n<meta name=\"author\" content=\"Telinha\" \/>\n<meta name=\"twitter:card\" content=\"summary_large_image\" \/>\n<meta name=\"twitter:label1\" content=\"Escrito por\" \/>\n\t<meta name=\"twitter:data1\" content=\"Telinha\" \/>\n\t<meta name=\"twitter:label2\" content=\"Tempo estimado de leitura\" \/>\n\t<meta name=\"twitter:data2\" content=\"3 minutos\" \/>\n<script type=\"application\/ld+json\" class=\"yoast-schema-graph\">{\"@context\":\"https:\/\/schema.org\",\"@graph\":[{\"@type\":\"Article\",\"@id\":\"https:\/\/portaltela.pt\/noticias\/2026\/01\/29\/seixal-abre-cofres-e-reforca-bombeiros-com-milhoes-em-apoio-direto\/#article\",\"isPartOf\":{\"@id\":\"https:\/\/portaltela.pt\/noticias\/2026\/01\/29\/seixal-abre-cofres-e-reforca-bombeiros-com-milhoes-em-apoio-direto\/\"},\"author\":{\"name\":\"Telinha\",\"@id\":\"https:\/\/portaltela.pt\/#\/schema\/person\/c4278d4a6028830caff9ee44b42d32ed\"},\"headline\":\"Seixal abre cofres e refor\u00e7a bombeiros com milh\u00f5es em apoio direto\",\"datePublished\":\"2026-01-29T23:01:30+00:00\",\"mainEntityOfPage\":{\"@id\":\"https:\/\/portaltela.pt\/noticias\/2026\/01\/29\/seixal-abre-cofres-e-reforca-bombeiros-com-milhoes-em-apoio-direto\/\"},\"wordCount\":528,\"image\":{\"@id\":\"https:\/\/portaltela.pt\/noticias\/2026\/01\/29\/seixal-abre-cofres-e-reforca-bombeiros-com-milhoes-em-apoio-direto\/#primaryimage\"},\"thumbnailUrl\":\"https:\/\/portaltela.pt\/s.01k8rhncp4jt1\/2026\/01\/DSCF2363-1.jpg\",\"keywords\":[\"Amora\",\"Apoio Social\",\"bombeiros\",\"educa\u00e7\u00e3o\",\"institui\u00e7\u00f5es\",\"Seixal\"],\"articleSection\":[\"Not\u00edcias\"],\"inLanguage\":\"pt-PT\"},{\"@type\":\"WebPage\",\"@id\":\"https:\/\/portaltela.pt\/noticias\/2026\/01\/29\/seixal-abre-cofres-e-reforca-bombeiros-com-milhoes-em-apoio-direto\/\",\"url\":\"https:\/\/portaltela.pt\/noticias\/2026\/01\/29\/seixal-abre-cofres-e-reforca-bombeiros-com-milhoes-em-apoio-direto\/\",\"name\":\"Seixal abre cofres e refor\u00e7a bombeiros com milh\u00f5es em apoio direto - Portal Tela Portugal\",\"isPartOf\":{\"@id\":\"https:\/\/portaltela.pt\/#website\"},\"primaryImageOfPage\":{\"@id\":\"https:\/\/portaltela.pt\/noticias\/2026\/01\/29\/seixal-abre-cofres-e-reforca-bombeiros-com-milhoes-em-apoio-direto\/#primaryimage\"},\"image\":{\"@id\":\"https:\/\/portaltela.pt\/noticias\/2026\/01\/29\/seixal-abre-cofres-e-reforca-bombeiros-com-milhoes-em-apoio-direto\/#primaryimage\"},\"thumbnailUrl\":\"https:\/\/portaltela.pt\/s.01k8rhncp4jt1\/2026\/01\/DSCF2363-1.jpg\",\"datePublished\":\"2026-01-29T23:01:30+00:00\",\"author\":{\"@id\":\"https:\/\/portaltela.pt\/#\/schema\/person\/c4278d4a6028830caff9ee44b42d32ed\"},\"breadcrumb\":{\"@id\":\"https:\/\/portaltela.pt\/noticias\/2026\/01\/29\/seixal-abre-cofres-e-reforca-bombeiros-com-milhoes-em-apoio-direto\/#breadcrumb\"},\"inLanguage\":\"pt-PT\",\"potentialAction\":[{\"@type\":\"ReadAction\",\"target\":[\"https:\/\/portaltela.pt\/noticias\/2026\/01\/29\/seixal-abre-cofres-e-reforca-bombeiros-com-milhoes-em-apoio-direto\/\"]}]},{\"@type\":\"ImageObject\",\"inLanguage\":\"pt-PT\",\"@id\":\"https:\/\/portaltela.pt\/noticias\/2026\/01\/29\/seixal-abre-cofres-e-reforca-bombeiros-com-milhoes-em-apoio-direto\/#primaryimage\",\"url\":\"https:\/\/portaltela.pt\/s.01k8rhncp4jt1\/2026\/01\/DSCF2363-1.jpg\",\"contentUrl\":\"https:\/\/portaltela.pt\/s.01k8rhncp4jt1\/2026\/01\/DSCF2363-1.jpg\",\"width\":796,\"height\":448,\"caption\":\"Intelig\u00eancia Artificial discutida na primeira confer\u00eancia de 2025 do \u2018Seixal Criativo\u2019\"},{\"@type\":\"BreadcrumbList\",\"@id\":\"https:\/\/portaltela.pt\/noticias\/2026\/01\/29\/seixal-abre-cofres-e-reforca-bombeiros-com-milhoes-em-apoio-direto\/#breadcrumb\",\"itemListElement\":[{\"@type\":\"ListItem\",\"position\":1,\"name\":\"In\u00edcio\",\"item\":\"https:\/\/portaltela.pt\/\"},{\"@type\":\"ListItem\",\"position\":2,\"name\":\"Seixal abre cofres e refor\u00e7a bombeiros com milh\u00f5es em apoio direto\"}]},{\"@type\":\"WebSite\",\"@id\":\"https:\/\/portaltela.pt\/#website\",\"url\":\"https:\/\/portaltela.pt\/\",\"name\":\"Portal Tela Portugal\",\"description\":\"\",\"potentialAction\":[{\"@type\":\"SearchAction\",\"target\":{\"@type\":\"EntryPoint\",\"urlTemplate\":\"https:\/\/portaltela.pt\/?s={search_term_string}\"},\"query-input\":{\"@type\":\"PropertyValueSpecification\",\"valueRequired\":true,\"valueName\":\"search_term_string\"}}],\"inLanguage\":\"pt-PT\"},{\"@type\":\"Person\",\"@id\":\"https:\/\/portaltela.pt\/#\/schema\/person\/c4278d4a6028830caff9ee44b42d32ed\",\"name\":\"Telinha\",\"image\":{\"@type\":\"ImageObject\",\"inLanguage\":\"pt-PT\",\"@id\":\"https:\/\/portaltela.pt\/s.01k8rhncp4jt1\/2025\/11\/talking-bot-125x125.png\",\"url\":\"https:\/\/portaltela.pt\/s.01k8rhncp4jt1\/2025\/11\/talking-bot-125x125.png\",\"contentUrl\":\"https:\/\/portaltela.pt\/s.01k8rhncp4jt1\/2025\/11\/talking-bot-125x125.png\",\"caption\":\"Telinha\"},\"sameAs\":[\"https:\/\/portaltela.pt\/\"],\"url\":\"https:\/\/portaltela.pt\/por\/367410592786\/\"}]}<\/script>\n<!-- \/ Yoast SEO plugin. -->","yoast_head_json":{"title":"Seixal abre cofres e refor\u00e7a bombeiros com milh\u00f5es em apoio direto - Portal Tela Portugal","robots":{"index":"index","follow":"follow","max-snippet":"max-snippet:-1","max-image-preview":"max-image-preview:large","max-video-preview":"max-video-preview:-1"},"og_locale":"pt_PT","og_type":"article","og_title":"Seixal abre cofres e refor\u00e7a bombeiros com milh\u00f5es em apoio direto - Portal Tela Portugal","og_description":"O Seixal aprovou mais de 1,2 milh\u00f5es de euros para refor\u00e7ar o apoio financeiro \u00e0s duas associa\u00e7\u00f5es de bombeiros do concelho (Amora e Seixal). Foram ainda aprovados 230 mil euros para assegurar o funcionamento das cinco Equipas de Interven\u00e7\u00e3o Permanente, com remunera\u00e7\u00f5es dos bombeiros profissionais, em parte financiadas pela Autoridade Nacional de Emerg\u00eancia e Prote\u00e7\u00e3o Civil. A C\u00e2mara destinou 35 mil euros \u00e0 Delega\u00e7\u00e3o da Cruz Vermelha do Seixal (Foz do Tejo Margem Sul), que, em articula\u00e7\u00e3o com as corpora\u00e7\u00f5es, serve cerca de 180 mil pessoas; o montante representa um aumento face ao ano anterior. Em prote\u00e7\u00e3o civil, foi decidido investir 1,1 milh\u00f5es de euros em apoios a quatro institui\u00e7\u00f5es privadas de solidariedade social para a constru\u00e7\u00e3o de cinco novas creches, com capacidade para 92 crian\u00e7as cada; o conjunto envolve mais de 11 milh\u00f5es de euros, com comparticipa\u00e7\u00e3o governamental de 368 mil euros por creche. No \u00e2mbito da descentraliza\u00e7\u00e3o e educa\u00e7\u00e3o, aprovaram-se cerca de 219 mil euros para as juntas de freguesia, mais 50 mil euros para bibliotecas escolares, 24 mil para 96 salas de jardim, 11.200 euros para salas de alunos com necessidades educativas espec\u00edficas e quase 8 mil euros para o Desfiles de Carnaval; o movimento associativo recebeu cerca de 500 mil euros.","og_url":"https:\/\/portaltela.pt\/noticias\/2026\/01\/29\/seixal-abre-cofres-e-reforca-bombeiros-com-milhoes-em-apoio-direto\/","og_site_name":"Portal Tela Portugal","article_published_time":"2026-01-29T23:01:30+00:00","author":"Telinha","twitter_card":"summary_large_image","twitter_misc":{"Escrito por":"Telinha","Tempo estimado de leitura":"3 minutos"},"schema":{"@context":"https:\/\/schema.org","@graph":[{"@type":"Article","@id":"https:\/\/portaltela.pt\/noticias\/2026\/01\/29\/seixal-abre-cofres-e-reforca-bombeiros-com-milhoes-em-apoio-direto\/#article","isPartOf":{"@id":"https:\/\/portaltela.pt\/noticias\/2026\/01\/29\/seixal-abre-cofres-e-reforca-bombeiros-com-milhoes-em-apoio-direto\/"},"author":{"name":"Telinha","@id":"https:\/\/portaltela.pt\/#\/schema\/person\/c4278d4a6028830caff9ee44b42d32ed"},"headline":"Seixal abre cofres e refor\u00e7a bombeiros com milh\u00f5es em apoio direto","datePublished":"2026-01-29T23:01:30+00:00","mainEntityOfPage":{"@id":"https:\/\/portaltela.pt\/noticias\/2026\/01\/29\/seixal-abre-cofres-e-reforca-bombeiros-com-milhoes-em-apoio-direto\/"},"wordCount":528,"image":{"@id":"https:\/\/portaltela.pt\/noticias\/2026\/01\/29\/seixal-abre-cofres-e-reforca-bombeiros-com-milhoes-em-apoio-direto\/#primaryimage"},"thumbnailUrl":"https:\/\/portaltela.pt\/s.01k8rhncp4jt1\/2026\/01\/DSCF2363-1.jpg","keywords":["Amora","Apoio Social","bombeiros","educa\u00e7\u00e3o","institui\u00e7\u00f5es","Seixal"],"articleSection":["Not\u00edcias"],"inLanguage":"pt-PT"},{"@type":"WebPage","@id":"https:\/\/portaltela.pt\/noticias\/2026\/01\/29\/seixal-abre-cofres-e-reforca-bombeiros-com-milhoes-em-apoio-direto\/","url":"https:\/\/portaltela.pt\/noticias\/2026\/01\/29\/seixal-abre-cofres-e-reforca-bombeiros-com-milhoes-em-apoio-direto\/","name":"Seixal abre cofres e refor\u00e7a bombeiros com milh\u00f5es em apoio direto - Portal Tela Portugal","isPartOf":{"@id":"https:\/\/portaltela.pt\/#website"},"primaryImageOfPage":{"@id":"https:\/\/portaltela.pt\/noticias\/2026\/01\/29\/seixal-abre-cofres-e-reforca-bombeiros-com-milhoes-em-apoio-direto\/#primaryimage"},"image":{"@id":"https:\/\/portaltela.pt\/noticias\/2026\/01\/29\/seixal-abre-cofres-e-reforca-bombeiros-com-milhoes-em-apoio-direto\/#primaryimage"},"thumbnailUrl":"https:\/\/portaltela.pt\/s.01k8rhncp4jt1\/2026\/01\/DSCF2363-1.jpg","datePublished":"2026-01-29T23:01:30+00:00","author":{"@id":"https:\/\/portaltela.pt\/#\/schema\/person\/c4278d4a6028830caff9ee44b42d32ed"},"breadcrumb":{"@id":"https:\/\/portaltela.pt\/noticias\/2026\/01\/29\/seixal-abre-cofres-e-reforca-bombeiros-com-milhoes-em-apoio-direto\/#breadcrumb"},"inLanguage":"pt-PT","potentialAction":[{"@type":"ReadAction","target":["https:\/\/portaltela.pt\/noticias\/2026\/01\/29\/seixal-abre-cofres-e-reforca-bombeiros-com-milhoes-em-apoio-direto\/"]}]},{"@type":"ImageObject","inLanguage":"pt-PT","@id":"https:\/\/portaltela.pt\/noticias\/2026\/01\/29\/seixal-abre-cofres-e-reforca-bombeiros-com-milhoes-em-apoio-direto\/#primaryimage","url":"https:\/\/portaltela.pt\/s.01k8rhncp4jt1\/2026\/01\/DSCF2363-1.jpg","contentUrl":"https:\/\/portaltela.pt\/s.01k8rhncp4jt1\/2026\/01\/DSCF2363-1.jpg","width":796,"height":448,"caption":"Intelig\u00eancia Artificial discutida na primeira confer\u00eancia de 2025 do \u2018Seixal Criativo\u2019"},{"@type":"BreadcrumbList","@id":"https:\/\/portaltela.pt\/noticias\/2026\/01\/29\/seixal-abre-cofres-e-reforca-bombeiros-com-milhoes-em-apoio-direto\/#breadcrumb","itemListElement":[{"@type":"ListItem","position":1,"name":"In\u00edcio","item":"https:\/\/portaltela.pt\/"},{"@type":"ListItem","position":2,"name":"Seixal abre cofres e refor\u00e7a bombeiros com milh\u00f5es em apoio direto"}]},{"@type":"WebSite","@id":"https:\/\/portaltela.pt\/#website","url":"https:\/\/portaltela.pt\/","name":"Portal Tela Portugal","description":"","potentialAction":[{"@type":"SearchAction","target":{"@type":"EntryPoint","urlTemplate":"https:\/\/portaltela.pt\/?s={search_term_string}"},"query-input":{"@type":"PropertyValueSpecification","valueRequired":true,"valueName":"search_term_string"}}],"inLanguage":"pt-PT"},{"@type":"Person","@id":"https:\/\/portaltela.pt\/#\/schema\/person\/c4278d4a6028830caff9ee44b42d32ed","name":"Telinha","image":{"@type":"ImageObject","inLanguage":"pt-PT","@id":"https:\/\/portaltela.pt\/s.01k8rhncp4jt1\/2025\/11\/talking-bot-125x125.png","url":"https:\/\/portaltela.pt\/s.01k8rhncp4jt1\/2025\/11\/talking-bot-125x125.png","contentUrl":"https:\/\/portaltela.pt\/s.01k8rhncp4jt1\/2025\/11\/talking-bot-125x125.png","caption":"Telinha"},"sameAs":["https:\/\/portaltela.pt\/"],"url":"https:\/\/portaltela.pt\/por\/367410592786\/"}]}},"_links":{"self":[{"href":"https:\/\/portaltela.pt\/api\/wp\/v2\/posts\/182831","targetHints":{"allow":["GET"]}}],"collection":[{"href":"https:\/\/portaltela.pt\/api\/wp\/v2\/posts"}],"about":[{"href":"https:\/\/portaltela.pt\/api\/wp\/v2\/types\/post"}],"author":[{"embeddable":true,"href":"https:\/\/portaltela.pt\/api\/wp\/v2\/users\/2"}],"replies":[{"embeddable":true,"href":"https:\/\/portaltela.pt\/api\/wp\/v2\/comments?post=182831"}],"version-history":[{"count":0,"href":"https:\/\/portaltela.pt\/api\/wp\/v2\/posts\/182831\/revisions"}],"wp:featuredmedia":[{"embeddable":true,"href":"https:\/\/portaltela.pt\/api\/wp\/v2\/media\/182843"}],"wp:attachment":[{"href":"https:\/\/portaltela.pt\/api\/wp\/v2\/media?parent=182831"}],"wp:term":[{"taxonomy":"category","embeddable":true,"href":"https:\/\/portaltela.pt\/api\/wp\/v2\/categories?post=182831"},{"taxonomy":"post_tag","embeddable":true,"href":"https:\/\/portaltela.pt\/api\/wp\/v2\/tags?post=182831"}],"curies":[{"name":"wp","href":"https:\/\/api.w.org\/{rel}","templated":true}]}}