{"id":182793,"date":"2026-01-29T20:01:51","date_gmt":"2026-01-29T23:01:51","guid":{"rendered":"https:\/\/portaltela.pt\/noticias\/2026\/01\/29\/trubin-da-o-mote-e-elche-prepara-golo-do-guarda-redes\/"},"modified":"2026-01-29T20:01:51","modified_gmt":"2026-01-29T23:01:51","slug":"trubin-da-o-mote-e-elche-prepara-golo-do-guarda-redes","status":"publish","type":"post","link":"https:\/\/portaltela.pt\/desporto\/futebol\/2026\/01\/29\/trubin-da-o-mote-e-elche-prepara-golo-do-guarda-redes\/","title":{"rendered":"Trubin d\u00e1 o mote e Elche prepara golo do guarda-redes"},"content":{"rendered":"<p>O Elche j\u00e1 prepara a rea\u00e7\u00e3o se o seu guarda-redes marcar num jogo do campeonato espanhol. A not\u00edcia chega na sequ\u00eancia do momento \u00e9pico de Trubin frente ao Real Madrid, que reacendeu o sonho de ver um golo do guardi\u00e3o da equipa.<\/p>\n<p>Nas redes sociais, o clube espanhol partilhou o esbo\u00e7o de uma montagem para um eventual tento do seu guarda-redes. Nesse post, o texto sublinha que o designer da equipa j\u00e1 tem tudo preparado para o que possa acontecer, com um pormenor curioso: um rel\u00f3gio marcado aos 46 minutos.<\/p>\n<p>O desafio seguinte acontece no s\u00e1bado, no Camp Nou, frente ao Barcelona. O Elche pretende manter a prepara\u00e7\u00e3o ativa para um lance de celebra\u00e7\u00e3o semelhante, mantendo a ideia de humor e surpresa que acompanha o rumor de um golo de guarda-redes.<\/p>\n<h3>Prepara\u00e7\u00e3o para um momento in\u00e9dito<\/h3>\n<p>A publica\u00e7\u00e3o da montagem inclui imagens de antevis\u00e3o do prov\u00e1vel golo, mostrando o guarda-redes como protagonista. O objetivo \u00e9 manter a curiosidade dos adeptos enquanto se espera o desfecho do encontro, com foco no jogo que se avizinha.<\/p>\n","protected":false},"excerpt":{"rendered":"<ul>\n<li>Trubin teve um momento \u00e9pico diante do Real Madrid, gerando o alvoro\u00e7o sobre um poss\u00edvel golo do guarda-redes.<\/li>\n<li>O Elche vai defrontar o Barcelona no s\u00e1bado, em Camp Nou.<\/li>\n<li>O clube partilhou nas redes sociais uma montagem de um eventual golo do seu guarda-redes.<\/li>\n<li>A publica\u00e7\u00e3o explica que o designer tem tudo preparado, incluindo o rel\u00f3gio a marcar os minutos aos 46.<\/li>\n<li>As imagens da montagem j\u00e1 circulam para preparar o que poder\u00e1 acontecer.<\/li>\n<\/ul>\n","protected":false},"author":2,"featured_media":182796,"comment_status":"closed","ping_status":"closed","sticky":false,"template":"","format":"standard","meta":{"footnotes":""},"categories":[21,24],"tags":[2587,227,3503,32,48,1789],"class_list":["post-182793","post","type-post","status-publish","format-standard","has-post-thumbnail","hentry","category-desporto","category-futebol","tag-barcelona","tag-campeonato","tag-elche","tag-futebol","tag-gols","tag-la-liga"],"yoast_head":"<!-- This site is optimized with the Yoast SEO plugin v27.2 - https:\/\/yoast.com\/product\/yoast-seo-wordpress\/ -->\n<title>Trubin d\u00e1 o mote e Elche prepara golo do guarda-redes - Portal Tela Portugal<\/title>\n<meta name=\"robots\" content=\"index, follow, max-snippet:-1, max-image-preview:large, max-video-preview:-1\" \/>\n<meta property=\"og:locale\" content=\"pt_PT\" \/>\n<meta property=\"og:type\" content=\"article\" \/>\n<meta property=\"og:title\" content=\"Trubin d\u00e1 o mote e Elche prepara golo do guarda-redes - Portal Tela Portugal\" \/>\n<meta property=\"og:description\" content=\"Trubin teve um momento \u00e9pico diante do Real Madrid, gerando o alvoro\u00e7o sobre um poss\u00edvel golo do guarda-redes. O Elche vai defrontar o Barcelona no s\u00e1bado, em Camp Nou. O clube partilhou nas redes sociais uma montagem de um eventual golo do seu guarda-redes. A publica\u00e7\u00e3o explica que o designer tem tudo preparado, incluindo o rel\u00f3gio a marcar os minutos aos 46. As imagens da montagem j\u00e1 circulam para preparar o que poder\u00e1 acontecer.\" \/>\n<meta property=\"og:url\" content=\"https:\/\/portaltela.pt\/noticias\/2026\/01\/29\/trubin-da-o-mote-e-elche-prepara-golo-do-guarda-redes\/\" \/>\n<meta property=\"og:site_name\" content=\"Portal Tela Portugal\" \/>\n<meta property=\"article:published_time\" content=\"2026-01-29T23:01:51+00:00\" \/>\n<meta name=\"author\" content=\"Telinha\" \/>\n<meta name=\"twitter:card\" content=\"summary_large_image\" \/>\n<meta name=\"twitter:label1\" content=\"Escrito por\" \/>\n\t<meta name=\"twitter:data1\" content=\"Telinha\" \/>\n\t<meta name=\"twitter:label2\" content=\"Tempo estimado de leitura\" \/>\n\t<meta name=\"twitter:data2\" content=\"1 minuto\" \/>\n<script type=\"application\/ld+json\" class=\"yoast-schema-graph\">{\"@context\":\"https:\/\/schema.org\",\"@graph\":[{\"@type\":\"Article\",\"@id\":\"https:\/\/portaltela.pt\/noticias\/2026\/01\/29\/trubin-da-o-mote-e-elche-prepara-golo-do-guarda-redes\/#article\",\"isPartOf\":{\"@id\":\"https:\/\/portaltela.pt\/noticias\/2026\/01\/29\/trubin-da-o-mote-e-elche-prepara-golo-do-guarda-redes\/\"},\"author\":{\"name\":\"Telinha\",\"@id\":\"https:\/\/portaltela.pt\/#\/schema\/person\/c4278d4a6028830caff9ee44b42d32ed\"},\"headline\":\"Trubin d\u00e1 o mote e Elche prepara golo do guarda-redes\",\"datePublished\":\"2026-01-29T23:01:51+00:00\",\"mainEntityOfPage\":{\"@id\":\"https:\/\/portaltela.pt\/noticias\/2026\/01\/29\/trubin-da-o-mote-e-elche-prepara-golo-do-guarda-redes\/\"},\"wordCount\":196,\"image\":{\"@id\":\"https:\/\/portaltela.pt\/noticias\/2026\/01\/29\/trubin-da-o-mote-e-elche-prepara-golo-do-guarda-redes\/#primaryimage\"},\"thumbnailUrl\":\"https:\/\/portaltela.pt\/s.01k8rhncp4jt1\/2026\/01\/img_920x518uu2026-01-29-23-00-03-2418381.jpg\",\"keywords\":[\"Barcelona\",\"campeonato\",\"Elche\",\"futebol\",\"gols\",\"La Liga\"],\"articleSection\":[\"Desporto\",\"Futebol\"],\"inLanguage\":\"pt-PT\"},{\"@type\":\"WebPage\",\"@id\":\"https:\/\/portaltela.pt\/noticias\/2026\/01\/29\/trubin-da-o-mote-e-elche-prepara-golo-do-guarda-redes\/\",\"url\":\"https:\/\/portaltela.pt\/noticias\/2026\/01\/29\/trubin-da-o-mote-e-elche-prepara-golo-do-guarda-redes\/\",\"name\":\"Trubin d\u00e1 o mote e Elche prepara golo do guarda-redes - Portal Tela Portugal\",\"isPartOf\":{\"@id\":\"https:\/\/portaltela.pt\/#website\"},\"primaryImageOfPage\":{\"@id\":\"https:\/\/portaltela.pt\/noticias\/2026\/01\/29\/trubin-da-o-mote-e-elche-prepara-golo-do-guarda-redes\/#primaryimage\"},\"image\":{\"@id\":\"https:\/\/portaltela.pt\/noticias\/2026\/01\/29\/trubin-da-o-mote-e-elche-prepara-golo-do-guarda-redes\/#primaryimage\"},\"thumbnailUrl\":\"https:\/\/portaltela.pt\/s.01k8rhncp4jt1\/2026\/01\/img_920x518uu2026-01-29-23-00-03-2418381.jpg\",\"datePublished\":\"2026-01-29T23:01:51+00:00\",\"author\":{\"@id\":\"https:\/\/portaltela.pt\/#\/schema\/person\/c4278d4a6028830caff9ee44b42d32ed\"},\"breadcrumb\":{\"@id\":\"https:\/\/portaltela.pt\/noticias\/2026\/01\/29\/trubin-da-o-mote-e-elche-prepara-golo-do-guarda-redes\/#breadcrumb\"},\"inLanguage\":\"pt-PT\",\"potentialAction\":[{\"@type\":\"ReadAction\",\"target\":[\"https:\/\/portaltela.pt\/noticias\/2026\/01\/29\/trubin-da-o-mote-e-elche-prepara-golo-do-guarda-redes\/\"]}]},{\"@type\":\"ImageObject\",\"inLanguage\":\"pt-PT\",\"@id\":\"https:\/\/portaltela.pt\/noticias\/2026\/01\/29\/trubin-da-o-mote-e-elche-prepara-golo-do-guarda-redes\/#primaryimage\",\"url\":\"https:\/\/portaltela.pt\/s.01k8rhncp4jt1\/2026\/01\/img_920x518uu2026-01-29-23-00-03-2418381.jpg\",\"contentUrl\":\"https:\/\/portaltela.pt\/s.01k8rhncp4jt1\/2026\/01\/img_920x518uu2026-01-29-23-00-03-2418381.jpg\",\"width\":796,\"height\":448,\"caption\":\"Elche prepara montagem com golo de guarda-redes\"},{\"@type\":\"BreadcrumbList\",\"@id\":\"https:\/\/portaltela.pt\/noticias\/2026\/01\/29\/trubin-da-o-mote-e-elche-prepara-golo-do-guarda-redes\/#breadcrumb\",\"itemListElement\":[{\"@type\":\"ListItem\",\"position\":1,\"name\":\"In\u00edcio\",\"item\":\"https:\/\/portaltela.pt\/\"},{\"@type\":\"ListItem\",\"position\":2,\"name\":\"Trubin d\u00e1 o mote e Elche prepara golo do guarda-redes\"}]},{\"@type\":\"WebSite\",\"@id\":\"https:\/\/portaltela.pt\/#website\",\"url\":\"https:\/\/portaltela.pt\/\",\"name\":\"Portal Tela Portugal\",\"description\":\"\",\"potentialAction\":[{\"@type\":\"SearchAction\",\"target\":{\"@type\":\"EntryPoint\",\"urlTemplate\":\"https:\/\/portaltela.pt\/?s={search_term_string}\"},\"query-input\":{\"@type\":\"PropertyValueSpecification\",\"valueRequired\":true,\"valueName\":\"search_term_string\"}}],\"inLanguage\":\"pt-PT\"},{\"@type\":\"Person\",\"@id\":\"https:\/\/portaltela.pt\/#\/schema\/person\/c4278d4a6028830caff9ee44b42d32ed\",\"name\":\"Telinha\",\"image\":{\"@type\":\"ImageObject\",\"inLanguage\":\"pt-PT\",\"@id\":\"https:\/\/portaltela.pt\/s.01k8rhncp4jt1\/2025\/11\/talking-bot-125x125.png\",\"url\":\"https:\/\/portaltela.pt\/s.01k8rhncp4jt1\/2025\/11\/talking-bot-125x125.png\",\"contentUrl\":\"https:\/\/portaltela.pt\/s.01k8rhncp4jt1\/2025\/11\/talking-bot-125x125.png\",\"caption\":\"Telinha\"},\"sameAs\":[\"https:\/\/portaltela.pt\/\"],\"url\":\"https:\/\/portaltela.pt\/por\/367410592786\/\"}]}<\/script>\n<!-- \/ Yoast SEO plugin. -->","yoast_head_json":{"title":"Trubin d\u00e1 o mote e Elche prepara golo do guarda-redes - Portal Tela Portugal","robots":{"index":"index","follow":"follow","max-snippet":"max-snippet:-1","max-image-preview":"max-image-preview:large","max-video-preview":"max-video-preview:-1"},"og_locale":"pt_PT","og_type":"article","og_title":"Trubin d\u00e1 o mote e Elche prepara golo do guarda-redes - Portal Tela Portugal","og_description":"Trubin teve um momento \u00e9pico diante do Real Madrid, gerando o alvoro\u00e7o sobre um poss\u00edvel golo do guarda-redes. O Elche vai defrontar o Barcelona no s\u00e1bado, em Camp Nou. O clube partilhou nas redes sociais uma montagem de um eventual golo do seu guarda-redes. A publica\u00e7\u00e3o explica que o designer tem tudo preparado, incluindo o rel\u00f3gio a marcar os minutos aos 46. As imagens da montagem j\u00e1 circulam para preparar o que poder\u00e1 acontecer.","og_url":"https:\/\/portaltela.pt\/noticias\/2026\/01\/29\/trubin-da-o-mote-e-elche-prepara-golo-do-guarda-redes\/","og_site_name":"Portal Tela Portugal","article_published_time":"2026-01-29T23:01:51+00:00","author":"Telinha","twitter_card":"summary_large_image","twitter_misc":{"Escrito por":"Telinha","Tempo estimado de leitura":"1 minuto"},"schema":{"@context":"https:\/\/schema.org","@graph":[{"@type":"Article","@id":"https:\/\/portaltela.pt\/noticias\/2026\/01\/29\/trubin-da-o-mote-e-elche-prepara-golo-do-guarda-redes\/#article","isPartOf":{"@id":"https:\/\/portaltela.pt\/noticias\/2026\/01\/29\/trubin-da-o-mote-e-elche-prepara-golo-do-guarda-redes\/"},"author":{"name":"Telinha","@id":"https:\/\/portaltela.pt\/#\/schema\/person\/c4278d4a6028830caff9ee44b42d32ed"},"headline":"Trubin d\u00e1 o mote e Elche prepara golo do guarda-redes","datePublished":"2026-01-29T23:01:51+00:00","mainEntityOfPage":{"@id":"https:\/\/portaltela.pt\/noticias\/2026\/01\/29\/trubin-da-o-mote-e-elche-prepara-golo-do-guarda-redes\/"},"wordCount":196,"image":{"@id":"https:\/\/portaltela.pt\/noticias\/2026\/01\/29\/trubin-da-o-mote-e-elche-prepara-golo-do-guarda-redes\/#primaryimage"},"thumbnailUrl":"https:\/\/portaltela.pt\/s.01k8rhncp4jt1\/2026\/01\/img_920x518uu2026-01-29-23-00-03-2418381.jpg","keywords":["Barcelona","campeonato","Elche","futebol","gols","La Liga"],"articleSection":["Desporto","Futebol"],"inLanguage":"pt-PT"},{"@type":"WebPage","@id":"https:\/\/portaltela.pt\/noticias\/2026\/01\/29\/trubin-da-o-mote-e-elche-prepara-golo-do-guarda-redes\/","url":"https:\/\/portaltela.pt\/noticias\/2026\/01\/29\/trubin-da-o-mote-e-elche-prepara-golo-do-guarda-redes\/","name":"Trubin d\u00e1 o mote e Elche prepara golo do guarda-redes - Portal Tela Portugal","isPartOf":{"@id":"https:\/\/portaltela.pt\/#website"},"primaryImageOfPage":{"@id":"https:\/\/portaltela.pt\/noticias\/2026\/01\/29\/trubin-da-o-mote-e-elche-prepara-golo-do-guarda-redes\/#primaryimage"},"image":{"@id":"https:\/\/portaltela.pt\/noticias\/2026\/01\/29\/trubin-da-o-mote-e-elche-prepara-golo-do-guarda-redes\/#primaryimage"},"thumbnailUrl":"https:\/\/portaltela.pt\/s.01k8rhncp4jt1\/2026\/01\/img_920x518uu2026-01-29-23-00-03-2418381.jpg","datePublished":"2026-01-29T23:01:51+00:00","author":{"@id":"https:\/\/portaltela.pt\/#\/schema\/person\/c4278d4a6028830caff9ee44b42d32ed"},"breadcrumb":{"@id":"https:\/\/portaltela.pt\/noticias\/2026\/01\/29\/trubin-da-o-mote-e-elche-prepara-golo-do-guarda-redes\/#breadcrumb"},"inLanguage":"pt-PT","potentialAction":[{"@type":"ReadAction","target":["https:\/\/portaltela.pt\/noticias\/2026\/01\/29\/trubin-da-o-mote-e-elche-prepara-golo-do-guarda-redes\/"]}]},{"@type":"ImageObject","inLanguage":"pt-PT","@id":"https:\/\/portaltela.pt\/noticias\/2026\/01\/29\/trubin-da-o-mote-e-elche-prepara-golo-do-guarda-redes\/#primaryimage","url":"https:\/\/portaltela.pt\/s.01k8rhncp4jt1\/2026\/01\/img_920x518uu2026-01-29-23-00-03-2418381.jpg","contentUrl":"https:\/\/portaltela.pt\/s.01k8rhncp4jt1\/2026\/01\/img_920x518uu2026-01-29-23-00-03-2418381.jpg","width":796,"height":448,"caption":"Elche prepara montagem com golo de guarda-redes"},{"@type":"BreadcrumbList","@id":"https:\/\/portaltela.pt\/noticias\/2026\/01\/29\/trubin-da-o-mote-e-elche-prepara-golo-do-guarda-redes\/#breadcrumb","itemListElement":[{"@type":"ListItem","position":1,"name":"In\u00edcio","item":"https:\/\/portaltela.pt\/"},{"@type":"ListItem","position":2,"name":"Trubin d\u00e1 o mote e Elche prepara golo do guarda-redes"}]},{"@type":"WebSite","@id":"https:\/\/portaltela.pt\/#website","url":"https:\/\/portaltela.pt\/","name":"Portal Tela Portugal","description":"","potentialAction":[{"@type":"SearchAction","target":{"@type":"EntryPoint","urlTemplate":"https:\/\/portaltela.pt\/?s={search_term_string}"},"query-input":{"@type":"PropertyValueSpecification","valueRequired":true,"valueName":"search_term_string"}}],"inLanguage":"pt-PT"},{"@type":"Person","@id":"https:\/\/portaltela.pt\/#\/schema\/person\/c4278d4a6028830caff9ee44b42d32ed","name":"Telinha","image":{"@type":"ImageObject","inLanguage":"pt-PT","@id":"https:\/\/portaltela.pt\/s.01k8rhncp4jt1\/2025\/11\/talking-bot-125x125.png","url":"https:\/\/portaltela.pt\/s.01k8rhncp4jt1\/2025\/11\/talking-bot-125x125.png","contentUrl":"https:\/\/portaltela.pt\/s.01k8rhncp4jt1\/2025\/11\/talking-bot-125x125.png","caption":"Telinha"},"sameAs":["https:\/\/portaltela.pt\/"],"url":"https:\/\/portaltela.pt\/por\/367410592786\/"}]}},"_links":{"self":[{"href":"https:\/\/portaltela.pt\/api\/wp\/v2\/posts\/182793","targetHints":{"allow":["GET"]}}],"collection":[{"href":"https:\/\/portaltela.pt\/api\/wp\/v2\/posts"}],"about":[{"href":"https:\/\/portaltela.pt\/api\/wp\/v2\/types\/post"}],"author":[{"embeddable":true,"href":"https:\/\/portaltela.pt\/api\/wp\/v2\/users\/2"}],"replies":[{"embeddable":true,"href":"https:\/\/portaltela.pt\/api\/wp\/v2\/comments?post=182793"}],"version-history":[{"count":0,"href":"https:\/\/portaltela.pt\/api\/wp\/v2\/posts\/182793\/revisions"}],"wp:featuredmedia":[{"embeddable":true,"href":"https:\/\/portaltela.pt\/api\/wp\/v2\/media\/182796"}],"wp:attachment":[{"href":"https:\/\/portaltela.pt\/api\/wp\/v2\/media?parent=182793"}],"wp:term":[{"taxonomy":"category","embeddable":true,"href":"https:\/\/portaltela.pt\/api\/wp\/v2\/categories?post=182793"},{"taxonomy":"post_tag","embeddable":true,"href":"https:\/\/portaltela.pt\/api\/wp\/v2\/tags?post=182793"}],"curies":[{"name":"wp","href":"https:\/\/api.w.org\/{rel}","templated":true}]}}