{"id":182787,"date":"2026-01-29T20:01:00","date_gmt":"2026-01-29T23:01:00","guid":{"rendered":"https:\/\/portaltela.pt\/noticias\/2026\/01\/29\/mansao-de-luxo-de-ruben-dias-e-maya-assaltada-durante-jogo-do-manchester-city\/"},"modified":"2026-01-29T20:01:00","modified_gmt":"2026-01-29T23:01:00","slug":"mansao-de-luxo-de-ruben-dias-e-maya-assaltada-durante-jogo-do-manchester-city","status":"publish","type":"post","link":"https:\/\/portaltela.pt\/noticias\/2026\/01\/29\/mansao-de-luxo-de-ruben-dias-e-maya-assaltada-durante-jogo-do-manchester-city\/","title":{"rendered":"Mans\u00e3o de luxo de R\u00faben Dias e Maya assaltada durante jogo do Manchester City"},"content":{"rendered":"<p>O The Sun reporta o assalto \u00e0 mans\u00e3o de luxo do futebolista R\u00faben Dias e da namorada Maya Jama, apresentadora do Love Island. O epis\u00f3dio ocorreu na quarta-feira, em Manchester, e a resid\u00eancia est\u00e1 avaliada em mais de quatro milh\u00f5es de euros. Foram furtados joias, aparelhos eletr\u00f3nicos e roupas.<\/p>\n<p>O alerta foi dado pelo defesa do Manchester City, que chegou a casa ap\u00f3s o jogo dos Citizens contra o Galatasaray e confirmou que os quartos estavam revirados. Maya Jama encontrava-se na \u00c1frica do Sul a gravar uma nova temporada do Love Island.<\/p>\n<p>A moradia do casal ocupa 580 metros quadrados e possui jardins paisag\u00edsticos, \u00e1rea de lazer interior, piscinas (interior e exterior) e vistas para Cheshire. A investiga\u00e7\u00e3o permanece em curso para apurar as circunst\u00e2ncias do crime.<\/p>\n","protected":false},"excerpt":{"rendered":"<ul>\n<li>A mans\u00e3o de R\u00faben Dias e Maya Jama, em Manchester, foi assaltada nesta quarta-feira, segundo o The Sun.<\/li>\n<li>O im\u00f3vel est\u00e1 avaliado em mais de quatro milh\u00f5es de euros e os assaltantes levaram joias, aparelhos eletr\u00f3nicos e roupas.<\/li>\n<li>O alerta foi dado pelo defesa do Manchester City ao chegar a casa ap\u00f3s o jogo contra o Galatasaray, e encontrou os quartos remexidos.<\/li>\n<li>Maya Jama encontrava-se na \u00c1frica do Sul a gravar outra temporada do Love Island.<\/li>\n<li>A resid\u00eancia tem 580 metros quadrados, jardins, \u00e1rea de lazer interior, vistas para Cheshire e piscinas interior e exterior. ___<\/li>\n<\/ul>\n","protected":false},"author":2,"featured_media":182788,"comment_status":"closed","ping_status":"closed","sticky":false,"template":"","format":"standard","meta":{"footnotes":""},"categories":[12,1],"tags":[147,32,4591,1980,203,3237],"class_list":["post-182787","post","type-post","status-publish","format-standard","has-post-thumbnail","hentry","category-entretenimento","category-noticias","tag-crime","tag-futebol","tag-inglaterra","tag-manchester-city","tag-roubo","tag-roubo-qualificado"],"yoast_head":"<!-- This site is optimized with the Yoast SEO plugin v27.2 - https:\/\/yoast.com\/product\/yoast-seo-wordpress\/ -->\n<title>Mans\u00e3o de luxo de R\u00faben Dias e Maya assaltada durante jogo do Manchester City - Portal Tela Portugal<\/title>\n<meta name=\"robots\" content=\"index, follow, max-snippet:-1, max-image-preview:large, max-video-preview:-1\" \/>\n<meta property=\"og:locale\" content=\"pt_PT\" \/>\n<meta property=\"og:type\" content=\"article\" \/>\n<meta property=\"og:title\" content=\"Mans\u00e3o de luxo de R\u00faben Dias e Maya assaltada durante jogo do Manchester City - Portal Tela Portugal\" \/>\n<meta property=\"og:description\" content=\"A mans\u00e3o de R\u00faben Dias e Maya Jama, em Manchester, foi assaltada nesta quarta-feira, segundo o The Sun. O im\u00f3vel est\u00e1 avaliado em mais de quatro milh\u00f5es de euros e os assaltantes levaram joias, aparelhos eletr\u00f3nicos e roupas. O alerta foi dado pelo defesa do Manchester City ao chegar a casa ap\u00f3s o jogo contra o Galatasaray, e encontrou os quartos remexidos. Maya Jama encontrava-se na \u00c1frica do Sul a gravar outra temporada do Love Island. A resid\u00eancia tem 580 metros quadrados, jardins, \u00e1rea de lazer interior, vistas para Cheshire e piscinas interior e exterior. ___\" \/>\n<meta property=\"og:url\" content=\"https:\/\/portaltela.pt\/noticias\/2026\/01\/29\/mansao-de-luxo-de-ruben-dias-e-maya-assaltada-durante-jogo-do-manchester-city\/\" \/>\n<meta property=\"og:site_name\" content=\"Portal Tela Portugal\" \/>\n<meta property=\"article:published_time\" content=\"2026-01-29T23:01:00+00:00\" \/>\n<meta name=\"author\" content=\"Telinha\" \/>\n<meta name=\"twitter:card\" content=\"summary_large_image\" \/>\n<meta name=\"twitter:label1\" content=\"Escrito por\" \/>\n\t<meta name=\"twitter:data1\" content=\"Telinha\" \/>\n\t<meta name=\"twitter:label2\" content=\"Tempo estimado de leitura\" \/>\n\t<meta name=\"twitter:data2\" content=\"1 minuto\" \/>\n<script type=\"application\/ld+json\" class=\"yoast-schema-graph\">{\"@context\":\"https:\/\/schema.org\",\"@graph\":[{\"@type\":\"Article\",\"@id\":\"https:\/\/portaltela.pt\/noticias\/2026\/01\/29\/mansao-de-luxo-de-ruben-dias-e-maya-assaltada-durante-jogo-do-manchester-city\/#article\",\"isPartOf\":{\"@id\":\"https:\/\/portaltela.pt\/noticias\/2026\/01\/29\/mansao-de-luxo-de-ruben-dias-e-maya-assaltada-durante-jogo-do-manchester-city\/\"},\"author\":{\"name\":\"Telinha\",\"@id\":\"https:\/\/portaltela.pt\/#\/schema\/person\/c4278d4a6028830caff9ee44b42d32ed\"},\"headline\":\"Mans\u00e3o de luxo de R\u00faben Dias e Maya assaltada durante jogo do Manchester City\",\"datePublished\":\"2026-01-29T23:01:00+00:00\",\"mainEntityOfPage\":{\"@id\":\"https:\/\/portaltela.pt\/noticias\/2026\/01\/29\/mansao-de-luxo-de-ruben-dias-e-maya-assaltada-durante-jogo-do-manchester-city\/\"},\"wordCount\":151,\"image\":{\"@id\":\"https:\/\/portaltela.pt\/noticias\/2026\/01\/29\/mansao-de-luxo-de-ruben-dias-e-maya-assaltada-durante-jogo-do-manchester-city\/#primaryimage\"},\"thumbnailUrl\":\"https:\/\/portaltela.pt\/s.01k8rhncp4jt1\/2026\/01\/img_1500x1000uu2026-01-29-23-02-00-2262174.jpg\",\"keywords\":[\"crime\",\"futebol\",\"Inglaterra\",\"Manchester City\",\"roubo\",\"roubo qualificado\"],\"articleSection\":[\"Entretenimento\",\"Not\u00edcias\"],\"inLanguage\":\"pt-PT\"},{\"@type\":\"WebPage\",\"@id\":\"https:\/\/portaltela.pt\/noticias\/2026\/01\/29\/mansao-de-luxo-de-ruben-dias-e-maya-assaltada-durante-jogo-do-manchester-city\/\",\"url\":\"https:\/\/portaltela.pt\/noticias\/2026\/01\/29\/mansao-de-luxo-de-ruben-dias-e-maya-assaltada-durante-jogo-do-manchester-city\/\",\"name\":\"Mans\u00e3o de luxo de R\u00faben Dias e Maya assaltada durante jogo do Manchester City - Portal Tela Portugal\",\"isPartOf\":{\"@id\":\"https:\/\/portaltela.pt\/#website\"},\"primaryImageOfPage\":{\"@id\":\"https:\/\/portaltela.pt\/noticias\/2026\/01\/29\/mansao-de-luxo-de-ruben-dias-e-maya-assaltada-durante-jogo-do-manchester-city\/#primaryimage\"},\"image\":{\"@id\":\"https:\/\/portaltela.pt\/noticias\/2026\/01\/29\/mansao-de-luxo-de-ruben-dias-e-maya-assaltada-durante-jogo-do-manchester-city\/#primaryimage\"},\"thumbnailUrl\":\"https:\/\/portaltela.pt\/s.01k8rhncp4jt1\/2026\/01\/img_1500x1000uu2026-01-29-23-02-00-2262174.jpg\",\"datePublished\":\"2026-01-29T23:01:00+00:00\",\"author\":{\"@id\":\"https:\/\/portaltela.pt\/#\/schema\/person\/c4278d4a6028830caff9ee44b42d32ed\"},\"breadcrumb\":{\"@id\":\"https:\/\/portaltela.pt\/noticias\/2026\/01\/29\/mansao-de-luxo-de-ruben-dias-e-maya-assaltada-durante-jogo-do-manchester-city\/#breadcrumb\"},\"inLanguage\":\"pt-PT\",\"potentialAction\":[{\"@type\":\"ReadAction\",\"target\":[\"https:\/\/portaltela.pt\/noticias\/2026\/01\/29\/mansao-de-luxo-de-ruben-dias-e-maya-assaltada-durante-jogo-do-manchester-city\/\"]}]},{\"@type\":\"ImageObject\",\"inLanguage\":\"pt-PT\",\"@id\":\"https:\/\/portaltela.pt\/noticias\/2026\/01\/29\/mansao-de-luxo-de-ruben-dias-e-maya-assaltada-durante-jogo-do-manchester-city\/#primaryimage\",\"url\":\"https:\/\/portaltela.pt\/s.01k8rhncp4jt1\/2026\/01\/img_1500x1000uu2026-01-29-23-02-00-2262174.jpg\",\"contentUrl\":\"https:\/\/portaltela.pt\/s.01k8rhncp4jt1\/2026\/01\/img_1500x1000uu2026-01-29-23-02-00-2262174.jpg\",\"width\":796,\"height\":448,\"caption\":\"Ruben Dias e Maya Jama\"},{\"@type\":\"BreadcrumbList\",\"@id\":\"https:\/\/portaltela.pt\/noticias\/2026\/01\/29\/mansao-de-luxo-de-ruben-dias-e-maya-assaltada-durante-jogo-do-manchester-city\/#breadcrumb\",\"itemListElement\":[{\"@type\":\"ListItem\",\"position\":1,\"name\":\"In\u00edcio\",\"item\":\"https:\/\/portaltela.pt\/\"},{\"@type\":\"ListItem\",\"position\":2,\"name\":\"Mans\u00e3o de luxo de R\u00faben Dias e Maya assaltada durante jogo do Manchester City\"}]},{\"@type\":\"WebSite\",\"@id\":\"https:\/\/portaltela.pt\/#website\",\"url\":\"https:\/\/portaltela.pt\/\",\"name\":\"Portal Tela Portugal\",\"description\":\"\",\"potentialAction\":[{\"@type\":\"SearchAction\",\"target\":{\"@type\":\"EntryPoint\",\"urlTemplate\":\"https:\/\/portaltela.pt\/?s={search_term_string}\"},\"query-input\":{\"@type\":\"PropertyValueSpecification\",\"valueRequired\":true,\"valueName\":\"search_term_string\"}}],\"inLanguage\":\"pt-PT\"},{\"@type\":\"Person\",\"@id\":\"https:\/\/portaltela.pt\/#\/schema\/person\/c4278d4a6028830caff9ee44b42d32ed\",\"name\":\"Telinha\",\"image\":{\"@type\":\"ImageObject\",\"inLanguage\":\"pt-PT\",\"@id\":\"https:\/\/portaltela.pt\/s.01k8rhncp4jt1\/2025\/11\/talking-bot-125x125.png\",\"url\":\"https:\/\/portaltela.pt\/s.01k8rhncp4jt1\/2025\/11\/talking-bot-125x125.png\",\"contentUrl\":\"https:\/\/portaltela.pt\/s.01k8rhncp4jt1\/2025\/11\/talking-bot-125x125.png\",\"caption\":\"Telinha\"},\"sameAs\":[\"https:\/\/portaltela.pt\/\"],\"url\":\"https:\/\/portaltela.pt\/por\/367410592786\/\"}]}<\/script>\n<!-- \/ Yoast SEO plugin. -->","yoast_head_json":{"title":"Mans\u00e3o de luxo de R\u00faben Dias e Maya assaltada durante jogo do Manchester City - Portal Tela Portugal","robots":{"index":"index","follow":"follow","max-snippet":"max-snippet:-1","max-image-preview":"max-image-preview:large","max-video-preview":"max-video-preview:-1"},"og_locale":"pt_PT","og_type":"article","og_title":"Mans\u00e3o de luxo de R\u00faben Dias e Maya assaltada durante jogo do Manchester City - Portal Tela Portugal","og_description":"A mans\u00e3o de R\u00faben Dias e Maya Jama, em Manchester, foi assaltada nesta quarta-feira, segundo o The Sun. O im\u00f3vel est\u00e1 avaliado em mais de quatro milh\u00f5es de euros e os assaltantes levaram joias, aparelhos eletr\u00f3nicos e roupas. O alerta foi dado pelo defesa do Manchester City ao chegar a casa ap\u00f3s o jogo contra o Galatasaray, e encontrou os quartos remexidos. Maya Jama encontrava-se na \u00c1frica do Sul a gravar outra temporada do Love Island. A resid\u00eancia tem 580 metros quadrados, jardins, \u00e1rea de lazer interior, vistas para Cheshire e piscinas interior e exterior. ___","og_url":"https:\/\/portaltela.pt\/noticias\/2026\/01\/29\/mansao-de-luxo-de-ruben-dias-e-maya-assaltada-durante-jogo-do-manchester-city\/","og_site_name":"Portal Tela Portugal","article_published_time":"2026-01-29T23:01:00+00:00","author":"Telinha","twitter_card":"summary_large_image","twitter_misc":{"Escrito por":"Telinha","Tempo estimado de leitura":"1 minuto"},"schema":{"@context":"https:\/\/schema.org","@graph":[{"@type":"Article","@id":"https:\/\/portaltela.pt\/noticias\/2026\/01\/29\/mansao-de-luxo-de-ruben-dias-e-maya-assaltada-durante-jogo-do-manchester-city\/#article","isPartOf":{"@id":"https:\/\/portaltela.pt\/noticias\/2026\/01\/29\/mansao-de-luxo-de-ruben-dias-e-maya-assaltada-durante-jogo-do-manchester-city\/"},"author":{"name":"Telinha","@id":"https:\/\/portaltela.pt\/#\/schema\/person\/c4278d4a6028830caff9ee44b42d32ed"},"headline":"Mans\u00e3o de luxo de R\u00faben Dias e Maya assaltada durante jogo do Manchester City","datePublished":"2026-01-29T23:01:00+00:00","mainEntityOfPage":{"@id":"https:\/\/portaltela.pt\/noticias\/2026\/01\/29\/mansao-de-luxo-de-ruben-dias-e-maya-assaltada-durante-jogo-do-manchester-city\/"},"wordCount":151,"image":{"@id":"https:\/\/portaltela.pt\/noticias\/2026\/01\/29\/mansao-de-luxo-de-ruben-dias-e-maya-assaltada-durante-jogo-do-manchester-city\/#primaryimage"},"thumbnailUrl":"https:\/\/portaltela.pt\/s.01k8rhncp4jt1\/2026\/01\/img_1500x1000uu2026-01-29-23-02-00-2262174.jpg","keywords":["crime","futebol","Inglaterra","Manchester City","roubo","roubo qualificado"],"articleSection":["Entretenimento","Not\u00edcias"],"inLanguage":"pt-PT"},{"@type":"WebPage","@id":"https:\/\/portaltela.pt\/noticias\/2026\/01\/29\/mansao-de-luxo-de-ruben-dias-e-maya-assaltada-durante-jogo-do-manchester-city\/","url":"https:\/\/portaltela.pt\/noticias\/2026\/01\/29\/mansao-de-luxo-de-ruben-dias-e-maya-assaltada-durante-jogo-do-manchester-city\/","name":"Mans\u00e3o de luxo de R\u00faben Dias e Maya assaltada durante jogo do Manchester City - Portal Tela Portugal","isPartOf":{"@id":"https:\/\/portaltela.pt\/#website"},"primaryImageOfPage":{"@id":"https:\/\/portaltela.pt\/noticias\/2026\/01\/29\/mansao-de-luxo-de-ruben-dias-e-maya-assaltada-durante-jogo-do-manchester-city\/#primaryimage"},"image":{"@id":"https:\/\/portaltela.pt\/noticias\/2026\/01\/29\/mansao-de-luxo-de-ruben-dias-e-maya-assaltada-durante-jogo-do-manchester-city\/#primaryimage"},"thumbnailUrl":"https:\/\/portaltela.pt\/s.01k8rhncp4jt1\/2026\/01\/img_1500x1000uu2026-01-29-23-02-00-2262174.jpg","datePublished":"2026-01-29T23:01:00+00:00","author":{"@id":"https:\/\/portaltela.pt\/#\/schema\/person\/c4278d4a6028830caff9ee44b42d32ed"},"breadcrumb":{"@id":"https:\/\/portaltela.pt\/noticias\/2026\/01\/29\/mansao-de-luxo-de-ruben-dias-e-maya-assaltada-durante-jogo-do-manchester-city\/#breadcrumb"},"inLanguage":"pt-PT","potentialAction":[{"@type":"ReadAction","target":["https:\/\/portaltela.pt\/noticias\/2026\/01\/29\/mansao-de-luxo-de-ruben-dias-e-maya-assaltada-durante-jogo-do-manchester-city\/"]}]},{"@type":"ImageObject","inLanguage":"pt-PT","@id":"https:\/\/portaltela.pt\/noticias\/2026\/01\/29\/mansao-de-luxo-de-ruben-dias-e-maya-assaltada-durante-jogo-do-manchester-city\/#primaryimage","url":"https:\/\/portaltela.pt\/s.01k8rhncp4jt1\/2026\/01\/img_1500x1000uu2026-01-29-23-02-00-2262174.jpg","contentUrl":"https:\/\/portaltela.pt\/s.01k8rhncp4jt1\/2026\/01\/img_1500x1000uu2026-01-29-23-02-00-2262174.jpg","width":796,"height":448,"caption":"Ruben Dias e Maya Jama"},{"@type":"BreadcrumbList","@id":"https:\/\/portaltela.pt\/noticias\/2026\/01\/29\/mansao-de-luxo-de-ruben-dias-e-maya-assaltada-durante-jogo-do-manchester-city\/#breadcrumb","itemListElement":[{"@type":"ListItem","position":1,"name":"In\u00edcio","item":"https:\/\/portaltela.pt\/"},{"@type":"ListItem","position":2,"name":"Mans\u00e3o de luxo de R\u00faben Dias e Maya assaltada durante jogo do Manchester City"}]},{"@type":"WebSite","@id":"https:\/\/portaltela.pt\/#website","url":"https:\/\/portaltela.pt\/","name":"Portal Tela Portugal","description":"","potentialAction":[{"@type":"SearchAction","target":{"@type":"EntryPoint","urlTemplate":"https:\/\/portaltela.pt\/?s={search_term_string}"},"query-input":{"@type":"PropertyValueSpecification","valueRequired":true,"valueName":"search_term_string"}}],"inLanguage":"pt-PT"},{"@type":"Person","@id":"https:\/\/portaltela.pt\/#\/schema\/person\/c4278d4a6028830caff9ee44b42d32ed","name":"Telinha","image":{"@type":"ImageObject","inLanguage":"pt-PT","@id":"https:\/\/portaltela.pt\/s.01k8rhncp4jt1\/2025\/11\/talking-bot-125x125.png","url":"https:\/\/portaltela.pt\/s.01k8rhncp4jt1\/2025\/11\/talking-bot-125x125.png","contentUrl":"https:\/\/portaltela.pt\/s.01k8rhncp4jt1\/2025\/11\/talking-bot-125x125.png","caption":"Telinha"},"sameAs":["https:\/\/portaltela.pt\/"],"url":"https:\/\/portaltela.pt\/por\/367410592786\/"}]}},"_links":{"self":[{"href":"https:\/\/portaltela.pt\/api\/wp\/v2\/posts\/182787","targetHints":{"allow":["GET"]}}],"collection":[{"href":"https:\/\/portaltela.pt\/api\/wp\/v2\/posts"}],"about":[{"href":"https:\/\/portaltela.pt\/api\/wp\/v2\/types\/post"}],"author":[{"embeddable":true,"href":"https:\/\/portaltela.pt\/api\/wp\/v2\/users\/2"}],"replies":[{"embeddable":true,"href":"https:\/\/portaltela.pt\/api\/wp\/v2\/comments?post=182787"}],"version-history":[{"count":0,"href":"https:\/\/portaltela.pt\/api\/wp\/v2\/posts\/182787\/revisions"}],"wp:featuredmedia":[{"embeddable":true,"href":"https:\/\/portaltela.pt\/api\/wp\/v2\/media\/182788"}],"wp:attachment":[{"href":"https:\/\/portaltela.pt\/api\/wp\/v2\/media?parent=182787"}],"wp:term":[{"taxonomy":"category","embeddable":true,"href":"https:\/\/portaltela.pt\/api\/wp\/v2\/categories?post=182787"},{"taxonomy":"post_tag","embeddable":true,"href":"https:\/\/portaltela.pt\/api\/wp\/v2\/tags?post=182787"}],"curies":[{"name":"wp","href":"https:\/\/api.w.org\/{rel}","templated":true}]}}