{"id":182772,"date":"2026-01-29T19:53:00","date_gmt":"2026-01-29T22:53:00","guid":{"rendered":"https:\/\/portaltela.pt\/noticias\/2026\/01\/29\/morre-o-realizador-joao-canijo-figura-do-cinema-portugues\/"},"modified":"2026-01-29T19:53:00","modified_gmt":"2026-01-29T22:53:00","slug":"morre-o-realizador-joao-canijo-figura-do-cinema-portugues","status":"publish","type":"post","link":"https:\/\/portaltela.pt\/noticias\/2026\/01\/29\/morre-o-realizador-joao-canijo-figura-do-cinema-portugues\/","title":{"rendered":"Morre o realizador Jo\u00e3o Canijo, figura do cinema portugu\u00eas"},"content":{"rendered":"<p>O realizador portugu\u00eas Jo\u00e3o Canijo morreu nesta quinta-feira aos 68 anos, v\u00edtima de um ataque card\u00edaco em casa. O corpo foi encontrado pela empregada dom\u00e9stica na resid\u00eancia em Vila Vi\u00e7osa.<\/p>\n<p>A produ\u00e7\u00e3o de Canijo foi confirmada pela Midas Filmes, a parceira habitual do cineasta. A Medeia Filmes tamb\u00e9m prestou homenagem nas redes sociais, mantendo o tom neutro e institucional da ind\u00fastria.<\/p>\n<p>Natural do Porto, Canijo destacou-se na d\u00e9cada de 1980 com Tr\u00eas menos eu. Entre os seus filmes est\u00e3o Sapatos pretos (1997) e Sangue do meu sangue (2011), considerados marcos do cinema nacional.<\/p>\n<p>O realizador deixa dois projetos em fase de p\u00f3s-produ\u00e7\u00e3o: Encena\u00e7\u00e3o e As ucranianas. Ainda n\u00e3o h\u00e1 confirma\u00e7\u00e3o sobre datas de conclus\u00e3o ou divulga\u00e7\u00e3o de informa\u00e7\u00f5es adicionais.<\/p>\n<p>Entre os reconhecimentos, Canijo recebeu Urso de Prata em Berlim 2023 pela obra Urso de Prata, mantendo-se como uma figura relevante do cinema portugu\u00eas contempor\u00e2neo.<\/p>\n<p>A not\u00edcia chega num momento em que o sector analisa o impacto da perda de criadores reconhecidos a n\u00edvel internacional, com repercuss\u00f5es na produ\u00e7\u00e3o futura de obras nacionais.<\/p>\n","protected":false},"excerpt":{"rendered":"<ul>\n<li>Morreu o realizador portugu\u00eas Jo\u00e3o Canijo, aos 68 anos, v\u00edtima de ataque card\u00edaco em casa, em Vila Vi\u00e7osa.<\/li>\n<li>O corpo foi encontrado pela empregada dom\u00e9stica na resid\u00eancia.<\/li>\n<li>A Midas Filmes, produtora habitual, confirmou o \u00f3bito.<\/li>\n<li>Canijo ficou marcado pelo filme &#8220;Mal Viver&#8221;, vencedor do Urso de Prata em Berlim 2023.<\/li>\n<li>Deixa dois filmes em fase de p\u00f3s-produ\u00e7\u00e3o: &#8220;Encena\u00e7\u00e3o&#8221; e &#8220;As ucranianas&#8221;.<\/li>\n<\/ul>\n","protected":false},"author":2,"featured_media":182782,"comment_status":"closed","ping_status":"closed","sticky":false,"template":"","format":"standard","meta":{"footnotes":""},"categories":[12,1],"tags":[1158,112,982,1014,4760],"class_list":["post-182772","post","type-post","status-publish","format-standard","has-post-thumbnail","hentry","category-entretenimento","category-noticias","tag-berlim","tag-cinema","tag-porto","tag-portugal","tag-urso-de-prata"],"yoast_head":"<!-- This site is optimized with the Yoast SEO plugin v27.2 - https:\/\/yoast.com\/product\/yoast-seo-wordpress\/ -->\n<title>Morre o realizador Jo\u00e3o Canijo, figura do cinema portugu\u00eas - Portal Tela Portugal<\/title>\n<meta name=\"robots\" content=\"index, follow, max-snippet:-1, max-image-preview:large, max-video-preview:-1\" \/>\n<meta property=\"og:locale\" content=\"pt_PT\" \/>\n<meta property=\"og:type\" content=\"article\" \/>\n<meta property=\"og:title\" content=\"Morre o realizador Jo\u00e3o Canijo, figura do cinema portugu\u00eas - Portal Tela Portugal\" \/>\n<meta property=\"og:description\" content=\"Morreu o realizador portugu\u00eas Jo\u00e3o Canijo, aos 68 anos, v\u00edtima de ataque card\u00edaco em casa, em Vila Vi\u00e7osa. O corpo foi encontrado pela empregada dom\u00e9stica na resid\u00eancia. A Midas Filmes, produtora habitual, confirmou o \u00f3bito. Canijo ficou marcado pelo filme &quot;Mal Viver&quot;, vencedor do Urso de Prata em Berlim 2023. Deixa dois filmes em fase de p\u00f3s-produ\u00e7\u00e3o: &quot;Encena\u00e7\u00e3o&quot; e &quot;As ucranianas&quot;.\" \/>\n<meta property=\"og:url\" content=\"https:\/\/portaltela.pt\/noticias\/2026\/01\/29\/morre-o-realizador-joao-canijo-figura-do-cinema-portugues\/\" \/>\n<meta property=\"og:site_name\" content=\"Portal Tela Portugal\" \/>\n<meta property=\"article:published_time\" content=\"2026-01-29T22:53:00+00:00\" \/>\n<meta name=\"author\" content=\"Telinha\" \/>\n<meta name=\"twitter:card\" content=\"summary_large_image\" \/>\n<meta name=\"twitter:label1\" content=\"Escrito por\" \/>\n\t<meta name=\"twitter:data1\" content=\"Telinha\" \/>\n\t<meta name=\"twitter:label2\" content=\"Tempo estimado de leitura\" \/>\n\t<meta name=\"twitter:data2\" content=\"1 minuto\" \/>\n<script type=\"application\/ld+json\" class=\"yoast-schema-graph\">{\"@context\":\"https:\/\/schema.org\",\"@graph\":[{\"@type\":\"Article\",\"@id\":\"https:\/\/portaltela.pt\/noticias\/2026\/01\/29\/morre-o-realizador-joao-canijo-figura-do-cinema-portugues\/#article\",\"isPartOf\":{\"@id\":\"https:\/\/portaltela.pt\/noticias\/2026\/01\/29\/morre-o-realizador-joao-canijo-figura-do-cinema-portugues\/\"},\"author\":{\"name\":\"Telinha\",\"@id\":\"https:\/\/portaltela.pt\/#\/schema\/person\/c4278d4a6028830caff9ee44b42d32ed\"},\"headline\":\"Morre o realizador Jo\u00e3o Canijo, figura do cinema portugu\u00eas\",\"datePublished\":\"2026-01-29T22:53:00+00:00\",\"mainEntityOfPage\":{\"@id\":\"https:\/\/portaltela.pt\/noticias\/2026\/01\/29\/morre-o-realizador-joao-canijo-figura-do-cinema-portugues\/\"},\"wordCount\":205,\"image\":{\"@id\":\"https:\/\/portaltela.pt\/noticias\/2026\/01\/29\/morre-o-realizador-joao-canijo-figura-do-cinema-portugues\/#primaryimage\"},\"thumbnailUrl\":\"https:\/\/portaltela.pt\/s.01k8rhncp4jt1\/2026\/01\/image-2079.jpg\",\"keywords\":[\"Berlim\",\"cinema\",\"Porto\",\"Portugal\",\"Urso de Prata\"],\"articleSection\":[\"Entretenimento\",\"Not\u00edcias\"],\"inLanguage\":\"pt-PT\"},{\"@type\":\"WebPage\",\"@id\":\"https:\/\/portaltela.pt\/noticias\/2026\/01\/29\/morre-o-realizador-joao-canijo-figura-do-cinema-portugues\/\",\"url\":\"https:\/\/portaltela.pt\/noticias\/2026\/01\/29\/morre-o-realizador-joao-canijo-figura-do-cinema-portugues\/\",\"name\":\"Morre o realizador Jo\u00e3o Canijo, figura do cinema portugu\u00eas - Portal Tela Portugal\",\"isPartOf\":{\"@id\":\"https:\/\/portaltela.pt\/#website\"},\"primaryImageOfPage\":{\"@id\":\"https:\/\/portaltela.pt\/noticias\/2026\/01\/29\/morre-o-realizador-joao-canijo-figura-do-cinema-portugues\/#primaryimage\"},\"image\":{\"@id\":\"https:\/\/portaltela.pt\/noticias\/2026\/01\/29\/morre-o-realizador-joao-canijo-figura-do-cinema-portugues\/#primaryimage\"},\"thumbnailUrl\":\"https:\/\/portaltela.pt\/s.01k8rhncp4jt1\/2026\/01\/image-2079.jpg\",\"datePublished\":\"2026-01-29T22:53:00+00:00\",\"author\":{\"@id\":\"https:\/\/portaltela.pt\/#\/schema\/person\/c4278d4a6028830caff9ee44b42d32ed\"},\"breadcrumb\":{\"@id\":\"https:\/\/portaltela.pt\/noticias\/2026\/01\/29\/morre-o-realizador-joao-canijo-figura-do-cinema-portugues\/#breadcrumb\"},\"inLanguage\":\"pt-PT\",\"potentialAction\":[{\"@type\":\"ReadAction\",\"target\":[\"https:\/\/portaltela.pt\/noticias\/2026\/01\/29\/morre-o-realizador-joao-canijo-figura-do-cinema-portugues\/\"]}]},{\"@type\":\"ImageObject\",\"inLanguage\":\"pt-PT\",\"@id\":\"https:\/\/portaltela.pt\/noticias\/2026\/01\/29\/morre-o-realizador-joao-canijo-figura-do-cinema-portugues\/#primaryimage\",\"url\":\"https:\/\/portaltela.pt\/s.01k8rhncp4jt1\/2026\/01\/image-2079.jpg\",\"contentUrl\":\"https:\/\/portaltela.pt\/s.01k8rhncp4jt1\/2026\/01\/image-2079.jpg\",\"width\":796,\"height\":448,\"caption\":\"Jo\u00e3o Canijo\"},{\"@type\":\"BreadcrumbList\",\"@id\":\"https:\/\/portaltela.pt\/noticias\/2026\/01\/29\/morre-o-realizador-joao-canijo-figura-do-cinema-portugues\/#breadcrumb\",\"itemListElement\":[{\"@type\":\"ListItem\",\"position\":1,\"name\":\"In\u00edcio\",\"item\":\"https:\/\/portaltela.pt\/\"},{\"@type\":\"ListItem\",\"position\":2,\"name\":\"Morre o realizador Jo\u00e3o Canijo, figura do cinema portugu\u00eas\"}]},{\"@type\":\"WebSite\",\"@id\":\"https:\/\/portaltela.pt\/#website\",\"url\":\"https:\/\/portaltela.pt\/\",\"name\":\"Portal Tela Portugal\",\"description\":\"\",\"potentialAction\":[{\"@type\":\"SearchAction\",\"target\":{\"@type\":\"EntryPoint\",\"urlTemplate\":\"https:\/\/portaltela.pt\/?s={search_term_string}\"},\"query-input\":{\"@type\":\"PropertyValueSpecification\",\"valueRequired\":true,\"valueName\":\"search_term_string\"}}],\"inLanguage\":\"pt-PT\"},{\"@type\":\"Person\",\"@id\":\"https:\/\/portaltela.pt\/#\/schema\/person\/c4278d4a6028830caff9ee44b42d32ed\",\"name\":\"Telinha\",\"image\":{\"@type\":\"ImageObject\",\"inLanguage\":\"pt-PT\",\"@id\":\"https:\/\/portaltela.pt\/s.01k8rhncp4jt1\/2025\/11\/talking-bot-125x125.png\",\"url\":\"https:\/\/portaltela.pt\/s.01k8rhncp4jt1\/2025\/11\/talking-bot-125x125.png\",\"contentUrl\":\"https:\/\/portaltela.pt\/s.01k8rhncp4jt1\/2025\/11\/talking-bot-125x125.png\",\"caption\":\"Telinha\"},\"sameAs\":[\"https:\/\/portaltela.pt\/\"],\"url\":\"https:\/\/portaltela.pt\/por\/367410592786\/\"}]}<\/script>\n<!-- \/ Yoast SEO plugin. -->","yoast_head_json":{"title":"Morre o realizador Jo\u00e3o Canijo, figura do cinema portugu\u00eas - Portal Tela Portugal","robots":{"index":"index","follow":"follow","max-snippet":"max-snippet:-1","max-image-preview":"max-image-preview:large","max-video-preview":"max-video-preview:-1"},"og_locale":"pt_PT","og_type":"article","og_title":"Morre o realizador Jo\u00e3o Canijo, figura do cinema portugu\u00eas - Portal Tela Portugal","og_description":"Morreu o realizador portugu\u00eas Jo\u00e3o Canijo, aos 68 anos, v\u00edtima de ataque card\u00edaco em casa, em Vila Vi\u00e7osa. O corpo foi encontrado pela empregada dom\u00e9stica na resid\u00eancia. A Midas Filmes, produtora habitual, confirmou o \u00f3bito. Canijo ficou marcado pelo filme \"Mal Viver\", vencedor do Urso de Prata em Berlim 2023. Deixa dois filmes em fase de p\u00f3s-produ\u00e7\u00e3o: \"Encena\u00e7\u00e3o\" e \"As ucranianas\".","og_url":"https:\/\/portaltela.pt\/noticias\/2026\/01\/29\/morre-o-realizador-joao-canijo-figura-do-cinema-portugues\/","og_site_name":"Portal Tela Portugal","article_published_time":"2026-01-29T22:53:00+00:00","author":"Telinha","twitter_card":"summary_large_image","twitter_misc":{"Escrito por":"Telinha","Tempo estimado de leitura":"1 minuto"},"schema":{"@context":"https:\/\/schema.org","@graph":[{"@type":"Article","@id":"https:\/\/portaltela.pt\/noticias\/2026\/01\/29\/morre-o-realizador-joao-canijo-figura-do-cinema-portugues\/#article","isPartOf":{"@id":"https:\/\/portaltela.pt\/noticias\/2026\/01\/29\/morre-o-realizador-joao-canijo-figura-do-cinema-portugues\/"},"author":{"name":"Telinha","@id":"https:\/\/portaltela.pt\/#\/schema\/person\/c4278d4a6028830caff9ee44b42d32ed"},"headline":"Morre o realizador Jo\u00e3o Canijo, figura do cinema portugu\u00eas","datePublished":"2026-01-29T22:53:00+00:00","mainEntityOfPage":{"@id":"https:\/\/portaltela.pt\/noticias\/2026\/01\/29\/morre-o-realizador-joao-canijo-figura-do-cinema-portugues\/"},"wordCount":205,"image":{"@id":"https:\/\/portaltela.pt\/noticias\/2026\/01\/29\/morre-o-realizador-joao-canijo-figura-do-cinema-portugues\/#primaryimage"},"thumbnailUrl":"https:\/\/portaltela.pt\/s.01k8rhncp4jt1\/2026\/01\/image-2079.jpg","keywords":["Berlim","cinema","Porto","Portugal","Urso de Prata"],"articleSection":["Entretenimento","Not\u00edcias"],"inLanguage":"pt-PT"},{"@type":"WebPage","@id":"https:\/\/portaltela.pt\/noticias\/2026\/01\/29\/morre-o-realizador-joao-canijo-figura-do-cinema-portugues\/","url":"https:\/\/portaltela.pt\/noticias\/2026\/01\/29\/morre-o-realizador-joao-canijo-figura-do-cinema-portugues\/","name":"Morre o realizador Jo\u00e3o Canijo, figura do cinema portugu\u00eas - Portal Tela Portugal","isPartOf":{"@id":"https:\/\/portaltela.pt\/#website"},"primaryImageOfPage":{"@id":"https:\/\/portaltela.pt\/noticias\/2026\/01\/29\/morre-o-realizador-joao-canijo-figura-do-cinema-portugues\/#primaryimage"},"image":{"@id":"https:\/\/portaltela.pt\/noticias\/2026\/01\/29\/morre-o-realizador-joao-canijo-figura-do-cinema-portugues\/#primaryimage"},"thumbnailUrl":"https:\/\/portaltela.pt\/s.01k8rhncp4jt1\/2026\/01\/image-2079.jpg","datePublished":"2026-01-29T22:53:00+00:00","author":{"@id":"https:\/\/portaltela.pt\/#\/schema\/person\/c4278d4a6028830caff9ee44b42d32ed"},"breadcrumb":{"@id":"https:\/\/portaltela.pt\/noticias\/2026\/01\/29\/morre-o-realizador-joao-canijo-figura-do-cinema-portugues\/#breadcrumb"},"inLanguage":"pt-PT","potentialAction":[{"@type":"ReadAction","target":["https:\/\/portaltela.pt\/noticias\/2026\/01\/29\/morre-o-realizador-joao-canijo-figura-do-cinema-portugues\/"]}]},{"@type":"ImageObject","inLanguage":"pt-PT","@id":"https:\/\/portaltela.pt\/noticias\/2026\/01\/29\/morre-o-realizador-joao-canijo-figura-do-cinema-portugues\/#primaryimage","url":"https:\/\/portaltela.pt\/s.01k8rhncp4jt1\/2026\/01\/image-2079.jpg","contentUrl":"https:\/\/portaltela.pt\/s.01k8rhncp4jt1\/2026\/01\/image-2079.jpg","width":796,"height":448,"caption":"Jo\u00e3o Canijo"},{"@type":"BreadcrumbList","@id":"https:\/\/portaltela.pt\/noticias\/2026\/01\/29\/morre-o-realizador-joao-canijo-figura-do-cinema-portugues\/#breadcrumb","itemListElement":[{"@type":"ListItem","position":1,"name":"In\u00edcio","item":"https:\/\/portaltela.pt\/"},{"@type":"ListItem","position":2,"name":"Morre o realizador Jo\u00e3o Canijo, figura do cinema portugu\u00eas"}]},{"@type":"WebSite","@id":"https:\/\/portaltela.pt\/#website","url":"https:\/\/portaltela.pt\/","name":"Portal Tela Portugal","description":"","potentialAction":[{"@type":"SearchAction","target":{"@type":"EntryPoint","urlTemplate":"https:\/\/portaltela.pt\/?s={search_term_string}"},"query-input":{"@type":"PropertyValueSpecification","valueRequired":true,"valueName":"search_term_string"}}],"inLanguage":"pt-PT"},{"@type":"Person","@id":"https:\/\/portaltela.pt\/#\/schema\/person\/c4278d4a6028830caff9ee44b42d32ed","name":"Telinha","image":{"@type":"ImageObject","inLanguage":"pt-PT","@id":"https:\/\/portaltela.pt\/s.01k8rhncp4jt1\/2025\/11\/talking-bot-125x125.png","url":"https:\/\/portaltela.pt\/s.01k8rhncp4jt1\/2025\/11\/talking-bot-125x125.png","contentUrl":"https:\/\/portaltela.pt\/s.01k8rhncp4jt1\/2025\/11\/talking-bot-125x125.png","caption":"Telinha"},"sameAs":["https:\/\/portaltela.pt\/"],"url":"https:\/\/portaltela.pt\/por\/367410592786\/"}]}},"_links":{"self":[{"href":"https:\/\/portaltela.pt\/api\/wp\/v2\/posts\/182772","targetHints":{"allow":["GET"]}}],"collection":[{"href":"https:\/\/portaltela.pt\/api\/wp\/v2\/posts"}],"about":[{"href":"https:\/\/portaltela.pt\/api\/wp\/v2\/types\/post"}],"author":[{"embeddable":true,"href":"https:\/\/portaltela.pt\/api\/wp\/v2\/users\/2"}],"replies":[{"embeddable":true,"href":"https:\/\/portaltela.pt\/api\/wp\/v2\/comments?post=182772"}],"version-history":[{"count":0,"href":"https:\/\/portaltela.pt\/api\/wp\/v2\/posts\/182772\/revisions"}],"wp:featuredmedia":[{"embeddable":true,"href":"https:\/\/portaltela.pt\/api\/wp\/v2\/media\/182782"}],"wp:attachment":[{"href":"https:\/\/portaltela.pt\/api\/wp\/v2\/media?parent=182772"}],"wp:term":[{"taxonomy":"category","embeddable":true,"href":"https:\/\/portaltela.pt\/api\/wp\/v2\/categories?post=182772"},{"taxonomy":"post_tag","embeddable":true,"href":"https:\/\/portaltela.pt\/api\/wp\/v2\/tags?post=182772"}],"curies":[{"name":"wp","href":"https:\/\/api.w.org\/{rel}","templated":true}]}}