{"id":182760,"date":"2026-01-29T19:59:00","date_gmt":"2026-01-29T22:59:00","guid":{"rendered":"https:\/\/portaltela.pt\/noticias\/2026\/01\/29\/realizador-joao-canijo-falece-aos-68-anos\/"},"modified":"2026-01-29T19:59:00","modified_gmt":"2026-01-29T22:59:00","slug":"realizador-joao-canijo-falece-aos-68-anos","status":"publish","type":"post","link":"https:\/\/portaltela.pt\/noticias\/2026\/01\/29\/realizador-joao-canijo-falece-aos-68-anos\/","title":{"rendered":"Realizador Jo\u00e3o Canijo falece aos 68 anos"},"content":{"rendered":"<p>O realizador portugu\u00eas Jo\u00e3o Canijo morreu hoje, aos 68 anos, v\u00edtima de um ataque card\u00edaco.<\/p>\n<p>A confirma\u00e7\u00e3o Ele foi anunciada neste domingo, sem indica\u00e7\u00e3o de local.<\/p>\n<p>Canijo completou 68 anos em dezembro e encontrava-se a finalizar o filme Encena\u00e7\u00e3o.<\/p>\n<p>Al\u00e9m disso, h\u00e1 cerca de duas semanas estava na fase de filmar uma pe\u00e7a de teatro relacionada com o projeto.<\/p>\n<h3>Carreira e projetos<\/h3>\n<p>Ao longo da carreira, Canijo destacou-se no cinema portugu\u00eas, com v\u00e1rias obras premiadas.<\/p>\n<p>A equipa de produ\u00e7\u00e3o e familiares n\u00e3o divulgaram detalhes sobre o falecimento ou cerim\u00f3nias f\u00fanebres.<\/p>\n","protected":false},"excerpt":{"rendered":"<ul>\n<li>O realizador portugu\u00eas Jo\u00e3o Canijo morreu hoje, aos 68 anos, v\u00edtima de um ataque card\u00edaco.<\/li>\n<li>Tinha completado 68 anos em dezembro passado.<\/li>\n<li>Estava a finalizar o filme mais recente, intitulado Encena\u00e7\u00e3o.<\/li>\n<li>Ainda h\u00e1 duas semanas filmava uma pe\u00e7a de teatro relacionada com o seu trabalho.<\/li>\n<\/ul>\n","protected":false},"author":2,"featured_media":182761,"comment_status":"closed","ping_status":"closed","sticky":false,"template":"","format":"standard","meta":{"footnotes":""},"categories":[1],"tags":[70,1423,1073,145,1014],"class_list":["post-182760","post","type-post","status-publish","format-standard","has-post-thumbnail","hentry","category-noticias","tag-arte","tag-artes-do-espectaculo","tag-cinema-teatro-concertos","tag-cultura","tag-portugal"],"yoast_head":"<!-- This site is optimized with the Yoast SEO plugin v27.2 - https:\/\/yoast.com\/product\/yoast-seo-wordpress\/ -->\n<title>Realizador Jo\u00e3o Canijo falece aos 68 anos - Portal Tela Portugal<\/title>\n<meta name=\"robots\" content=\"index, follow, max-snippet:-1, max-image-preview:large, max-video-preview:-1\" \/>\n<meta property=\"og:locale\" content=\"pt_PT\" \/>\n<meta property=\"og:type\" content=\"article\" \/>\n<meta property=\"og:title\" content=\"Realizador Jo\u00e3o Canijo falece aos 68 anos - Portal Tela Portugal\" \/>\n<meta property=\"og:description\" content=\"O realizador portugu\u00eas Jo\u00e3o Canijo morreu hoje, aos 68 anos, v\u00edtima de um ataque card\u00edaco. Tinha completado 68 anos em dezembro passado. Estava a finalizar o filme mais recente, intitulado Encena\u00e7\u00e3o. Ainda h\u00e1 duas semanas filmava uma pe\u00e7a de teatro relacionada com o seu trabalho.\" \/>\n<meta property=\"og:url\" content=\"https:\/\/portaltela.pt\/noticias\/2026\/01\/29\/realizador-joao-canijo-falece-aos-68-anos\/\" \/>\n<meta property=\"og:site_name\" content=\"Portal Tela Portugal\" \/>\n<meta property=\"article:published_time\" content=\"2026-01-29T22:59:00+00:00\" \/>\n<meta name=\"author\" content=\"Telinha\" \/>\n<meta name=\"twitter:card\" content=\"summary_large_image\" \/>\n<meta name=\"twitter:label1\" content=\"Escrito por\" \/>\n\t<meta name=\"twitter:data1\" content=\"Telinha\" \/>\n\t<meta name=\"twitter:label2\" content=\"Tempo estimado de leitura\" \/>\n\t<meta name=\"twitter:data2\" content=\"1 minuto\" \/>\n<script type=\"application\/ld+json\" class=\"yoast-schema-graph\">{\"@context\":\"https:\/\/schema.org\",\"@graph\":[{\"@type\":\"Article\",\"@id\":\"https:\/\/portaltela.pt\/noticias\/2026\/01\/29\/realizador-joao-canijo-falece-aos-68-anos\/#article\",\"isPartOf\":{\"@id\":\"https:\/\/portaltela.pt\/noticias\/2026\/01\/29\/realizador-joao-canijo-falece-aos-68-anos\/\"},\"author\":{\"name\":\"Telinha\",\"@id\":\"https:\/\/portaltela.pt\/#\/schema\/person\/c4278d4a6028830caff9ee44b42d32ed\"},\"headline\":\"Realizador Jo\u00e3o Canijo falece aos 68 anos\",\"datePublished\":\"2026-01-29T22:59:00+00:00\",\"mainEntityOfPage\":{\"@id\":\"https:\/\/portaltela.pt\/noticias\/2026\/01\/29\/realizador-joao-canijo-falece-aos-68-anos\/\"},\"wordCount\":110,\"image\":{\"@id\":\"https:\/\/portaltela.pt\/noticias\/2026\/01\/29\/realizador-joao-canijo-falece-aos-68-anos\/#primaryimage\"},\"thumbnailUrl\":\"https:\/\/portaltela.pt\/s.01k8rhncp4jt1\/2026\/01\/img_920x518uu2026-01-29-22-58-50-2418380.png\",\"keywords\":[\"arte\",\"artes do espect\u00e1culo\",\"cinema\/teatro\/concertos\",\"cultura\",\"Portugal\"],\"articleSection\":[\"Not\u00edcias\"],\"inLanguage\":\"pt-PT\"},{\"@type\":\"WebPage\",\"@id\":\"https:\/\/portaltela.pt\/noticias\/2026\/01\/29\/realizador-joao-canijo-falece-aos-68-anos\/\",\"url\":\"https:\/\/portaltela.pt\/noticias\/2026\/01\/29\/realizador-joao-canijo-falece-aos-68-anos\/\",\"name\":\"Realizador Jo\u00e3o Canijo falece aos 68 anos - Portal Tela Portugal\",\"isPartOf\":{\"@id\":\"https:\/\/portaltela.pt\/#website\"},\"primaryImageOfPage\":{\"@id\":\"https:\/\/portaltela.pt\/noticias\/2026\/01\/29\/realizador-joao-canijo-falece-aos-68-anos\/#primaryimage\"},\"image\":{\"@id\":\"https:\/\/portaltela.pt\/noticias\/2026\/01\/29\/realizador-joao-canijo-falece-aos-68-anos\/#primaryimage\"},\"thumbnailUrl\":\"https:\/\/portaltela.pt\/s.01k8rhncp4jt1\/2026\/01\/img_920x518uu2026-01-29-22-58-50-2418380.png\",\"datePublished\":\"2026-01-29T22:59:00+00:00\",\"author\":{\"@id\":\"https:\/\/portaltela.pt\/#\/schema\/person\/c4278d4a6028830caff9ee44b42d32ed\"},\"breadcrumb\":{\"@id\":\"https:\/\/portaltela.pt\/noticias\/2026\/01\/29\/realizador-joao-canijo-falece-aos-68-anos\/#breadcrumb\"},\"inLanguage\":\"pt-PT\",\"potentialAction\":[{\"@type\":\"ReadAction\",\"target\":[\"https:\/\/portaltela.pt\/noticias\/2026\/01\/29\/realizador-joao-canijo-falece-aos-68-anos\/\"]}]},{\"@type\":\"ImageObject\",\"inLanguage\":\"pt-PT\",\"@id\":\"https:\/\/portaltela.pt\/noticias\/2026\/01\/29\/realizador-joao-canijo-falece-aos-68-anos\/#primaryimage\",\"url\":\"https:\/\/portaltela.pt\/s.01k8rhncp4jt1\/2026\/01\/img_920x518uu2026-01-29-22-58-50-2418380.png\",\"contentUrl\":\"https:\/\/portaltela.pt\/s.01k8rhncp4jt1\/2026\/01\/img_920x518uu2026-01-29-22-58-50-2418380.png\",\"width\":920,\"height\":518,\"caption\":\"Jo\u00e3o Canijo\"},{\"@type\":\"BreadcrumbList\",\"@id\":\"https:\/\/portaltela.pt\/noticias\/2026\/01\/29\/realizador-joao-canijo-falece-aos-68-anos\/#breadcrumb\",\"itemListElement\":[{\"@type\":\"ListItem\",\"position\":1,\"name\":\"In\u00edcio\",\"item\":\"https:\/\/portaltela.pt\/\"},{\"@type\":\"ListItem\",\"position\":2,\"name\":\"Realizador Jo\u00e3o Canijo falece aos 68 anos\"}]},{\"@type\":\"WebSite\",\"@id\":\"https:\/\/portaltela.pt\/#website\",\"url\":\"https:\/\/portaltela.pt\/\",\"name\":\"Portal Tela Portugal\",\"description\":\"\",\"potentialAction\":[{\"@type\":\"SearchAction\",\"target\":{\"@type\":\"EntryPoint\",\"urlTemplate\":\"https:\/\/portaltela.pt\/?s={search_term_string}\"},\"query-input\":{\"@type\":\"PropertyValueSpecification\",\"valueRequired\":true,\"valueName\":\"search_term_string\"}}],\"inLanguage\":\"pt-PT\"},{\"@type\":\"Person\",\"@id\":\"https:\/\/portaltela.pt\/#\/schema\/person\/c4278d4a6028830caff9ee44b42d32ed\",\"name\":\"Telinha\",\"image\":{\"@type\":\"ImageObject\",\"inLanguage\":\"pt-PT\",\"@id\":\"https:\/\/portaltela.pt\/s.01k8rhncp4jt1\/2025\/11\/talking-bot-125x125.png\",\"url\":\"https:\/\/portaltela.pt\/s.01k8rhncp4jt1\/2025\/11\/talking-bot-125x125.png\",\"contentUrl\":\"https:\/\/portaltela.pt\/s.01k8rhncp4jt1\/2025\/11\/talking-bot-125x125.png\",\"caption\":\"Telinha\"},\"sameAs\":[\"https:\/\/portaltela.pt\/\"],\"url\":\"https:\/\/portaltela.pt\/por\/367410592786\/\"}]}<\/script>\n<!-- \/ Yoast SEO plugin. -->","yoast_head_json":{"title":"Realizador Jo\u00e3o Canijo falece aos 68 anos - Portal Tela Portugal","robots":{"index":"index","follow":"follow","max-snippet":"max-snippet:-1","max-image-preview":"max-image-preview:large","max-video-preview":"max-video-preview:-1"},"og_locale":"pt_PT","og_type":"article","og_title":"Realizador Jo\u00e3o Canijo falece aos 68 anos - Portal Tela Portugal","og_description":"O realizador portugu\u00eas Jo\u00e3o Canijo morreu hoje, aos 68 anos, v\u00edtima de um ataque card\u00edaco. Tinha completado 68 anos em dezembro passado. Estava a finalizar o filme mais recente, intitulado Encena\u00e7\u00e3o. Ainda h\u00e1 duas semanas filmava uma pe\u00e7a de teatro relacionada com o seu trabalho.","og_url":"https:\/\/portaltela.pt\/noticias\/2026\/01\/29\/realizador-joao-canijo-falece-aos-68-anos\/","og_site_name":"Portal Tela Portugal","article_published_time":"2026-01-29T22:59:00+00:00","author":"Telinha","twitter_card":"summary_large_image","twitter_misc":{"Escrito por":"Telinha","Tempo estimado de leitura":"1 minuto"},"schema":{"@context":"https:\/\/schema.org","@graph":[{"@type":"Article","@id":"https:\/\/portaltela.pt\/noticias\/2026\/01\/29\/realizador-joao-canijo-falece-aos-68-anos\/#article","isPartOf":{"@id":"https:\/\/portaltela.pt\/noticias\/2026\/01\/29\/realizador-joao-canijo-falece-aos-68-anos\/"},"author":{"name":"Telinha","@id":"https:\/\/portaltela.pt\/#\/schema\/person\/c4278d4a6028830caff9ee44b42d32ed"},"headline":"Realizador Jo\u00e3o Canijo falece aos 68 anos","datePublished":"2026-01-29T22:59:00+00:00","mainEntityOfPage":{"@id":"https:\/\/portaltela.pt\/noticias\/2026\/01\/29\/realizador-joao-canijo-falece-aos-68-anos\/"},"wordCount":110,"image":{"@id":"https:\/\/portaltela.pt\/noticias\/2026\/01\/29\/realizador-joao-canijo-falece-aos-68-anos\/#primaryimage"},"thumbnailUrl":"https:\/\/portaltela.pt\/s.01k8rhncp4jt1\/2026\/01\/img_920x518uu2026-01-29-22-58-50-2418380.png","keywords":["arte","artes do espect\u00e1culo","cinema\/teatro\/concertos","cultura","Portugal"],"articleSection":["Not\u00edcias"],"inLanguage":"pt-PT"},{"@type":"WebPage","@id":"https:\/\/portaltela.pt\/noticias\/2026\/01\/29\/realizador-joao-canijo-falece-aos-68-anos\/","url":"https:\/\/portaltela.pt\/noticias\/2026\/01\/29\/realizador-joao-canijo-falece-aos-68-anos\/","name":"Realizador Jo\u00e3o Canijo falece aos 68 anos - Portal Tela Portugal","isPartOf":{"@id":"https:\/\/portaltela.pt\/#website"},"primaryImageOfPage":{"@id":"https:\/\/portaltela.pt\/noticias\/2026\/01\/29\/realizador-joao-canijo-falece-aos-68-anos\/#primaryimage"},"image":{"@id":"https:\/\/portaltela.pt\/noticias\/2026\/01\/29\/realizador-joao-canijo-falece-aos-68-anos\/#primaryimage"},"thumbnailUrl":"https:\/\/portaltela.pt\/s.01k8rhncp4jt1\/2026\/01\/img_920x518uu2026-01-29-22-58-50-2418380.png","datePublished":"2026-01-29T22:59:00+00:00","author":{"@id":"https:\/\/portaltela.pt\/#\/schema\/person\/c4278d4a6028830caff9ee44b42d32ed"},"breadcrumb":{"@id":"https:\/\/portaltela.pt\/noticias\/2026\/01\/29\/realizador-joao-canijo-falece-aos-68-anos\/#breadcrumb"},"inLanguage":"pt-PT","potentialAction":[{"@type":"ReadAction","target":["https:\/\/portaltela.pt\/noticias\/2026\/01\/29\/realizador-joao-canijo-falece-aos-68-anos\/"]}]},{"@type":"ImageObject","inLanguage":"pt-PT","@id":"https:\/\/portaltela.pt\/noticias\/2026\/01\/29\/realizador-joao-canijo-falece-aos-68-anos\/#primaryimage","url":"https:\/\/portaltela.pt\/s.01k8rhncp4jt1\/2026\/01\/img_920x518uu2026-01-29-22-58-50-2418380.png","contentUrl":"https:\/\/portaltela.pt\/s.01k8rhncp4jt1\/2026\/01\/img_920x518uu2026-01-29-22-58-50-2418380.png","width":920,"height":518,"caption":"Jo\u00e3o Canijo"},{"@type":"BreadcrumbList","@id":"https:\/\/portaltela.pt\/noticias\/2026\/01\/29\/realizador-joao-canijo-falece-aos-68-anos\/#breadcrumb","itemListElement":[{"@type":"ListItem","position":1,"name":"In\u00edcio","item":"https:\/\/portaltela.pt\/"},{"@type":"ListItem","position":2,"name":"Realizador Jo\u00e3o Canijo falece aos 68 anos"}]},{"@type":"WebSite","@id":"https:\/\/portaltela.pt\/#website","url":"https:\/\/portaltela.pt\/","name":"Portal Tela Portugal","description":"","potentialAction":[{"@type":"SearchAction","target":{"@type":"EntryPoint","urlTemplate":"https:\/\/portaltela.pt\/?s={search_term_string}"},"query-input":{"@type":"PropertyValueSpecification","valueRequired":true,"valueName":"search_term_string"}}],"inLanguage":"pt-PT"},{"@type":"Person","@id":"https:\/\/portaltela.pt\/#\/schema\/person\/c4278d4a6028830caff9ee44b42d32ed","name":"Telinha","image":{"@type":"ImageObject","inLanguage":"pt-PT","@id":"https:\/\/portaltela.pt\/s.01k8rhncp4jt1\/2025\/11\/talking-bot-125x125.png","url":"https:\/\/portaltela.pt\/s.01k8rhncp4jt1\/2025\/11\/talking-bot-125x125.png","contentUrl":"https:\/\/portaltela.pt\/s.01k8rhncp4jt1\/2025\/11\/talking-bot-125x125.png","caption":"Telinha"},"sameAs":["https:\/\/portaltela.pt\/"],"url":"https:\/\/portaltela.pt\/por\/367410592786\/"}]}},"_links":{"self":[{"href":"https:\/\/portaltela.pt\/api\/wp\/v2\/posts\/182760","targetHints":{"allow":["GET"]}}],"collection":[{"href":"https:\/\/portaltela.pt\/api\/wp\/v2\/posts"}],"about":[{"href":"https:\/\/portaltela.pt\/api\/wp\/v2\/types\/post"}],"author":[{"embeddable":true,"href":"https:\/\/portaltela.pt\/api\/wp\/v2\/users\/2"}],"replies":[{"embeddable":true,"href":"https:\/\/portaltela.pt\/api\/wp\/v2\/comments?post=182760"}],"version-history":[{"count":0,"href":"https:\/\/portaltela.pt\/api\/wp\/v2\/posts\/182760\/revisions"}],"wp:featuredmedia":[{"embeddable":true,"href":"https:\/\/portaltela.pt\/api\/wp\/v2\/media\/182761"}],"wp:attachment":[{"href":"https:\/\/portaltela.pt\/api\/wp\/v2\/media?parent=182760"}],"wp:term":[{"taxonomy":"category","embeddable":true,"href":"https:\/\/portaltela.pt\/api\/wp\/v2\/categories?post=182760"},{"taxonomy":"post_tag","embeddable":true,"href":"https:\/\/portaltela.pt\/api\/wp\/v2\/tags?post=182760"}],"curies":[{"name":"wp","href":"https:\/\/api.w.org\/{rel}","templated":true}]}}