{"id":182682,"date":"2026-01-29T18:36:00","date_gmt":"2026-01-29T21:36:00","guid":{"rendered":"https:\/\/portaltela.pt\/noticias\/2026\/01\/29\/camionistas-macedonios-e-montenegrinos-encerram-bloqueio-a-porta-da-ue\/"},"modified":"2026-01-29T18:36:00","modified_gmt":"2026-01-29T21:36:00","slug":"camionistas-macedonios-e-montenegrinos-encerram-bloqueio-a-porta-da-ue","status":"publish","type":"post","link":"https:\/\/portaltela.pt\/noticias\/internacional\/2026\/01\/29\/camionistas-macedonios-e-montenegrinos-encerram-bloqueio-a-porta-da-ue\/","title":{"rendered":"Camionistas maced\u00f3nios e montenegrinos encerram bloqueio \u00e0 porta da UE"},"content":{"rendered":"<p>Camionistas de Maced\u00f3nia do Norte e de Montenegro terminaram hoje o bloqueio \u00e0 fronteira com a Uni\u00e3o Europeia, ap\u00f3s a divulga\u00e7\u00e3o de uma nova estrat\u00e9gia de migra\u00e7\u00e3o pela Comiss\u00e3o Europeia. O movimento tinha como objetivo protestar contra o regime de vistos do bloco e a dura\u00e7\u00e3o permitida de perman\u00eancia.<\/p>\n<p>Os bloqueios tamb\u00e9m envolveram motoristas da S\u00e9rvia e da B\u00f3snia e Herzegovina, que j\u00e1 tinham imposto paragens nos postos fronteiri\u00e7os desde segunda-feira. A eurodeputa\u00e7\u00e3o relata que a a\u00e7\u00e3o decorre de tens\u00f5es com o atual sistema de vistos, que limita a entrada a 90 dias em qualquer per\u00edodo de 180 dias.<\/p>\n<p>As autoridades europeias anunciaram que a nova estrat\u00e9gia de vistos pretende analisar regras de estadia para categorias espec\u00edficas de nacionais de pa\u00edses terceiros, incluindo cami\u00f5es. A Comiss\u00e3o disse que vai cooperar com os Estados-membros para encontrar solu\u00e7\u00f5es pragm\u00e1ticas.<\/p>\n<h3>Desfecho do bloqueio<\/h3>\n<p>\u00c0s 20:00 (19:00 em Lisboa) os camionistas maced\u00f3nios anunciaram o fim do bloqueio, pouco depois do an\u00fancio de Montenegro. A associa\u00e7\u00e3o Makam-Trans comentou que a uni\u00e3o e a perseveran\u00e7a dos motoristas gerou respostas da UE e que uma nova estrat\u00e9gia de vistos foi adotada.<\/p>\n<h3>Contexto e pr\u00f3ximos passos<\/h3>\n<p>Foi marcada uma reuni\u00e3o para ter\u00e7a-feira entre ministros dos transportes da regi\u00e3o e representantes da Comiss\u00e3o Europeia para discutir solu\u00e7\u00f5es para os camionistas. O objetivo \u00e9 preparar estrat\u00e9gias para facilitar o tr\u00e2nsito de mercadorias entre a UE e os Balc\u00e3s, segundo fontes oficiais.<\/p>\n<h3>Enquadramento econ\u00f3mico<\/h3>\n<p>O com\u00e9rcio de mercadorias entre a UE e os Balc\u00e3s ultrapassou os 83 mil milh\u00f5es de euros em 2024, evidenciando a import\u00e2ncia dos fluxos rodovi\u00e1rios na regi\u00e3o. A UE continua a ser o principal parceiro comercial dos Balc\u00e3s, representando mais de 60% do interc\u00e2mbio regional.<\/p>\n","protected":false},"excerpt":{"rendered":"<ul>\n<li>Camionistas maced\u00f3nios e montenegrinos encerraram o bloqueio \u00e0 fronteira com a UE ap\u00f3s a divulga\u00e7\u00e3o da nova estrat\u00e9gia de migra\u00e7\u00e3o da Comiss\u00e3o Europeia.<\/li>\n<li>Camionistas s\u00e9rvios e b\u00f3snios, junto com hom\u00f3logos da Maced\u00f3nia do Norte e Montenegro, continuam a bloquear as fronteiras e dever\u00e3o anunciar a decis\u00e3o ainda hoje.<\/li>\n<li>Centenas de motoristas bloquearam terminais de carga em dezenas de postos fronteiri\u00e7os pelo quarto dia, protestando contra o regime de vistos de 90 dias em qualquer per\u00edodo de 180 dias.<\/li>\n<li>A Uni\u00e3o Europeia representa mais de 60% do com\u00e9rcio dos Balc\u00e3s, com os controlos intensificados desde outubro de 2025, quando entrou em vigor o Sistema de Entrada\/Sa\u00edda (EES), cuja implementa\u00e7\u00e3o total est\u00e1 prevista para 10 de abril.<\/li>\n<li>A Comiss\u00e3o Europeia indicou que vai explorar novas regras para estadias curtas e prolongadas para certas categorias de nacionais de pa\u00edses terceiros e discutir solu\u00e7\u00f5es com os Estados-membros numa reuni\u00e3o na pr\u00f3xima ter\u00e7a-feira.<\/li>\n<\/ul>\n","protected":false},"author":2,"featured_media":182706,"comment_status":"closed","ping_status":"closed","sticky":false,"template":"","format":"standard","meta":{"footnotes":""},"categories":[4,1],"tags":[3203,3368,2487,4002,1456,2055],"class_list":["post-182682","post","type-post","status-publish","format-standard","has-post-thumbnail","hentry","category-internacional","category-noticias","tag-balcas-ocidentais","tag-comercio-internacional","tag-europa","tag-fronteiras","tag-migracao","tag-uniao-europeia"],"yoast_head":"<!-- This site is optimized with the Yoast SEO plugin v27.2 - https:\/\/yoast.com\/product\/yoast-seo-wordpress\/ -->\n<title>Camionistas maced\u00f3nios e montenegrinos encerram bloqueio \u00e0 porta da UE - Portal Tela Portugal<\/title>\n<meta name=\"robots\" content=\"index, follow, max-snippet:-1, max-image-preview:large, max-video-preview:-1\" \/>\n<meta property=\"og:locale\" content=\"pt_PT\" \/>\n<meta property=\"og:type\" content=\"article\" \/>\n<meta property=\"og:title\" content=\"Camionistas maced\u00f3nios e montenegrinos encerram bloqueio \u00e0 porta da UE - Portal Tela Portugal\" \/>\n<meta property=\"og:description\" content=\"Camionistas maced\u00f3nios e montenegrinos encerraram o bloqueio \u00e0 fronteira com a UE ap\u00f3s a divulga\u00e7\u00e3o da nova estrat\u00e9gia de migra\u00e7\u00e3o da Comiss\u00e3o Europeia. Camionistas s\u00e9rvios e b\u00f3snios, junto com hom\u00f3logos da Maced\u00f3nia do Norte e Montenegro, continuam a bloquear as fronteiras e dever\u00e3o anunciar a decis\u00e3o ainda hoje. Centenas de motoristas bloquearam terminais de carga em dezenas de postos fronteiri\u00e7os pelo quarto dia, protestando contra o regime de vistos de 90 dias em qualquer per\u00edodo de 180 dias. A Uni\u00e3o Europeia representa mais de 60% do com\u00e9rcio dos Balc\u00e3s, com os controlos intensificados desde outubro de 2025, quando entrou em vigor o Sistema de Entrada\/Sa\u00edda (EES), cuja implementa\u00e7\u00e3o total est\u00e1 prevista para 10 de abril. A Comiss\u00e3o Europeia indicou que vai explorar novas regras para estadias curtas e prolongadas para certas categorias de nacionais de pa\u00edses terceiros e discutir solu\u00e7\u00f5es com os Estados-membros numa reuni\u00e3o na pr\u00f3xima ter\u00e7a-feira.\" \/>\n<meta property=\"og:url\" content=\"https:\/\/portaltela.pt\/noticias\/2026\/01\/29\/camionistas-macedonios-e-montenegrinos-encerram-bloqueio-a-porta-da-ue\/\" \/>\n<meta property=\"og:site_name\" content=\"Portal Tela Portugal\" \/>\n<meta property=\"article:published_time\" content=\"2026-01-29T21:36:00+00:00\" \/>\n<meta name=\"author\" content=\"Telinha\" \/>\n<meta name=\"twitter:card\" content=\"summary_large_image\" \/>\n<meta name=\"twitter:label1\" content=\"Escrito por\" \/>\n\t<meta name=\"twitter:data1\" content=\"Telinha\" \/>\n\t<meta name=\"twitter:label2\" content=\"Tempo estimado de leitura\" \/>\n\t<meta name=\"twitter:data2\" content=\"2 minutos\" \/>\n<script type=\"application\/ld+json\" class=\"yoast-schema-graph\">{\"@context\":\"https:\/\/schema.org\",\"@graph\":[{\"@type\":\"Article\",\"@id\":\"https:\/\/portaltela.pt\/noticias\/2026\/01\/29\/camionistas-macedonios-e-montenegrinos-encerram-bloqueio-a-porta-da-ue\/#article\",\"isPartOf\":{\"@id\":\"https:\/\/portaltela.pt\/noticias\/2026\/01\/29\/camionistas-macedonios-e-montenegrinos-encerram-bloqueio-a-porta-da-ue\/\"},\"author\":{\"name\":\"Telinha\",\"@id\":\"https:\/\/portaltela.pt\/#\/schema\/person\/c4278d4a6028830caff9ee44b42d32ed\"},\"headline\":\"Camionistas maced\u00f3nios e montenegrinos encerram bloqueio \u00e0 porta da UE\",\"datePublished\":\"2026-01-29T21:36:00+00:00\",\"mainEntityOfPage\":{\"@id\":\"https:\/\/portaltela.pt\/noticias\/2026\/01\/29\/camionistas-macedonios-e-montenegrinos-encerram-bloqueio-a-porta-da-ue\/\"},\"wordCount\":327,\"image\":{\"@id\":\"https:\/\/portaltela.pt\/noticias\/2026\/01\/29\/camionistas-macedonios-e-montenegrinos-encerram-bloqueio-a-porta-da-ue\/#primaryimage\"},\"thumbnailUrl\":\"https:\/\/portaltela.pt\/s.01k8rhncp4jt1\/2026\/01\/unnamed-file-5946.jpg\",\"keywords\":[\"Balc\u00e3s Ocidentais\",\"com\u00e9rcio internacional\",\"Europa\",\"fronteiras\",\"migra\u00e7\u00e3o\",\"Uni\u00e3o Europeia\"],\"articleSection\":[\"Internacional\",\"Not\u00edcias\"],\"inLanguage\":\"pt-PT\"},{\"@type\":\"WebPage\",\"@id\":\"https:\/\/portaltela.pt\/noticias\/2026\/01\/29\/camionistas-macedonios-e-montenegrinos-encerram-bloqueio-a-porta-da-ue\/\",\"url\":\"https:\/\/portaltela.pt\/noticias\/2026\/01\/29\/camionistas-macedonios-e-montenegrinos-encerram-bloqueio-a-porta-da-ue\/\",\"name\":\"Camionistas maced\u00f3nios e montenegrinos encerram bloqueio \u00e0 porta da UE - Portal Tela Portugal\",\"isPartOf\":{\"@id\":\"https:\/\/portaltela.pt\/#website\"},\"primaryImageOfPage\":{\"@id\":\"https:\/\/portaltela.pt\/noticias\/2026\/01\/29\/camionistas-macedonios-e-montenegrinos-encerram-bloqueio-a-porta-da-ue\/#primaryimage\"},\"image\":{\"@id\":\"https:\/\/portaltela.pt\/noticias\/2026\/01\/29\/camionistas-macedonios-e-montenegrinos-encerram-bloqueio-a-porta-da-ue\/#primaryimage\"},\"thumbnailUrl\":\"https:\/\/portaltela.pt\/s.01k8rhncp4jt1\/2026\/01\/unnamed-file-5946.jpg\",\"datePublished\":\"2026-01-29T21:36:00+00:00\",\"author\":{\"@id\":\"https:\/\/portaltela.pt\/#\/schema\/person\/c4278d4a6028830caff9ee44b42d32ed\"},\"breadcrumb\":{\"@id\":\"https:\/\/portaltela.pt\/noticias\/2026\/01\/29\/camionistas-macedonios-e-montenegrinos-encerram-bloqueio-a-porta-da-ue\/#breadcrumb\"},\"inLanguage\":\"pt-PT\",\"potentialAction\":[{\"@type\":\"ReadAction\",\"target\":[\"https:\/\/portaltela.pt\/noticias\/2026\/01\/29\/camionistas-macedonios-e-montenegrinos-encerram-bloqueio-a-porta-da-ue\/\"]}]},{\"@type\":\"ImageObject\",\"inLanguage\":\"pt-PT\",\"@id\":\"https:\/\/portaltela.pt\/noticias\/2026\/01\/29\/camionistas-macedonios-e-montenegrinos-encerram-bloqueio-a-porta-da-ue\/#primaryimage\",\"url\":\"https:\/\/portaltela.pt\/s.01k8rhncp4jt1\/2026\/01\/unnamed-file-5946.jpg\",\"contentUrl\":\"https:\/\/portaltela.pt\/s.01k8rhncp4jt1\/2026\/01\/unnamed-file-5946.jpg\",\"width\":796,\"height\":448,\"caption\":\"Camionistas maced\u00f3nios e montenegrinos acabam bloqueio '\u00e0 porta' da UE\"},{\"@type\":\"BreadcrumbList\",\"@id\":\"https:\/\/portaltela.pt\/noticias\/2026\/01\/29\/camionistas-macedonios-e-montenegrinos-encerram-bloqueio-a-porta-da-ue\/#breadcrumb\",\"itemListElement\":[{\"@type\":\"ListItem\",\"position\":1,\"name\":\"In\u00edcio\",\"item\":\"https:\/\/portaltela.pt\/\"},{\"@type\":\"ListItem\",\"position\":2,\"name\":\"Camionistas maced\u00f3nios e montenegrinos encerram bloqueio \u00e0 porta da UE\"}]},{\"@type\":\"WebSite\",\"@id\":\"https:\/\/portaltela.pt\/#website\",\"url\":\"https:\/\/portaltela.pt\/\",\"name\":\"Portal Tela Portugal\",\"description\":\"\",\"potentialAction\":[{\"@type\":\"SearchAction\",\"target\":{\"@type\":\"EntryPoint\",\"urlTemplate\":\"https:\/\/portaltela.pt\/?s={search_term_string}\"},\"query-input\":{\"@type\":\"PropertyValueSpecification\",\"valueRequired\":true,\"valueName\":\"search_term_string\"}}],\"inLanguage\":\"pt-PT\"},{\"@type\":\"Person\",\"@id\":\"https:\/\/portaltela.pt\/#\/schema\/person\/c4278d4a6028830caff9ee44b42d32ed\",\"name\":\"Telinha\",\"image\":{\"@type\":\"ImageObject\",\"inLanguage\":\"pt-PT\",\"@id\":\"https:\/\/portaltela.pt\/s.01k8rhncp4jt1\/2025\/11\/talking-bot-125x125.png\",\"url\":\"https:\/\/portaltela.pt\/s.01k8rhncp4jt1\/2025\/11\/talking-bot-125x125.png\",\"contentUrl\":\"https:\/\/portaltela.pt\/s.01k8rhncp4jt1\/2025\/11\/talking-bot-125x125.png\",\"caption\":\"Telinha\"},\"sameAs\":[\"https:\/\/portaltela.pt\/\"],\"url\":\"https:\/\/portaltela.pt\/por\/367410592786\/\"}]}<\/script>\n<!-- \/ Yoast SEO plugin. -->","yoast_head_json":{"title":"Camionistas maced\u00f3nios e montenegrinos encerram bloqueio \u00e0 porta da UE - Portal Tela Portugal","robots":{"index":"index","follow":"follow","max-snippet":"max-snippet:-1","max-image-preview":"max-image-preview:large","max-video-preview":"max-video-preview:-1"},"og_locale":"pt_PT","og_type":"article","og_title":"Camionistas maced\u00f3nios e montenegrinos encerram bloqueio \u00e0 porta da UE - Portal Tela Portugal","og_description":"Camionistas maced\u00f3nios e montenegrinos encerraram o bloqueio \u00e0 fronteira com a UE ap\u00f3s a divulga\u00e7\u00e3o da nova estrat\u00e9gia de migra\u00e7\u00e3o da Comiss\u00e3o Europeia. Camionistas s\u00e9rvios e b\u00f3snios, junto com hom\u00f3logos da Maced\u00f3nia do Norte e Montenegro, continuam a bloquear as fronteiras e dever\u00e3o anunciar a decis\u00e3o ainda hoje. Centenas de motoristas bloquearam terminais de carga em dezenas de postos fronteiri\u00e7os pelo quarto dia, protestando contra o regime de vistos de 90 dias em qualquer per\u00edodo de 180 dias. A Uni\u00e3o Europeia representa mais de 60% do com\u00e9rcio dos Balc\u00e3s, com os controlos intensificados desde outubro de 2025, quando entrou em vigor o Sistema de Entrada\/Sa\u00edda (EES), cuja implementa\u00e7\u00e3o total est\u00e1 prevista para 10 de abril. A Comiss\u00e3o Europeia indicou que vai explorar novas regras para estadias curtas e prolongadas para certas categorias de nacionais de pa\u00edses terceiros e discutir solu\u00e7\u00f5es com os Estados-membros numa reuni\u00e3o na pr\u00f3xima ter\u00e7a-feira.","og_url":"https:\/\/portaltela.pt\/noticias\/2026\/01\/29\/camionistas-macedonios-e-montenegrinos-encerram-bloqueio-a-porta-da-ue\/","og_site_name":"Portal Tela Portugal","article_published_time":"2026-01-29T21:36:00+00:00","author":"Telinha","twitter_card":"summary_large_image","twitter_misc":{"Escrito por":"Telinha","Tempo estimado de leitura":"2 minutos"},"schema":{"@context":"https:\/\/schema.org","@graph":[{"@type":"Article","@id":"https:\/\/portaltela.pt\/noticias\/2026\/01\/29\/camionistas-macedonios-e-montenegrinos-encerram-bloqueio-a-porta-da-ue\/#article","isPartOf":{"@id":"https:\/\/portaltela.pt\/noticias\/2026\/01\/29\/camionistas-macedonios-e-montenegrinos-encerram-bloqueio-a-porta-da-ue\/"},"author":{"name":"Telinha","@id":"https:\/\/portaltela.pt\/#\/schema\/person\/c4278d4a6028830caff9ee44b42d32ed"},"headline":"Camionistas maced\u00f3nios e montenegrinos encerram bloqueio \u00e0 porta da UE","datePublished":"2026-01-29T21:36:00+00:00","mainEntityOfPage":{"@id":"https:\/\/portaltela.pt\/noticias\/2026\/01\/29\/camionistas-macedonios-e-montenegrinos-encerram-bloqueio-a-porta-da-ue\/"},"wordCount":327,"image":{"@id":"https:\/\/portaltela.pt\/noticias\/2026\/01\/29\/camionistas-macedonios-e-montenegrinos-encerram-bloqueio-a-porta-da-ue\/#primaryimage"},"thumbnailUrl":"https:\/\/portaltela.pt\/s.01k8rhncp4jt1\/2026\/01\/unnamed-file-5946.jpg","keywords":["Balc\u00e3s Ocidentais","com\u00e9rcio internacional","Europa","fronteiras","migra\u00e7\u00e3o","Uni\u00e3o Europeia"],"articleSection":["Internacional","Not\u00edcias"],"inLanguage":"pt-PT"},{"@type":"WebPage","@id":"https:\/\/portaltela.pt\/noticias\/2026\/01\/29\/camionistas-macedonios-e-montenegrinos-encerram-bloqueio-a-porta-da-ue\/","url":"https:\/\/portaltela.pt\/noticias\/2026\/01\/29\/camionistas-macedonios-e-montenegrinos-encerram-bloqueio-a-porta-da-ue\/","name":"Camionistas maced\u00f3nios e montenegrinos encerram bloqueio \u00e0 porta da UE - Portal Tela Portugal","isPartOf":{"@id":"https:\/\/portaltela.pt\/#website"},"primaryImageOfPage":{"@id":"https:\/\/portaltela.pt\/noticias\/2026\/01\/29\/camionistas-macedonios-e-montenegrinos-encerram-bloqueio-a-porta-da-ue\/#primaryimage"},"image":{"@id":"https:\/\/portaltela.pt\/noticias\/2026\/01\/29\/camionistas-macedonios-e-montenegrinos-encerram-bloqueio-a-porta-da-ue\/#primaryimage"},"thumbnailUrl":"https:\/\/portaltela.pt\/s.01k8rhncp4jt1\/2026\/01\/unnamed-file-5946.jpg","datePublished":"2026-01-29T21:36:00+00:00","author":{"@id":"https:\/\/portaltela.pt\/#\/schema\/person\/c4278d4a6028830caff9ee44b42d32ed"},"breadcrumb":{"@id":"https:\/\/portaltela.pt\/noticias\/2026\/01\/29\/camionistas-macedonios-e-montenegrinos-encerram-bloqueio-a-porta-da-ue\/#breadcrumb"},"inLanguage":"pt-PT","potentialAction":[{"@type":"ReadAction","target":["https:\/\/portaltela.pt\/noticias\/2026\/01\/29\/camionistas-macedonios-e-montenegrinos-encerram-bloqueio-a-porta-da-ue\/"]}]},{"@type":"ImageObject","inLanguage":"pt-PT","@id":"https:\/\/portaltela.pt\/noticias\/2026\/01\/29\/camionistas-macedonios-e-montenegrinos-encerram-bloqueio-a-porta-da-ue\/#primaryimage","url":"https:\/\/portaltela.pt\/s.01k8rhncp4jt1\/2026\/01\/unnamed-file-5946.jpg","contentUrl":"https:\/\/portaltela.pt\/s.01k8rhncp4jt1\/2026\/01\/unnamed-file-5946.jpg","width":796,"height":448,"caption":"Camionistas maced\u00f3nios e montenegrinos acabam bloqueio '\u00e0 porta' da UE"},{"@type":"BreadcrumbList","@id":"https:\/\/portaltela.pt\/noticias\/2026\/01\/29\/camionistas-macedonios-e-montenegrinos-encerram-bloqueio-a-porta-da-ue\/#breadcrumb","itemListElement":[{"@type":"ListItem","position":1,"name":"In\u00edcio","item":"https:\/\/portaltela.pt\/"},{"@type":"ListItem","position":2,"name":"Camionistas maced\u00f3nios e montenegrinos encerram bloqueio \u00e0 porta da UE"}]},{"@type":"WebSite","@id":"https:\/\/portaltela.pt\/#website","url":"https:\/\/portaltela.pt\/","name":"Portal Tela Portugal","description":"","potentialAction":[{"@type":"SearchAction","target":{"@type":"EntryPoint","urlTemplate":"https:\/\/portaltela.pt\/?s={search_term_string}"},"query-input":{"@type":"PropertyValueSpecification","valueRequired":true,"valueName":"search_term_string"}}],"inLanguage":"pt-PT"},{"@type":"Person","@id":"https:\/\/portaltela.pt\/#\/schema\/person\/c4278d4a6028830caff9ee44b42d32ed","name":"Telinha","image":{"@type":"ImageObject","inLanguage":"pt-PT","@id":"https:\/\/portaltela.pt\/s.01k8rhncp4jt1\/2025\/11\/talking-bot-125x125.png","url":"https:\/\/portaltela.pt\/s.01k8rhncp4jt1\/2025\/11\/talking-bot-125x125.png","contentUrl":"https:\/\/portaltela.pt\/s.01k8rhncp4jt1\/2025\/11\/talking-bot-125x125.png","caption":"Telinha"},"sameAs":["https:\/\/portaltela.pt\/"],"url":"https:\/\/portaltela.pt\/por\/367410592786\/"}]}},"_links":{"self":[{"href":"https:\/\/portaltela.pt\/api\/wp\/v2\/posts\/182682","targetHints":{"allow":["GET"]}}],"collection":[{"href":"https:\/\/portaltela.pt\/api\/wp\/v2\/posts"}],"about":[{"href":"https:\/\/portaltela.pt\/api\/wp\/v2\/types\/post"}],"author":[{"embeddable":true,"href":"https:\/\/portaltela.pt\/api\/wp\/v2\/users\/2"}],"replies":[{"embeddable":true,"href":"https:\/\/portaltela.pt\/api\/wp\/v2\/comments?post=182682"}],"version-history":[{"count":0,"href":"https:\/\/portaltela.pt\/api\/wp\/v2\/posts\/182682\/revisions"}],"wp:featuredmedia":[{"embeddable":true,"href":"https:\/\/portaltela.pt\/api\/wp\/v2\/media\/182706"}],"wp:attachment":[{"href":"https:\/\/portaltela.pt\/api\/wp\/v2\/media?parent=182682"}],"wp:term":[{"taxonomy":"category","embeddable":true,"href":"https:\/\/portaltela.pt\/api\/wp\/v2\/categories?post=182682"},{"taxonomy":"post_tag","embeddable":true,"href":"https:\/\/portaltela.pt\/api\/wp\/v2\/tags?post=182682"}],"curies":[{"name":"wp","href":"https:\/\/api.w.org\/{rel}","templated":true}]}}