{"id":182677,"date":"2026-01-29T18:57:53","date_gmt":"2026-01-29T21:57:53","guid":{"rendered":"https:\/\/portaltela.pt\/noticias\/2026\/01\/29\/meia-maratona-estrada-nacional-16-realiza-se-com-participacao-de-atletas\/"},"modified":"2026-01-29T18:57:53","modified_gmt":"2026-01-29T21:57:53","slug":"meia-maratona-estrada-nacional-16-realiza-se-com-participacao-de-atletas","status":"publish","type":"post","link":"https:\/\/portaltela.pt\/desporto\/2026\/01\/29\/meia-maratona-estrada-nacional-16-realiza-se-com-participacao-de-atletas\/","title":{"rendered":"Meia Maratona Estrada Nacional 16 realiza-se com participa\u00e7\u00e3o de atletas"},"content":{"rendered":"<p>No dia 7 de junho, o Vale do Mondego recebe a Meia Maratona Estrada Nacional 16, numa prova que associa desporto, natureza e patrim\u00f3nio. O trajeto liga Fornos de Algodres a Celorico da Beira, em cen\u00e1rio de paisagens da regi\u00e3o.<\/p>\n<p>A iniciativa dirige-se tanto a atletas experientes como a entusiastas da corrida, prometendo um percurso desafiante e inspirador. Ao longo do itiner\u00e1rio, destacam-se a beleza natural do vale e o conv\u00edvio entre participantes e comunidades locais.<\/p>\n<p>A Meia Maratona \u00e9 organizada pela Beiras Marca A.D.E, com o media partner Mais Beiras Informa\u00e7\u00e3o. Em breve ser\u00e3o divulgados detalhes sobre os percursos, inscri\u00e7\u00f5es e hor\u00e1rios. Corre pelo Vale, sente o Mondego e vive o desafio!<\/p>\n<h3>Organiza\u00e7\u00e3o e pr\u00f3ximos passos<\/h3>\n<p>As informa\u00e7\u00f5es oficiais ser\u00e3o disponibilizadas pela organiza\u00e7\u00e3o \u00e0 medida que o evento se aproxima, incluindo condi\u00e7\u00f5es de participa\u00e7\u00e3o, pontos de apoio e log\u00edstica de chegada.<\/p>\n<p>A divulga\u00e7\u00e3o refor\u00e7a o objetivo de testar limites e promover a regi\u00e3o, mantendo o foco na experi\u00eancia desportiva, na paisagem do EN16 e na participa\u00e7\u00e3o comunit\u00e1ria.<\/p>\n","protected":false},"excerpt":{"rendered":"<ul>\n<li>No dia 7 de junho, a Meia Maratona Estrada Nacional 16 realiza-se no Vale do Mondego, ligando Fornos de Algodres a Celorico da Beira.<\/li>\n<li>O evento re\u00fane desporto, natureza e patrim\u00f3nio, oferecendo as paisagens da regi\u00e3o e o conv\u00edvio entre atletas.<\/li>\n<li>O percurso \u00e9 desafiador, adequado a atletas experientes e a quem procura superar-se.<\/li>\n<li>Est\u00e1 organizada pelo Beiras Marca A.D.E., com o Mais Beiras Informa\u00e7\u00e3o como media partner.<\/li>\n<li>Em breve ser\u00e3o divulgados os detalhes sobre os percursos, inscri\u00e7\u00f5es e hor\u00e1rios.<\/li>\n<\/ul>\n","protected":false},"author":2,"featured_media":182693,"comment_status":"closed","ping_status":"closed","sticky":false,"template":"","format":"standard","meta":{"footnotes":""},"categories":[21],"tags":[1846,1966,152,1354,2410,4399],"class_list":["post-182677","post","type-post","status-publish","format-standard","has-post-thumbnail","hentry","category-desporto","tag-beira-interior","tag-celorico-da-beira","tag-desporto","tag-fornos-de-algodres","tag-mondego","tag-paisagens"],"yoast_head":"<!-- This site is optimized with the Yoast SEO plugin v27.2 - https:\/\/yoast.com\/product\/yoast-seo-wordpress\/ -->\n<title>Meia Maratona Estrada Nacional 16 realiza-se com participa\u00e7\u00e3o de atletas - Portal Tela Portugal<\/title>\n<meta name=\"robots\" content=\"index, follow, max-snippet:-1, max-image-preview:large, max-video-preview:-1\" \/>\n<meta property=\"og:locale\" content=\"pt_PT\" \/>\n<meta property=\"og:type\" content=\"article\" \/>\n<meta property=\"og:title\" content=\"Meia Maratona Estrada Nacional 16 realiza-se com participa\u00e7\u00e3o de atletas - Portal Tela Portugal\" \/>\n<meta property=\"og:description\" content=\"No dia 7 de junho, a Meia Maratona Estrada Nacional 16 realiza-se no Vale do Mondego, ligando Fornos de Algodres a Celorico da Beira. O evento re\u00fane desporto, natureza e patrim\u00f3nio, oferecendo as paisagens da regi\u00e3o e o conv\u00edvio entre atletas. O percurso \u00e9 desafiador, adequado a atletas experientes e a quem procura superar-se. Est\u00e1 organizada pelo Beiras Marca A.D.E., com o Mais Beiras Informa\u00e7\u00e3o como media partner. Em breve ser\u00e3o divulgados os detalhes sobre os percursos, inscri\u00e7\u00f5es e hor\u00e1rios.\" \/>\n<meta property=\"og:url\" content=\"https:\/\/portaltela.pt\/noticias\/2026\/01\/29\/meia-maratona-estrada-nacional-16-realiza-se-com-participacao-de-atletas\/\" \/>\n<meta property=\"og:site_name\" content=\"Portal Tela Portugal\" \/>\n<meta property=\"article:published_time\" content=\"2026-01-29T21:57:53+00:00\" \/>\n<meta name=\"author\" content=\"Telinha\" \/>\n<meta name=\"twitter:card\" content=\"summary_large_image\" \/>\n<meta name=\"twitter:label1\" content=\"Escrito por\" \/>\n\t<meta name=\"twitter:data1\" content=\"Telinha\" \/>\n\t<meta name=\"twitter:label2\" content=\"Tempo estimado de leitura\" \/>\n\t<meta name=\"twitter:data2\" content=\"1 minuto\" \/>\n<script type=\"application\/ld+json\" class=\"yoast-schema-graph\">{\"@context\":\"https:\/\/schema.org\",\"@graph\":[{\"@type\":\"Article\",\"@id\":\"https:\/\/portaltela.pt\/noticias\/2026\/01\/29\/meia-maratona-estrada-nacional-16-realiza-se-com-participacao-de-atletas\/#article\",\"isPartOf\":{\"@id\":\"https:\/\/portaltela.pt\/noticias\/2026\/01\/29\/meia-maratona-estrada-nacional-16-realiza-se-com-participacao-de-atletas\/\"},\"author\":{\"name\":\"Telinha\",\"@id\":\"https:\/\/portaltela.pt\/#\/schema\/person\/c4278d4a6028830caff9ee44b42d32ed\"},\"headline\":\"Meia Maratona Estrada Nacional 16 realiza-se com participa\u00e7\u00e3o de atletas\",\"datePublished\":\"2026-01-29T21:57:53+00:00\",\"mainEntityOfPage\":{\"@id\":\"https:\/\/portaltela.pt\/noticias\/2026\/01\/29\/meia-maratona-estrada-nacional-16-realiza-se-com-participacao-de-atletas\/\"},\"wordCount\":199,\"image\":{\"@id\":\"https:\/\/portaltela.pt\/noticias\/2026\/01\/29\/meia-maratona-estrada-nacional-16-realiza-se-com-participacao-de-atletas\/#primaryimage\"},\"thumbnailUrl\":\"https:\/\/portaltela.pt\/s.01k8rhncp4jt1\/2026\/01\/IMG-20260129-WA0028.jpg\",\"keywords\":[\"Beira Interior\",\"Celorico da Beira\",\"desporto\",\"Fornos de Algodres\",\"Mondego\",\"Paisagens\"],\"articleSection\":[\"Desporto\"],\"inLanguage\":\"pt-PT\"},{\"@type\":\"WebPage\",\"@id\":\"https:\/\/portaltela.pt\/noticias\/2026\/01\/29\/meia-maratona-estrada-nacional-16-realiza-se-com-participacao-de-atletas\/\",\"url\":\"https:\/\/portaltela.pt\/noticias\/2026\/01\/29\/meia-maratona-estrada-nacional-16-realiza-se-com-participacao-de-atletas\/\",\"name\":\"Meia Maratona Estrada Nacional 16 realiza-se com participa\u00e7\u00e3o de atletas - Portal Tela Portugal\",\"isPartOf\":{\"@id\":\"https:\/\/portaltela.pt\/#website\"},\"primaryImageOfPage\":{\"@id\":\"https:\/\/portaltela.pt\/noticias\/2026\/01\/29\/meia-maratona-estrada-nacional-16-realiza-se-com-participacao-de-atletas\/#primaryimage\"},\"image\":{\"@id\":\"https:\/\/portaltela.pt\/noticias\/2026\/01\/29\/meia-maratona-estrada-nacional-16-realiza-se-com-participacao-de-atletas\/#primaryimage\"},\"thumbnailUrl\":\"https:\/\/portaltela.pt\/s.01k8rhncp4jt1\/2026\/01\/IMG-20260129-WA0028.jpg\",\"datePublished\":\"2026-01-29T21:57:53+00:00\",\"author\":{\"@id\":\"https:\/\/portaltela.pt\/#\/schema\/person\/c4278d4a6028830caff9ee44b42d32ed\"},\"breadcrumb\":{\"@id\":\"https:\/\/portaltela.pt\/noticias\/2026\/01\/29\/meia-maratona-estrada-nacional-16-realiza-se-com-participacao-de-atletas\/#breadcrumb\"},\"inLanguage\":\"pt-PT\",\"potentialAction\":[{\"@type\":\"ReadAction\",\"target\":[\"https:\/\/portaltela.pt\/noticias\/2026\/01\/29\/meia-maratona-estrada-nacional-16-realiza-se-com-participacao-de-atletas\/\"]}]},{\"@type\":\"ImageObject\",\"inLanguage\":\"pt-PT\",\"@id\":\"https:\/\/portaltela.pt\/noticias\/2026\/01\/29\/meia-maratona-estrada-nacional-16-realiza-se-com-participacao-de-atletas\/#primaryimage\",\"url\":\"https:\/\/portaltela.pt\/s.01k8rhncp4jt1\/2026\/01\/IMG-20260129-WA0028.jpg\",\"contentUrl\":\"https:\/\/portaltela.pt\/s.01k8rhncp4jt1\/2026\/01\/IMG-20260129-WA0028.jpg\",\"width\":796,\"height\":448,\"caption\":\"MEIA MARATONA ESTRADA NACIONAL 16\"},{\"@type\":\"BreadcrumbList\",\"@id\":\"https:\/\/portaltela.pt\/noticias\/2026\/01\/29\/meia-maratona-estrada-nacional-16-realiza-se-com-participacao-de-atletas\/#breadcrumb\",\"itemListElement\":[{\"@type\":\"ListItem\",\"position\":1,\"name\":\"In\u00edcio\",\"item\":\"https:\/\/portaltela.pt\/\"},{\"@type\":\"ListItem\",\"position\":2,\"name\":\"Meia Maratona Estrada Nacional 16 realiza-se com participa\u00e7\u00e3o de atletas\"}]},{\"@type\":\"WebSite\",\"@id\":\"https:\/\/portaltela.pt\/#website\",\"url\":\"https:\/\/portaltela.pt\/\",\"name\":\"Portal Tela Portugal\",\"description\":\"\",\"potentialAction\":[{\"@type\":\"SearchAction\",\"target\":{\"@type\":\"EntryPoint\",\"urlTemplate\":\"https:\/\/portaltela.pt\/?s={search_term_string}\"},\"query-input\":{\"@type\":\"PropertyValueSpecification\",\"valueRequired\":true,\"valueName\":\"search_term_string\"}}],\"inLanguage\":\"pt-PT\"},{\"@type\":\"Person\",\"@id\":\"https:\/\/portaltela.pt\/#\/schema\/person\/c4278d4a6028830caff9ee44b42d32ed\",\"name\":\"Telinha\",\"image\":{\"@type\":\"ImageObject\",\"inLanguage\":\"pt-PT\",\"@id\":\"https:\/\/portaltela.pt\/s.01k8rhncp4jt1\/2025\/11\/talking-bot-125x125.png\",\"url\":\"https:\/\/portaltela.pt\/s.01k8rhncp4jt1\/2025\/11\/talking-bot-125x125.png\",\"contentUrl\":\"https:\/\/portaltela.pt\/s.01k8rhncp4jt1\/2025\/11\/talking-bot-125x125.png\",\"caption\":\"Telinha\"},\"sameAs\":[\"https:\/\/portaltela.pt\/\"],\"url\":\"https:\/\/portaltela.pt\/por\/367410592786\/\"}]}<\/script>\n<!-- \/ Yoast SEO plugin. -->","yoast_head_json":{"title":"Meia Maratona Estrada Nacional 16 realiza-se com participa\u00e7\u00e3o de atletas - Portal Tela Portugal","robots":{"index":"index","follow":"follow","max-snippet":"max-snippet:-1","max-image-preview":"max-image-preview:large","max-video-preview":"max-video-preview:-1"},"og_locale":"pt_PT","og_type":"article","og_title":"Meia Maratona Estrada Nacional 16 realiza-se com participa\u00e7\u00e3o de atletas - Portal Tela Portugal","og_description":"No dia 7 de junho, a Meia Maratona Estrada Nacional 16 realiza-se no Vale do Mondego, ligando Fornos de Algodres a Celorico da Beira. O evento re\u00fane desporto, natureza e patrim\u00f3nio, oferecendo as paisagens da regi\u00e3o e o conv\u00edvio entre atletas. O percurso \u00e9 desafiador, adequado a atletas experientes e a quem procura superar-se. Est\u00e1 organizada pelo Beiras Marca A.D.E., com o Mais Beiras Informa\u00e7\u00e3o como media partner. Em breve ser\u00e3o divulgados os detalhes sobre os percursos, inscri\u00e7\u00f5es e hor\u00e1rios.","og_url":"https:\/\/portaltela.pt\/noticias\/2026\/01\/29\/meia-maratona-estrada-nacional-16-realiza-se-com-participacao-de-atletas\/","og_site_name":"Portal Tela Portugal","article_published_time":"2026-01-29T21:57:53+00:00","author":"Telinha","twitter_card":"summary_large_image","twitter_misc":{"Escrito por":"Telinha","Tempo estimado de leitura":"1 minuto"},"schema":{"@context":"https:\/\/schema.org","@graph":[{"@type":"Article","@id":"https:\/\/portaltela.pt\/noticias\/2026\/01\/29\/meia-maratona-estrada-nacional-16-realiza-se-com-participacao-de-atletas\/#article","isPartOf":{"@id":"https:\/\/portaltela.pt\/noticias\/2026\/01\/29\/meia-maratona-estrada-nacional-16-realiza-se-com-participacao-de-atletas\/"},"author":{"name":"Telinha","@id":"https:\/\/portaltela.pt\/#\/schema\/person\/c4278d4a6028830caff9ee44b42d32ed"},"headline":"Meia Maratona Estrada Nacional 16 realiza-se com participa\u00e7\u00e3o de atletas","datePublished":"2026-01-29T21:57:53+00:00","mainEntityOfPage":{"@id":"https:\/\/portaltela.pt\/noticias\/2026\/01\/29\/meia-maratona-estrada-nacional-16-realiza-se-com-participacao-de-atletas\/"},"wordCount":199,"image":{"@id":"https:\/\/portaltela.pt\/noticias\/2026\/01\/29\/meia-maratona-estrada-nacional-16-realiza-se-com-participacao-de-atletas\/#primaryimage"},"thumbnailUrl":"https:\/\/portaltela.pt\/s.01k8rhncp4jt1\/2026\/01\/IMG-20260129-WA0028.jpg","keywords":["Beira Interior","Celorico da Beira","desporto","Fornos de Algodres","Mondego","Paisagens"],"articleSection":["Desporto"],"inLanguage":"pt-PT"},{"@type":"WebPage","@id":"https:\/\/portaltela.pt\/noticias\/2026\/01\/29\/meia-maratona-estrada-nacional-16-realiza-se-com-participacao-de-atletas\/","url":"https:\/\/portaltela.pt\/noticias\/2026\/01\/29\/meia-maratona-estrada-nacional-16-realiza-se-com-participacao-de-atletas\/","name":"Meia Maratona Estrada Nacional 16 realiza-se com participa\u00e7\u00e3o de atletas - Portal Tela Portugal","isPartOf":{"@id":"https:\/\/portaltela.pt\/#website"},"primaryImageOfPage":{"@id":"https:\/\/portaltela.pt\/noticias\/2026\/01\/29\/meia-maratona-estrada-nacional-16-realiza-se-com-participacao-de-atletas\/#primaryimage"},"image":{"@id":"https:\/\/portaltela.pt\/noticias\/2026\/01\/29\/meia-maratona-estrada-nacional-16-realiza-se-com-participacao-de-atletas\/#primaryimage"},"thumbnailUrl":"https:\/\/portaltela.pt\/s.01k8rhncp4jt1\/2026\/01\/IMG-20260129-WA0028.jpg","datePublished":"2026-01-29T21:57:53+00:00","author":{"@id":"https:\/\/portaltela.pt\/#\/schema\/person\/c4278d4a6028830caff9ee44b42d32ed"},"breadcrumb":{"@id":"https:\/\/portaltela.pt\/noticias\/2026\/01\/29\/meia-maratona-estrada-nacional-16-realiza-se-com-participacao-de-atletas\/#breadcrumb"},"inLanguage":"pt-PT","potentialAction":[{"@type":"ReadAction","target":["https:\/\/portaltela.pt\/noticias\/2026\/01\/29\/meia-maratona-estrada-nacional-16-realiza-se-com-participacao-de-atletas\/"]}]},{"@type":"ImageObject","inLanguage":"pt-PT","@id":"https:\/\/portaltela.pt\/noticias\/2026\/01\/29\/meia-maratona-estrada-nacional-16-realiza-se-com-participacao-de-atletas\/#primaryimage","url":"https:\/\/portaltela.pt\/s.01k8rhncp4jt1\/2026\/01\/IMG-20260129-WA0028.jpg","contentUrl":"https:\/\/portaltela.pt\/s.01k8rhncp4jt1\/2026\/01\/IMG-20260129-WA0028.jpg","width":796,"height":448,"caption":"MEIA MARATONA ESTRADA NACIONAL 16"},{"@type":"BreadcrumbList","@id":"https:\/\/portaltela.pt\/noticias\/2026\/01\/29\/meia-maratona-estrada-nacional-16-realiza-se-com-participacao-de-atletas\/#breadcrumb","itemListElement":[{"@type":"ListItem","position":1,"name":"In\u00edcio","item":"https:\/\/portaltela.pt\/"},{"@type":"ListItem","position":2,"name":"Meia Maratona Estrada Nacional 16 realiza-se com participa\u00e7\u00e3o de atletas"}]},{"@type":"WebSite","@id":"https:\/\/portaltela.pt\/#website","url":"https:\/\/portaltela.pt\/","name":"Portal Tela Portugal","description":"","potentialAction":[{"@type":"SearchAction","target":{"@type":"EntryPoint","urlTemplate":"https:\/\/portaltela.pt\/?s={search_term_string}"},"query-input":{"@type":"PropertyValueSpecification","valueRequired":true,"valueName":"search_term_string"}}],"inLanguage":"pt-PT"},{"@type":"Person","@id":"https:\/\/portaltela.pt\/#\/schema\/person\/c4278d4a6028830caff9ee44b42d32ed","name":"Telinha","image":{"@type":"ImageObject","inLanguage":"pt-PT","@id":"https:\/\/portaltela.pt\/s.01k8rhncp4jt1\/2025\/11\/talking-bot-125x125.png","url":"https:\/\/portaltela.pt\/s.01k8rhncp4jt1\/2025\/11\/talking-bot-125x125.png","contentUrl":"https:\/\/portaltela.pt\/s.01k8rhncp4jt1\/2025\/11\/talking-bot-125x125.png","caption":"Telinha"},"sameAs":["https:\/\/portaltela.pt\/"],"url":"https:\/\/portaltela.pt\/por\/367410592786\/"}]}},"_links":{"self":[{"href":"https:\/\/portaltela.pt\/api\/wp\/v2\/posts\/182677","targetHints":{"allow":["GET"]}}],"collection":[{"href":"https:\/\/portaltela.pt\/api\/wp\/v2\/posts"}],"about":[{"href":"https:\/\/portaltela.pt\/api\/wp\/v2\/types\/post"}],"author":[{"embeddable":true,"href":"https:\/\/portaltela.pt\/api\/wp\/v2\/users\/2"}],"replies":[{"embeddable":true,"href":"https:\/\/portaltela.pt\/api\/wp\/v2\/comments?post=182677"}],"version-history":[{"count":0,"href":"https:\/\/portaltela.pt\/api\/wp\/v2\/posts\/182677\/revisions"}],"wp:featuredmedia":[{"embeddable":true,"href":"https:\/\/portaltela.pt\/api\/wp\/v2\/media\/182693"}],"wp:attachment":[{"href":"https:\/\/portaltela.pt\/api\/wp\/v2\/media?parent=182677"}],"wp:term":[{"taxonomy":"category","embeddable":true,"href":"https:\/\/portaltela.pt\/api\/wp\/v2\/categories?post=182677"},{"taxonomy":"post_tag","embeddable":true,"href":"https:\/\/portaltela.pt\/api\/wp\/v2\/tags?post=182677"}],"curies":[{"name":"wp","href":"https:\/\/api.w.org\/{rel}","templated":true}]}}