{"id":182665,"date":"2026-01-29T18:56:58","date_gmt":"2026-01-29T21:56:58","guid":{"rendered":"https:\/\/portaltela.pt\/noticias\/2026\/01\/29\/alvito-aprova-orcamento-de-138-milhoes-para-2026\/"},"modified":"2026-01-29T18:56:58","modified_gmt":"2026-01-29T21:56:58","slug":"alvito-aprova-orcamento-de-138-milhoes-para-2026","status":"publish","type":"post","link":"https:\/\/portaltela.pt\/noticias\/2026\/01\/29\/alvito-aprova-orcamento-de-138-milhoes-para-2026\/","title":{"rendered":"Alvito aprova or\u00e7amento de 13,8 milh\u00f5es para 2026"},"content":{"rendered":"<p>A C\u00e2mara Municipal de Alvito, no distrito de Beja, aprovou o or\u00e7amento para 2026, no valor de 13,86 milh\u00f5es de euros. O refor\u00e7o de cerca de um milh\u00e3o de euros face a 2025 resulta de uma estrat\u00e9gia de continuidade com ambi\u00e7\u00e3o. A decis\u00e3o contou com aprova\u00e7\u00e3o un\u00e2nime do executivo e por maioria na Assembleia Municipal, segundo o presidente Jos\u00e9 Efig\u00e9nio.<\/p>\n<p>O aumento or\u00e7amental est\u00e1 associado a uma maior componente de investimento, apoiada por candidaturas a financiamentos e projetos estruturantes. Entre as obras de maior relevo para este ano destaca-se a reabilita\u00e7\u00e3o do interior da Igreja Matriz, com 501 mil euros, a requalifica\u00e7\u00e3o da Gruta do Rossio e zona envolvente (290 mil euros) e a renova\u00e7\u00e3o do Centro de Sa\u00fade de Vila Nova da Baronia (199 mil euros).<\/p>\n<h3>Investimento e impostos<\/h3>\n<p>No \u00e2mbito fiscal, a autarquia decidiu manter o IMI na taxa m\u00ednima legal de 0,30%, com os descontos para fam\u00edlias com dependentes. A participa\u00e7\u00e3o no IRS fica nos 4% e a Derrama permanece inalterada. O presidente justifica as escolhas como responsabilidade financeira aliada a sensibilidade social.<\/p>\n<p>Al\u00e9m disso, o plano de investimentos inclui remodela\u00e7\u00e3o de redes de infraestruturas e pavimenta\u00e7\u00e3o, bem como projetos de inova\u00e7\u00e3o social e tecnol\u00f3gica, como o Radar Social e os Territ\u00f3rios Inteligentes. Estas iniciativas visam refor\u00e7ar a qualifica\u00e7\u00e3o do territ\u00f3rio e apoiar a cultura em Vila Nova da Baronia.<\/p>\n","protected":false},"excerpt":{"rendered":"<ul>\n<li>O or\u00e7amento de Alvito para 2026 \u00e9 de 13,86 milh\u00f5es de euros, aproximadamente um milh\u00e3o a mais que em 2025.<\/li>\n<li>As contas foram aprovadas por unanimidade pelo executivo e por maioria na Assembleia Municipal.<\/li>\n<li>O aumento or\u00e7amental aponta para maior investimento, assegurado por candidaturas a financiamentos e projetos estruturantes.<\/li>\n<li>Entre as obras destacadas est\u00e3o a reabilita\u00e7\u00e3o do interior da Igreja Matriz (501 mil euros), a requalifica\u00e7\u00e3o da Gruta do Rossio e zona envolvente (290 mil euros) e a renova\u00e7\u00e3o do Centro de Sa\u00fade de Vila Nova da Baronia (199 mil euros).<\/li>\n<li>O munic\u00edpio mant\u00e9m a carga fiscal: IMI na taxa m\u00ednima legal de 0,30%, IRS em 4% e Derrama inalterada, com foco em investimento e a\u00e7\u00e3o social. O plano inclui redes de infraestruturas, pavimenta\u00e7\u00e3o e projetos de inova\u00e7\u00e3o social e tecnol\u00f3gica (Radar Social e Territ\u00f3rios Inteligentes).<\/li>\n<\/ul>\n","protected":false},"author":2,"featured_media":182690,"comment_status":"closed","ping_status":"closed","sticky":false,"template":"","format":"standard","meta":{"footnotes":""},"categories":[1],"tags":[1173,943,258,1769,2484,4754],"class_list":["post-182665","post","type-post","status-publish","format-standard","has-post-thumbnail","hentry","category-noticias","tag-alvito","tag-beja","tag-infraestruturas","tag-orcamento-territorio","tag-radar-social","tag-territorios-inteligentes"],"yoast_head":"<!-- This site is optimized with the Yoast SEO plugin v27.2 - https:\/\/yoast.com\/product\/yoast-seo-wordpress\/ -->\n<title>Alvito aprova or\u00e7amento de 13,8 milh\u00f5es para 2026 - Portal Tela Portugal<\/title>\n<meta name=\"robots\" content=\"index, follow, max-snippet:-1, max-image-preview:large, max-video-preview:-1\" \/>\n<meta property=\"og:locale\" content=\"pt_PT\" \/>\n<meta property=\"og:type\" content=\"article\" \/>\n<meta property=\"og:title\" content=\"Alvito aprova or\u00e7amento de 13,8 milh\u00f5es para 2026 - Portal Tela Portugal\" \/>\n<meta property=\"og:description\" content=\"O or\u00e7amento de Alvito para 2026 \u00e9 de 13,86 milh\u00f5es de euros, aproximadamente um milh\u00e3o a mais que em 2025. As contas foram aprovadas por unanimidade pelo executivo e por maioria na Assembleia Municipal. O aumento or\u00e7amental aponta para maior investimento, assegurado por candidaturas a financiamentos e projetos estruturantes. Entre as obras destacadas est\u00e3o a reabilita\u00e7\u00e3o do interior da Igreja Matriz (501 mil euros), a requalifica\u00e7\u00e3o da Gruta do Rossio e zona envolvente (290 mil euros) e a renova\u00e7\u00e3o do Centro de Sa\u00fade de Vila Nova da Baronia (199 mil euros). O munic\u00edpio mant\u00e9m a carga fiscal: IMI na taxa m\u00ednima legal de 0,30%, IRS em 4% e Derrama inalterada, com foco em investimento e a\u00e7\u00e3o social. O plano inclui redes de infraestruturas, pavimenta\u00e7\u00e3o e projetos de inova\u00e7\u00e3o social e tecnol\u00f3gica (Radar Social e Territ\u00f3rios Inteligentes).\" \/>\n<meta property=\"og:url\" content=\"https:\/\/portaltela.pt\/noticias\/2026\/01\/29\/alvito-aprova-orcamento-de-138-milhoes-para-2026\/\" \/>\n<meta property=\"og:site_name\" content=\"Portal Tela Portugal\" \/>\n<meta property=\"article:published_time\" content=\"2026-01-29T21:56:58+00:00\" \/>\n<meta name=\"author\" content=\"Telinha\" \/>\n<meta name=\"twitter:card\" content=\"summary_large_image\" \/>\n<meta name=\"twitter:label1\" content=\"Escrito por\" \/>\n\t<meta name=\"twitter:data1\" content=\"Telinha\" \/>\n\t<meta name=\"twitter:label2\" content=\"Tempo estimado de leitura\" \/>\n\t<meta name=\"twitter:data2\" content=\"1 minuto\" \/>\n<script type=\"application\/ld+json\" class=\"yoast-schema-graph\">{\"@context\":\"https:\/\/schema.org\",\"@graph\":[{\"@type\":\"Article\",\"@id\":\"https:\/\/portaltela.pt\/noticias\/2026\/01\/29\/alvito-aprova-orcamento-de-138-milhoes-para-2026\/#article\",\"isPartOf\":{\"@id\":\"https:\/\/portaltela.pt\/noticias\/2026\/01\/29\/alvito-aprova-orcamento-de-138-milhoes-para-2026\/\"},\"author\":{\"name\":\"Telinha\",\"@id\":\"https:\/\/portaltela.pt\/#\/schema\/person\/c4278d4a6028830caff9ee44b42d32ed\"},\"headline\":\"Alvito aprova or\u00e7amento de 13,8 milh\u00f5es para 2026\",\"datePublished\":\"2026-01-29T21:56:58+00:00\",\"mainEntityOfPage\":{\"@id\":\"https:\/\/portaltela.pt\/noticias\/2026\/01\/29\/alvito-aprova-orcamento-de-138-milhoes-para-2026\/\"},\"wordCount\":251,\"image\":{\"@id\":\"https:\/\/portaltela.pt\/noticias\/2026\/01\/29\/alvito-aprova-orcamento-de-138-milhoes-para-2026\/#primaryimage\"},\"thumbnailUrl\":\"https:\/\/portaltela.pt\/s.01k8rhncp4jt1\/2026\/01\/alvito-cm.jpg\",\"keywords\":[\"Alvito\",\"Beja\",\"infraestruturas\",\"Or\u00e7amento\/Territ\u00f3rio\",\"Radar Social\",\"Territ\u00f3rios Inteligentes\"],\"articleSection\":[\"Not\u00edcias\"],\"inLanguage\":\"pt-PT\"},{\"@type\":\"WebPage\",\"@id\":\"https:\/\/portaltela.pt\/noticias\/2026\/01\/29\/alvito-aprova-orcamento-de-138-milhoes-para-2026\/\",\"url\":\"https:\/\/portaltela.pt\/noticias\/2026\/01\/29\/alvito-aprova-orcamento-de-138-milhoes-para-2026\/\",\"name\":\"Alvito aprova or\u00e7amento de 13,8 milh\u00f5es para 2026 - Portal Tela Portugal\",\"isPartOf\":{\"@id\":\"https:\/\/portaltela.pt\/#website\"},\"primaryImageOfPage\":{\"@id\":\"https:\/\/portaltela.pt\/noticias\/2026\/01\/29\/alvito-aprova-orcamento-de-138-milhoes-para-2026\/#primaryimage\"},\"image\":{\"@id\":\"https:\/\/portaltela.pt\/noticias\/2026\/01\/29\/alvito-aprova-orcamento-de-138-milhoes-para-2026\/#primaryimage\"},\"thumbnailUrl\":\"https:\/\/portaltela.pt\/s.01k8rhncp4jt1\/2026\/01\/alvito-cm.jpg\",\"datePublished\":\"2026-01-29T21:56:58+00:00\",\"author\":{\"@id\":\"https:\/\/portaltela.pt\/#\/schema\/person\/c4278d4a6028830caff9ee44b42d32ed\"},\"breadcrumb\":{\"@id\":\"https:\/\/portaltela.pt\/noticias\/2026\/01\/29\/alvito-aprova-orcamento-de-138-milhoes-para-2026\/#breadcrumb\"},\"inLanguage\":\"pt-PT\",\"potentialAction\":[{\"@type\":\"ReadAction\",\"target\":[\"https:\/\/portaltela.pt\/noticias\/2026\/01\/29\/alvito-aprova-orcamento-de-138-milhoes-para-2026\/\"]}]},{\"@type\":\"ImageObject\",\"inLanguage\":\"pt-PT\",\"@id\":\"https:\/\/portaltela.pt\/noticias\/2026\/01\/29\/alvito-aprova-orcamento-de-138-milhoes-para-2026\/#primaryimage\",\"url\":\"https:\/\/portaltela.pt\/s.01k8rhncp4jt1\/2026\/01\/alvito-cm.jpg\",\"contentUrl\":\"https:\/\/portaltela.pt\/s.01k8rhncp4jt1\/2026\/01\/alvito-cm.jpg\",\"width\":796,\"height\":448,\"caption\":\"C\u00e2mara de Alvito aprova or\u00e7amento de 13,8 milh\u00f5es de euros para 2026\"},{\"@type\":\"BreadcrumbList\",\"@id\":\"https:\/\/portaltela.pt\/noticias\/2026\/01\/29\/alvito-aprova-orcamento-de-138-milhoes-para-2026\/#breadcrumb\",\"itemListElement\":[{\"@type\":\"ListItem\",\"position\":1,\"name\":\"In\u00edcio\",\"item\":\"https:\/\/portaltela.pt\/\"},{\"@type\":\"ListItem\",\"position\":2,\"name\":\"Alvito aprova or\u00e7amento de 13,8 milh\u00f5es para 2026\"}]},{\"@type\":\"WebSite\",\"@id\":\"https:\/\/portaltela.pt\/#website\",\"url\":\"https:\/\/portaltela.pt\/\",\"name\":\"Portal Tela Portugal\",\"description\":\"\",\"potentialAction\":[{\"@type\":\"SearchAction\",\"target\":{\"@type\":\"EntryPoint\",\"urlTemplate\":\"https:\/\/portaltela.pt\/?s={search_term_string}\"},\"query-input\":{\"@type\":\"PropertyValueSpecification\",\"valueRequired\":true,\"valueName\":\"search_term_string\"}}],\"inLanguage\":\"pt-PT\"},{\"@type\":\"Person\",\"@id\":\"https:\/\/portaltela.pt\/#\/schema\/person\/c4278d4a6028830caff9ee44b42d32ed\",\"name\":\"Telinha\",\"image\":{\"@type\":\"ImageObject\",\"inLanguage\":\"pt-PT\",\"@id\":\"https:\/\/portaltela.pt\/s.01k8rhncp4jt1\/2025\/11\/talking-bot-125x125.png\",\"url\":\"https:\/\/portaltela.pt\/s.01k8rhncp4jt1\/2025\/11\/talking-bot-125x125.png\",\"contentUrl\":\"https:\/\/portaltela.pt\/s.01k8rhncp4jt1\/2025\/11\/talking-bot-125x125.png\",\"caption\":\"Telinha\"},\"sameAs\":[\"https:\/\/portaltela.pt\/\"],\"url\":\"https:\/\/portaltela.pt\/por\/367410592786\/\"}]}<\/script>\n<!-- \/ Yoast SEO plugin. -->","yoast_head_json":{"title":"Alvito aprova or\u00e7amento de 13,8 milh\u00f5es para 2026 - Portal Tela Portugal","robots":{"index":"index","follow":"follow","max-snippet":"max-snippet:-1","max-image-preview":"max-image-preview:large","max-video-preview":"max-video-preview:-1"},"og_locale":"pt_PT","og_type":"article","og_title":"Alvito aprova or\u00e7amento de 13,8 milh\u00f5es para 2026 - Portal Tela Portugal","og_description":"O or\u00e7amento de Alvito para 2026 \u00e9 de 13,86 milh\u00f5es de euros, aproximadamente um milh\u00e3o a mais que em 2025. As contas foram aprovadas por unanimidade pelo executivo e por maioria na Assembleia Municipal. O aumento or\u00e7amental aponta para maior investimento, assegurado por candidaturas a financiamentos e projetos estruturantes. Entre as obras destacadas est\u00e3o a reabilita\u00e7\u00e3o do interior da Igreja Matriz (501 mil euros), a requalifica\u00e7\u00e3o da Gruta do Rossio e zona envolvente (290 mil euros) e a renova\u00e7\u00e3o do Centro de Sa\u00fade de Vila Nova da Baronia (199 mil euros). O munic\u00edpio mant\u00e9m a carga fiscal: IMI na taxa m\u00ednima legal de 0,30%, IRS em 4% e Derrama inalterada, com foco em investimento e a\u00e7\u00e3o social. O plano inclui redes de infraestruturas, pavimenta\u00e7\u00e3o e projetos de inova\u00e7\u00e3o social e tecnol\u00f3gica (Radar Social e Territ\u00f3rios Inteligentes).","og_url":"https:\/\/portaltela.pt\/noticias\/2026\/01\/29\/alvito-aprova-orcamento-de-138-milhoes-para-2026\/","og_site_name":"Portal Tela Portugal","article_published_time":"2026-01-29T21:56:58+00:00","author":"Telinha","twitter_card":"summary_large_image","twitter_misc":{"Escrito por":"Telinha","Tempo estimado de leitura":"1 minuto"},"schema":{"@context":"https:\/\/schema.org","@graph":[{"@type":"Article","@id":"https:\/\/portaltela.pt\/noticias\/2026\/01\/29\/alvito-aprova-orcamento-de-138-milhoes-para-2026\/#article","isPartOf":{"@id":"https:\/\/portaltela.pt\/noticias\/2026\/01\/29\/alvito-aprova-orcamento-de-138-milhoes-para-2026\/"},"author":{"name":"Telinha","@id":"https:\/\/portaltela.pt\/#\/schema\/person\/c4278d4a6028830caff9ee44b42d32ed"},"headline":"Alvito aprova or\u00e7amento de 13,8 milh\u00f5es para 2026","datePublished":"2026-01-29T21:56:58+00:00","mainEntityOfPage":{"@id":"https:\/\/portaltela.pt\/noticias\/2026\/01\/29\/alvito-aprova-orcamento-de-138-milhoes-para-2026\/"},"wordCount":251,"image":{"@id":"https:\/\/portaltela.pt\/noticias\/2026\/01\/29\/alvito-aprova-orcamento-de-138-milhoes-para-2026\/#primaryimage"},"thumbnailUrl":"https:\/\/portaltela.pt\/s.01k8rhncp4jt1\/2026\/01\/alvito-cm.jpg","keywords":["Alvito","Beja","infraestruturas","Or\u00e7amento\/Territ\u00f3rio","Radar Social","Territ\u00f3rios Inteligentes"],"articleSection":["Not\u00edcias"],"inLanguage":"pt-PT"},{"@type":"WebPage","@id":"https:\/\/portaltela.pt\/noticias\/2026\/01\/29\/alvito-aprova-orcamento-de-138-milhoes-para-2026\/","url":"https:\/\/portaltela.pt\/noticias\/2026\/01\/29\/alvito-aprova-orcamento-de-138-milhoes-para-2026\/","name":"Alvito aprova or\u00e7amento de 13,8 milh\u00f5es para 2026 - Portal Tela Portugal","isPartOf":{"@id":"https:\/\/portaltela.pt\/#website"},"primaryImageOfPage":{"@id":"https:\/\/portaltela.pt\/noticias\/2026\/01\/29\/alvito-aprova-orcamento-de-138-milhoes-para-2026\/#primaryimage"},"image":{"@id":"https:\/\/portaltela.pt\/noticias\/2026\/01\/29\/alvito-aprova-orcamento-de-138-milhoes-para-2026\/#primaryimage"},"thumbnailUrl":"https:\/\/portaltela.pt\/s.01k8rhncp4jt1\/2026\/01\/alvito-cm.jpg","datePublished":"2026-01-29T21:56:58+00:00","author":{"@id":"https:\/\/portaltela.pt\/#\/schema\/person\/c4278d4a6028830caff9ee44b42d32ed"},"breadcrumb":{"@id":"https:\/\/portaltela.pt\/noticias\/2026\/01\/29\/alvito-aprova-orcamento-de-138-milhoes-para-2026\/#breadcrumb"},"inLanguage":"pt-PT","potentialAction":[{"@type":"ReadAction","target":["https:\/\/portaltela.pt\/noticias\/2026\/01\/29\/alvito-aprova-orcamento-de-138-milhoes-para-2026\/"]}]},{"@type":"ImageObject","inLanguage":"pt-PT","@id":"https:\/\/portaltela.pt\/noticias\/2026\/01\/29\/alvito-aprova-orcamento-de-138-milhoes-para-2026\/#primaryimage","url":"https:\/\/portaltela.pt\/s.01k8rhncp4jt1\/2026\/01\/alvito-cm.jpg","contentUrl":"https:\/\/portaltela.pt\/s.01k8rhncp4jt1\/2026\/01\/alvito-cm.jpg","width":796,"height":448,"caption":"C\u00e2mara de Alvito aprova or\u00e7amento de 13,8 milh\u00f5es de euros para 2026"},{"@type":"BreadcrumbList","@id":"https:\/\/portaltela.pt\/noticias\/2026\/01\/29\/alvito-aprova-orcamento-de-138-milhoes-para-2026\/#breadcrumb","itemListElement":[{"@type":"ListItem","position":1,"name":"In\u00edcio","item":"https:\/\/portaltela.pt\/"},{"@type":"ListItem","position":2,"name":"Alvito aprova or\u00e7amento de 13,8 milh\u00f5es para 2026"}]},{"@type":"WebSite","@id":"https:\/\/portaltela.pt\/#website","url":"https:\/\/portaltela.pt\/","name":"Portal Tela Portugal","description":"","potentialAction":[{"@type":"SearchAction","target":{"@type":"EntryPoint","urlTemplate":"https:\/\/portaltela.pt\/?s={search_term_string}"},"query-input":{"@type":"PropertyValueSpecification","valueRequired":true,"valueName":"search_term_string"}}],"inLanguage":"pt-PT"},{"@type":"Person","@id":"https:\/\/portaltela.pt\/#\/schema\/person\/c4278d4a6028830caff9ee44b42d32ed","name":"Telinha","image":{"@type":"ImageObject","inLanguage":"pt-PT","@id":"https:\/\/portaltela.pt\/s.01k8rhncp4jt1\/2025\/11\/talking-bot-125x125.png","url":"https:\/\/portaltela.pt\/s.01k8rhncp4jt1\/2025\/11\/talking-bot-125x125.png","contentUrl":"https:\/\/portaltela.pt\/s.01k8rhncp4jt1\/2025\/11\/talking-bot-125x125.png","caption":"Telinha"},"sameAs":["https:\/\/portaltela.pt\/"],"url":"https:\/\/portaltela.pt\/por\/367410592786\/"}]}},"_links":{"self":[{"href":"https:\/\/portaltela.pt\/api\/wp\/v2\/posts\/182665","targetHints":{"allow":["GET"]}}],"collection":[{"href":"https:\/\/portaltela.pt\/api\/wp\/v2\/posts"}],"about":[{"href":"https:\/\/portaltela.pt\/api\/wp\/v2\/types\/post"}],"author":[{"embeddable":true,"href":"https:\/\/portaltela.pt\/api\/wp\/v2\/users\/2"}],"replies":[{"embeddable":true,"href":"https:\/\/portaltela.pt\/api\/wp\/v2\/comments?post=182665"}],"version-history":[{"count":0,"href":"https:\/\/portaltela.pt\/api\/wp\/v2\/posts\/182665\/revisions"}],"wp:featuredmedia":[{"embeddable":true,"href":"https:\/\/portaltela.pt\/api\/wp\/v2\/media\/182690"}],"wp:attachment":[{"href":"https:\/\/portaltela.pt\/api\/wp\/v2\/media?parent=182665"}],"wp:term":[{"taxonomy":"category","embeddable":true,"href":"https:\/\/portaltela.pt\/api\/wp\/v2\/categories?post=182665"},{"taxonomy":"post_tag","embeddable":true,"href":"https:\/\/portaltela.pt\/api\/wp\/v2\/tags?post=182665"}],"curies":[{"name":"wp","href":"https:\/\/api.w.org\/{rel}","templated":true}]}}