{"id":182661,"date":"2026-01-29T18:47:22","date_gmt":"2026-01-29T21:47:22","guid":{"rendered":"https:\/\/portaltela.pt\/noticias\/2026\/01\/29\/canada-pede-aos-eua-respeito-pela-soberania-e-afirma-ter-sido-claro-com-trump\/"},"modified":"2026-01-29T18:47:22","modified_gmt":"2026-01-29T21:47:22","slug":"canada-pede-aos-eua-respeito-pela-soberania-e-afirma-ter-sido-claro-com-trump","status":"publish","type":"post","link":"https:\/\/portaltela.pt\/noticias\/internacional\/2026\/01\/29\/canada-pede-aos-eua-respeito-pela-soberania-e-afirma-ter-sido-claro-com-trump\/","title":{"rendered":"Canad\u00e1 pede aos EUA respeito pela soberania e afirma ter sido claro com Trump"},"content":{"rendered":"<p>O primeiro-ministro do Canad\u00e1, Mark Carney, afirmou hoje que o governo norte-americano deve respeitar a soberania do Canad\u00e1, na sequ\u00eancia de not\u00edcias sobre reuni\u00f5es entre ativistas provinciais de Alberta e o Departamento de Estado em Washington. O l\u00edder canadiano referiu ter sido claro sobre este ponto nas suas conversas com o Presidente Donald Trump. As declara\u00e7\u00f5es surgem num contexto de controv\u00e9rsia sobre a independ\u00eancia de Alberta, produtora de petr\u00f3leo.<\/p>\n<p>Segundo informa\u00e7\u00f5es divulgadas pelo Financial Times, ocorreram tr\u00eas reuni\u00f5es em Washington envolvendo o Alberta Prosperity Project, que lan\u00e7ou uma peti\u00e7\u00e3o para realizar um referendo sobre a independ\u00eancia da prov\u00edncia, localizada no oeste do Canad\u00e1. O grupo pretende recolher 178 mil assinaturas at\u00e9 2 de maio para validar o referendo.<\/p>\n<p>Desde que regressou ao poder, h\u00e1 um ano, Trump tem sido associado a uma ret\u00f3rica de confronto econ\u00f3mico com o Canad\u00e1, o que alimenta temores de press\u00f5es para uma eventual separa\u00e7\u00e3o. Em Davos, o secret\u00e1rio do Tesouro dos EUA, Scott Bessent, ter\u00e1 feito coment\u00e1rios que alguns interpretaram como apoio \u00e0 independ\u00eancia de Alberta, descrevendo a prov\u00edncia como parceira natural dos Estados Unidos.<\/p>\n<h3>Rea\u00e7\u00e3o em Canad\u00e1: \u0433\u043e\u0441<\/h3>\n<p>O primeiro-ministro da Col\u00fambia Brit\u00e2nica, vizinha de Alberta, reagiu com indigna\u00e7\u00e3o \u00e0 not\u00edcia das reuni\u00f5es, qualificando-as como trai\u00e7\u00e3o por parte dos separatistas. A autoridade regional afirmou que \u00e9 inadequado tentar fragilizar o Canad\u00e1 ao pedir apoio a uma pot\u00eancia estrangeira, principalmente a um Presidente que n\u00e3o tem demonstrado respeito pela soberania canadiana.<\/p>\n<p>A posi\u00e7\u00e3o oficial de Carney foi reiterada sem qualquer indica\u00e7\u00e3o de protesto formal junto de Washington sobre os coment\u00e1rios de Bessent. A divulga\u00e7\u00e3o das reuni\u00f5es ter\u00e1 alimentado o debate p\u00fablico sobre a unidade federal canadiana e sobre o impacto de iniciativas separatistas na rela\u00e7\u00e3o com os EUA.<\/p>\n<p>O movimento Alberta Prosperity Project tem como objetivo reunir apoio para um referendo sobre a independ\u00eancia, numa etapa que contrasta com a realidade pol\u00edtica do Quebec, onde o separatismo existe h\u00e1 d\u00e9cadas, mas permanece com influ\u00eancia menor no panorama atual de Alberta. Sondagens recentes apontam que cerca de um ter\u00e7o dos moradores de Alberta apoiariam a independ\u00eancia.<\/p>\n","protected":false},"excerpt":{"rendered":"<ul>\n<li>O primeiro-ministro do Canad\u00e1, Mark Carney, afirmou que os EUA devem respeitar a soberania canadiana ap\u00f3s not\u00edcias de reuni\u00f5es entre separatistas de Alberta e o Departamento de Estado em Washington.<\/li>\n<li>Carney disse que sempre foi claro com o Presidente Donald Trump sobre a soberania do Canad\u00e1; Trump, segundo ele, nunca discutiu a secess\u00e3o de Alberta ou de Qu\u00e9bec.<\/li>\n<li>O Financial Times reporta tr\u00eas reuni\u00f5es secretas em Washington com o Alberta Prosperity Project, que lan\u00e7ou uma peti\u00e7\u00e3o para realizar um referendo sobre a independ\u00eancia de Alberta.<\/li>\n<li>O Alberta Prosperity Project precisa de 178 mil assinaturas at\u00e9 2 de maio para convocar o referendo; o movimento \u00e9 recente e menos estruturado que o do Qu\u00e9bec.<\/li>\n<li>O movimento alberniano ganhou apoio de figura norte-americana ao lado de Trump e enfrentou cr\u00edticas de autoridades cooperantes no Canad\u00e1; sondagens indicam que cerca de um ter\u00e7o dos habitantes de Alberta apoiaria a independ\u00eancia.<\/li>\n<\/ul>\n","protected":false},"author":2,"featured_media":182709,"comment_status":"closed","ping_status":"closed","sticky":false,"template":"","format":"standard","meta":{"footnotes":""},"categories":[4,1],"tags":[2015,4758,1600,1293,2832,27],"class_list":["post-182661","post","type-post","status-publish","format-standard","has-post-thumbnail","hentry","category-internacional","category-noticias","tag-canada","tag-columbia-britanica","tag-estados-unidos","tag-independencia","tag-politica","tag-relacoes-internacionais"],"yoast_head":"<!-- This site is optimized with the Yoast SEO plugin v27.2 - https:\/\/yoast.com\/product\/yoast-seo-wordpress\/ -->\n<title>Canad\u00e1 pede aos EUA respeito pela soberania e afirma ter sido claro com Trump - Portal Tela Portugal<\/title>\n<meta name=\"robots\" content=\"index, follow, max-snippet:-1, max-image-preview:large, max-video-preview:-1\" \/>\n<meta property=\"og:locale\" content=\"pt_PT\" \/>\n<meta property=\"og:type\" content=\"article\" \/>\n<meta property=\"og:title\" content=\"Canad\u00e1 pede aos EUA respeito pela soberania e afirma ter sido claro com Trump - Portal Tela Portugal\" \/>\n<meta property=\"og:description\" content=\"O primeiro-ministro do Canad\u00e1, Mark Carney, afirmou que os EUA devem respeitar a soberania canadiana ap\u00f3s not\u00edcias de reuni\u00f5es entre separatistas de Alberta e o Departamento de Estado em Washington. Carney disse que sempre foi claro com o Presidente Donald Trump sobre a soberania do Canad\u00e1; Trump, segundo ele, nunca discutiu a secess\u00e3o de Alberta ou de Qu\u00e9bec. O Financial Times reporta tr\u00eas reuni\u00f5es secretas em Washington com o Alberta Prosperity Project, que lan\u00e7ou uma peti\u00e7\u00e3o para realizar um referendo sobre a independ\u00eancia de Alberta. O Alberta Prosperity Project precisa de 178 mil assinaturas at\u00e9 2 de maio para convocar o referendo; o movimento \u00e9 recente e menos estruturado que o do Qu\u00e9bec. O movimento alberniano ganhou apoio de figura norte-americana ao lado de Trump e enfrentou cr\u00edticas de autoridades cooperantes no Canad\u00e1; sondagens indicam que cerca de um ter\u00e7o dos habitantes de Alberta apoiaria a independ\u00eancia.\" \/>\n<meta property=\"og:url\" content=\"https:\/\/portaltela.pt\/noticias\/2026\/01\/29\/canada-pede-aos-eua-respeito-pela-soberania-e-afirma-ter-sido-claro-com-trump\/\" \/>\n<meta property=\"og:site_name\" content=\"Portal Tela Portugal\" \/>\n<meta property=\"article:published_time\" content=\"2026-01-29T21:47:22+00:00\" \/>\n<meta name=\"author\" content=\"Telinha\" \/>\n<meta name=\"twitter:card\" content=\"summary_large_image\" \/>\n<meta name=\"twitter:label1\" content=\"Escrito por\" \/>\n\t<meta name=\"twitter:data1\" content=\"Telinha\" \/>\n\t<meta name=\"twitter:label2\" content=\"Tempo estimado de leitura\" \/>\n\t<meta name=\"twitter:data2\" content=\"2 minutos\" \/>\n<script type=\"application\/ld+json\" class=\"yoast-schema-graph\">{\"@context\":\"https:\/\/schema.org\",\"@graph\":[{\"@type\":\"Article\",\"@id\":\"https:\/\/portaltela.pt\/noticias\/2026\/01\/29\/canada-pede-aos-eua-respeito-pela-soberania-e-afirma-ter-sido-claro-com-trump\/#article\",\"isPartOf\":{\"@id\":\"https:\/\/portaltela.pt\/noticias\/2026\/01\/29\/canada-pede-aos-eua-respeito-pela-soberania-e-afirma-ter-sido-claro-com-trump\/\"},\"author\":{\"name\":\"Telinha\",\"@id\":\"https:\/\/portaltela.pt\/#\/schema\/person\/c4278d4a6028830caff9ee44b42d32ed\"},\"headline\":\"Canad\u00e1 pede aos EUA respeito pela soberania e afirma ter sido claro com Trump\",\"datePublished\":\"2026-01-29T21:47:22+00:00\",\"mainEntityOfPage\":{\"@id\":\"https:\/\/portaltela.pt\/noticias\/2026\/01\/29\/canada-pede-aos-eua-respeito-pela-soberania-e-afirma-ter-sido-claro-com-trump\/\"},\"wordCount\":394,\"image\":{\"@id\":\"https:\/\/portaltela.pt\/noticias\/2026\/01\/29\/canada-pede-aos-eua-respeito-pela-soberania-e-afirma-ter-sido-claro-com-trump\/#primaryimage\"},\"thumbnailUrl\":\"https:\/\/portaltela.pt\/s.01k8rhncp4jt1\/2026\/01\/unnamed-file-5948.jpg\",\"keywords\":[\"Canad\u00e1\",\"Col\u00fambia Brit\u00e2nica\",\"Estados Unidos\",\"independ\u00eancia\",\"pol\u00edtica\",\"rela\u00e7\u00f5es internacionais\"],\"articleSection\":[\"Internacional\",\"Not\u00edcias\"],\"inLanguage\":\"pt-PT\"},{\"@type\":\"WebPage\",\"@id\":\"https:\/\/portaltela.pt\/noticias\/2026\/01\/29\/canada-pede-aos-eua-respeito-pela-soberania-e-afirma-ter-sido-claro-com-trump\/\",\"url\":\"https:\/\/portaltela.pt\/noticias\/2026\/01\/29\/canada-pede-aos-eua-respeito-pela-soberania-e-afirma-ter-sido-claro-com-trump\/\",\"name\":\"Canad\u00e1 pede aos EUA respeito pela soberania e afirma ter sido claro com Trump - Portal Tela Portugal\",\"isPartOf\":{\"@id\":\"https:\/\/portaltela.pt\/#website\"},\"primaryImageOfPage\":{\"@id\":\"https:\/\/portaltela.pt\/noticias\/2026\/01\/29\/canada-pede-aos-eua-respeito-pela-soberania-e-afirma-ter-sido-claro-com-trump\/#primaryimage\"},\"image\":{\"@id\":\"https:\/\/portaltela.pt\/noticias\/2026\/01\/29\/canada-pede-aos-eua-respeito-pela-soberania-e-afirma-ter-sido-claro-com-trump\/#primaryimage\"},\"thumbnailUrl\":\"https:\/\/portaltela.pt\/s.01k8rhncp4jt1\/2026\/01\/unnamed-file-5948.jpg\",\"datePublished\":\"2026-01-29T21:47:22+00:00\",\"author\":{\"@id\":\"https:\/\/portaltela.pt\/#\/schema\/person\/c4278d4a6028830caff9ee44b42d32ed\"},\"breadcrumb\":{\"@id\":\"https:\/\/portaltela.pt\/noticias\/2026\/01\/29\/canada-pede-aos-eua-respeito-pela-soberania-e-afirma-ter-sido-claro-com-trump\/#breadcrumb\"},\"inLanguage\":\"pt-PT\",\"potentialAction\":[{\"@type\":\"ReadAction\",\"target\":[\"https:\/\/portaltela.pt\/noticias\/2026\/01\/29\/canada-pede-aos-eua-respeito-pela-soberania-e-afirma-ter-sido-claro-com-trump\/\"]}]},{\"@type\":\"ImageObject\",\"inLanguage\":\"pt-PT\",\"@id\":\"https:\/\/portaltela.pt\/noticias\/2026\/01\/29\/canada-pede-aos-eua-respeito-pela-soberania-e-afirma-ter-sido-claro-com-trump\/#primaryimage\",\"url\":\"https:\/\/portaltela.pt\/s.01k8rhncp4jt1\/2026\/01\/unnamed-file-5948.jpg\",\"contentUrl\":\"https:\/\/portaltela.pt\/s.01k8rhncp4jt1\/2026\/01\/unnamed-file-5948.jpg\",\"width\":796,\"height\":448,\"caption\":\"Canad\u00e1: \\\"Espero que EUA respeitem soberania. Sempre fui claro com Trump\\\"\"},{\"@type\":\"BreadcrumbList\",\"@id\":\"https:\/\/portaltela.pt\/noticias\/2026\/01\/29\/canada-pede-aos-eua-respeito-pela-soberania-e-afirma-ter-sido-claro-com-trump\/#breadcrumb\",\"itemListElement\":[{\"@type\":\"ListItem\",\"position\":1,\"name\":\"In\u00edcio\",\"item\":\"https:\/\/portaltela.pt\/\"},{\"@type\":\"ListItem\",\"position\":2,\"name\":\"Canad\u00e1 pede aos EUA respeito pela soberania e afirma ter sido claro com Trump\"}]},{\"@type\":\"WebSite\",\"@id\":\"https:\/\/portaltela.pt\/#website\",\"url\":\"https:\/\/portaltela.pt\/\",\"name\":\"Portal Tela Portugal\",\"description\":\"\",\"potentialAction\":[{\"@type\":\"SearchAction\",\"target\":{\"@type\":\"EntryPoint\",\"urlTemplate\":\"https:\/\/portaltela.pt\/?s={search_term_string}\"},\"query-input\":{\"@type\":\"PropertyValueSpecification\",\"valueRequired\":true,\"valueName\":\"search_term_string\"}}],\"inLanguage\":\"pt-PT\"},{\"@type\":\"Person\",\"@id\":\"https:\/\/portaltela.pt\/#\/schema\/person\/c4278d4a6028830caff9ee44b42d32ed\",\"name\":\"Telinha\",\"image\":{\"@type\":\"ImageObject\",\"inLanguage\":\"pt-PT\",\"@id\":\"https:\/\/portaltela.pt\/s.01k8rhncp4jt1\/2025\/11\/talking-bot-125x125.png\",\"url\":\"https:\/\/portaltela.pt\/s.01k8rhncp4jt1\/2025\/11\/talking-bot-125x125.png\",\"contentUrl\":\"https:\/\/portaltela.pt\/s.01k8rhncp4jt1\/2025\/11\/talking-bot-125x125.png\",\"caption\":\"Telinha\"},\"sameAs\":[\"https:\/\/portaltela.pt\/\"],\"url\":\"https:\/\/portaltela.pt\/por\/367410592786\/\"}]}<\/script>\n<!-- \/ Yoast SEO plugin. -->","yoast_head_json":{"title":"Canad\u00e1 pede aos EUA respeito pela soberania e afirma ter sido claro com Trump - Portal Tela Portugal","robots":{"index":"index","follow":"follow","max-snippet":"max-snippet:-1","max-image-preview":"max-image-preview:large","max-video-preview":"max-video-preview:-1"},"og_locale":"pt_PT","og_type":"article","og_title":"Canad\u00e1 pede aos EUA respeito pela soberania e afirma ter sido claro com Trump - Portal Tela Portugal","og_description":"O primeiro-ministro do Canad\u00e1, Mark Carney, afirmou que os EUA devem respeitar a soberania canadiana ap\u00f3s not\u00edcias de reuni\u00f5es entre separatistas de Alberta e o Departamento de Estado em Washington. Carney disse que sempre foi claro com o Presidente Donald Trump sobre a soberania do Canad\u00e1; Trump, segundo ele, nunca discutiu a secess\u00e3o de Alberta ou de Qu\u00e9bec. O Financial Times reporta tr\u00eas reuni\u00f5es secretas em Washington com o Alberta Prosperity Project, que lan\u00e7ou uma peti\u00e7\u00e3o para realizar um referendo sobre a independ\u00eancia de Alberta. O Alberta Prosperity Project precisa de 178 mil assinaturas at\u00e9 2 de maio para convocar o referendo; o movimento \u00e9 recente e menos estruturado que o do Qu\u00e9bec. O movimento alberniano ganhou apoio de figura norte-americana ao lado de Trump e enfrentou cr\u00edticas de autoridades cooperantes no Canad\u00e1; sondagens indicam que cerca de um ter\u00e7o dos habitantes de Alberta apoiaria a independ\u00eancia.","og_url":"https:\/\/portaltela.pt\/noticias\/2026\/01\/29\/canada-pede-aos-eua-respeito-pela-soberania-e-afirma-ter-sido-claro-com-trump\/","og_site_name":"Portal Tela Portugal","article_published_time":"2026-01-29T21:47:22+00:00","author":"Telinha","twitter_card":"summary_large_image","twitter_misc":{"Escrito por":"Telinha","Tempo estimado de leitura":"2 minutos"},"schema":{"@context":"https:\/\/schema.org","@graph":[{"@type":"Article","@id":"https:\/\/portaltela.pt\/noticias\/2026\/01\/29\/canada-pede-aos-eua-respeito-pela-soberania-e-afirma-ter-sido-claro-com-trump\/#article","isPartOf":{"@id":"https:\/\/portaltela.pt\/noticias\/2026\/01\/29\/canada-pede-aos-eua-respeito-pela-soberania-e-afirma-ter-sido-claro-com-trump\/"},"author":{"name":"Telinha","@id":"https:\/\/portaltela.pt\/#\/schema\/person\/c4278d4a6028830caff9ee44b42d32ed"},"headline":"Canad\u00e1 pede aos EUA respeito pela soberania e afirma ter sido claro com Trump","datePublished":"2026-01-29T21:47:22+00:00","mainEntityOfPage":{"@id":"https:\/\/portaltela.pt\/noticias\/2026\/01\/29\/canada-pede-aos-eua-respeito-pela-soberania-e-afirma-ter-sido-claro-com-trump\/"},"wordCount":394,"image":{"@id":"https:\/\/portaltela.pt\/noticias\/2026\/01\/29\/canada-pede-aos-eua-respeito-pela-soberania-e-afirma-ter-sido-claro-com-trump\/#primaryimage"},"thumbnailUrl":"https:\/\/portaltela.pt\/s.01k8rhncp4jt1\/2026\/01\/unnamed-file-5948.jpg","keywords":["Canad\u00e1","Col\u00fambia Brit\u00e2nica","Estados Unidos","independ\u00eancia","pol\u00edtica","rela\u00e7\u00f5es internacionais"],"articleSection":["Internacional","Not\u00edcias"],"inLanguage":"pt-PT"},{"@type":"WebPage","@id":"https:\/\/portaltela.pt\/noticias\/2026\/01\/29\/canada-pede-aos-eua-respeito-pela-soberania-e-afirma-ter-sido-claro-com-trump\/","url":"https:\/\/portaltela.pt\/noticias\/2026\/01\/29\/canada-pede-aos-eua-respeito-pela-soberania-e-afirma-ter-sido-claro-com-trump\/","name":"Canad\u00e1 pede aos EUA respeito pela soberania e afirma ter sido claro com Trump - Portal Tela Portugal","isPartOf":{"@id":"https:\/\/portaltela.pt\/#website"},"primaryImageOfPage":{"@id":"https:\/\/portaltela.pt\/noticias\/2026\/01\/29\/canada-pede-aos-eua-respeito-pela-soberania-e-afirma-ter-sido-claro-com-trump\/#primaryimage"},"image":{"@id":"https:\/\/portaltela.pt\/noticias\/2026\/01\/29\/canada-pede-aos-eua-respeito-pela-soberania-e-afirma-ter-sido-claro-com-trump\/#primaryimage"},"thumbnailUrl":"https:\/\/portaltela.pt\/s.01k8rhncp4jt1\/2026\/01\/unnamed-file-5948.jpg","datePublished":"2026-01-29T21:47:22+00:00","author":{"@id":"https:\/\/portaltela.pt\/#\/schema\/person\/c4278d4a6028830caff9ee44b42d32ed"},"breadcrumb":{"@id":"https:\/\/portaltela.pt\/noticias\/2026\/01\/29\/canada-pede-aos-eua-respeito-pela-soberania-e-afirma-ter-sido-claro-com-trump\/#breadcrumb"},"inLanguage":"pt-PT","potentialAction":[{"@type":"ReadAction","target":["https:\/\/portaltela.pt\/noticias\/2026\/01\/29\/canada-pede-aos-eua-respeito-pela-soberania-e-afirma-ter-sido-claro-com-trump\/"]}]},{"@type":"ImageObject","inLanguage":"pt-PT","@id":"https:\/\/portaltela.pt\/noticias\/2026\/01\/29\/canada-pede-aos-eua-respeito-pela-soberania-e-afirma-ter-sido-claro-com-trump\/#primaryimage","url":"https:\/\/portaltela.pt\/s.01k8rhncp4jt1\/2026\/01\/unnamed-file-5948.jpg","contentUrl":"https:\/\/portaltela.pt\/s.01k8rhncp4jt1\/2026\/01\/unnamed-file-5948.jpg","width":796,"height":448,"caption":"Canad\u00e1: \"Espero que EUA respeitem soberania. Sempre fui claro com Trump\""},{"@type":"BreadcrumbList","@id":"https:\/\/portaltela.pt\/noticias\/2026\/01\/29\/canada-pede-aos-eua-respeito-pela-soberania-e-afirma-ter-sido-claro-com-trump\/#breadcrumb","itemListElement":[{"@type":"ListItem","position":1,"name":"In\u00edcio","item":"https:\/\/portaltela.pt\/"},{"@type":"ListItem","position":2,"name":"Canad\u00e1 pede aos EUA respeito pela soberania e afirma ter sido claro com Trump"}]},{"@type":"WebSite","@id":"https:\/\/portaltela.pt\/#website","url":"https:\/\/portaltela.pt\/","name":"Portal Tela Portugal","description":"","potentialAction":[{"@type":"SearchAction","target":{"@type":"EntryPoint","urlTemplate":"https:\/\/portaltela.pt\/?s={search_term_string}"},"query-input":{"@type":"PropertyValueSpecification","valueRequired":true,"valueName":"search_term_string"}}],"inLanguage":"pt-PT"},{"@type":"Person","@id":"https:\/\/portaltela.pt\/#\/schema\/person\/c4278d4a6028830caff9ee44b42d32ed","name":"Telinha","image":{"@type":"ImageObject","inLanguage":"pt-PT","@id":"https:\/\/portaltela.pt\/s.01k8rhncp4jt1\/2025\/11\/talking-bot-125x125.png","url":"https:\/\/portaltela.pt\/s.01k8rhncp4jt1\/2025\/11\/talking-bot-125x125.png","contentUrl":"https:\/\/portaltela.pt\/s.01k8rhncp4jt1\/2025\/11\/talking-bot-125x125.png","caption":"Telinha"},"sameAs":["https:\/\/portaltela.pt\/"],"url":"https:\/\/portaltela.pt\/por\/367410592786\/"}]}},"_links":{"self":[{"href":"https:\/\/portaltela.pt\/api\/wp\/v2\/posts\/182661","targetHints":{"allow":["GET"]}}],"collection":[{"href":"https:\/\/portaltela.pt\/api\/wp\/v2\/posts"}],"about":[{"href":"https:\/\/portaltela.pt\/api\/wp\/v2\/types\/post"}],"author":[{"embeddable":true,"href":"https:\/\/portaltela.pt\/api\/wp\/v2\/users\/2"}],"replies":[{"embeddable":true,"href":"https:\/\/portaltela.pt\/api\/wp\/v2\/comments?post=182661"}],"version-history":[{"count":0,"href":"https:\/\/portaltela.pt\/api\/wp\/v2\/posts\/182661\/revisions"}],"wp:featuredmedia":[{"embeddable":true,"href":"https:\/\/portaltela.pt\/api\/wp\/v2\/media\/182709"}],"wp:attachment":[{"href":"https:\/\/portaltela.pt\/api\/wp\/v2\/media?parent=182661"}],"wp:term":[{"taxonomy":"category","embeddable":true,"href":"https:\/\/portaltela.pt\/api\/wp\/v2\/categories?post=182661"},{"taxonomy":"post_tag","embeddable":true,"href":"https:\/\/portaltela.pt\/api\/wp\/v2\/tags?post=182661"}],"curies":[{"name":"wp","href":"https:\/\/api.w.org\/{rel}","templated":true}]}}