{"id":182612,"date":"2026-01-29T18:32:07","date_gmt":"2026-01-29T21:32:07","guid":{"rendered":"https:\/\/portaltela.pt\/noticias\/2026\/01\/29\/faixa-de-gaza-tensao-e-desafios-humanitarios-persistem\/"},"modified":"2026-01-29T18:32:07","modified_gmt":"2026-01-29T21:32:07","slug":"faixa-de-gaza-tensao-e-desafios-humanitarios-persistem","status":"publish","type":"post","link":"https:\/\/portaltela.pt\/noticias\/2026\/01\/29\/faixa-de-gaza-tensao-e-desafios-humanitarios-persistem\/","title":{"rendered":"Faixa de Gaza: tens\u00e3o e desafios humanit\u00e1rios persistem"},"content":{"rendered":"<p>O conflito em Gaza permanece marcado por escaladas militares, quedas de combust\u00edvel e negocia\u00e7\u00f5es internacionais. O cessar-fogo mediado pelos EUA entrou em vigor a 10 de outubro, com sinais de passagem para a segunda fase, ainda sem implementa\u00e7\u00e3o completa. Organiza\u00e7\u00f5es humanit\u00e1rias alertam para riscos graves no territ\u00f3rio.<\/p>\n<p>Israel afirma ter recuperado o corpo de um ref\u00e9m, numa ofensiva em Gaza, enquanto o Hamas continua sob monitoriza\u00e7\u00e3o de mediadores internacionais. A comunidade internacional acompanha as negocia\u00e7\u00f5es para desbloquear a segunda fase da tr\u00e9gua e facilitar a passagem de Gaza ao Egito.<\/p>\n<p>H\u00e1 relatos de ataques a\u00e9reos em Gaza que deixaram mortos, incluindo forma\u00e7\u00f5es civis, num contexto de opera\u00e7\u00f5es contra potenciais amea\u00e7as de drones. O Alto Comando israelita justificou ataques com detec\u00e7\u00e3o de atividades que colocavam tropas em risco.<\/p>\n<h3>Conselho de Paz de Trump<\/h3>\n<p>Fugas de informa\u00e7\u00e3o sugerem que o chamado Conselho de Paz pretende operar a n\u00edvel mundial, com controv\u00e9rsia jur\u00eddica sobre o seu alcance. Especialistas apontam limita\u00e7\u00f5es no poder deste organismo frente \u00e0 ONU.<\/p>\n<h3>Condi\u00e7\u00f5es humanit\u00e1rias e passagem de Rafah<\/h3>\n<p>A abertura parcial da passagem de Rafah para pedestres foi acordada sob condi\u00e7\u00e3o de avan\u00e7os no registo de soldados perdidos. Organiza\u00e7\u00f5es humanit\u00e1rias descrevem condi\u00e7\u00f5es de vida prec\u00e1rias em Khan Younis, com fam\u00edlias a recorrer ao aquecimento por fogo aberto.<\/p>\n<h3>Repercuss\u00f5es pol\u00edticas e diplom\u00e1ticas<\/h3>\n<p>L\u00edderes europeus discutem o impacto do Conselho de Paz na diplomacia regional. Alguns questionam se o \u00f3rg\u00e3o pode substituir entidades internacionais. Nomes de membros do governo Gaza sob supervis\u00e3o do Conselho de Paz foram tornados p\u00fablicos pela Casa Branca.<\/p>\n<h3>Contexto de seguran\u00e7a<\/h3>\n<p>Durante a \u00faltima rodada de hostilidades, militares israelitas afirmam ter neutralizado alvos considerados amea\u00e7a, com a resposta a ataques de grupos armados. A viol\u00eancia persiste \u00e0 medida que mediadores tentam confirmar a ades\u00e3o de todas as partes \u00e0 tr\u00e9gua.<\/p>\n<h3>Perspetivas para 2026<\/h3>\n<p>A imprensa internacional acompanha a evolu\u00e7\u00e3o da primeira fase do cessar-fogo, que envolveu a liberta\u00e7\u00e3o de centenas de prisioneiros palestinianos em troca de ref\u00e9ns, com perspetivas incertas para o futuro imediato.<\/p>\n","protected":false},"excerpt":{"rendered":"<ul>\n<li>Restos mortais do \u00faltimo ref\u00e9m em Gaza foram recuperados; o cessar-fogo mediado pelos Estados Unidos entra na segunda fase, desde 10 de outubro.<\/li>\n<li>Israel aceita reabrir parcialmente a passagem de Rafah para o Egito, condicionando-a \u00e0 localiza\u00e7\u00e3o do corpo do soldado Ran Gvili.<\/li>\n<li>Ataques israelitas provocam onze mortos, incluindo tr\u00eas jornalistas; as for\u00e7as de defesa dizem ter detetado drones como amea\u00e7a.<\/li>\n<li>Trump lan\u00e7a o \u201cConselho de Paz\u201d para Gaza, gerando d\u00favidas sobre o seu poder real; a Uni\u00e3o Europeia mant\u00e9m cautela sobre o papel do \u00f3rg\u00e3o.<\/li>\n<li>Organiza\u00e7\u00f5es humanit\u00e1rias alertam para condi\u00e7\u00f5es de risco em Gaza devido \u00e0 escassez de combust\u00edvel, com o inverno a aproximar-se e uso de medidas de apoio e comunica\u00e7\u00e3o de crise.<\/li>\n<\/ul>\n","protected":false},"author":2,"featured_media":182630,"comment_status":"closed","ping_status":"closed","sticky":false,"template":"","format":"standard","meta":{"footnotes":""},"categories":[1],"tags":[2792,2198,3782,29,2036,3786],"class_list":["post-182612","post","type-post","status-publish","format-standard","has-post-thumbnail","hentry","category-noticias","tag-conflito-internacional","tag-conflitos-internacionais","tag-conselho-de-paz","tag-diplomacia","tag-negociacoes-internacionais","tag-refugiados-internos"],"yoast_head":"<!-- This site is optimized with the Yoast SEO plugin v27.2 - https:\/\/yoast.com\/product\/yoast-seo-wordpress\/ -->\n<title>Faixa de Gaza: tens\u00e3o e desafios humanit\u00e1rios persistem - Portal Tela Portugal<\/title>\n<meta name=\"robots\" content=\"index, follow, max-snippet:-1, max-image-preview:large, max-video-preview:-1\" \/>\n<meta property=\"og:locale\" content=\"pt_PT\" \/>\n<meta property=\"og:type\" content=\"article\" \/>\n<meta property=\"og:title\" content=\"Faixa de Gaza: tens\u00e3o e desafios humanit\u00e1rios persistem - Portal Tela Portugal\" \/>\n<meta property=\"og:description\" content=\"Restos mortais do \u00faltimo ref\u00e9m em Gaza foram recuperados; o cessar-fogo mediado pelos Estados Unidos entra na segunda fase, desde 10 de outubro. Israel aceita reabrir parcialmente a passagem de Rafah para o Egito, condicionando-a \u00e0 localiza\u00e7\u00e3o do corpo do soldado Ran Gvili. Ataques israelitas provocam onze mortos, incluindo tr\u00eas jornalistas; as for\u00e7as de defesa dizem ter detetado drones como amea\u00e7a. Trump lan\u00e7a o \u201cConselho de Paz\u201d para Gaza, gerando d\u00favidas sobre o seu poder real; a Uni\u00e3o Europeia mant\u00e9m cautela sobre o papel do \u00f3rg\u00e3o. Organiza\u00e7\u00f5es humanit\u00e1rias alertam para condi\u00e7\u00f5es de risco em Gaza devido \u00e0 escassez de combust\u00edvel, com o inverno a aproximar-se e uso de medidas de apoio e comunica\u00e7\u00e3o de crise.\" \/>\n<meta property=\"og:url\" content=\"https:\/\/portaltela.pt\/noticias\/2026\/01\/29\/faixa-de-gaza-tensao-e-desafios-humanitarios-persistem\/\" \/>\n<meta property=\"og:site_name\" content=\"Portal Tela Portugal\" \/>\n<meta property=\"article:published_time\" content=\"2026-01-29T21:32:07+00:00\" \/>\n<meta name=\"author\" content=\"Telinha\" \/>\n<meta name=\"twitter:card\" content=\"summary_large_image\" \/>\n<meta name=\"twitter:label1\" content=\"Escrito por\" \/>\n\t<meta name=\"twitter:data1\" content=\"Telinha\" \/>\n\t<meta name=\"twitter:label2\" content=\"Tempo estimado de leitura\" \/>\n\t<meta name=\"twitter:data2\" content=\"2 minutos\" \/>\n<script type=\"application\/ld+json\" class=\"yoast-schema-graph\">{\"@context\":\"https:\/\/schema.org\",\"@graph\":[{\"@type\":\"Article\",\"@id\":\"https:\/\/portaltela.pt\/noticias\/2026\/01\/29\/faixa-de-gaza-tensao-e-desafios-humanitarios-persistem\/#article\",\"isPartOf\":{\"@id\":\"https:\/\/portaltela.pt\/noticias\/2026\/01\/29\/faixa-de-gaza-tensao-e-desafios-humanitarios-persistem\/\"},\"author\":{\"name\":\"Telinha\",\"@id\":\"https:\/\/portaltela.pt\/#\/schema\/person\/c4278d4a6028830caff9ee44b42d32ed\"},\"headline\":\"Faixa de Gaza: tens\u00e3o e desafios humanit\u00e1rios persistem\",\"datePublished\":\"2026-01-29T21:32:07+00:00\",\"mainEntityOfPage\":{\"@id\":\"https:\/\/portaltela.pt\/noticias\/2026\/01\/29\/faixa-de-gaza-tensao-e-desafios-humanitarios-persistem\/\"},\"wordCount\":377,\"image\":{\"@id\":\"https:\/\/portaltela.pt\/noticias\/2026\/01\/29\/faixa-de-gaza-tensao-e-desafios-humanitarios-persistem\/#primaryimage\"},\"thumbnailUrl\":\"https:\/\/portaltela.pt\/s.01k8rhncp4jt1\/2026\/01\/320x180_cmsv2_a651227b-c326-506f-88e0-609fec7b8f3a-9632022.jpg\",\"keywords\":[\"conflito internacional\",\"conflitos internacionais\",\"Conselho de Paz\",\"diplomacia\",\"negocia\u00e7\u00f5es internacionais\",\"refugiados internos\"],\"articleSection\":[\"Not\u00edcias\"],\"inLanguage\":\"pt-PT\"},{\"@type\":\"WebPage\",\"@id\":\"https:\/\/portaltela.pt\/noticias\/2026\/01\/29\/faixa-de-gaza-tensao-e-desafios-humanitarios-persistem\/\",\"url\":\"https:\/\/portaltela.pt\/noticias\/2026\/01\/29\/faixa-de-gaza-tensao-e-desafios-humanitarios-persistem\/\",\"name\":\"Faixa de Gaza: tens\u00e3o e desafios humanit\u00e1rios persistem - Portal Tela Portugal\",\"isPartOf\":{\"@id\":\"https:\/\/portaltela.pt\/#website\"},\"primaryImageOfPage\":{\"@id\":\"https:\/\/portaltela.pt\/noticias\/2026\/01\/29\/faixa-de-gaza-tensao-e-desafios-humanitarios-persistem\/#primaryimage\"},\"image\":{\"@id\":\"https:\/\/portaltela.pt\/noticias\/2026\/01\/29\/faixa-de-gaza-tensao-e-desafios-humanitarios-persistem\/#primaryimage\"},\"thumbnailUrl\":\"https:\/\/portaltela.pt\/s.01k8rhncp4jt1\/2026\/01\/320x180_cmsv2_a651227b-c326-506f-88e0-609fec7b8f3a-9632022.jpg\",\"datePublished\":\"2026-01-29T21:32:07+00:00\",\"author\":{\"@id\":\"https:\/\/portaltela.pt\/#\/schema\/person\/c4278d4a6028830caff9ee44b42d32ed\"},\"breadcrumb\":{\"@id\":\"https:\/\/portaltela.pt\/noticias\/2026\/01\/29\/faixa-de-gaza-tensao-e-desafios-humanitarios-persistem\/#breadcrumb\"},\"inLanguage\":\"pt-PT\",\"potentialAction\":[{\"@type\":\"ReadAction\",\"target\":[\"https:\/\/portaltela.pt\/noticias\/2026\/01\/29\/faixa-de-gaza-tensao-e-desafios-humanitarios-persistem\/\"]}]},{\"@type\":\"ImageObject\",\"inLanguage\":\"pt-PT\",\"@id\":\"https:\/\/portaltela.pt\/noticias\/2026\/01\/29\/faixa-de-gaza-tensao-e-desafios-humanitarios-persistem\/#primaryimage\",\"url\":\"https:\/\/portaltela.pt\/s.01k8rhncp4jt1\/2026\/01\/320x180_cmsv2_a651227b-c326-506f-88e0-609fec7b8f3a-9632022.jpg\",\"contentUrl\":\"https:\/\/portaltela.pt\/s.01k8rhncp4jt1\/2026\/01\/320x180_cmsv2_a651227b-c326-506f-88e0-609fec7b8f3a-9632022.jpg\",\"width\":796,\"height\":448,\"caption\":\"Militantes do Hamas chegam a um local onde est\u00e3o a procurar os restos mortais de ref\u00e9ns em Jabalia, 1 de dezembro de 2025\"},{\"@type\":\"BreadcrumbList\",\"@id\":\"https:\/\/portaltela.pt\/noticias\/2026\/01\/29\/faixa-de-gaza-tensao-e-desafios-humanitarios-persistem\/#breadcrumb\",\"itemListElement\":[{\"@type\":\"ListItem\",\"position\":1,\"name\":\"In\u00edcio\",\"item\":\"https:\/\/portaltela.pt\/\"},{\"@type\":\"ListItem\",\"position\":2,\"name\":\"Faixa de Gaza: tens\u00e3o e desafios humanit\u00e1rios persistem\"}]},{\"@type\":\"WebSite\",\"@id\":\"https:\/\/portaltela.pt\/#website\",\"url\":\"https:\/\/portaltela.pt\/\",\"name\":\"Portal Tela Portugal\",\"description\":\"\",\"potentialAction\":[{\"@type\":\"SearchAction\",\"target\":{\"@type\":\"EntryPoint\",\"urlTemplate\":\"https:\/\/portaltela.pt\/?s={search_term_string}\"},\"query-input\":{\"@type\":\"PropertyValueSpecification\",\"valueRequired\":true,\"valueName\":\"search_term_string\"}}],\"inLanguage\":\"pt-PT\"},{\"@type\":\"Person\",\"@id\":\"https:\/\/portaltela.pt\/#\/schema\/person\/c4278d4a6028830caff9ee44b42d32ed\",\"name\":\"Telinha\",\"image\":{\"@type\":\"ImageObject\",\"inLanguage\":\"pt-PT\",\"@id\":\"https:\/\/portaltela.pt\/s.01k8rhncp4jt1\/2025\/11\/talking-bot-125x125.png\",\"url\":\"https:\/\/portaltela.pt\/s.01k8rhncp4jt1\/2025\/11\/talking-bot-125x125.png\",\"contentUrl\":\"https:\/\/portaltela.pt\/s.01k8rhncp4jt1\/2025\/11\/talking-bot-125x125.png\",\"caption\":\"Telinha\"},\"sameAs\":[\"https:\/\/portaltela.pt\/\"],\"url\":\"https:\/\/portaltela.pt\/por\/367410592786\/\"}]}<\/script>\n<!-- \/ Yoast SEO plugin. -->","yoast_head_json":{"title":"Faixa de Gaza: tens\u00e3o e desafios humanit\u00e1rios persistem - Portal Tela Portugal","robots":{"index":"index","follow":"follow","max-snippet":"max-snippet:-1","max-image-preview":"max-image-preview:large","max-video-preview":"max-video-preview:-1"},"og_locale":"pt_PT","og_type":"article","og_title":"Faixa de Gaza: tens\u00e3o e desafios humanit\u00e1rios persistem - Portal Tela Portugal","og_description":"Restos mortais do \u00faltimo ref\u00e9m em Gaza foram recuperados; o cessar-fogo mediado pelos Estados Unidos entra na segunda fase, desde 10 de outubro. Israel aceita reabrir parcialmente a passagem de Rafah para o Egito, condicionando-a \u00e0 localiza\u00e7\u00e3o do corpo do soldado Ran Gvili. Ataques israelitas provocam onze mortos, incluindo tr\u00eas jornalistas; as for\u00e7as de defesa dizem ter detetado drones como amea\u00e7a. Trump lan\u00e7a o \u201cConselho de Paz\u201d para Gaza, gerando d\u00favidas sobre o seu poder real; a Uni\u00e3o Europeia mant\u00e9m cautela sobre o papel do \u00f3rg\u00e3o. Organiza\u00e7\u00f5es humanit\u00e1rias alertam para condi\u00e7\u00f5es de risco em Gaza devido \u00e0 escassez de combust\u00edvel, com o inverno a aproximar-se e uso de medidas de apoio e comunica\u00e7\u00e3o de crise.","og_url":"https:\/\/portaltela.pt\/noticias\/2026\/01\/29\/faixa-de-gaza-tensao-e-desafios-humanitarios-persistem\/","og_site_name":"Portal Tela Portugal","article_published_time":"2026-01-29T21:32:07+00:00","author":"Telinha","twitter_card":"summary_large_image","twitter_misc":{"Escrito por":"Telinha","Tempo estimado de leitura":"2 minutos"},"schema":{"@context":"https:\/\/schema.org","@graph":[{"@type":"Article","@id":"https:\/\/portaltela.pt\/noticias\/2026\/01\/29\/faixa-de-gaza-tensao-e-desafios-humanitarios-persistem\/#article","isPartOf":{"@id":"https:\/\/portaltela.pt\/noticias\/2026\/01\/29\/faixa-de-gaza-tensao-e-desafios-humanitarios-persistem\/"},"author":{"name":"Telinha","@id":"https:\/\/portaltela.pt\/#\/schema\/person\/c4278d4a6028830caff9ee44b42d32ed"},"headline":"Faixa de Gaza: tens\u00e3o e desafios humanit\u00e1rios persistem","datePublished":"2026-01-29T21:32:07+00:00","mainEntityOfPage":{"@id":"https:\/\/portaltela.pt\/noticias\/2026\/01\/29\/faixa-de-gaza-tensao-e-desafios-humanitarios-persistem\/"},"wordCount":377,"image":{"@id":"https:\/\/portaltela.pt\/noticias\/2026\/01\/29\/faixa-de-gaza-tensao-e-desafios-humanitarios-persistem\/#primaryimage"},"thumbnailUrl":"https:\/\/portaltela.pt\/s.01k8rhncp4jt1\/2026\/01\/320x180_cmsv2_a651227b-c326-506f-88e0-609fec7b8f3a-9632022.jpg","keywords":["conflito internacional","conflitos internacionais","Conselho de Paz","diplomacia","negocia\u00e7\u00f5es internacionais","refugiados internos"],"articleSection":["Not\u00edcias"],"inLanguage":"pt-PT"},{"@type":"WebPage","@id":"https:\/\/portaltela.pt\/noticias\/2026\/01\/29\/faixa-de-gaza-tensao-e-desafios-humanitarios-persistem\/","url":"https:\/\/portaltela.pt\/noticias\/2026\/01\/29\/faixa-de-gaza-tensao-e-desafios-humanitarios-persistem\/","name":"Faixa de Gaza: tens\u00e3o e desafios humanit\u00e1rios persistem - Portal Tela Portugal","isPartOf":{"@id":"https:\/\/portaltela.pt\/#website"},"primaryImageOfPage":{"@id":"https:\/\/portaltela.pt\/noticias\/2026\/01\/29\/faixa-de-gaza-tensao-e-desafios-humanitarios-persistem\/#primaryimage"},"image":{"@id":"https:\/\/portaltela.pt\/noticias\/2026\/01\/29\/faixa-de-gaza-tensao-e-desafios-humanitarios-persistem\/#primaryimage"},"thumbnailUrl":"https:\/\/portaltela.pt\/s.01k8rhncp4jt1\/2026\/01\/320x180_cmsv2_a651227b-c326-506f-88e0-609fec7b8f3a-9632022.jpg","datePublished":"2026-01-29T21:32:07+00:00","author":{"@id":"https:\/\/portaltela.pt\/#\/schema\/person\/c4278d4a6028830caff9ee44b42d32ed"},"breadcrumb":{"@id":"https:\/\/portaltela.pt\/noticias\/2026\/01\/29\/faixa-de-gaza-tensao-e-desafios-humanitarios-persistem\/#breadcrumb"},"inLanguage":"pt-PT","potentialAction":[{"@type":"ReadAction","target":["https:\/\/portaltela.pt\/noticias\/2026\/01\/29\/faixa-de-gaza-tensao-e-desafios-humanitarios-persistem\/"]}]},{"@type":"ImageObject","inLanguage":"pt-PT","@id":"https:\/\/portaltela.pt\/noticias\/2026\/01\/29\/faixa-de-gaza-tensao-e-desafios-humanitarios-persistem\/#primaryimage","url":"https:\/\/portaltela.pt\/s.01k8rhncp4jt1\/2026\/01\/320x180_cmsv2_a651227b-c326-506f-88e0-609fec7b8f3a-9632022.jpg","contentUrl":"https:\/\/portaltela.pt\/s.01k8rhncp4jt1\/2026\/01\/320x180_cmsv2_a651227b-c326-506f-88e0-609fec7b8f3a-9632022.jpg","width":796,"height":448,"caption":"Militantes do Hamas chegam a um local onde est\u00e3o a procurar os restos mortais de ref\u00e9ns em Jabalia, 1 de dezembro de 2025"},{"@type":"BreadcrumbList","@id":"https:\/\/portaltela.pt\/noticias\/2026\/01\/29\/faixa-de-gaza-tensao-e-desafios-humanitarios-persistem\/#breadcrumb","itemListElement":[{"@type":"ListItem","position":1,"name":"In\u00edcio","item":"https:\/\/portaltela.pt\/"},{"@type":"ListItem","position":2,"name":"Faixa de Gaza: tens\u00e3o e desafios humanit\u00e1rios persistem"}]},{"@type":"WebSite","@id":"https:\/\/portaltela.pt\/#website","url":"https:\/\/portaltela.pt\/","name":"Portal Tela Portugal","description":"","potentialAction":[{"@type":"SearchAction","target":{"@type":"EntryPoint","urlTemplate":"https:\/\/portaltela.pt\/?s={search_term_string}"},"query-input":{"@type":"PropertyValueSpecification","valueRequired":true,"valueName":"search_term_string"}}],"inLanguage":"pt-PT"},{"@type":"Person","@id":"https:\/\/portaltela.pt\/#\/schema\/person\/c4278d4a6028830caff9ee44b42d32ed","name":"Telinha","image":{"@type":"ImageObject","inLanguage":"pt-PT","@id":"https:\/\/portaltela.pt\/s.01k8rhncp4jt1\/2025\/11\/talking-bot-125x125.png","url":"https:\/\/portaltela.pt\/s.01k8rhncp4jt1\/2025\/11\/talking-bot-125x125.png","contentUrl":"https:\/\/portaltela.pt\/s.01k8rhncp4jt1\/2025\/11\/talking-bot-125x125.png","caption":"Telinha"},"sameAs":["https:\/\/portaltela.pt\/"],"url":"https:\/\/portaltela.pt\/por\/367410592786\/"}]}},"_links":{"self":[{"href":"https:\/\/portaltela.pt\/api\/wp\/v2\/posts\/182612","targetHints":{"allow":["GET"]}}],"collection":[{"href":"https:\/\/portaltela.pt\/api\/wp\/v2\/posts"}],"about":[{"href":"https:\/\/portaltela.pt\/api\/wp\/v2\/types\/post"}],"author":[{"embeddable":true,"href":"https:\/\/portaltela.pt\/api\/wp\/v2\/users\/2"}],"replies":[{"embeddable":true,"href":"https:\/\/portaltela.pt\/api\/wp\/v2\/comments?post=182612"}],"version-history":[{"count":0,"href":"https:\/\/portaltela.pt\/api\/wp\/v2\/posts\/182612\/revisions"}],"wp:featuredmedia":[{"embeddable":true,"href":"https:\/\/portaltela.pt\/api\/wp\/v2\/media\/182630"}],"wp:attachment":[{"href":"https:\/\/portaltela.pt\/api\/wp\/v2\/media?parent=182612"}],"wp:term":[{"taxonomy":"category","embeddable":true,"href":"https:\/\/portaltela.pt\/api\/wp\/v2\/categories?post=182612"},{"taxonomy":"post_tag","embeddable":true,"href":"https:\/\/portaltela.pt\/api\/wp\/v2\/tags?post=182612"}],"curies":[{"name":"wp","href":"https:\/\/api.w.org\/{rel}","templated":true}]}}