{"id":182602,"date":"2026-01-29T18:24:00","date_gmt":"2026-01-29T21:24:00","guid":{"rendered":"https:\/\/portaltela.pt\/noticias\/2026\/01\/29\/gala-de-encerramento-marca-fim-da-cidade-do-vinho-2025-em-estremoz\/"},"modified":"2026-01-29T18:24:00","modified_gmt":"2026-01-29T21:24:00","slug":"gala-de-encerramento-marca-fim-da-cidade-do-vinho-2025-em-estremoz","status":"publish","type":"post","link":"https:\/\/portaltela.pt\/noticias\/2026\/01\/29\/gala-de-encerramento-marca-fim-da-cidade-do-vinho-2025-em-estremoz\/","title":{"rendered":"Gala de Encerramento Marca Fim da Cidade do Vinho 2025 em Estremoz"},"content":{"rendered":"<p>A Gala de Encerramento marca o fim da Cidade do Vinho 2025, que decorre este s\u00e1bado, 31 de janeiro, em Estremoz. O evento come\u00e7a \u00e0s 16h30 no Teatro Bernardim Ribeiro, reunindo autarcas, entidades vitivin\u00edcolas e convidados das \u00e1reas envolvidas no projeto.<\/p>\n<p>A Cidade do Vinho 2025 resulta de uma parceria entre os munic\u00edpios de Borba, Alandroal, Estremoz, Redondo e Vila Vi\u00e7osa. Ao longo do \u00faltimo ano, o territ\u00f3rio recebeu mais de 50 iniciativas ligadas ao vinho e \u00e0 identidade local, com impacto tur\u00edstico e cultural.<\/p>\n<h3>Programa da Gala<\/h3>\n<p>O cartaz oficial prev\u00ea interven\u00e7\u00f5es de autarcas e representantes regionais, momentos musicais e a apresenta\u00e7\u00e3o da Cidade Europeia do Vinho 2026. A cerim\u00f3nia inclui a entrega simb\u00f3lica da bandeira e o an\u00fancio de iniciativas pr\u00f3ximas.<\/p>\n<p>O encerramento inclui um brinde institucional e um jantar no Estremoz Hotel, fechando o calend\u00e1rio de atividades que procuraram valorizar a hist\u00f3ria comum e a liga\u00e7\u00e3o entre patrim\u00f3nio vitivin\u00edcola e comunidade local.<\/p>\n<h3>Contexto e impacto<\/h3>\n<p>A iniciativa promoveu a visibilidade do territ\u00f3rio da Serra d\u2019Ossa, consolidando a coopera\u00e7\u00e3o entre institui\u00e7\u00f5es e empresas locais, regionais e nacionais. O objetivo foi apresentar o vinho como motor de identidade e turismo.<\/p>\n","protected":false},"excerpt":{"rendered":"<ul>\n<li>A Gala de Encerramento da Cidade do Vinho 2025 realiza-se s\u00e1bado, 31 de janeiro, \u00e0s 16h30, no Teatro Bernardim Ribeiro, em Estremoz.<\/li>\n<li>O evento re\u00fane autarcas, entidades do setor vitivin\u00edcola e convidados dos munic\u00edpios envolvidos no projeto.<\/li>\n<li>A Cidade do Vinho 2025 foi criada pela parceria entre os munic\u00edpios de Borba, Alandroal, Estremoz, Redondo e Vila Vi\u00e7osa.<\/li>\n<li>O programa integrou mais de cinquenta iniciativas, incluindo a Gala de Abertura, o Festival Nacional da Can\u00e7\u00e3o Rural e a Festa da Vinha e do Vinho.<\/li>\n<li>Na Gala ser\u00e3o apresentados os reconhecimentos da Cidade Europeia do Vinho 2026, com a entrega simb\u00f3lica da bandeira, seguido de um brinde institucional e de um jantar no Estremoz Hotel.<\/li>\n<\/ul>\n","protected":false},"author":2,"featured_media":0,"comment_status":"closed","ping_status":"closed","sticky":false,"template":"","format":"standard","meta":{"footnotes":""},"categories":[1],"tags":[4748,4070,3727,1098,4749,4750],"class_list":["post-182602","post","type-post","status-publish","format-standard","hentry","category-noticias","tag-aldandroal","tag-borba","tag-enoturismo","tag-estremoz","tag-redondo","tag-vila-vicosa"],"yoast_head":"<!-- This site is optimized with the Yoast SEO plugin v27.2 - https:\/\/yoast.com\/product\/yoast-seo-wordpress\/ -->\n<title>Gala de Encerramento Marca Fim da Cidade do Vinho 2025 em Estremoz - Portal Tela Portugal<\/title>\n<meta name=\"robots\" content=\"index, follow, max-snippet:-1, max-image-preview:large, max-video-preview:-1\" \/>\n<meta property=\"og:locale\" content=\"pt_PT\" \/>\n<meta property=\"og:type\" content=\"article\" \/>\n<meta property=\"og:title\" content=\"Gala de Encerramento Marca Fim da Cidade do Vinho 2025 em Estremoz - Portal Tela Portugal\" \/>\n<meta property=\"og:description\" content=\"A Gala de Encerramento da Cidade do Vinho 2025 realiza-se s\u00e1bado, 31 de janeiro, \u00e0s 16h30, no Teatro Bernardim Ribeiro, em Estremoz. O evento re\u00fane autarcas, entidades do setor vitivin\u00edcola e convidados dos munic\u00edpios envolvidos no projeto. A Cidade do Vinho 2025 foi criada pela parceria entre os munic\u00edpios de Borba, Alandroal, Estremoz, Redondo e Vila Vi\u00e7osa. O programa integrou mais de cinquenta iniciativas, incluindo a Gala de Abertura, o Festival Nacional da Can\u00e7\u00e3o Rural e a Festa da Vinha e do Vinho. Na Gala ser\u00e3o apresentados os reconhecimentos da Cidade Europeia do Vinho 2026, com a entrega simb\u00f3lica da bandeira, seguido de um brinde institucional e de um jantar no Estremoz Hotel.\" \/>\n<meta property=\"og:url\" content=\"https:\/\/portaltela.pt\/noticias\/2026\/01\/29\/gala-de-encerramento-marca-fim-da-cidade-do-vinho-2025-em-estremoz\/\" \/>\n<meta property=\"og:site_name\" content=\"Portal Tela Portugal\" \/>\n<meta property=\"article:published_time\" content=\"2026-01-29T21:24:00+00:00\" \/>\n<meta name=\"author\" content=\"Telinha\" \/>\n<meta name=\"twitter:card\" content=\"summary_large_image\" \/>\n<meta name=\"twitter:label1\" content=\"Escrito por\" \/>\n\t<meta name=\"twitter:data1\" content=\"Telinha\" \/>\n\t<meta name=\"twitter:label2\" content=\"Tempo estimado de leitura\" \/>\n\t<meta name=\"twitter:data2\" content=\"1 minuto\" \/>\n<script type=\"application\/ld+json\" class=\"yoast-schema-graph\">{\"@context\":\"https:\/\/schema.org\",\"@graph\":[{\"@type\":\"Article\",\"@id\":\"https:\/\/portaltela.pt\/noticias\/2026\/01\/29\/gala-de-encerramento-marca-fim-da-cidade-do-vinho-2025-em-estremoz\/#article\",\"isPartOf\":{\"@id\":\"https:\/\/portaltela.pt\/noticias\/2026\/01\/29\/gala-de-encerramento-marca-fim-da-cidade-do-vinho-2025-em-estremoz\/\"},\"author\":{\"name\":\"Telinha\",\"@id\":\"https:\/\/portaltela.pt\/#\/schema\/person\/c4278d4a6028830caff9ee44b42d32ed\"},\"headline\":\"Gala de Encerramento Marca Fim da Cidade do Vinho 2025 em Estremoz\",\"datePublished\":\"2026-01-29T21:24:00+00:00\",\"mainEntityOfPage\":{\"@id\":\"https:\/\/portaltela.pt\/noticias\/2026\/01\/29\/gala-de-encerramento-marca-fim-da-cidade-do-vinho-2025-em-estremoz\/\"},\"wordCount\":218,\"keywords\":[\"Aldandroal\",\"Borba\",\"enoturismo\",\"Estremoz\",\"Redondo\",\"Vila Vi\u00e7osa\"],\"articleSection\":[\"Not\u00edcias\"],\"inLanguage\":\"pt-PT\"},{\"@type\":\"WebPage\",\"@id\":\"https:\/\/portaltela.pt\/noticias\/2026\/01\/29\/gala-de-encerramento-marca-fim-da-cidade-do-vinho-2025-em-estremoz\/\",\"url\":\"https:\/\/portaltela.pt\/noticias\/2026\/01\/29\/gala-de-encerramento-marca-fim-da-cidade-do-vinho-2025-em-estremoz\/\",\"name\":\"Gala de Encerramento Marca Fim da Cidade do Vinho 2025 em Estremoz - Portal Tela Portugal\",\"isPartOf\":{\"@id\":\"https:\/\/portaltela.pt\/#website\"},\"datePublished\":\"2026-01-29T21:24:00+00:00\",\"author\":{\"@id\":\"https:\/\/portaltela.pt\/#\/schema\/person\/c4278d4a6028830caff9ee44b42d32ed\"},\"breadcrumb\":{\"@id\":\"https:\/\/portaltela.pt\/noticias\/2026\/01\/29\/gala-de-encerramento-marca-fim-da-cidade-do-vinho-2025-em-estremoz\/#breadcrumb\"},\"inLanguage\":\"pt-PT\",\"potentialAction\":[{\"@type\":\"ReadAction\",\"target\":[\"https:\/\/portaltela.pt\/noticias\/2026\/01\/29\/gala-de-encerramento-marca-fim-da-cidade-do-vinho-2025-em-estremoz\/\"]}]},{\"@type\":\"BreadcrumbList\",\"@id\":\"https:\/\/portaltela.pt\/noticias\/2026\/01\/29\/gala-de-encerramento-marca-fim-da-cidade-do-vinho-2025-em-estremoz\/#breadcrumb\",\"itemListElement\":[{\"@type\":\"ListItem\",\"position\":1,\"name\":\"In\u00edcio\",\"item\":\"https:\/\/portaltela.pt\/\"},{\"@type\":\"ListItem\",\"position\":2,\"name\":\"Gala de Encerramento Marca Fim da Cidade do Vinho 2025 em Estremoz\"}]},{\"@type\":\"WebSite\",\"@id\":\"https:\/\/portaltela.pt\/#website\",\"url\":\"https:\/\/portaltela.pt\/\",\"name\":\"Portal Tela Portugal\",\"description\":\"\",\"potentialAction\":[{\"@type\":\"SearchAction\",\"target\":{\"@type\":\"EntryPoint\",\"urlTemplate\":\"https:\/\/portaltela.pt\/?s={search_term_string}\"},\"query-input\":{\"@type\":\"PropertyValueSpecification\",\"valueRequired\":true,\"valueName\":\"search_term_string\"}}],\"inLanguage\":\"pt-PT\"},{\"@type\":\"Person\",\"@id\":\"https:\/\/portaltela.pt\/#\/schema\/person\/c4278d4a6028830caff9ee44b42d32ed\",\"name\":\"Telinha\",\"image\":{\"@type\":\"ImageObject\",\"inLanguage\":\"pt-PT\",\"@id\":\"https:\/\/portaltela.pt\/s.01k8rhncp4jt1\/2025\/11\/talking-bot-125x125.png\",\"url\":\"https:\/\/portaltela.pt\/s.01k8rhncp4jt1\/2025\/11\/talking-bot-125x125.png\",\"contentUrl\":\"https:\/\/portaltela.pt\/s.01k8rhncp4jt1\/2025\/11\/talking-bot-125x125.png\",\"caption\":\"Telinha\"},\"sameAs\":[\"https:\/\/portaltela.pt\/\"],\"url\":\"https:\/\/portaltela.pt\/por\/367410592786\/\"}]}<\/script>\n<!-- \/ Yoast SEO plugin. -->","yoast_head_json":{"title":"Gala de Encerramento Marca Fim da Cidade do Vinho 2025 em Estremoz - Portal Tela Portugal","robots":{"index":"index","follow":"follow","max-snippet":"max-snippet:-1","max-image-preview":"max-image-preview:large","max-video-preview":"max-video-preview:-1"},"og_locale":"pt_PT","og_type":"article","og_title":"Gala de Encerramento Marca Fim da Cidade do Vinho 2025 em Estremoz - Portal Tela Portugal","og_description":"A Gala de Encerramento da Cidade do Vinho 2025 realiza-se s\u00e1bado, 31 de janeiro, \u00e0s 16h30, no Teatro Bernardim Ribeiro, em Estremoz. O evento re\u00fane autarcas, entidades do setor vitivin\u00edcola e convidados dos munic\u00edpios envolvidos no projeto. A Cidade do Vinho 2025 foi criada pela parceria entre os munic\u00edpios de Borba, Alandroal, Estremoz, Redondo e Vila Vi\u00e7osa. O programa integrou mais de cinquenta iniciativas, incluindo a Gala de Abertura, o Festival Nacional da Can\u00e7\u00e3o Rural e a Festa da Vinha e do Vinho. Na Gala ser\u00e3o apresentados os reconhecimentos da Cidade Europeia do Vinho 2026, com a entrega simb\u00f3lica da bandeira, seguido de um brinde institucional e de um jantar no Estremoz Hotel.","og_url":"https:\/\/portaltela.pt\/noticias\/2026\/01\/29\/gala-de-encerramento-marca-fim-da-cidade-do-vinho-2025-em-estremoz\/","og_site_name":"Portal Tela Portugal","article_published_time":"2026-01-29T21:24:00+00:00","author":"Telinha","twitter_card":"summary_large_image","twitter_misc":{"Escrito por":"Telinha","Tempo estimado de leitura":"1 minuto"},"schema":{"@context":"https:\/\/schema.org","@graph":[{"@type":"Article","@id":"https:\/\/portaltela.pt\/noticias\/2026\/01\/29\/gala-de-encerramento-marca-fim-da-cidade-do-vinho-2025-em-estremoz\/#article","isPartOf":{"@id":"https:\/\/portaltela.pt\/noticias\/2026\/01\/29\/gala-de-encerramento-marca-fim-da-cidade-do-vinho-2025-em-estremoz\/"},"author":{"name":"Telinha","@id":"https:\/\/portaltela.pt\/#\/schema\/person\/c4278d4a6028830caff9ee44b42d32ed"},"headline":"Gala de Encerramento Marca Fim da Cidade do Vinho 2025 em Estremoz","datePublished":"2026-01-29T21:24:00+00:00","mainEntityOfPage":{"@id":"https:\/\/portaltela.pt\/noticias\/2026\/01\/29\/gala-de-encerramento-marca-fim-da-cidade-do-vinho-2025-em-estremoz\/"},"wordCount":218,"keywords":["Aldandroal","Borba","enoturismo","Estremoz","Redondo","Vila Vi\u00e7osa"],"articleSection":["Not\u00edcias"],"inLanguage":"pt-PT"},{"@type":"WebPage","@id":"https:\/\/portaltela.pt\/noticias\/2026\/01\/29\/gala-de-encerramento-marca-fim-da-cidade-do-vinho-2025-em-estremoz\/","url":"https:\/\/portaltela.pt\/noticias\/2026\/01\/29\/gala-de-encerramento-marca-fim-da-cidade-do-vinho-2025-em-estremoz\/","name":"Gala de Encerramento Marca Fim da Cidade do Vinho 2025 em Estremoz - Portal Tela Portugal","isPartOf":{"@id":"https:\/\/portaltela.pt\/#website"},"datePublished":"2026-01-29T21:24:00+00:00","author":{"@id":"https:\/\/portaltela.pt\/#\/schema\/person\/c4278d4a6028830caff9ee44b42d32ed"},"breadcrumb":{"@id":"https:\/\/portaltela.pt\/noticias\/2026\/01\/29\/gala-de-encerramento-marca-fim-da-cidade-do-vinho-2025-em-estremoz\/#breadcrumb"},"inLanguage":"pt-PT","potentialAction":[{"@type":"ReadAction","target":["https:\/\/portaltela.pt\/noticias\/2026\/01\/29\/gala-de-encerramento-marca-fim-da-cidade-do-vinho-2025-em-estremoz\/"]}]},{"@type":"BreadcrumbList","@id":"https:\/\/portaltela.pt\/noticias\/2026\/01\/29\/gala-de-encerramento-marca-fim-da-cidade-do-vinho-2025-em-estremoz\/#breadcrumb","itemListElement":[{"@type":"ListItem","position":1,"name":"In\u00edcio","item":"https:\/\/portaltela.pt\/"},{"@type":"ListItem","position":2,"name":"Gala de Encerramento Marca Fim da Cidade do Vinho 2025 em Estremoz"}]},{"@type":"WebSite","@id":"https:\/\/portaltela.pt\/#website","url":"https:\/\/portaltela.pt\/","name":"Portal Tela Portugal","description":"","potentialAction":[{"@type":"SearchAction","target":{"@type":"EntryPoint","urlTemplate":"https:\/\/portaltela.pt\/?s={search_term_string}"},"query-input":{"@type":"PropertyValueSpecification","valueRequired":true,"valueName":"search_term_string"}}],"inLanguage":"pt-PT"},{"@type":"Person","@id":"https:\/\/portaltela.pt\/#\/schema\/person\/c4278d4a6028830caff9ee44b42d32ed","name":"Telinha","image":{"@type":"ImageObject","inLanguage":"pt-PT","@id":"https:\/\/portaltela.pt\/s.01k8rhncp4jt1\/2025\/11\/talking-bot-125x125.png","url":"https:\/\/portaltela.pt\/s.01k8rhncp4jt1\/2025\/11\/talking-bot-125x125.png","contentUrl":"https:\/\/portaltela.pt\/s.01k8rhncp4jt1\/2025\/11\/talking-bot-125x125.png","caption":"Telinha"},"sameAs":["https:\/\/portaltela.pt\/"],"url":"https:\/\/portaltela.pt\/por\/367410592786\/"}]}},"_links":{"self":[{"href":"https:\/\/portaltela.pt\/api\/wp\/v2\/posts\/182602","targetHints":{"allow":["GET"]}}],"collection":[{"href":"https:\/\/portaltela.pt\/api\/wp\/v2\/posts"}],"about":[{"href":"https:\/\/portaltela.pt\/api\/wp\/v2\/types\/post"}],"author":[{"embeddable":true,"href":"https:\/\/portaltela.pt\/api\/wp\/v2\/users\/2"}],"replies":[{"embeddable":true,"href":"https:\/\/portaltela.pt\/api\/wp\/v2\/comments?post=182602"}],"version-history":[{"count":0,"href":"https:\/\/portaltela.pt\/api\/wp\/v2\/posts\/182602\/revisions"}],"wp:attachment":[{"href":"https:\/\/portaltela.pt\/api\/wp\/v2\/media?parent=182602"}],"wp:term":[{"taxonomy":"category","embeddable":true,"href":"https:\/\/portaltela.pt\/api\/wp\/v2\/categories?post=182602"},{"taxonomy":"post_tag","embeddable":true,"href":"https:\/\/portaltela.pt\/api\/wp\/v2\/tags?post=182602"}],"curies":[{"name":"wp","href":"https:\/\/api.w.org\/{rel}","templated":true}]}}