{"id":182582,"date":"2026-01-29T18:03:00","date_gmt":"2026-01-29T21:03:00","guid":{"rendered":"https:\/\/portaltela.pt\/noticias\/2026\/01\/29\/ex-bancario-em-prisao-preventiva-por-raptar-filha-de-tres-anos-no-porto\/"},"modified":"2026-01-29T18:03:00","modified_gmt":"2026-01-29T21:03:00","slug":"ex-bancario-em-prisao-preventiva-por-raptar-filha-de-tres-anos-no-porto","status":"publish","type":"post","link":"https:\/\/portaltela.pt\/noticias\/2026\/01\/29\/ex-bancario-em-prisao-preventiva-por-raptar-filha-de-tres-anos-no-porto\/","title":{"rendered":"Ex-banc\u00e1rio em pris\u00e3o preventiva por raptar filha de tr\u00eas anos no Porto"},"content":{"rendered":"<p>O ex-banc\u00e1rio de 42 anos ficou em pris\u00e3o preventiva ap\u00f3s ter raptado a filha de tr\u00eas anos no Porto. A medida de coa\u00e7\u00e3o foi decretada pelo juiz nesta quinta-feira. O suspeito \u00e9 acusado de rapto agravado, deten\u00e7\u00e3o de arma proibida e resist\u00eancia e coa\u00e7\u00e3o sobre funcion\u00e1rio.<\/p>\n<p>O caso teve in\u00edcio quando o homem visitou a ex-mulher, em casa, no dia 19 de janeiro, e levou a crian\u00e7a. Depois disso, manteve contacto com a m\u00e3e da menor para apresentar condi\u00e7\u00f5es para a restitui\u00e7\u00e3o da filha.<\/p>\n<p>O suspeito estava escondido com a crian\u00e7a num abrigo em Montanha, na regi\u00e3o de Montalegre. No local, as autoridades apreenderam uma arma proibida e mais de 100 mil euros em dinheiro, encontrados num ve\u00edculo.<\/p>\n<h3>Localiza\u00e7\u00e3o dos suspeitos e elementos recolhidos<\/h3>\n<p>A Pol\u00edcia Judici\u00e1ria localizou o homem e a v\u00edtima em Matosinhos, onde prosseguem as dilig\u00eancias para o esclarecimento do caso e fundamentar a acusa\u00e7\u00e3o.<\/p>\n","protected":false},"excerpt":{"rendered":"<ul>\n<li>O ex-banc\u00e1rio de 42 anos ficou em pris\u00e3o preventiva, decretada pelo juiz, por rapto agravado, deten\u00e7\u00e3o de arma proibida e resist\u00eancia e coa\u00e7\u00e3o sobre funcion\u00e1rio.<\/li>\n<li>O rapto ocorreu ap\u00f3s o homem ter ido visitar a filha de tr\u00eas anos \u00e0 casa da ex-mulher no Porto, no dia 19 de janeiro.<\/li>\n<li>O suspeito manteve contacto com a m\u00e3e da crian\u00e7a para impor condi\u00e7\u00f5es de restituir a menina e tentou reatar a rela\u00e7\u00e3o com a ex-mulher.<\/li>\n<li>Estavam escondidos num abrigo de Montanha, na zona de Montalegre, onde as autoridades apreenderam uma arma proibida e mais de 100 mil euros em dinheiro num carro.<\/li>\n<li>A Pol\u00edcia Judici\u00e1ria localizou o suspeito e a v\u00edtima em Matosinhos.<\/li>\n<\/ul>\n","protected":false},"author":2,"featured_media":182591,"comment_status":"closed","ping_status":"closed","sticky":false,"template":"","format":"standard","meta":{"footnotes":""},"categories":[1],"tags":[2660,4139,217,1802,982,4332],"class_list":["post-182582","post","type-post","status-publish","format-standard","has-post-thumbnail","hentry","category-noticias","tag-arma-proibida","tag-detencao","tag-investigacao-criminal","tag-policia-judiciaria","tag-porto","tag-rapto-agravado"],"yoast_head":"<!-- This site is optimized with the Yoast SEO plugin v27.2 - https:\/\/yoast.com\/product\/yoast-seo-wordpress\/ -->\n<title>Ex-banc\u00e1rio em pris\u00e3o preventiva por raptar filha de tr\u00eas anos no Porto - Portal Tela Portugal<\/title>\n<meta name=\"robots\" content=\"index, follow, max-snippet:-1, max-image-preview:large, max-video-preview:-1\" \/>\n<meta property=\"og:locale\" content=\"pt_PT\" \/>\n<meta property=\"og:type\" content=\"article\" \/>\n<meta property=\"og:title\" content=\"Ex-banc\u00e1rio em pris\u00e3o preventiva por raptar filha de tr\u00eas anos no Porto - Portal Tela Portugal\" \/>\n<meta property=\"og:description\" content=\"O ex-banc\u00e1rio de 42 anos ficou em pris\u00e3o preventiva, decretada pelo juiz, por rapto agravado, deten\u00e7\u00e3o de arma proibida e resist\u00eancia e coa\u00e7\u00e3o sobre funcion\u00e1rio. O rapto ocorreu ap\u00f3s o homem ter ido visitar a filha de tr\u00eas anos \u00e0 casa da ex-mulher no Porto, no dia 19 de janeiro. O suspeito manteve contacto com a m\u00e3e da crian\u00e7a para impor condi\u00e7\u00f5es de restituir a menina e tentou reatar a rela\u00e7\u00e3o com a ex-mulher. Estavam escondidos num abrigo de Montanha, na zona de Montalegre, onde as autoridades apreenderam uma arma proibida e mais de 100 mil euros em dinheiro num carro. A Pol\u00edcia Judici\u00e1ria localizou o suspeito e a v\u00edtima em Matosinhos.\" \/>\n<meta property=\"og:url\" content=\"https:\/\/portaltela.pt\/noticias\/2026\/01\/29\/ex-bancario-em-prisao-preventiva-por-raptar-filha-de-tres-anos-no-porto\/\" \/>\n<meta property=\"og:site_name\" content=\"Portal Tela Portugal\" \/>\n<meta property=\"article:published_time\" content=\"2026-01-29T21:03:00+00:00\" \/>\n<meta name=\"author\" content=\"Telinha\" \/>\n<meta name=\"twitter:card\" content=\"summary_large_image\" \/>\n<meta name=\"twitter:label1\" content=\"Escrito por\" \/>\n\t<meta name=\"twitter:data1\" content=\"Telinha\" \/>\n\t<meta name=\"twitter:label2\" content=\"Tempo estimado de leitura\" \/>\n\t<meta name=\"twitter:data2\" content=\"1 minuto\" \/>\n<script type=\"application\/ld+json\" class=\"yoast-schema-graph\">{\"@context\":\"https:\/\/schema.org\",\"@graph\":[{\"@type\":\"Article\",\"@id\":\"https:\/\/portaltela.pt\/noticias\/2026\/01\/29\/ex-bancario-em-prisao-preventiva-por-raptar-filha-de-tres-anos-no-porto\/#article\",\"isPartOf\":{\"@id\":\"https:\/\/portaltela.pt\/noticias\/2026\/01\/29\/ex-bancario-em-prisao-preventiva-por-raptar-filha-de-tres-anos-no-porto\/\"},\"author\":{\"name\":\"Telinha\",\"@id\":\"https:\/\/portaltela.pt\/#\/schema\/person\/c4278d4a6028830caff9ee44b42d32ed\"},\"headline\":\"Ex-banc\u00e1rio em pris\u00e3o preventiva por raptar filha de tr\u00eas anos no Porto\",\"datePublished\":\"2026-01-29T21:03:00+00:00\",\"mainEntityOfPage\":{\"@id\":\"https:\/\/portaltela.pt\/noticias\/2026\/01\/29\/ex-bancario-em-prisao-preventiva-por-raptar-filha-de-tres-anos-no-porto\/\"},\"wordCount\":182,\"image\":{\"@id\":\"https:\/\/portaltela.pt\/noticias\/2026\/01\/29\/ex-bancario-em-prisao-preventiva-por-raptar-filha-de-tres-anos-no-porto\/#primaryimage\"},\"thumbnailUrl\":\"https:\/\/portaltela.pt\/s.01k8rhncp4jt1\/2026\/01\/img_1500x1000uu2024-01-31-21-55-17-1558220-1.jpg\",\"keywords\":[\"arma proibida\",\"deten\u00e7\u00e3o\",\"investiga\u00e7\u00e3o criminal\",\"Pol\u00edcia Judici\u00e1ria\",\"Porto\",\"rapto agravado\"],\"articleSection\":[\"Not\u00edcias\"],\"inLanguage\":\"pt-PT\"},{\"@type\":\"WebPage\",\"@id\":\"https:\/\/portaltela.pt\/noticias\/2026\/01\/29\/ex-bancario-em-prisao-preventiva-por-raptar-filha-de-tres-anos-no-porto\/\",\"url\":\"https:\/\/portaltela.pt\/noticias\/2026\/01\/29\/ex-bancario-em-prisao-preventiva-por-raptar-filha-de-tres-anos-no-porto\/\",\"name\":\"Ex-banc\u00e1rio em pris\u00e3o preventiva por raptar filha de tr\u00eas anos no Porto - Portal Tela Portugal\",\"isPartOf\":{\"@id\":\"https:\/\/portaltela.pt\/#website\"},\"primaryImageOfPage\":{\"@id\":\"https:\/\/portaltela.pt\/noticias\/2026\/01\/29\/ex-bancario-em-prisao-preventiva-por-raptar-filha-de-tres-anos-no-porto\/#primaryimage\"},\"image\":{\"@id\":\"https:\/\/portaltela.pt\/noticias\/2026\/01\/29\/ex-bancario-em-prisao-preventiva-por-raptar-filha-de-tres-anos-no-porto\/#primaryimage\"},\"thumbnailUrl\":\"https:\/\/portaltela.pt\/s.01k8rhncp4jt1\/2026\/01\/img_1500x1000uu2024-01-31-21-55-17-1558220-1.jpg\",\"datePublished\":\"2026-01-29T21:03:00+00:00\",\"author\":{\"@id\":\"https:\/\/portaltela.pt\/#\/schema\/person\/c4278d4a6028830caff9ee44b42d32ed\"},\"breadcrumb\":{\"@id\":\"https:\/\/portaltela.pt\/noticias\/2026\/01\/29\/ex-bancario-em-prisao-preventiva-por-raptar-filha-de-tres-anos-no-porto\/#breadcrumb\"},\"inLanguage\":\"pt-PT\",\"potentialAction\":[{\"@type\":\"ReadAction\",\"target\":[\"https:\/\/portaltela.pt\/noticias\/2026\/01\/29\/ex-bancario-em-prisao-preventiva-por-raptar-filha-de-tres-anos-no-porto\/\"]}]},{\"@type\":\"ImageObject\",\"inLanguage\":\"pt-PT\",\"@id\":\"https:\/\/portaltela.pt\/noticias\/2026\/01\/29\/ex-bancario-em-prisao-preventiva-por-raptar-filha-de-tres-anos-no-porto\/#primaryimage\",\"url\":\"https:\/\/portaltela.pt\/s.01k8rhncp4jt1\/2026\/01\/img_1500x1000uu2024-01-31-21-55-17-1558220-1.jpg\",\"contentUrl\":\"https:\/\/portaltela.pt\/s.01k8rhncp4jt1\/2026\/01\/img_1500x1000uu2024-01-31-21-55-17-1558220-1.jpg\",\"width\":796,\"height\":448,\"caption\":\"Oficiais de Justi\u00e7a\"},{\"@type\":\"BreadcrumbList\",\"@id\":\"https:\/\/portaltela.pt\/noticias\/2026\/01\/29\/ex-bancario-em-prisao-preventiva-por-raptar-filha-de-tres-anos-no-porto\/#breadcrumb\",\"itemListElement\":[{\"@type\":\"ListItem\",\"position\":1,\"name\":\"In\u00edcio\",\"item\":\"https:\/\/portaltela.pt\/\"},{\"@type\":\"ListItem\",\"position\":2,\"name\":\"Ex-banc\u00e1rio em pris\u00e3o preventiva por raptar filha de tr\u00eas anos no Porto\"}]},{\"@type\":\"WebSite\",\"@id\":\"https:\/\/portaltela.pt\/#website\",\"url\":\"https:\/\/portaltela.pt\/\",\"name\":\"Portal Tela Portugal\",\"description\":\"\",\"potentialAction\":[{\"@type\":\"SearchAction\",\"target\":{\"@type\":\"EntryPoint\",\"urlTemplate\":\"https:\/\/portaltela.pt\/?s={search_term_string}\"},\"query-input\":{\"@type\":\"PropertyValueSpecification\",\"valueRequired\":true,\"valueName\":\"search_term_string\"}}],\"inLanguage\":\"pt-PT\"},{\"@type\":\"Person\",\"@id\":\"https:\/\/portaltela.pt\/#\/schema\/person\/c4278d4a6028830caff9ee44b42d32ed\",\"name\":\"Telinha\",\"image\":{\"@type\":\"ImageObject\",\"inLanguage\":\"pt-PT\",\"@id\":\"https:\/\/portaltela.pt\/s.01k8rhncp4jt1\/2025\/11\/talking-bot-125x125.png\",\"url\":\"https:\/\/portaltela.pt\/s.01k8rhncp4jt1\/2025\/11\/talking-bot-125x125.png\",\"contentUrl\":\"https:\/\/portaltela.pt\/s.01k8rhncp4jt1\/2025\/11\/talking-bot-125x125.png\",\"caption\":\"Telinha\"},\"sameAs\":[\"https:\/\/portaltela.pt\/\"],\"url\":\"https:\/\/portaltela.pt\/por\/367410592786\/\"}]}<\/script>\n<!-- \/ Yoast SEO plugin. -->","yoast_head_json":{"title":"Ex-banc\u00e1rio em pris\u00e3o preventiva por raptar filha de tr\u00eas anos no Porto - Portal Tela Portugal","robots":{"index":"index","follow":"follow","max-snippet":"max-snippet:-1","max-image-preview":"max-image-preview:large","max-video-preview":"max-video-preview:-1"},"og_locale":"pt_PT","og_type":"article","og_title":"Ex-banc\u00e1rio em pris\u00e3o preventiva por raptar filha de tr\u00eas anos no Porto - Portal Tela Portugal","og_description":"O ex-banc\u00e1rio de 42 anos ficou em pris\u00e3o preventiva, decretada pelo juiz, por rapto agravado, deten\u00e7\u00e3o de arma proibida e resist\u00eancia e coa\u00e7\u00e3o sobre funcion\u00e1rio. O rapto ocorreu ap\u00f3s o homem ter ido visitar a filha de tr\u00eas anos \u00e0 casa da ex-mulher no Porto, no dia 19 de janeiro. O suspeito manteve contacto com a m\u00e3e da crian\u00e7a para impor condi\u00e7\u00f5es de restituir a menina e tentou reatar a rela\u00e7\u00e3o com a ex-mulher. Estavam escondidos num abrigo de Montanha, na zona de Montalegre, onde as autoridades apreenderam uma arma proibida e mais de 100 mil euros em dinheiro num carro. A Pol\u00edcia Judici\u00e1ria localizou o suspeito e a v\u00edtima em Matosinhos.","og_url":"https:\/\/portaltela.pt\/noticias\/2026\/01\/29\/ex-bancario-em-prisao-preventiva-por-raptar-filha-de-tres-anos-no-porto\/","og_site_name":"Portal Tela Portugal","article_published_time":"2026-01-29T21:03:00+00:00","author":"Telinha","twitter_card":"summary_large_image","twitter_misc":{"Escrito por":"Telinha","Tempo estimado de leitura":"1 minuto"},"schema":{"@context":"https:\/\/schema.org","@graph":[{"@type":"Article","@id":"https:\/\/portaltela.pt\/noticias\/2026\/01\/29\/ex-bancario-em-prisao-preventiva-por-raptar-filha-de-tres-anos-no-porto\/#article","isPartOf":{"@id":"https:\/\/portaltela.pt\/noticias\/2026\/01\/29\/ex-bancario-em-prisao-preventiva-por-raptar-filha-de-tres-anos-no-porto\/"},"author":{"name":"Telinha","@id":"https:\/\/portaltela.pt\/#\/schema\/person\/c4278d4a6028830caff9ee44b42d32ed"},"headline":"Ex-banc\u00e1rio em pris\u00e3o preventiva por raptar filha de tr\u00eas anos no Porto","datePublished":"2026-01-29T21:03:00+00:00","mainEntityOfPage":{"@id":"https:\/\/portaltela.pt\/noticias\/2026\/01\/29\/ex-bancario-em-prisao-preventiva-por-raptar-filha-de-tres-anos-no-porto\/"},"wordCount":182,"image":{"@id":"https:\/\/portaltela.pt\/noticias\/2026\/01\/29\/ex-bancario-em-prisao-preventiva-por-raptar-filha-de-tres-anos-no-porto\/#primaryimage"},"thumbnailUrl":"https:\/\/portaltela.pt\/s.01k8rhncp4jt1\/2026\/01\/img_1500x1000uu2024-01-31-21-55-17-1558220-1.jpg","keywords":["arma proibida","deten\u00e7\u00e3o","investiga\u00e7\u00e3o criminal","Pol\u00edcia Judici\u00e1ria","Porto","rapto agravado"],"articleSection":["Not\u00edcias"],"inLanguage":"pt-PT"},{"@type":"WebPage","@id":"https:\/\/portaltela.pt\/noticias\/2026\/01\/29\/ex-bancario-em-prisao-preventiva-por-raptar-filha-de-tres-anos-no-porto\/","url":"https:\/\/portaltela.pt\/noticias\/2026\/01\/29\/ex-bancario-em-prisao-preventiva-por-raptar-filha-de-tres-anos-no-porto\/","name":"Ex-banc\u00e1rio em pris\u00e3o preventiva por raptar filha de tr\u00eas anos no Porto - Portal Tela Portugal","isPartOf":{"@id":"https:\/\/portaltela.pt\/#website"},"primaryImageOfPage":{"@id":"https:\/\/portaltela.pt\/noticias\/2026\/01\/29\/ex-bancario-em-prisao-preventiva-por-raptar-filha-de-tres-anos-no-porto\/#primaryimage"},"image":{"@id":"https:\/\/portaltela.pt\/noticias\/2026\/01\/29\/ex-bancario-em-prisao-preventiva-por-raptar-filha-de-tres-anos-no-porto\/#primaryimage"},"thumbnailUrl":"https:\/\/portaltela.pt\/s.01k8rhncp4jt1\/2026\/01\/img_1500x1000uu2024-01-31-21-55-17-1558220-1.jpg","datePublished":"2026-01-29T21:03:00+00:00","author":{"@id":"https:\/\/portaltela.pt\/#\/schema\/person\/c4278d4a6028830caff9ee44b42d32ed"},"breadcrumb":{"@id":"https:\/\/portaltela.pt\/noticias\/2026\/01\/29\/ex-bancario-em-prisao-preventiva-por-raptar-filha-de-tres-anos-no-porto\/#breadcrumb"},"inLanguage":"pt-PT","potentialAction":[{"@type":"ReadAction","target":["https:\/\/portaltela.pt\/noticias\/2026\/01\/29\/ex-bancario-em-prisao-preventiva-por-raptar-filha-de-tres-anos-no-porto\/"]}]},{"@type":"ImageObject","inLanguage":"pt-PT","@id":"https:\/\/portaltela.pt\/noticias\/2026\/01\/29\/ex-bancario-em-prisao-preventiva-por-raptar-filha-de-tres-anos-no-porto\/#primaryimage","url":"https:\/\/portaltela.pt\/s.01k8rhncp4jt1\/2026\/01\/img_1500x1000uu2024-01-31-21-55-17-1558220-1.jpg","contentUrl":"https:\/\/portaltela.pt\/s.01k8rhncp4jt1\/2026\/01\/img_1500x1000uu2024-01-31-21-55-17-1558220-1.jpg","width":796,"height":448,"caption":"Oficiais de Justi\u00e7a"},{"@type":"BreadcrumbList","@id":"https:\/\/portaltela.pt\/noticias\/2026\/01\/29\/ex-bancario-em-prisao-preventiva-por-raptar-filha-de-tres-anos-no-porto\/#breadcrumb","itemListElement":[{"@type":"ListItem","position":1,"name":"In\u00edcio","item":"https:\/\/portaltela.pt\/"},{"@type":"ListItem","position":2,"name":"Ex-banc\u00e1rio em pris\u00e3o preventiva por raptar filha de tr\u00eas anos no Porto"}]},{"@type":"WebSite","@id":"https:\/\/portaltela.pt\/#website","url":"https:\/\/portaltela.pt\/","name":"Portal Tela Portugal","description":"","potentialAction":[{"@type":"SearchAction","target":{"@type":"EntryPoint","urlTemplate":"https:\/\/portaltela.pt\/?s={search_term_string}"},"query-input":{"@type":"PropertyValueSpecification","valueRequired":true,"valueName":"search_term_string"}}],"inLanguage":"pt-PT"},{"@type":"Person","@id":"https:\/\/portaltela.pt\/#\/schema\/person\/c4278d4a6028830caff9ee44b42d32ed","name":"Telinha","image":{"@type":"ImageObject","inLanguage":"pt-PT","@id":"https:\/\/portaltela.pt\/s.01k8rhncp4jt1\/2025\/11\/talking-bot-125x125.png","url":"https:\/\/portaltela.pt\/s.01k8rhncp4jt1\/2025\/11\/talking-bot-125x125.png","contentUrl":"https:\/\/portaltela.pt\/s.01k8rhncp4jt1\/2025\/11\/talking-bot-125x125.png","caption":"Telinha"},"sameAs":["https:\/\/portaltela.pt\/"],"url":"https:\/\/portaltela.pt\/por\/367410592786\/"}]}},"_links":{"self":[{"href":"https:\/\/portaltela.pt\/api\/wp\/v2\/posts\/182582","targetHints":{"allow":["GET"]}}],"collection":[{"href":"https:\/\/portaltela.pt\/api\/wp\/v2\/posts"}],"about":[{"href":"https:\/\/portaltela.pt\/api\/wp\/v2\/types\/post"}],"author":[{"embeddable":true,"href":"https:\/\/portaltela.pt\/api\/wp\/v2\/users\/2"}],"replies":[{"embeddable":true,"href":"https:\/\/portaltela.pt\/api\/wp\/v2\/comments?post=182582"}],"version-history":[{"count":0,"href":"https:\/\/portaltela.pt\/api\/wp\/v2\/posts\/182582\/revisions"}],"wp:featuredmedia":[{"embeddable":true,"href":"https:\/\/portaltela.pt\/api\/wp\/v2\/media\/182591"}],"wp:attachment":[{"href":"https:\/\/portaltela.pt\/api\/wp\/v2\/media?parent=182582"}],"wp:term":[{"taxonomy":"category","embeddable":true,"href":"https:\/\/portaltela.pt\/api\/wp\/v2\/categories?post=182582"},{"taxonomy":"post_tag","embeddable":true,"href":"https:\/\/portaltela.pt\/api\/wp\/v2\/tags?post=182582"}],"curies":[{"name":"wp","href":"https:\/\/api.w.org\/{rel}","templated":true}]}}