{"id":182579,"date":"2026-01-29T17:50:00","date_gmt":"2026-01-29T20:50:00","guid":{"rendered":"https:\/\/portaltela.pt\/noticias\/2026\/01\/29\/governo-vai-identificar-prejuizos-imediatos-provocados-pela-depressao-kristin\/"},"modified":"2026-01-29T17:50:00","modified_gmt":"2026-01-29T20:50:00","slug":"governo-vai-identificar-prejuizos-imediatos-provocados-pela-depressao-kristin","status":"publish","type":"post","link":"https:\/\/portaltela.pt\/noticias\/2026\/01\/29\/governo-vai-identificar-prejuizos-imediatos-provocados-pela-depressao-kristin\/","title":{"rendered":"Governo vai identificar preju\u00edzos imediatos provocados pela depress\u00e3o Kristin"},"content":{"rendered":"<p>O Governo vai identificar de imediato os preju\u00edzos provocados pela depress\u00e3o Kristin. A opera\u00e7\u00e3o fica a cargo das Comiss\u00f5es de Coordena\u00e7\u00e3o e Desenvolvimento Regional (CCDR), ap\u00f3s a passagem da tempestade por Portugal continental.<\/p>\n<p>A investiga\u00e7\u00e3o r\u00e1pida envolve as CCDR das zonas mais afetadas, com apoio de munic\u00edpios, da Autoridade Nacional de Emerg\u00eancia e Prote\u00e7\u00e3o Civil e, possivelmente, do Instituto Nacional de Estat\u00edstica (INE). O objetivo \u00e9 medir danos para potenciais apoios.<\/p>\n<h3>Identifica\u00e7\u00e3o de preju\u00edzos<\/h3>\n<p>Na manh\u00e3 de quinta-feira, o Governo confirmou a atua\u00e7\u00e3o imediata das CCDR, em coordena\u00e7\u00e3o com autarcas locais. O INE pode ser acionado se os danos ultrapassarem limiares que justifiquem o Fundo Europeu de Solidariedade.<\/p>\n<h3>Medidas de financiamento e procedimentos<\/h3>\n<p>O primeiro-ministro, durante visita a zonas afetadas, anunciou reuni\u00e3o na sexta-feira com o ministro da Coes\u00e3o Territorial para definir fontes de financiamento. Autarcas v\u00e3o apresentar estimativas preliminares para enquadrar solu\u00e7\u00f5es financeiras.<\/p>\n<h3>Calamidade e alcance<\/h3>\n<p>O Governo decretou situa\u00e7\u00e3o de calamidade entre as 00h00 de quarta-feira e as 23h59 de domingo, em cerca de 60 munic\u00edpios de Portugal continental. A lista inclui Mira, Lourinh\u00e3 e Torres Vedras, com possibilidade de acr\u00e9scimo por despacho.<\/p>\n<h3>Apoio a setores espec\u00edficos<\/h3>\n<p>As CCDR j\u00e1 disponibilizam formul\u00e1rios para declarar preju\u00edzos em explora\u00e7\u00f5es agr\u00edcolas, incluindo danos de tempestades. A valida\u00e7\u00e3o poder\u00e1 ocorrer via visita ao local ou teledete\u00e7\u00e3o, conforme a lei.<\/p>\n","protected":false},"excerpt":{"rendered":"<ul>\n<li>O Governo vai identificar, de imediato, os preju\u00edzos provocados pela depress\u00e3o Kristin, numa opera\u00e7\u00e3o liderada pelas Comiss\u00f5es de Coordena\u00e7\u00e3o e Desenvolvimento Regional (CCDR).<\/li>\n<li>O levantamento coordenado pelas CCDR das zonas mais afetadas contar\u00e1 com a colabora\u00e7\u00e3o de munic\u00edpios, da Autoridade Nacional de Emerg\u00eancia e Prote\u00e7\u00e3o Civil e, possivelmente, do Instituto Nacional de Estat\u00edstica (INE).<\/li>\n<li>O INE pode justificar apoiar o processo de levantamento de danos caso as perdas atinjam os crit\u00e9rios do Fundo Europeu de Solidariedade e haja necessidade de certifica\u00e7\u00e3o adicional.<\/li>\n<li>O Conselho de Ministros decretou situa\u00e7\u00e3o de calamidade entre as 00h00 de quarta-feira e as 23h59 de domingo, em cerca de sessenta munic\u00edpios de Portugal continental, com possibilidade de aumento.<\/li>\n<li>Est\u00e3o j\u00e1 a ser disponibilizados formul\u00e1rios pelas CCDR para declarar preju\u00edzos resultantes de ocorr\u00eancias graves nas explora\u00e7\u00f5es agr\u00edcolas, com valida\u00e7\u00e3o futura pela CCDR Norte ou via teledete\u00e7\u00e3o.<\/li>\n<\/ul>\n","protected":false},"author":2,"featured_media":182580,"comment_status":"closed","ping_status":"closed","sticky":false,"template":"","format":"standard","meta":{"footnotes":""},"categories":[1],"tags":[179,4687,34,1081,1014,1835],"class_list":["post-182579","post","type-post","status-publish","format-standard","has-post-thumbnail","hentry","category-noticias","tag-agricultura","tag-calamidade-publica","tag-governo","tag-mira","tag-portugal","tag-torres-vedras"],"yoast_head":"<!-- This site is optimized with the Yoast SEO plugin v27.2 - https:\/\/yoast.com\/product\/yoast-seo-wordpress\/ -->\n<title>Governo vai identificar preju\u00edzos imediatos provocados pela depress\u00e3o Kristin - Portal Tela Portugal<\/title>\n<meta name=\"robots\" content=\"index, follow, max-snippet:-1, max-image-preview:large, max-video-preview:-1\" \/>\n<meta property=\"og:locale\" content=\"pt_PT\" \/>\n<meta property=\"og:type\" content=\"article\" \/>\n<meta property=\"og:title\" content=\"Governo vai identificar preju\u00edzos imediatos provocados pela depress\u00e3o Kristin - Portal Tela Portugal\" \/>\n<meta property=\"og:description\" content=\"O Governo vai identificar, de imediato, os preju\u00edzos provocados pela depress\u00e3o Kristin, numa opera\u00e7\u00e3o liderada pelas Comiss\u00f5es de Coordena\u00e7\u00e3o e Desenvolvimento Regional (CCDR). O levantamento coordenado pelas CCDR das zonas mais afetadas contar\u00e1 com a colabora\u00e7\u00e3o de munic\u00edpios, da Autoridade Nacional de Emerg\u00eancia e Prote\u00e7\u00e3o Civil e, possivelmente, do Instituto Nacional de Estat\u00edstica (INE). O INE pode justificar apoiar o processo de levantamento de danos caso as perdas atinjam os crit\u00e9rios do Fundo Europeu de Solidariedade e haja necessidade de certifica\u00e7\u00e3o adicional. O Conselho de Ministros decretou situa\u00e7\u00e3o de calamidade entre as 00h00 de quarta-feira e as 23h59 de domingo, em cerca de sessenta munic\u00edpios de Portugal continental, com possibilidade de aumento. Est\u00e3o j\u00e1 a ser disponibilizados formul\u00e1rios pelas CCDR para declarar preju\u00edzos resultantes de ocorr\u00eancias graves nas explora\u00e7\u00f5es agr\u00edcolas, com valida\u00e7\u00e3o futura pela CCDR Norte ou via teledete\u00e7\u00e3o.\" \/>\n<meta property=\"og:url\" content=\"https:\/\/portaltela.pt\/noticias\/2026\/01\/29\/governo-vai-identificar-prejuizos-imediatos-provocados-pela-depressao-kristin\/\" \/>\n<meta property=\"og:site_name\" content=\"Portal Tela Portugal\" \/>\n<meta property=\"article:published_time\" content=\"2026-01-29T20:50:00+00:00\" \/>\n<meta name=\"author\" content=\"Telinha\" \/>\n<meta name=\"twitter:card\" content=\"summary_large_image\" \/>\n<meta name=\"twitter:label1\" content=\"Escrito por\" \/>\n\t<meta name=\"twitter:data1\" content=\"Telinha\" \/>\n\t<meta name=\"twitter:label2\" content=\"Tempo estimado de leitura\" \/>\n\t<meta name=\"twitter:data2\" content=\"1 minuto\" \/>\n<script type=\"application\/ld+json\" class=\"yoast-schema-graph\">{\"@context\":\"https:\/\/schema.org\",\"@graph\":[{\"@type\":\"Article\",\"@id\":\"https:\/\/portaltela.pt\/noticias\/2026\/01\/29\/governo-vai-identificar-prejuizos-imediatos-provocados-pela-depressao-kristin\/#article\",\"isPartOf\":{\"@id\":\"https:\/\/portaltela.pt\/noticias\/2026\/01\/29\/governo-vai-identificar-prejuizos-imediatos-provocados-pela-depressao-kristin\/\"},\"author\":{\"name\":\"Telinha\",\"@id\":\"https:\/\/portaltela.pt\/#\/schema\/person\/c4278d4a6028830caff9ee44b42d32ed\"},\"headline\":\"Governo vai identificar preju\u00edzos imediatos provocados pela depress\u00e3o Kristin\",\"datePublished\":\"2026-01-29T20:50:00+00:00\",\"mainEntityOfPage\":{\"@id\":\"https:\/\/portaltela.pt\/noticias\/2026\/01\/29\/governo-vai-identificar-prejuizos-imediatos-provocados-pela-depressao-kristin\/\"},\"wordCount\":256,\"image\":{\"@id\":\"https:\/\/portaltela.pt\/noticias\/2026\/01\/29\/governo-vai-identificar-prejuizos-imediatos-provocados-pela-depressao-kristin\/#primaryimage\"},\"thumbnailUrl\":\"https:\/\/portaltela.pt\/s.01k8rhncp4jt1\/2026\/01\/img_1500x1000uu2026-01-29-20-49-28-2263477.jpg\",\"keywords\":[\"agricultura\",\"calamidade p\u00fablica\",\"governo\",\"Mira\",\"Portugal\",\"Torres Vedras\"],\"articleSection\":[\"Not\u00edcias\"],\"inLanguage\":\"pt-PT\"},{\"@type\":\"WebPage\",\"@id\":\"https:\/\/portaltela.pt\/noticias\/2026\/01\/29\/governo-vai-identificar-prejuizos-imediatos-provocados-pela-depressao-kristin\/\",\"url\":\"https:\/\/portaltela.pt\/noticias\/2026\/01\/29\/governo-vai-identificar-prejuizos-imediatos-provocados-pela-depressao-kristin\/\",\"name\":\"Governo vai identificar preju\u00edzos imediatos provocados pela depress\u00e3o Kristin - Portal Tela Portugal\",\"isPartOf\":{\"@id\":\"https:\/\/portaltela.pt\/#website\"},\"primaryImageOfPage\":{\"@id\":\"https:\/\/portaltela.pt\/noticias\/2026\/01\/29\/governo-vai-identificar-prejuizos-imediatos-provocados-pela-depressao-kristin\/#primaryimage\"},\"image\":{\"@id\":\"https:\/\/portaltela.pt\/noticias\/2026\/01\/29\/governo-vai-identificar-prejuizos-imediatos-provocados-pela-depressao-kristin\/#primaryimage\"},\"thumbnailUrl\":\"https:\/\/portaltela.pt\/s.01k8rhncp4jt1\/2026\/01\/img_1500x1000uu2026-01-29-20-49-28-2263477.jpg\",\"datePublished\":\"2026-01-29T20:50:00+00:00\",\"author\":{\"@id\":\"https:\/\/portaltela.pt\/#\/schema\/person\/c4278d4a6028830caff9ee44b42d32ed\"},\"breadcrumb\":{\"@id\":\"https:\/\/portaltela.pt\/noticias\/2026\/01\/29\/governo-vai-identificar-prejuizos-imediatos-provocados-pela-depressao-kristin\/#breadcrumb\"},\"inLanguage\":\"pt-PT\",\"potentialAction\":[{\"@type\":\"ReadAction\",\"target\":[\"https:\/\/portaltela.pt\/noticias\/2026\/01\/29\/governo-vai-identificar-prejuizos-imediatos-provocados-pela-depressao-kristin\/\"]}]},{\"@type\":\"ImageObject\",\"inLanguage\":\"pt-PT\",\"@id\":\"https:\/\/portaltela.pt\/noticias\/2026\/01\/29\/governo-vai-identificar-prejuizos-imediatos-provocados-pela-depressao-kristin\/#primaryimage\",\"url\":\"https:\/\/portaltela.pt\/s.01k8rhncp4jt1\/2026\/01\/img_1500x1000uu2026-01-29-20-49-28-2263477.jpg\",\"contentUrl\":\"https:\/\/portaltela.pt\/s.01k8rhncp4jt1\/2026\/01\/img_1500x1000uu2026-01-29-20-49-28-2263477.jpg\",\"width\":796,\"height\":448,\"caption\":\"Ministro da Presid\u00eancia, Ant\u00f3nio Leit\u00e3o Amaro\"},{\"@type\":\"BreadcrumbList\",\"@id\":\"https:\/\/portaltela.pt\/noticias\/2026\/01\/29\/governo-vai-identificar-prejuizos-imediatos-provocados-pela-depressao-kristin\/#breadcrumb\",\"itemListElement\":[{\"@type\":\"ListItem\",\"position\":1,\"name\":\"In\u00edcio\",\"item\":\"https:\/\/portaltela.pt\/\"},{\"@type\":\"ListItem\",\"position\":2,\"name\":\"Governo vai identificar preju\u00edzos imediatos provocados pela depress\u00e3o Kristin\"}]},{\"@type\":\"WebSite\",\"@id\":\"https:\/\/portaltela.pt\/#website\",\"url\":\"https:\/\/portaltela.pt\/\",\"name\":\"Portal Tela Portugal\",\"description\":\"\",\"potentialAction\":[{\"@type\":\"SearchAction\",\"target\":{\"@type\":\"EntryPoint\",\"urlTemplate\":\"https:\/\/portaltela.pt\/?s={search_term_string}\"},\"query-input\":{\"@type\":\"PropertyValueSpecification\",\"valueRequired\":true,\"valueName\":\"search_term_string\"}}],\"inLanguage\":\"pt-PT\"},{\"@type\":\"Person\",\"@id\":\"https:\/\/portaltela.pt\/#\/schema\/person\/c4278d4a6028830caff9ee44b42d32ed\",\"name\":\"Telinha\",\"image\":{\"@type\":\"ImageObject\",\"inLanguage\":\"pt-PT\",\"@id\":\"https:\/\/portaltela.pt\/s.01k8rhncp4jt1\/2025\/11\/talking-bot-125x125.png\",\"url\":\"https:\/\/portaltela.pt\/s.01k8rhncp4jt1\/2025\/11\/talking-bot-125x125.png\",\"contentUrl\":\"https:\/\/portaltela.pt\/s.01k8rhncp4jt1\/2025\/11\/talking-bot-125x125.png\",\"caption\":\"Telinha\"},\"sameAs\":[\"https:\/\/portaltela.pt\/\"],\"url\":\"https:\/\/portaltela.pt\/por\/367410592786\/\"}]}<\/script>\n<!-- \/ Yoast SEO plugin. -->","yoast_head_json":{"title":"Governo vai identificar preju\u00edzos imediatos provocados pela depress\u00e3o Kristin - Portal Tela Portugal","robots":{"index":"index","follow":"follow","max-snippet":"max-snippet:-1","max-image-preview":"max-image-preview:large","max-video-preview":"max-video-preview:-1"},"og_locale":"pt_PT","og_type":"article","og_title":"Governo vai identificar preju\u00edzos imediatos provocados pela depress\u00e3o Kristin - Portal Tela Portugal","og_description":"O Governo vai identificar, de imediato, os preju\u00edzos provocados pela depress\u00e3o Kristin, numa opera\u00e7\u00e3o liderada pelas Comiss\u00f5es de Coordena\u00e7\u00e3o e Desenvolvimento Regional (CCDR). O levantamento coordenado pelas CCDR das zonas mais afetadas contar\u00e1 com a colabora\u00e7\u00e3o de munic\u00edpios, da Autoridade Nacional de Emerg\u00eancia e Prote\u00e7\u00e3o Civil e, possivelmente, do Instituto Nacional de Estat\u00edstica (INE). O INE pode justificar apoiar o processo de levantamento de danos caso as perdas atinjam os crit\u00e9rios do Fundo Europeu de Solidariedade e haja necessidade de certifica\u00e7\u00e3o adicional. O Conselho de Ministros decretou situa\u00e7\u00e3o de calamidade entre as 00h00 de quarta-feira e as 23h59 de domingo, em cerca de sessenta munic\u00edpios de Portugal continental, com possibilidade de aumento. Est\u00e3o j\u00e1 a ser disponibilizados formul\u00e1rios pelas CCDR para declarar preju\u00edzos resultantes de ocorr\u00eancias graves nas explora\u00e7\u00f5es agr\u00edcolas, com valida\u00e7\u00e3o futura pela CCDR Norte ou via teledete\u00e7\u00e3o.","og_url":"https:\/\/portaltela.pt\/noticias\/2026\/01\/29\/governo-vai-identificar-prejuizos-imediatos-provocados-pela-depressao-kristin\/","og_site_name":"Portal Tela Portugal","article_published_time":"2026-01-29T20:50:00+00:00","author":"Telinha","twitter_card":"summary_large_image","twitter_misc":{"Escrito por":"Telinha","Tempo estimado de leitura":"1 minuto"},"schema":{"@context":"https:\/\/schema.org","@graph":[{"@type":"Article","@id":"https:\/\/portaltela.pt\/noticias\/2026\/01\/29\/governo-vai-identificar-prejuizos-imediatos-provocados-pela-depressao-kristin\/#article","isPartOf":{"@id":"https:\/\/portaltela.pt\/noticias\/2026\/01\/29\/governo-vai-identificar-prejuizos-imediatos-provocados-pela-depressao-kristin\/"},"author":{"name":"Telinha","@id":"https:\/\/portaltela.pt\/#\/schema\/person\/c4278d4a6028830caff9ee44b42d32ed"},"headline":"Governo vai identificar preju\u00edzos imediatos provocados pela depress\u00e3o Kristin","datePublished":"2026-01-29T20:50:00+00:00","mainEntityOfPage":{"@id":"https:\/\/portaltela.pt\/noticias\/2026\/01\/29\/governo-vai-identificar-prejuizos-imediatos-provocados-pela-depressao-kristin\/"},"wordCount":256,"image":{"@id":"https:\/\/portaltela.pt\/noticias\/2026\/01\/29\/governo-vai-identificar-prejuizos-imediatos-provocados-pela-depressao-kristin\/#primaryimage"},"thumbnailUrl":"https:\/\/portaltela.pt\/s.01k8rhncp4jt1\/2026\/01\/img_1500x1000uu2026-01-29-20-49-28-2263477.jpg","keywords":["agricultura","calamidade p\u00fablica","governo","Mira","Portugal","Torres Vedras"],"articleSection":["Not\u00edcias"],"inLanguage":"pt-PT"},{"@type":"WebPage","@id":"https:\/\/portaltela.pt\/noticias\/2026\/01\/29\/governo-vai-identificar-prejuizos-imediatos-provocados-pela-depressao-kristin\/","url":"https:\/\/portaltela.pt\/noticias\/2026\/01\/29\/governo-vai-identificar-prejuizos-imediatos-provocados-pela-depressao-kristin\/","name":"Governo vai identificar preju\u00edzos imediatos provocados pela depress\u00e3o Kristin - Portal Tela Portugal","isPartOf":{"@id":"https:\/\/portaltela.pt\/#website"},"primaryImageOfPage":{"@id":"https:\/\/portaltela.pt\/noticias\/2026\/01\/29\/governo-vai-identificar-prejuizos-imediatos-provocados-pela-depressao-kristin\/#primaryimage"},"image":{"@id":"https:\/\/portaltela.pt\/noticias\/2026\/01\/29\/governo-vai-identificar-prejuizos-imediatos-provocados-pela-depressao-kristin\/#primaryimage"},"thumbnailUrl":"https:\/\/portaltela.pt\/s.01k8rhncp4jt1\/2026\/01\/img_1500x1000uu2026-01-29-20-49-28-2263477.jpg","datePublished":"2026-01-29T20:50:00+00:00","author":{"@id":"https:\/\/portaltela.pt\/#\/schema\/person\/c4278d4a6028830caff9ee44b42d32ed"},"breadcrumb":{"@id":"https:\/\/portaltela.pt\/noticias\/2026\/01\/29\/governo-vai-identificar-prejuizos-imediatos-provocados-pela-depressao-kristin\/#breadcrumb"},"inLanguage":"pt-PT","potentialAction":[{"@type":"ReadAction","target":["https:\/\/portaltela.pt\/noticias\/2026\/01\/29\/governo-vai-identificar-prejuizos-imediatos-provocados-pela-depressao-kristin\/"]}]},{"@type":"ImageObject","inLanguage":"pt-PT","@id":"https:\/\/portaltela.pt\/noticias\/2026\/01\/29\/governo-vai-identificar-prejuizos-imediatos-provocados-pela-depressao-kristin\/#primaryimage","url":"https:\/\/portaltela.pt\/s.01k8rhncp4jt1\/2026\/01\/img_1500x1000uu2026-01-29-20-49-28-2263477.jpg","contentUrl":"https:\/\/portaltela.pt\/s.01k8rhncp4jt1\/2026\/01\/img_1500x1000uu2026-01-29-20-49-28-2263477.jpg","width":796,"height":448,"caption":"Ministro da Presid\u00eancia, Ant\u00f3nio Leit\u00e3o Amaro"},{"@type":"BreadcrumbList","@id":"https:\/\/portaltela.pt\/noticias\/2026\/01\/29\/governo-vai-identificar-prejuizos-imediatos-provocados-pela-depressao-kristin\/#breadcrumb","itemListElement":[{"@type":"ListItem","position":1,"name":"In\u00edcio","item":"https:\/\/portaltela.pt\/"},{"@type":"ListItem","position":2,"name":"Governo vai identificar preju\u00edzos imediatos provocados pela depress\u00e3o Kristin"}]},{"@type":"WebSite","@id":"https:\/\/portaltela.pt\/#website","url":"https:\/\/portaltela.pt\/","name":"Portal Tela Portugal","description":"","potentialAction":[{"@type":"SearchAction","target":{"@type":"EntryPoint","urlTemplate":"https:\/\/portaltela.pt\/?s={search_term_string}"},"query-input":{"@type":"PropertyValueSpecification","valueRequired":true,"valueName":"search_term_string"}}],"inLanguage":"pt-PT"},{"@type":"Person","@id":"https:\/\/portaltela.pt\/#\/schema\/person\/c4278d4a6028830caff9ee44b42d32ed","name":"Telinha","image":{"@type":"ImageObject","inLanguage":"pt-PT","@id":"https:\/\/portaltela.pt\/s.01k8rhncp4jt1\/2025\/11\/talking-bot-125x125.png","url":"https:\/\/portaltela.pt\/s.01k8rhncp4jt1\/2025\/11\/talking-bot-125x125.png","contentUrl":"https:\/\/portaltela.pt\/s.01k8rhncp4jt1\/2025\/11\/talking-bot-125x125.png","caption":"Telinha"},"sameAs":["https:\/\/portaltela.pt\/"],"url":"https:\/\/portaltela.pt\/por\/367410592786\/"}]}},"_links":{"self":[{"href":"https:\/\/portaltela.pt\/api\/wp\/v2\/posts\/182579","targetHints":{"allow":["GET"]}}],"collection":[{"href":"https:\/\/portaltela.pt\/api\/wp\/v2\/posts"}],"about":[{"href":"https:\/\/portaltela.pt\/api\/wp\/v2\/types\/post"}],"author":[{"embeddable":true,"href":"https:\/\/portaltela.pt\/api\/wp\/v2\/users\/2"}],"replies":[{"embeddable":true,"href":"https:\/\/portaltela.pt\/api\/wp\/v2\/comments?post=182579"}],"version-history":[{"count":0,"href":"https:\/\/portaltela.pt\/api\/wp\/v2\/posts\/182579\/revisions"}],"wp:featuredmedia":[{"embeddable":true,"href":"https:\/\/portaltela.pt\/api\/wp\/v2\/media\/182580"}],"wp:attachment":[{"href":"https:\/\/portaltela.pt\/api\/wp\/v2\/media?parent=182579"}],"wp:term":[{"taxonomy":"category","embeddable":true,"href":"https:\/\/portaltela.pt\/api\/wp\/v2\/categories?post=182579"},{"taxonomy":"post_tag","embeddable":true,"href":"https:\/\/portaltela.pt\/api\/wp\/v2\/tags?post=182579"}],"curies":[{"name":"wp","href":"https:\/\/api.w.org\/{rel}","templated":true}]}}