{"id":182566,"date":"2026-01-29T17:41:00","date_gmt":"2026-01-29T20:41:00","guid":{"rendered":"https:\/\/portaltela.pt\/noticias\/2026\/01\/29\/mario-machado-transferido-para-prisao-em-pacos-de-ferreira\/"},"modified":"2026-01-29T17:41:00","modified_gmt":"2026-01-29T20:41:00","slug":"mario-machado-transferido-para-prisao-em-pacos-de-ferreira","status":"publish","type":"post","link":"https:\/\/portaltela.pt\/noticias\/2026\/01\/29\/mario-machado-transferido-para-prisao-em-pacos-de-ferreira\/","title":{"rendered":"M\u00e1rio Machado transferido para pris\u00e3o em Pa\u00e7os de Ferreira"},"content":{"rendered":"<p>M\u00e1rio Machado, l\u00edder do grupo 1143 e militante neonazi, foi transferido da pris\u00e3o de Alcoentre para o estabelecimento prisional de Pa\u00e7os de Ferreira, segundo a SIC Not\u00edcias e confirmado ao Observador pelo advogado do arguido. A mudan\u00e7a ocorreu esta semana, com a justifica\u00e7\u00e3o de quest\u00f5es administrativas indicadas pela defesa. A transi\u00e7\u00e3o surge numa altura em que a Pol\u00edcia Judici\u00e1ria j\u00e1 tinha feito buscas na cela em Alcoentre.<\/p>\n<p>A PJ tinha indicios de que Machado continuava a liderar o grupo a partir da cela, mantendo contactos com outros membros. A informa\u00e7\u00e3o foi publicada pelo Jornal de Not\u00edcias, que revelou que a investiga\u00e7\u00e3o verificou chamadas entre o detido e outros elementos do 1143 desde a pris\u00e3o.<\/p>\n<p>Na sexta-feira, a Justi\u00e7a aplicou a M\u00e1rio Machado um c\u00famulo jur\u00eddico de quatro anos de pris\u00e3o, mantendo a pena efetiva. O total resulta da condena\u00e7\u00e3o anterior a dois anos e 10 meses por discrimina\u00e7\u00e3o e incitamento ao \u00f3dio e viol\u00eancia, somada \u00e0 pena suspensa de tr\u00eas anos por incitamento ao \u00f3dio.<\/p>\n<h3>Contexto judicial<\/h3>\n<p>A transfer\u00eancia decorre num contexto de investiga\u00e7\u00f5es que acompanharam buscas realizadas pela PJ \u00e0 cela de Alcoentre. N\u00e3o foram apresentadas informa\u00e7\u00f5es que expliquem detalhadamente as opera\u00e7\u00f5es, apenas o desfecho da mudan\u00e7a de estabelecimento prisional e o c\u00famulo de penas.<\/p>\n<h3>Situa\u00e7\u00e3o atual<\/h3>\n<p>Machado permanece sob pris\u00e3o de alta seguran\u00e7a em Pa\u00e7os de Ferreira. O advogado do militante respondeu que a transfer\u00eancia ocorreu por quest\u00f5es administrativas e que se manter\u00e1 dispon\u00edvel para esclarecer o caso. N\u00e3o houve indica\u00e7\u00e3o de novas dilig\u00eancias pendentes.<\/p>\n","protected":false},"excerpt":{"rendered":"<ul>\n<li>M\u00e1rio Machado, l\u00edder do grupo 1143, foi transferido da pris\u00e3o de Alcoentre para o Estabelecimento Prisional de Pa\u00e7os de Ferreira, de alta seguran\u00e7a.<\/li>\n<li>A transfer\u00eancia deveu\u2011se a \u201cquest\u00f5es administrativas\u201d, segundo o advogado Jos\u00e9 Manuel Castro, que rejeita qualquer liga\u00e7\u00e3o com as buscas da Pol\u00edcia Judici\u00e1ria \u00e0 cela.<\/li>\n<li>A SIC Not\u00edcias avan\u00e7a que a mudan\u00e7a ocorreu ap\u00f3s as buscas da PJ \u00e0 cela de Alcoentre, onde Machado estaria a liderar o grupo.<\/li>\n<li>A PJ suspeitava que Machado continuava a liderar o grupo desde a pris\u00e3o; a defesa afirma que n\u00e3o foi encontrado material relevante na cela.<\/li>\n<li>Na sexta\u2011feira, o tribunal aplicou a M\u00e1rio Machado um c\u00famulo jur\u00eddico de quatro anos de pris\u00e3o, reunindo a pena efetiva de dois anos e dez meses com a pena suspensa de tr\u00eas anos por incitamento ao \u00f3dio e \u00e0 viol\u00eancia.<\/li>\n<\/ul>\n","protected":false},"author":2,"featured_media":182569,"comment_status":"closed","ping_status":"closed","sticky":false,"template":"","format":"standard","meta":{"footnotes":""},"categories":[1],"tags":[3446,3528,352,1499,1802,4343],"class_list":["post-182566","post","type-post","status-publish","format-standard","has-post-thumbnail","hentry","category-noticias","tag-extremismo","tag-incitamento-ao-odio","tag-organizacao-criminosa","tag-pacos-de-ferreira","tag-policia-judiciaria","tag-prisoes"],"yoast_head":"<!-- This site is optimized with the Yoast SEO plugin v27.2 - https:\/\/yoast.com\/product\/yoast-seo-wordpress\/ -->\n<title>M\u00e1rio Machado transferido para pris\u00e3o em Pa\u00e7os de Ferreira - Portal Tela Portugal<\/title>\n<meta name=\"robots\" content=\"index, follow, max-snippet:-1, max-image-preview:large, max-video-preview:-1\" \/>\n<meta property=\"og:locale\" content=\"pt_PT\" \/>\n<meta property=\"og:type\" content=\"article\" \/>\n<meta property=\"og:title\" content=\"M\u00e1rio Machado transferido para pris\u00e3o em Pa\u00e7os de Ferreira - Portal Tela Portugal\" \/>\n<meta property=\"og:description\" content=\"M\u00e1rio Machado, l\u00edder do grupo 1143, foi transferido da pris\u00e3o de Alcoentre para o Estabelecimento Prisional de Pa\u00e7os de Ferreira, de alta seguran\u00e7a. A transfer\u00eancia deveu\u2011se a \u201cquest\u00f5es administrativas\u201d, segundo o advogado Jos\u00e9 Manuel Castro, que rejeita qualquer liga\u00e7\u00e3o com as buscas da Pol\u00edcia Judici\u00e1ria \u00e0 cela. A SIC Not\u00edcias avan\u00e7a que a mudan\u00e7a ocorreu ap\u00f3s as buscas da PJ \u00e0 cela de Alcoentre, onde Machado estaria a liderar o grupo. A PJ suspeitava que Machado continuava a liderar o grupo desde a pris\u00e3o; a defesa afirma que n\u00e3o foi encontrado material relevante na cela. Na sexta\u2011feira, o tribunal aplicou a M\u00e1rio Machado um c\u00famulo jur\u00eddico de quatro anos de pris\u00e3o, reunindo a pena efetiva de dois anos e dez meses com a pena suspensa de tr\u00eas anos por incitamento ao \u00f3dio e \u00e0 viol\u00eancia.\" \/>\n<meta property=\"og:url\" content=\"https:\/\/portaltela.pt\/noticias\/2026\/01\/29\/mario-machado-transferido-para-prisao-em-pacos-de-ferreira\/\" \/>\n<meta property=\"og:site_name\" content=\"Portal Tela Portugal\" \/>\n<meta property=\"article:published_time\" content=\"2026-01-29T20:41:00+00:00\" \/>\n<meta name=\"author\" content=\"Telinha\" \/>\n<meta name=\"twitter:card\" content=\"summary_large_image\" \/>\n<meta name=\"twitter:label1\" content=\"Escrito por\" \/>\n\t<meta name=\"twitter:data1\" content=\"Telinha\" \/>\n\t<meta name=\"twitter:label2\" content=\"Tempo estimado de leitura\" \/>\n\t<meta name=\"twitter:data2\" content=\"1 minuto\" \/>\n<script type=\"application\/ld+json\" class=\"yoast-schema-graph\">{\"@context\":\"https:\/\/schema.org\",\"@graph\":[{\"@type\":\"Article\",\"@id\":\"https:\/\/portaltela.pt\/noticias\/2026\/01\/29\/mario-machado-transferido-para-prisao-em-pacos-de-ferreira\/#article\",\"isPartOf\":{\"@id\":\"https:\/\/portaltela.pt\/noticias\/2026\/01\/29\/mario-machado-transferido-para-prisao-em-pacos-de-ferreira\/\"},\"author\":{\"name\":\"Telinha\",\"@id\":\"https:\/\/portaltela.pt\/#\/schema\/person\/c4278d4a6028830caff9ee44b42d32ed\"},\"headline\":\"M\u00e1rio Machado transferido para pris\u00e3o em Pa\u00e7os de Ferreira\",\"datePublished\":\"2026-01-29T20:41:00+00:00\",\"mainEntityOfPage\":{\"@id\":\"https:\/\/portaltela.pt\/noticias\/2026\/01\/29\/mario-machado-transferido-para-prisao-em-pacos-de-ferreira\/\"},\"wordCount\":295,\"image\":{\"@id\":\"https:\/\/portaltela.pt\/noticias\/2026\/01\/29\/mario-machado-transferido-para-prisao-em-pacos-de-ferreira\/#primaryimage\"},\"thumbnailUrl\":\"https:\/\/portaltela.pt\/s.01k8rhncp4jt1\/2026\/01\/unnamed-file-5934.jpg\",\"keywords\":[\"extremismo\",\"incitamento ao \u00f3dio\",\"organiza\u00e7\u00e3o criminosa\",\"Pa\u00e7os de Ferreira\",\"Pol\u00edcia Judici\u00e1ria\",\"pris\u00f5es\"],\"articleSection\":[\"Not\u00edcias\"],\"inLanguage\":\"pt-PT\"},{\"@type\":\"WebPage\",\"@id\":\"https:\/\/portaltela.pt\/noticias\/2026\/01\/29\/mario-machado-transferido-para-prisao-em-pacos-de-ferreira\/\",\"url\":\"https:\/\/portaltela.pt\/noticias\/2026\/01\/29\/mario-machado-transferido-para-prisao-em-pacos-de-ferreira\/\",\"name\":\"M\u00e1rio Machado transferido para pris\u00e3o em Pa\u00e7os de Ferreira - Portal Tela Portugal\",\"isPartOf\":{\"@id\":\"https:\/\/portaltela.pt\/#website\"},\"primaryImageOfPage\":{\"@id\":\"https:\/\/portaltela.pt\/noticias\/2026\/01\/29\/mario-machado-transferido-para-prisao-em-pacos-de-ferreira\/#primaryimage\"},\"image\":{\"@id\":\"https:\/\/portaltela.pt\/noticias\/2026\/01\/29\/mario-machado-transferido-para-prisao-em-pacos-de-ferreira\/#primaryimage\"},\"thumbnailUrl\":\"https:\/\/portaltela.pt\/s.01k8rhncp4jt1\/2026\/01\/unnamed-file-5934.jpg\",\"datePublished\":\"2026-01-29T20:41:00+00:00\",\"author\":{\"@id\":\"https:\/\/portaltela.pt\/#\/schema\/person\/c4278d4a6028830caff9ee44b42d32ed\"},\"breadcrumb\":{\"@id\":\"https:\/\/portaltela.pt\/noticias\/2026\/01\/29\/mario-machado-transferido-para-prisao-em-pacos-de-ferreira\/#breadcrumb\"},\"inLanguage\":\"pt-PT\",\"potentialAction\":[{\"@type\":\"ReadAction\",\"target\":[\"https:\/\/portaltela.pt\/noticias\/2026\/01\/29\/mario-machado-transferido-para-prisao-em-pacos-de-ferreira\/\"]}]},{\"@type\":\"ImageObject\",\"inLanguage\":\"pt-PT\",\"@id\":\"https:\/\/portaltela.pt\/noticias\/2026\/01\/29\/mario-machado-transferido-para-prisao-em-pacos-de-ferreira\/#primaryimage\",\"url\":\"https:\/\/portaltela.pt\/s.01k8rhncp4jt1\/2026\/01\/unnamed-file-5934.jpg\",\"contentUrl\":\"https:\/\/portaltela.pt\/s.01k8rhncp4jt1\/2026\/01\/unnamed-file-5934.jpg\",\"width\":796,\"height\":448,\"caption\":\"M\u00e1rio Machado transferido para pris\u00e3o em Pa\u00e7os de Ferreira\"},{\"@type\":\"BreadcrumbList\",\"@id\":\"https:\/\/portaltela.pt\/noticias\/2026\/01\/29\/mario-machado-transferido-para-prisao-em-pacos-de-ferreira\/#breadcrumb\",\"itemListElement\":[{\"@type\":\"ListItem\",\"position\":1,\"name\":\"In\u00edcio\",\"item\":\"https:\/\/portaltela.pt\/\"},{\"@type\":\"ListItem\",\"position\":2,\"name\":\"M\u00e1rio Machado transferido para pris\u00e3o em Pa\u00e7os de Ferreira\"}]},{\"@type\":\"WebSite\",\"@id\":\"https:\/\/portaltela.pt\/#website\",\"url\":\"https:\/\/portaltela.pt\/\",\"name\":\"Portal Tela Portugal\",\"description\":\"\",\"potentialAction\":[{\"@type\":\"SearchAction\",\"target\":{\"@type\":\"EntryPoint\",\"urlTemplate\":\"https:\/\/portaltela.pt\/?s={search_term_string}\"},\"query-input\":{\"@type\":\"PropertyValueSpecification\",\"valueRequired\":true,\"valueName\":\"search_term_string\"}}],\"inLanguage\":\"pt-PT\"},{\"@type\":\"Person\",\"@id\":\"https:\/\/portaltela.pt\/#\/schema\/person\/c4278d4a6028830caff9ee44b42d32ed\",\"name\":\"Telinha\",\"image\":{\"@type\":\"ImageObject\",\"inLanguage\":\"pt-PT\",\"@id\":\"https:\/\/portaltela.pt\/s.01k8rhncp4jt1\/2025\/11\/talking-bot-125x125.png\",\"url\":\"https:\/\/portaltela.pt\/s.01k8rhncp4jt1\/2025\/11\/talking-bot-125x125.png\",\"contentUrl\":\"https:\/\/portaltela.pt\/s.01k8rhncp4jt1\/2025\/11\/talking-bot-125x125.png\",\"caption\":\"Telinha\"},\"sameAs\":[\"https:\/\/portaltela.pt\/\"],\"url\":\"https:\/\/portaltela.pt\/por\/367410592786\/\"}]}<\/script>\n<!-- \/ Yoast SEO plugin. -->","yoast_head_json":{"title":"M\u00e1rio Machado transferido para pris\u00e3o em Pa\u00e7os de Ferreira - Portal Tela Portugal","robots":{"index":"index","follow":"follow","max-snippet":"max-snippet:-1","max-image-preview":"max-image-preview:large","max-video-preview":"max-video-preview:-1"},"og_locale":"pt_PT","og_type":"article","og_title":"M\u00e1rio Machado transferido para pris\u00e3o em Pa\u00e7os de Ferreira - Portal Tela Portugal","og_description":"M\u00e1rio Machado, l\u00edder do grupo 1143, foi transferido da pris\u00e3o de Alcoentre para o Estabelecimento Prisional de Pa\u00e7os de Ferreira, de alta seguran\u00e7a. A transfer\u00eancia deveu\u2011se a \u201cquest\u00f5es administrativas\u201d, segundo o advogado Jos\u00e9 Manuel Castro, que rejeita qualquer liga\u00e7\u00e3o com as buscas da Pol\u00edcia Judici\u00e1ria \u00e0 cela. A SIC Not\u00edcias avan\u00e7a que a mudan\u00e7a ocorreu ap\u00f3s as buscas da PJ \u00e0 cela de Alcoentre, onde Machado estaria a liderar o grupo. A PJ suspeitava que Machado continuava a liderar o grupo desde a pris\u00e3o; a defesa afirma que n\u00e3o foi encontrado material relevante na cela. Na sexta\u2011feira, o tribunal aplicou a M\u00e1rio Machado um c\u00famulo jur\u00eddico de quatro anos de pris\u00e3o, reunindo a pena efetiva de dois anos e dez meses com a pena suspensa de tr\u00eas anos por incitamento ao \u00f3dio e \u00e0 viol\u00eancia.","og_url":"https:\/\/portaltela.pt\/noticias\/2026\/01\/29\/mario-machado-transferido-para-prisao-em-pacos-de-ferreira\/","og_site_name":"Portal Tela Portugal","article_published_time":"2026-01-29T20:41:00+00:00","author":"Telinha","twitter_card":"summary_large_image","twitter_misc":{"Escrito por":"Telinha","Tempo estimado de leitura":"1 minuto"},"schema":{"@context":"https:\/\/schema.org","@graph":[{"@type":"Article","@id":"https:\/\/portaltela.pt\/noticias\/2026\/01\/29\/mario-machado-transferido-para-prisao-em-pacos-de-ferreira\/#article","isPartOf":{"@id":"https:\/\/portaltela.pt\/noticias\/2026\/01\/29\/mario-machado-transferido-para-prisao-em-pacos-de-ferreira\/"},"author":{"name":"Telinha","@id":"https:\/\/portaltela.pt\/#\/schema\/person\/c4278d4a6028830caff9ee44b42d32ed"},"headline":"M\u00e1rio Machado transferido para pris\u00e3o em Pa\u00e7os de Ferreira","datePublished":"2026-01-29T20:41:00+00:00","mainEntityOfPage":{"@id":"https:\/\/portaltela.pt\/noticias\/2026\/01\/29\/mario-machado-transferido-para-prisao-em-pacos-de-ferreira\/"},"wordCount":295,"image":{"@id":"https:\/\/portaltela.pt\/noticias\/2026\/01\/29\/mario-machado-transferido-para-prisao-em-pacos-de-ferreira\/#primaryimage"},"thumbnailUrl":"https:\/\/portaltela.pt\/s.01k8rhncp4jt1\/2026\/01\/unnamed-file-5934.jpg","keywords":["extremismo","incitamento ao \u00f3dio","organiza\u00e7\u00e3o criminosa","Pa\u00e7os de Ferreira","Pol\u00edcia Judici\u00e1ria","pris\u00f5es"],"articleSection":["Not\u00edcias"],"inLanguage":"pt-PT"},{"@type":"WebPage","@id":"https:\/\/portaltela.pt\/noticias\/2026\/01\/29\/mario-machado-transferido-para-prisao-em-pacos-de-ferreira\/","url":"https:\/\/portaltela.pt\/noticias\/2026\/01\/29\/mario-machado-transferido-para-prisao-em-pacos-de-ferreira\/","name":"M\u00e1rio Machado transferido para pris\u00e3o em Pa\u00e7os de Ferreira - Portal Tela Portugal","isPartOf":{"@id":"https:\/\/portaltela.pt\/#website"},"primaryImageOfPage":{"@id":"https:\/\/portaltela.pt\/noticias\/2026\/01\/29\/mario-machado-transferido-para-prisao-em-pacos-de-ferreira\/#primaryimage"},"image":{"@id":"https:\/\/portaltela.pt\/noticias\/2026\/01\/29\/mario-machado-transferido-para-prisao-em-pacos-de-ferreira\/#primaryimage"},"thumbnailUrl":"https:\/\/portaltela.pt\/s.01k8rhncp4jt1\/2026\/01\/unnamed-file-5934.jpg","datePublished":"2026-01-29T20:41:00+00:00","author":{"@id":"https:\/\/portaltela.pt\/#\/schema\/person\/c4278d4a6028830caff9ee44b42d32ed"},"breadcrumb":{"@id":"https:\/\/portaltela.pt\/noticias\/2026\/01\/29\/mario-machado-transferido-para-prisao-em-pacos-de-ferreira\/#breadcrumb"},"inLanguage":"pt-PT","potentialAction":[{"@type":"ReadAction","target":["https:\/\/portaltela.pt\/noticias\/2026\/01\/29\/mario-machado-transferido-para-prisao-em-pacos-de-ferreira\/"]}]},{"@type":"ImageObject","inLanguage":"pt-PT","@id":"https:\/\/portaltela.pt\/noticias\/2026\/01\/29\/mario-machado-transferido-para-prisao-em-pacos-de-ferreira\/#primaryimage","url":"https:\/\/portaltela.pt\/s.01k8rhncp4jt1\/2026\/01\/unnamed-file-5934.jpg","contentUrl":"https:\/\/portaltela.pt\/s.01k8rhncp4jt1\/2026\/01\/unnamed-file-5934.jpg","width":796,"height":448,"caption":"M\u00e1rio Machado transferido para pris\u00e3o em Pa\u00e7os de Ferreira"},{"@type":"BreadcrumbList","@id":"https:\/\/portaltela.pt\/noticias\/2026\/01\/29\/mario-machado-transferido-para-prisao-em-pacos-de-ferreira\/#breadcrumb","itemListElement":[{"@type":"ListItem","position":1,"name":"In\u00edcio","item":"https:\/\/portaltela.pt\/"},{"@type":"ListItem","position":2,"name":"M\u00e1rio Machado transferido para pris\u00e3o em Pa\u00e7os de Ferreira"}]},{"@type":"WebSite","@id":"https:\/\/portaltela.pt\/#website","url":"https:\/\/portaltela.pt\/","name":"Portal Tela Portugal","description":"","potentialAction":[{"@type":"SearchAction","target":{"@type":"EntryPoint","urlTemplate":"https:\/\/portaltela.pt\/?s={search_term_string}"},"query-input":{"@type":"PropertyValueSpecification","valueRequired":true,"valueName":"search_term_string"}}],"inLanguage":"pt-PT"},{"@type":"Person","@id":"https:\/\/portaltela.pt\/#\/schema\/person\/c4278d4a6028830caff9ee44b42d32ed","name":"Telinha","image":{"@type":"ImageObject","inLanguage":"pt-PT","@id":"https:\/\/portaltela.pt\/s.01k8rhncp4jt1\/2025\/11\/talking-bot-125x125.png","url":"https:\/\/portaltela.pt\/s.01k8rhncp4jt1\/2025\/11\/talking-bot-125x125.png","contentUrl":"https:\/\/portaltela.pt\/s.01k8rhncp4jt1\/2025\/11\/talking-bot-125x125.png","caption":"Telinha"},"sameAs":["https:\/\/portaltela.pt\/"],"url":"https:\/\/portaltela.pt\/por\/367410592786\/"}]}},"_links":{"self":[{"href":"https:\/\/portaltela.pt\/api\/wp\/v2\/posts\/182566","targetHints":{"allow":["GET"]}}],"collection":[{"href":"https:\/\/portaltela.pt\/api\/wp\/v2\/posts"}],"about":[{"href":"https:\/\/portaltela.pt\/api\/wp\/v2\/types\/post"}],"author":[{"embeddable":true,"href":"https:\/\/portaltela.pt\/api\/wp\/v2\/users\/2"}],"replies":[{"embeddable":true,"href":"https:\/\/portaltela.pt\/api\/wp\/v2\/comments?post=182566"}],"version-history":[{"count":0,"href":"https:\/\/portaltela.pt\/api\/wp\/v2\/posts\/182566\/revisions"}],"wp:featuredmedia":[{"embeddable":true,"href":"https:\/\/portaltela.pt\/api\/wp\/v2\/media\/182569"}],"wp:attachment":[{"href":"https:\/\/portaltela.pt\/api\/wp\/v2\/media?parent=182566"}],"wp:term":[{"taxonomy":"category","embeddable":true,"href":"https:\/\/portaltela.pt\/api\/wp\/v2\/categories?post=182566"},{"taxonomy":"post_tag","embeddable":true,"href":"https:\/\/portaltela.pt\/api\/wp\/v2\/tags?post=182566"}],"curies":[{"name":"wp","href":"https:\/\/api.w.org\/{rel}","templated":true}]}}