{"id":182524,"date":"2026-01-29T17:35:00","date_gmt":"2026-01-29T20:35:00","guid":{"rendered":"https:\/\/portaltela.pt\/noticias\/2026\/01\/29\/exercito-auxilia-em-limpezas-e-reforco-de-energia-em-santarem-e-leiria\/"},"modified":"2026-01-29T17:35:00","modified_gmt":"2026-01-29T20:35:00","slug":"exercito-auxilia-em-limpezas-e-reforco-de-energia-em-santarem-e-leiria","status":"publish","type":"post","link":"https:\/\/portaltela.pt\/noticias\/2026\/01\/29\/exercito-auxilia-em-limpezas-e-reforco-de-energia-em-santarem-e-leiria\/","title":{"rendered":"Ex\u00e9rcito auxilia em limpezas e refor\u00e7o de energia em Santar\u00e9m e Leiria"},"content":{"rendered":"<p>O Ex\u00e9rcito est\u00e1 a apoiar as autoridades civis nas opera\u00e7\u00f5es de limpeza, reposi\u00e7\u00e3o de acessos e refor\u00e7o de energia ap\u00f3s a passagem da depress\u00e3o Kristin. Este apoio incide principalmente em Santar\u00e9m e Leiria, regi\u00f5es fortemente afetadas.<\/p>\n<p>No distrito de Santar\u00e9m, em Ferreira do Z\u00eazere, um Destacamento de Engenharia trabalha para libertar vias interditadas e facilitar o acesso. O Ex\u00e9rcito vai ampliar a interven\u00e7\u00e3o no concelho, segundo informa\u00e7\u00f5es obtidas pelo CM.<\/p>\n<p>Em Leiria, a falta de energia levou a a\u00e7\u00f5es militares de apoio com geradores de 60 kVA na regi\u00e3o de Alvai\u00e1zere, uma das zonas mais afetadas. A Marinha Grande tamb\u00e9m recebeu refor\u00e7os na resposta \u00e0s avarias provocadas pela tempestade.<\/p>\n<h3>Interven\u00e7\u00e3o do Ex\u00e9rcito em Santar\u00e9m e Leiria<\/h3>\n<p>A a\u00e7\u00e3o combina apoio log\u00edstico, fornecimento de energia provis\u00f3ria e colabora\u00e7\u00e3o com as autoridades locais para restabelecer servi\u00e7os essenciais e vias de circula\u00e7\u00e3o. As opera\u00e7\u00f5es mant\u00eam-se em curso, com avalia\u00e7\u00e3o cont\u00ednua da situa\u00e7\u00e3o.<\/p>\n<h3>Danos na Base de Monte Real<\/h3>\n<p>A passagem de Kristin causou danos na base a\u00e9rea de Monte Real, com pelo menos quatro F16 afetados. Os custos estimados do estrago est\u00e3o ainda a ser avaliados pelas autoridades militares.<\/p>\n","protected":false},"excerpt":{"rendered":"<ul>\n<li>O Ex\u00e9rcito est\u00e1 a apoiar as autoridades civis nas opera\u00e7\u00f5es de limpeza, reposi\u00e7\u00e3o de acessos e refor\u00e7o de energia em Santar\u00e9m e Leiria, afetadas pela depress\u00e3o Kristin.<\/li>\n<li>Em Ferreira do Z\u00eazere, distrito de Santar\u00e9m, um Destacamento de Engenharia trabalha para desbloquear vias que estavam interditas, com refor\u00e7o ainda por confirmar.<\/li>\n<li>Em Alvai\u00e1zere, Leiria, foram levados geradores de 60 kVA para manter o fornecimento de energia, e a interven\u00e7\u00e3o tamb\u00e9m foi refor\u00e7ada na Marinha Grande.<\/li>\n<li>Pelo menos quatro F-16 da base de Monte Real foram atingidos pela tempestade, gerando danos de milh\u00f5es.<\/li>\n<\/ul>\n","protected":false},"author":2,"featured_media":182545,"comment_status":"closed","ping_status":"closed","sticky":false,"template":"","format":"standard","meta":{"footnotes":""},"categories":[1],"tags":[4592,174,1779,1385,4107,898],"class_list":["post-182524","post","type-post","status-publish","format-standard","has-post-thumbnail","hentry","category-noticias","tag-avarias","tag-energia","tag-forcas-armadas","tag-leiria","tag-limpeza-de-vias","tag-santarem"],"yoast_head":"<!-- This site is optimized with the Yoast SEO plugin v27.2 - https:\/\/yoast.com\/product\/yoast-seo-wordpress\/ -->\n<title>Ex\u00e9rcito auxilia em limpezas e refor\u00e7o de energia em Santar\u00e9m e Leiria - Portal Tela Portugal<\/title>\n<meta name=\"robots\" content=\"index, follow, max-snippet:-1, max-image-preview:large, max-video-preview:-1\" \/>\n<meta property=\"og:locale\" content=\"pt_PT\" \/>\n<meta property=\"og:type\" content=\"article\" \/>\n<meta property=\"og:title\" content=\"Ex\u00e9rcito auxilia em limpezas e refor\u00e7o de energia em Santar\u00e9m e Leiria - Portal Tela Portugal\" \/>\n<meta property=\"og:description\" content=\"O Ex\u00e9rcito est\u00e1 a apoiar as autoridades civis nas opera\u00e7\u00f5es de limpeza, reposi\u00e7\u00e3o de acessos e refor\u00e7o de energia em Santar\u00e9m e Leiria, afetadas pela depress\u00e3o Kristin. Em Ferreira do Z\u00eazere, distrito de Santar\u00e9m, um Destacamento de Engenharia trabalha para desbloquear vias que estavam interditas, com refor\u00e7o ainda por confirmar. Em Alvai\u00e1zere, Leiria, foram levados geradores de 60 kVA para manter o fornecimento de energia, e a interven\u00e7\u00e3o tamb\u00e9m foi refor\u00e7ada na Marinha Grande. Pelo menos quatro F-16 da base de Monte Real foram atingidos pela tempestade, gerando danos de milh\u00f5es.\" \/>\n<meta property=\"og:url\" content=\"https:\/\/portaltela.pt\/noticias\/2026\/01\/29\/exercito-auxilia-em-limpezas-e-reforco-de-energia-em-santarem-e-leiria\/\" \/>\n<meta property=\"og:site_name\" content=\"Portal Tela Portugal\" \/>\n<meta property=\"article:published_time\" content=\"2026-01-29T20:35:00+00:00\" \/>\n<meta name=\"author\" content=\"Telinha\" \/>\n<meta name=\"twitter:card\" content=\"summary_large_image\" \/>\n<meta name=\"twitter:label1\" content=\"Escrito por\" \/>\n\t<meta name=\"twitter:data1\" content=\"Telinha\" \/>\n\t<meta name=\"twitter:label2\" content=\"Tempo estimado de leitura\" \/>\n\t<meta name=\"twitter:data2\" content=\"1 minuto\" \/>\n<script type=\"application\/ld+json\" class=\"yoast-schema-graph\">{\"@context\":\"https:\/\/schema.org\",\"@graph\":[{\"@type\":\"Article\",\"@id\":\"https:\/\/portaltela.pt\/noticias\/2026\/01\/29\/exercito-auxilia-em-limpezas-e-reforco-de-energia-em-santarem-e-leiria\/#article\",\"isPartOf\":{\"@id\":\"https:\/\/portaltela.pt\/noticias\/2026\/01\/29\/exercito-auxilia-em-limpezas-e-reforco-de-energia-em-santarem-e-leiria\/\"},\"author\":{\"name\":\"Telinha\",\"@id\":\"https:\/\/portaltela.pt\/#\/schema\/person\/c4278d4a6028830caff9ee44b42d32ed\"},\"headline\":\"Ex\u00e9rcito auxilia em limpezas e refor\u00e7o de energia em Santar\u00e9m e Leiria\",\"datePublished\":\"2026-01-29T20:35:00+00:00\",\"mainEntityOfPage\":{\"@id\":\"https:\/\/portaltela.pt\/noticias\/2026\/01\/29\/exercito-auxilia-em-limpezas-e-reforco-de-energia-em-santarem-e-leiria\/\"},\"wordCount\":234,\"image\":{\"@id\":\"https:\/\/portaltela.pt\/noticias\/2026\/01\/29\/exercito-auxilia-em-limpezas-e-reforco-de-energia-em-santarem-e-leiria\/#primaryimage\"},\"thumbnailUrl\":\"https:\/\/portaltela.pt\/s.01k8rhncp4jt1\/2026\/01\/img_1280x721uu2026-01-29-20-29-19-2263465.jpg\",\"keywords\":[\"avarias\",\"energia\",\"For\u00e7as Armadas\",\"Leiria\",\"limpeza de vias\",\"Santar\u00e9m\"],\"articleSection\":[\"Not\u00edcias\"],\"inLanguage\":\"pt-PT\"},{\"@type\":\"WebPage\",\"@id\":\"https:\/\/portaltela.pt\/noticias\/2026\/01\/29\/exercito-auxilia-em-limpezas-e-reforco-de-energia-em-santarem-e-leiria\/\",\"url\":\"https:\/\/portaltela.pt\/noticias\/2026\/01\/29\/exercito-auxilia-em-limpezas-e-reforco-de-energia-em-santarem-e-leiria\/\",\"name\":\"Ex\u00e9rcito auxilia em limpezas e refor\u00e7o de energia em Santar\u00e9m e Leiria - Portal Tela Portugal\",\"isPartOf\":{\"@id\":\"https:\/\/portaltela.pt\/#website\"},\"primaryImageOfPage\":{\"@id\":\"https:\/\/portaltela.pt\/noticias\/2026\/01\/29\/exercito-auxilia-em-limpezas-e-reforco-de-energia-em-santarem-e-leiria\/#primaryimage\"},\"image\":{\"@id\":\"https:\/\/portaltela.pt\/noticias\/2026\/01\/29\/exercito-auxilia-em-limpezas-e-reforco-de-energia-em-santarem-e-leiria\/#primaryimage\"},\"thumbnailUrl\":\"https:\/\/portaltela.pt\/s.01k8rhncp4jt1\/2026\/01\/img_1280x721uu2026-01-29-20-29-19-2263465.jpg\",\"datePublished\":\"2026-01-29T20:35:00+00:00\",\"author\":{\"@id\":\"https:\/\/portaltela.pt\/#\/schema\/person\/c4278d4a6028830caff9ee44b42d32ed\"},\"breadcrumb\":{\"@id\":\"https:\/\/portaltela.pt\/noticias\/2026\/01\/29\/exercito-auxilia-em-limpezas-e-reforco-de-energia-em-santarem-e-leiria\/#breadcrumb\"},\"inLanguage\":\"pt-PT\",\"potentialAction\":[{\"@type\":\"ReadAction\",\"target\":[\"https:\/\/portaltela.pt\/noticias\/2026\/01\/29\/exercito-auxilia-em-limpezas-e-reforco-de-energia-em-santarem-e-leiria\/\"]}]},{\"@type\":\"ImageObject\",\"inLanguage\":\"pt-PT\",\"@id\":\"https:\/\/portaltela.pt\/noticias\/2026\/01\/29\/exercito-auxilia-em-limpezas-e-reforco-de-energia-em-santarem-e-leiria\/#primaryimage\",\"url\":\"https:\/\/portaltela.pt\/s.01k8rhncp4jt1\/2026\/01\/img_1280x721uu2026-01-29-20-29-19-2263465.jpg\",\"contentUrl\":\"https:\/\/portaltela.pt\/s.01k8rhncp4jt1\/2026\/01\/img_1280x721uu2026-01-29-20-29-19-2263465.jpg\",\"width\":796,\"height\":448,\"caption\":\"Ex\u00e9rcito ajuda nas opera\u00e7\u00f5es de limpeza ap\u00f3s passagem da depress\u00e3o Kristin\"},{\"@type\":\"BreadcrumbList\",\"@id\":\"https:\/\/portaltela.pt\/noticias\/2026\/01\/29\/exercito-auxilia-em-limpezas-e-reforco-de-energia-em-santarem-e-leiria\/#breadcrumb\",\"itemListElement\":[{\"@type\":\"ListItem\",\"position\":1,\"name\":\"In\u00edcio\",\"item\":\"https:\/\/portaltela.pt\/\"},{\"@type\":\"ListItem\",\"position\":2,\"name\":\"Ex\u00e9rcito auxilia em limpezas e refor\u00e7o de energia em Santar\u00e9m e Leiria\"}]},{\"@type\":\"WebSite\",\"@id\":\"https:\/\/portaltela.pt\/#website\",\"url\":\"https:\/\/portaltela.pt\/\",\"name\":\"Portal Tela Portugal\",\"description\":\"\",\"potentialAction\":[{\"@type\":\"SearchAction\",\"target\":{\"@type\":\"EntryPoint\",\"urlTemplate\":\"https:\/\/portaltela.pt\/?s={search_term_string}\"},\"query-input\":{\"@type\":\"PropertyValueSpecification\",\"valueRequired\":true,\"valueName\":\"search_term_string\"}}],\"inLanguage\":\"pt-PT\"},{\"@type\":\"Person\",\"@id\":\"https:\/\/portaltela.pt\/#\/schema\/person\/c4278d4a6028830caff9ee44b42d32ed\",\"name\":\"Telinha\",\"image\":{\"@type\":\"ImageObject\",\"inLanguage\":\"pt-PT\",\"@id\":\"https:\/\/portaltela.pt\/s.01k8rhncp4jt1\/2025\/11\/talking-bot-125x125.png\",\"url\":\"https:\/\/portaltela.pt\/s.01k8rhncp4jt1\/2025\/11\/talking-bot-125x125.png\",\"contentUrl\":\"https:\/\/portaltela.pt\/s.01k8rhncp4jt1\/2025\/11\/talking-bot-125x125.png\",\"caption\":\"Telinha\"},\"sameAs\":[\"https:\/\/portaltela.pt\/\"],\"url\":\"https:\/\/portaltela.pt\/por\/367410592786\/\"}]}<\/script>\n<!-- \/ Yoast SEO plugin. -->","yoast_head_json":{"title":"Ex\u00e9rcito auxilia em limpezas e refor\u00e7o de energia em Santar\u00e9m e Leiria - Portal Tela Portugal","robots":{"index":"index","follow":"follow","max-snippet":"max-snippet:-1","max-image-preview":"max-image-preview:large","max-video-preview":"max-video-preview:-1"},"og_locale":"pt_PT","og_type":"article","og_title":"Ex\u00e9rcito auxilia em limpezas e refor\u00e7o de energia em Santar\u00e9m e Leiria - Portal Tela Portugal","og_description":"O Ex\u00e9rcito est\u00e1 a apoiar as autoridades civis nas opera\u00e7\u00f5es de limpeza, reposi\u00e7\u00e3o de acessos e refor\u00e7o de energia em Santar\u00e9m e Leiria, afetadas pela depress\u00e3o Kristin. Em Ferreira do Z\u00eazere, distrito de Santar\u00e9m, um Destacamento de Engenharia trabalha para desbloquear vias que estavam interditas, com refor\u00e7o ainda por confirmar. Em Alvai\u00e1zere, Leiria, foram levados geradores de 60 kVA para manter o fornecimento de energia, e a interven\u00e7\u00e3o tamb\u00e9m foi refor\u00e7ada na Marinha Grande. Pelo menos quatro F-16 da base de Monte Real foram atingidos pela tempestade, gerando danos de milh\u00f5es.","og_url":"https:\/\/portaltela.pt\/noticias\/2026\/01\/29\/exercito-auxilia-em-limpezas-e-reforco-de-energia-em-santarem-e-leiria\/","og_site_name":"Portal Tela Portugal","article_published_time":"2026-01-29T20:35:00+00:00","author":"Telinha","twitter_card":"summary_large_image","twitter_misc":{"Escrito por":"Telinha","Tempo estimado de leitura":"1 minuto"},"schema":{"@context":"https:\/\/schema.org","@graph":[{"@type":"Article","@id":"https:\/\/portaltela.pt\/noticias\/2026\/01\/29\/exercito-auxilia-em-limpezas-e-reforco-de-energia-em-santarem-e-leiria\/#article","isPartOf":{"@id":"https:\/\/portaltela.pt\/noticias\/2026\/01\/29\/exercito-auxilia-em-limpezas-e-reforco-de-energia-em-santarem-e-leiria\/"},"author":{"name":"Telinha","@id":"https:\/\/portaltela.pt\/#\/schema\/person\/c4278d4a6028830caff9ee44b42d32ed"},"headline":"Ex\u00e9rcito auxilia em limpezas e refor\u00e7o de energia em Santar\u00e9m e Leiria","datePublished":"2026-01-29T20:35:00+00:00","mainEntityOfPage":{"@id":"https:\/\/portaltela.pt\/noticias\/2026\/01\/29\/exercito-auxilia-em-limpezas-e-reforco-de-energia-em-santarem-e-leiria\/"},"wordCount":234,"image":{"@id":"https:\/\/portaltela.pt\/noticias\/2026\/01\/29\/exercito-auxilia-em-limpezas-e-reforco-de-energia-em-santarem-e-leiria\/#primaryimage"},"thumbnailUrl":"https:\/\/portaltela.pt\/s.01k8rhncp4jt1\/2026\/01\/img_1280x721uu2026-01-29-20-29-19-2263465.jpg","keywords":["avarias","energia","For\u00e7as Armadas","Leiria","limpeza de vias","Santar\u00e9m"],"articleSection":["Not\u00edcias"],"inLanguage":"pt-PT"},{"@type":"WebPage","@id":"https:\/\/portaltela.pt\/noticias\/2026\/01\/29\/exercito-auxilia-em-limpezas-e-reforco-de-energia-em-santarem-e-leiria\/","url":"https:\/\/portaltela.pt\/noticias\/2026\/01\/29\/exercito-auxilia-em-limpezas-e-reforco-de-energia-em-santarem-e-leiria\/","name":"Ex\u00e9rcito auxilia em limpezas e refor\u00e7o de energia em Santar\u00e9m e Leiria - Portal Tela Portugal","isPartOf":{"@id":"https:\/\/portaltela.pt\/#website"},"primaryImageOfPage":{"@id":"https:\/\/portaltela.pt\/noticias\/2026\/01\/29\/exercito-auxilia-em-limpezas-e-reforco-de-energia-em-santarem-e-leiria\/#primaryimage"},"image":{"@id":"https:\/\/portaltela.pt\/noticias\/2026\/01\/29\/exercito-auxilia-em-limpezas-e-reforco-de-energia-em-santarem-e-leiria\/#primaryimage"},"thumbnailUrl":"https:\/\/portaltela.pt\/s.01k8rhncp4jt1\/2026\/01\/img_1280x721uu2026-01-29-20-29-19-2263465.jpg","datePublished":"2026-01-29T20:35:00+00:00","author":{"@id":"https:\/\/portaltela.pt\/#\/schema\/person\/c4278d4a6028830caff9ee44b42d32ed"},"breadcrumb":{"@id":"https:\/\/portaltela.pt\/noticias\/2026\/01\/29\/exercito-auxilia-em-limpezas-e-reforco-de-energia-em-santarem-e-leiria\/#breadcrumb"},"inLanguage":"pt-PT","potentialAction":[{"@type":"ReadAction","target":["https:\/\/portaltela.pt\/noticias\/2026\/01\/29\/exercito-auxilia-em-limpezas-e-reforco-de-energia-em-santarem-e-leiria\/"]}]},{"@type":"ImageObject","inLanguage":"pt-PT","@id":"https:\/\/portaltela.pt\/noticias\/2026\/01\/29\/exercito-auxilia-em-limpezas-e-reforco-de-energia-em-santarem-e-leiria\/#primaryimage","url":"https:\/\/portaltela.pt\/s.01k8rhncp4jt1\/2026\/01\/img_1280x721uu2026-01-29-20-29-19-2263465.jpg","contentUrl":"https:\/\/portaltela.pt\/s.01k8rhncp4jt1\/2026\/01\/img_1280x721uu2026-01-29-20-29-19-2263465.jpg","width":796,"height":448,"caption":"Ex\u00e9rcito ajuda nas opera\u00e7\u00f5es de limpeza ap\u00f3s passagem da depress\u00e3o Kristin"},{"@type":"BreadcrumbList","@id":"https:\/\/portaltela.pt\/noticias\/2026\/01\/29\/exercito-auxilia-em-limpezas-e-reforco-de-energia-em-santarem-e-leiria\/#breadcrumb","itemListElement":[{"@type":"ListItem","position":1,"name":"In\u00edcio","item":"https:\/\/portaltela.pt\/"},{"@type":"ListItem","position":2,"name":"Ex\u00e9rcito auxilia em limpezas e refor\u00e7o de energia em Santar\u00e9m e Leiria"}]},{"@type":"WebSite","@id":"https:\/\/portaltela.pt\/#website","url":"https:\/\/portaltela.pt\/","name":"Portal Tela Portugal","description":"","potentialAction":[{"@type":"SearchAction","target":{"@type":"EntryPoint","urlTemplate":"https:\/\/portaltela.pt\/?s={search_term_string}"},"query-input":{"@type":"PropertyValueSpecification","valueRequired":true,"valueName":"search_term_string"}}],"inLanguage":"pt-PT"},{"@type":"Person","@id":"https:\/\/portaltela.pt\/#\/schema\/person\/c4278d4a6028830caff9ee44b42d32ed","name":"Telinha","image":{"@type":"ImageObject","inLanguage":"pt-PT","@id":"https:\/\/portaltela.pt\/s.01k8rhncp4jt1\/2025\/11\/talking-bot-125x125.png","url":"https:\/\/portaltela.pt\/s.01k8rhncp4jt1\/2025\/11\/talking-bot-125x125.png","contentUrl":"https:\/\/portaltela.pt\/s.01k8rhncp4jt1\/2025\/11\/talking-bot-125x125.png","caption":"Telinha"},"sameAs":["https:\/\/portaltela.pt\/"],"url":"https:\/\/portaltela.pt\/por\/367410592786\/"}]}},"_links":{"self":[{"href":"https:\/\/portaltela.pt\/api\/wp\/v2\/posts\/182524","targetHints":{"allow":["GET"]}}],"collection":[{"href":"https:\/\/portaltela.pt\/api\/wp\/v2\/posts"}],"about":[{"href":"https:\/\/portaltela.pt\/api\/wp\/v2\/types\/post"}],"author":[{"embeddable":true,"href":"https:\/\/portaltela.pt\/api\/wp\/v2\/users\/2"}],"replies":[{"embeddable":true,"href":"https:\/\/portaltela.pt\/api\/wp\/v2\/comments?post=182524"}],"version-history":[{"count":0,"href":"https:\/\/portaltela.pt\/api\/wp\/v2\/posts\/182524\/revisions"}],"wp:featuredmedia":[{"embeddable":true,"href":"https:\/\/portaltela.pt\/api\/wp\/v2\/media\/182545"}],"wp:attachment":[{"href":"https:\/\/portaltela.pt\/api\/wp\/v2\/media?parent=182524"}],"wp:term":[{"taxonomy":"category","embeddable":true,"href":"https:\/\/portaltela.pt\/api\/wp\/v2\/categories?post=182524"},{"taxonomy":"post_tag","embeddable":true,"href":"https:\/\/portaltela.pt\/api\/wp\/v2\/tags?post=182524"}],"curies":[{"name":"wp","href":"https:\/\/api.w.org\/{rel}","templated":true}]}}