{"id":182512,"date":"2026-01-29T17:15:00","date_gmt":"2026-01-29T20:15:00","guid":{"rendered":"https:\/\/portaltela.pt\/noticias\/2026\/01\/29\/tempestade-kristin-afeta-sementeiras-de-outono-e-inverno\/"},"modified":"2026-01-29T17:15:00","modified_gmt":"2026-01-29T20:15:00","slug":"tempestade-kristin-afeta-sementeiras-de-outono-e-inverno","status":"publish","type":"post","link":"https:\/\/portaltela.pt\/noticias\/2026\/01\/29\/tempestade-kristin-afeta-sementeiras-de-outono-e-inverno\/","title":{"rendered":"Tempestade Kristin afeta sementeiras de Outono e Inverno"},"content":{"rendered":"<p>O temporal Kristin continua a deixar impactos ao n\u00edvel agr\u00edcola em Portugal, com inunda\u00e7\u00f5es a sobrecarregar campos desde o Norte at\u00e9 ao Sul. A \u00e1gua impede o pastoreio de aves e gado, e atrasa sementeiras previstas para a campanha de Outono\/Inverno.<\/p>\n<p>No Alentejo, a vegeta\u00e7\u00e3o verde dos pastos cede lugar a manchas de \u00e1gua, tornando dif\u00edcil o acesso a ra\u00e7\u00e3o para os animais. Agricultores do Campo Branco relatam solos encharcados e dificuldades acrescidas na execu\u00e7\u00e3o de compromissos do Plano Zonal de Castro Verde.<\/p>\n<h3>Campo Branco: atraso nas sementeiras e risco na avicultura<\/h3>\n<p>Em m\u00e9dia, n\u00e3o foram conclu\u00eddas as sementeiras de cereais, ervilha e gr\u00e3o previstas para cinco anos, com prazo at\u00e9 15 de Fevereiro. A chuva deixa o ciclo de Outono\/Inverno em risco de falhar, segundo o presidente da AACB.<\/p>\n<h3>Ganadaria e pastagens sob press\u00e3o<\/h3>\n<p>Os bovinos enfrentam lama e solo mole, o que reduz a pastagem dispon\u00edvel e dificulta o acesso a comedouros. A ra\u00e7\u00e3o torna-se necess\u00e1ria, elevando custos e exigindo adapta\u00e7\u00e3o r\u00e1pida dos produtores. O Campo Branco mant\u00e9m-se dependente da precipita\u00e7\u00e3o para equilibrar alimenta\u00e7\u00e3o.<\/p>\n<h3>Olival e horticultura sob condi\u00e7\u00f5es desiguais<\/h3>\n<p>Apesar de alguns olivais de regadio se manterem est\u00e1veis, a generalidade da regi\u00e3o Centro enfrenta cortes na colheita de azeitona. Em zonas alagadas, a recupera\u00e7\u00e3o da produ\u00e7\u00e3o de azeite depende de condi\u00e7\u00f5es de secagem e de poda futura.<\/p>\n<p>Nos olivais de Alqueva, a situa\u00e7\u00e3o \u00e9 menos cr\u00edtica, com a colheita conclu\u00edda no final de Dezembro. A pr\u00f3xima fase, poda, pode sofrer com as condi\u00e7\u00f5es clim\u00e1ticas, mas o sistema de rega em camalh\u00f5es ajuda a mitigar danos.<\/p>\n<h3>Estufas e hort\u00edcolas: estragos significativos<\/h3>\n<p>A CNA aponta danos em estufas e estufins, com v\u00e1rias estruturas destru\u00eddas ou inutiliz\u00e1veis. A perda de infraestruturas agrava dificuldades de produ\u00e7\u00e3o em \u00e1reas protegidas, afetando culturas de estufa e em campo aberto.<\/p>\n<h3>Perspectiva geral e futuro pr\u00f3ximo<\/h3>\n<p>Portugueses na regi\u00e3o Centro tamb\u00e9m relatam danos a culturas hort\u00edcolas, com quedas de muros de vinhedos e mortes de animais associadas a derrocadas de \u00e1rvores. Agricultores esperam uma melhoria clim\u00e1tica para retomar atividades.<\/p>\n<p>Pelas informa\u00e7\u00f5es dispon\u00edveis, continua a faltar clareza sobre o alcance total dos estragos e de quando as condi\u00e7\u00f5es permitir\u00e3o retomar a normalidade agr\u00edcola nas v\u00e1rias regi\u00f5es afetadas.<\/p>\n","protected":false},"excerpt":{"rendered":"<ul>\n<li>A depress\u00e3o Kristin continua a provocar chuva intensa em todo o territ\u00f3rio, encharcando campos de Norte a Sul de Portugal e prejudicando aves e gado.<\/li>\n<li>No Campo Branco, Alentejo, as sementeiras de cereais, ervilha e gr\u00e3o n\u00e3o puderam avan\u00e7ar, colocando em risco a campanha de Outono\/Inverno e o cumprimento do Plano Zonal de Castro Verde.<\/li>\n<li>Os campos alagados impedem o pastoreio de bovinos, ovelhas e cabras, levando \u00e0 alimenta\u00e7\u00e3o com ra\u00e7\u00e3o e forragem e dificultando o acesso a comedouros.<\/li>\n<li>No olival, parte dos olivais tradicionais sofreu danos, sobretudo na regi\u00e3o Centro; por\u00e9m, o regadio em alguns olivais de Alqueva mant\u00e9m-se est\u00e1vel, com esperan\u00e7as de que a drenagem evite preju\u00edzos graves.<\/li>\n<li>A CNA reports redu\u00e7\u00e3o de estufas e danos a culturas hort\u00edcolas, com interrup\u00e7\u00f5es na produ\u00e7\u00e3o e risco de perdas adicionais conforme as chuvas persistem.<\/li>\n<\/ul>\n","protected":false},"author":2,"featured_media":182539,"comment_status":"closed","ping_status":"closed","sticky":false,"template":"","format":"standard","meta":{"footnotes":""},"categories":[1],"tags":[179,3812,2899,1309,3481,4066],"class_list":["post-182512","post","type-post","status-publish","format-standard","has-post-thumbnail","hentry","category-noticias","tag-agricultura","tag-alagamentos","tag-azeites","tag-centro","tag-horticultura","tag-olivicultura"],"yoast_head":"<!-- This site is optimized with the Yoast SEO plugin v27.2 - https:\/\/yoast.com\/product\/yoast-seo-wordpress\/ -->\n<title>Tempestade Kristin afeta sementeiras de Outono e Inverno - Portal Tela Portugal<\/title>\n<meta name=\"robots\" content=\"index, follow, max-snippet:-1, max-image-preview:large, max-video-preview:-1\" \/>\n<meta property=\"og:locale\" content=\"pt_PT\" \/>\n<meta property=\"og:type\" content=\"article\" \/>\n<meta property=\"og:title\" content=\"Tempestade Kristin afeta sementeiras de Outono e Inverno - Portal Tela Portugal\" \/>\n<meta property=\"og:description\" content=\"A depress\u00e3o Kristin continua a provocar chuva intensa em todo o territ\u00f3rio, encharcando campos de Norte a Sul de Portugal e prejudicando aves e gado. No Campo Branco, Alentejo, as sementeiras de cereais, ervilha e gr\u00e3o n\u00e3o puderam avan\u00e7ar, colocando em risco a campanha de Outono\/Inverno e o cumprimento do Plano Zonal de Castro Verde. Os campos alagados impedem o pastoreio de bovinos, ovelhas e cabras, levando \u00e0 alimenta\u00e7\u00e3o com ra\u00e7\u00e3o e forragem e dificultando o acesso a comedouros. No olival, parte dos olivais tradicionais sofreu danos, sobretudo na regi\u00e3o Centro; por\u00e9m, o regadio em alguns olivais de Alqueva mant\u00e9m-se est\u00e1vel, com esperan\u00e7as de que a drenagem evite preju\u00edzos graves. A CNA reports redu\u00e7\u00e3o de estufas e danos a culturas hort\u00edcolas, com interrup\u00e7\u00f5es na produ\u00e7\u00e3o e risco de perdas adicionais conforme as chuvas persistem.\" \/>\n<meta property=\"og:url\" content=\"https:\/\/portaltela.pt\/noticias\/2026\/01\/29\/tempestade-kristin-afeta-sementeiras-de-outono-e-inverno\/\" \/>\n<meta property=\"og:site_name\" content=\"Portal Tela Portugal\" \/>\n<meta property=\"article:published_time\" content=\"2026-01-29T20:15:00+00:00\" \/>\n<meta name=\"author\" content=\"Telinha\" \/>\n<meta name=\"twitter:card\" content=\"summary_large_image\" \/>\n<meta name=\"twitter:label1\" content=\"Escrito por\" \/>\n\t<meta name=\"twitter:data1\" content=\"Telinha\" \/>\n\t<meta name=\"twitter:label2\" content=\"Tempo estimado de leitura\" \/>\n\t<meta name=\"twitter:data2\" content=\"2 minutos\" \/>\n<script type=\"application\/ld+json\" class=\"yoast-schema-graph\">{\"@context\":\"https:\/\/schema.org\",\"@graph\":[{\"@type\":\"Article\",\"@id\":\"https:\/\/portaltela.pt\/noticias\/2026\/01\/29\/tempestade-kristin-afeta-sementeiras-de-outono-e-inverno\/#article\",\"isPartOf\":{\"@id\":\"https:\/\/portaltela.pt\/noticias\/2026\/01\/29\/tempestade-kristin-afeta-sementeiras-de-outono-e-inverno\/\"},\"author\":{\"name\":\"Telinha\",\"@id\":\"https:\/\/portaltela.pt\/#\/schema\/person\/c4278d4a6028830caff9ee44b42d32ed\"},\"headline\":\"Tempestade Kristin afeta sementeiras de Outono e Inverno\",\"datePublished\":\"2026-01-29T20:15:00+00:00\",\"mainEntityOfPage\":{\"@id\":\"https:\/\/portaltela.pt\/noticias\/2026\/01\/29\/tempestade-kristin-afeta-sementeiras-de-outono-e-inverno\/\"},\"wordCount\":419,\"image\":{\"@id\":\"https:\/\/portaltela.pt\/noticias\/2026\/01\/29\/tempestade-kristin-afeta-sementeiras-de-outono-e-inverno\/#primaryimage\"},\"thumbnailUrl\":\"https:\/\/portaltela.pt\/s.01k8rhncp4jt1\/2026\/01\/2062884.jpg\",\"keywords\":[\"agricultura\",\"alagamentos\",\"azeites\",\"Centro\",\"horticultura\",\"olivicultura\"],\"articleSection\":[\"Not\u00edcias\"],\"inLanguage\":\"pt-PT\"},{\"@type\":\"WebPage\",\"@id\":\"https:\/\/portaltela.pt\/noticias\/2026\/01\/29\/tempestade-kristin-afeta-sementeiras-de-outono-e-inverno\/\",\"url\":\"https:\/\/portaltela.pt\/noticias\/2026\/01\/29\/tempestade-kristin-afeta-sementeiras-de-outono-e-inverno\/\",\"name\":\"Tempestade Kristin afeta sementeiras de Outono e Inverno - Portal Tela Portugal\",\"isPartOf\":{\"@id\":\"https:\/\/portaltela.pt\/#website\"},\"primaryImageOfPage\":{\"@id\":\"https:\/\/portaltela.pt\/noticias\/2026\/01\/29\/tempestade-kristin-afeta-sementeiras-de-outono-e-inverno\/#primaryimage\"},\"image\":{\"@id\":\"https:\/\/portaltela.pt\/noticias\/2026\/01\/29\/tempestade-kristin-afeta-sementeiras-de-outono-e-inverno\/#primaryimage\"},\"thumbnailUrl\":\"https:\/\/portaltela.pt\/s.01k8rhncp4jt1\/2026\/01\/2062884.jpg\",\"datePublished\":\"2026-01-29T20:15:00+00:00\",\"author\":{\"@id\":\"https:\/\/portaltela.pt\/#\/schema\/person\/c4278d4a6028830caff9ee44b42d32ed\"},\"breadcrumb\":{\"@id\":\"https:\/\/portaltela.pt\/noticias\/2026\/01\/29\/tempestade-kristin-afeta-sementeiras-de-outono-e-inverno\/#breadcrumb\"},\"inLanguage\":\"pt-PT\",\"potentialAction\":[{\"@type\":\"ReadAction\",\"target\":[\"https:\/\/portaltela.pt\/noticias\/2026\/01\/29\/tempestade-kristin-afeta-sementeiras-de-outono-e-inverno\/\"]}]},{\"@type\":\"ImageObject\",\"inLanguage\":\"pt-PT\",\"@id\":\"https:\/\/portaltela.pt\/noticias\/2026\/01\/29\/tempestade-kristin-afeta-sementeiras-de-outono-e-inverno\/#primaryimage\",\"url\":\"https:\/\/portaltela.pt\/s.01k8rhncp4jt1\/2026\/01\/2062884.jpg\",\"contentUrl\":\"https:\/\/portaltela.pt\/s.01k8rhncp4jt1\/2026\/01\/2062884.jpg\",\"width\":796,\"height\":448,\"caption\":\"O excesso de chuva e vento est\u00e1 a deixar os campos impratic\u00e1veis para a agricultura e a pecu\u00e1ria\"},{\"@type\":\"BreadcrumbList\",\"@id\":\"https:\/\/portaltela.pt\/noticias\/2026\/01\/29\/tempestade-kristin-afeta-sementeiras-de-outono-e-inverno\/#breadcrumb\",\"itemListElement\":[{\"@type\":\"ListItem\",\"position\":1,\"name\":\"In\u00edcio\",\"item\":\"https:\/\/portaltela.pt\/\"},{\"@type\":\"ListItem\",\"position\":2,\"name\":\"Tempestade Kristin afeta sementeiras de Outono e Inverno\"}]},{\"@type\":\"WebSite\",\"@id\":\"https:\/\/portaltela.pt\/#website\",\"url\":\"https:\/\/portaltela.pt\/\",\"name\":\"Portal Tela Portugal\",\"description\":\"\",\"potentialAction\":[{\"@type\":\"SearchAction\",\"target\":{\"@type\":\"EntryPoint\",\"urlTemplate\":\"https:\/\/portaltela.pt\/?s={search_term_string}\"},\"query-input\":{\"@type\":\"PropertyValueSpecification\",\"valueRequired\":true,\"valueName\":\"search_term_string\"}}],\"inLanguage\":\"pt-PT\"},{\"@type\":\"Person\",\"@id\":\"https:\/\/portaltela.pt\/#\/schema\/person\/c4278d4a6028830caff9ee44b42d32ed\",\"name\":\"Telinha\",\"image\":{\"@type\":\"ImageObject\",\"inLanguage\":\"pt-PT\",\"@id\":\"https:\/\/portaltela.pt\/s.01k8rhncp4jt1\/2025\/11\/talking-bot-125x125.png\",\"url\":\"https:\/\/portaltela.pt\/s.01k8rhncp4jt1\/2025\/11\/talking-bot-125x125.png\",\"contentUrl\":\"https:\/\/portaltela.pt\/s.01k8rhncp4jt1\/2025\/11\/talking-bot-125x125.png\",\"caption\":\"Telinha\"},\"sameAs\":[\"https:\/\/portaltela.pt\/\"],\"url\":\"https:\/\/portaltela.pt\/por\/367410592786\/\"}]}<\/script>\n<!-- \/ Yoast SEO plugin. -->","yoast_head_json":{"title":"Tempestade Kristin afeta sementeiras de Outono e Inverno - Portal Tela Portugal","robots":{"index":"index","follow":"follow","max-snippet":"max-snippet:-1","max-image-preview":"max-image-preview:large","max-video-preview":"max-video-preview:-1"},"og_locale":"pt_PT","og_type":"article","og_title":"Tempestade Kristin afeta sementeiras de Outono e Inverno - Portal Tela Portugal","og_description":"A depress\u00e3o Kristin continua a provocar chuva intensa em todo o territ\u00f3rio, encharcando campos de Norte a Sul de Portugal e prejudicando aves e gado. No Campo Branco, Alentejo, as sementeiras de cereais, ervilha e gr\u00e3o n\u00e3o puderam avan\u00e7ar, colocando em risco a campanha de Outono\/Inverno e o cumprimento do Plano Zonal de Castro Verde. Os campos alagados impedem o pastoreio de bovinos, ovelhas e cabras, levando \u00e0 alimenta\u00e7\u00e3o com ra\u00e7\u00e3o e forragem e dificultando o acesso a comedouros. No olival, parte dos olivais tradicionais sofreu danos, sobretudo na regi\u00e3o Centro; por\u00e9m, o regadio em alguns olivais de Alqueva mant\u00e9m-se est\u00e1vel, com esperan\u00e7as de que a drenagem evite preju\u00edzos graves. A CNA reports redu\u00e7\u00e3o de estufas e danos a culturas hort\u00edcolas, com interrup\u00e7\u00f5es na produ\u00e7\u00e3o e risco de perdas adicionais conforme as chuvas persistem.","og_url":"https:\/\/portaltela.pt\/noticias\/2026\/01\/29\/tempestade-kristin-afeta-sementeiras-de-outono-e-inverno\/","og_site_name":"Portal Tela Portugal","article_published_time":"2026-01-29T20:15:00+00:00","author":"Telinha","twitter_card":"summary_large_image","twitter_misc":{"Escrito por":"Telinha","Tempo estimado de leitura":"2 minutos"},"schema":{"@context":"https:\/\/schema.org","@graph":[{"@type":"Article","@id":"https:\/\/portaltela.pt\/noticias\/2026\/01\/29\/tempestade-kristin-afeta-sementeiras-de-outono-e-inverno\/#article","isPartOf":{"@id":"https:\/\/portaltela.pt\/noticias\/2026\/01\/29\/tempestade-kristin-afeta-sementeiras-de-outono-e-inverno\/"},"author":{"name":"Telinha","@id":"https:\/\/portaltela.pt\/#\/schema\/person\/c4278d4a6028830caff9ee44b42d32ed"},"headline":"Tempestade Kristin afeta sementeiras de Outono e Inverno","datePublished":"2026-01-29T20:15:00+00:00","mainEntityOfPage":{"@id":"https:\/\/portaltela.pt\/noticias\/2026\/01\/29\/tempestade-kristin-afeta-sementeiras-de-outono-e-inverno\/"},"wordCount":419,"image":{"@id":"https:\/\/portaltela.pt\/noticias\/2026\/01\/29\/tempestade-kristin-afeta-sementeiras-de-outono-e-inverno\/#primaryimage"},"thumbnailUrl":"https:\/\/portaltela.pt\/s.01k8rhncp4jt1\/2026\/01\/2062884.jpg","keywords":["agricultura","alagamentos","azeites","Centro","horticultura","olivicultura"],"articleSection":["Not\u00edcias"],"inLanguage":"pt-PT"},{"@type":"WebPage","@id":"https:\/\/portaltela.pt\/noticias\/2026\/01\/29\/tempestade-kristin-afeta-sementeiras-de-outono-e-inverno\/","url":"https:\/\/portaltela.pt\/noticias\/2026\/01\/29\/tempestade-kristin-afeta-sementeiras-de-outono-e-inverno\/","name":"Tempestade Kristin afeta sementeiras de Outono e Inverno - Portal Tela Portugal","isPartOf":{"@id":"https:\/\/portaltela.pt\/#website"},"primaryImageOfPage":{"@id":"https:\/\/portaltela.pt\/noticias\/2026\/01\/29\/tempestade-kristin-afeta-sementeiras-de-outono-e-inverno\/#primaryimage"},"image":{"@id":"https:\/\/portaltela.pt\/noticias\/2026\/01\/29\/tempestade-kristin-afeta-sementeiras-de-outono-e-inverno\/#primaryimage"},"thumbnailUrl":"https:\/\/portaltela.pt\/s.01k8rhncp4jt1\/2026\/01\/2062884.jpg","datePublished":"2026-01-29T20:15:00+00:00","author":{"@id":"https:\/\/portaltela.pt\/#\/schema\/person\/c4278d4a6028830caff9ee44b42d32ed"},"breadcrumb":{"@id":"https:\/\/portaltela.pt\/noticias\/2026\/01\/29\/tempestade-kristin-afeta-sementeiras-de-outono-e-inverno\/#breadcrumb"},"inLanguage":"pt-PT","potentialAction":[{"@type":"ReadAction","target":["https:\/\/portaltela.pt\/noticias\/2026\/01\/29\/tempestade-kristin-afeta-sementeiras-de-outono-e-inverno\/"]}]},{"@type":"ImageObject","inLanguage":"pt-PT","@id":"https:\/\/portaltela.pt\/noticias\/2026\/01\/29\/tempestade-kristin-afeta-sementeiras-de-outono-e-inverno\/#primaryimage","url":"https:\/\/portaltela.pt\/s.01k8rhncp4jt1\/2026\/01\/2062884.jpg","contentUrl":"https:\/\/portaltela.pt\/s.01k8rhncp4jt1\/2026\/01\/2062884.jpg","width":796,"height":448,"caption":"O excesso de chuva e vento est\u00e1 a deixar os campos impratic\u00e1veis para a agricultura e a pecu\u00e1ria"},{"@type":"BreadcrumbList","@id":"https:\/\/portaltela.pt\/noticias\/2026\/01\/29\/tempestade-kristin-afeta-sementeiras-de-outono-e-inverno\/#breadcrumb","itemListElement":[{"@type":"ListItem","position":1,"name":"In\u00edcio","item":"https:\/\/portaltela.pt\/"},{"@type":"ListItem","position":2,"name":"Tempestade Kristin afeta sementeiras de Outono e Inverno"}]},{"@type":"WebSite","@id":"https:\/\/portaltela.pt\/#website","url":"https:\/\/portaltela.pt\/","name":"Portal Tela Portugal","description":"","potentialAction":[{"@type":"SearchAction","target":{"@type":"EntryPoint","urlTemplate":"https:\/\/portaltela.pt\/?s={search_term_string}"},"query-input":{"@type":"PropertyValueSpecification","valueRequired":true,"valueName":"search_term_string"}}],"inLanguage":"pt-PT"},{"@type":"Person","@id":"https:\/\/portaltela.pt\/#\/schema\/person\/c4278d4a6028830caff9ee44b42d32ed","name":"Telinha","image":{"@type":"ImageObject","inLanguage":"pt-PT","@id":"https:\/\/portaltela.pt\/s.01k8rhncp4jt1\/2025\/11\/talking-bot-125x125.png","url":"https:\/\/portaltela.pt\/s.01k8rhncp4jt1\/2025\/11\/talking-bot-125x125.png","contentUrl":"https:\/\/portaltela.pt\/s.01k8rhncp4jt1\/2025\/11\/talking-bot-125x125.png","caption":"Telinha"},"sameAs":["https:\/\/portaltela.pt\/"],"url":"https:\/\/portaltela.pt\/por\/367410592786\/"}]}},"_links":{"self":[{"href":"https:\/\/portaltela.pt\/api\/wp\/v2\/posts\/182512","targetHints":{"allow":["GET"]}}],"collection":[{"href":"https:\/\/portaltela.pt\/api\/wp\/v2\/posts"}],"about":[{"href":"https:\/\/portaltela.pt\/api\/wp\/v2\/types\/post"}],"author":[{"embeddable":true,"href":"https:\/\/portaltela.pt\/api\/wp\/v2\/users\/2"}],"replies":[{"embeddable":true,"href":"https:\/\/portaltela.pt\/api\/wp\/v2\/comments?post=182512"}],"version-history":[{"count":0,"href":"https:\/\/portaltela.pt\/api\/wp\/v2\/posts\/182512\/revisions"}],"wp:featuredmedia":[{"embeddable":true,"href":"https:\/\/portaltela.pt\/api\/wp\/v2\/media\/182539"}],"wp:attachment":[{"href":"https:\/\/portaltela.pt\/api\/wp\/v2\/media?parent=182512"}],"wp:term":[{"taxonomy":"category","embeddable":true,"href":"https:\/\/portaltela.pt\/api\/wp\/v2\/categories?post=182512"},{"taxonomy":"post_tag","embeddable":true,"href":"https:\/\/portaltela.pt\/api\/wp\/v2\/tags?post=182512"}],"curies":[{"name":"wp","href":"https:\/\/api.w.org\/{rel}","templated":true}]}}