{"id":182435,"date":"2026-01-29T16:32:00","date_gmt":"2026-01-29T19:32:00","guid":{"rendered":"https:\/\/portaltela.pt\/noticias\/2026\/01\/29\/mais-de-8-000-ocorrencias-registadas-associadas-a-depressao-kristin\/"},"modified":"2026-01-29T16:32:00","modified_gmt":"2026-01-29T19:32:00","slug":"mais-de-8-000-ocorrencias-registadas-associadas-a-depressao-kristin","status":"publish","type":"post","link":"https:\/\/portaltela.pt\/noticias\/2026\/01\/29\/mais-de-8-000-ocorrencias-registadas-associadas-a-depressao-kristin\/","title":{"rendered":"Mais de 8.000 ocorr\u00eancias registadas associadas \u00e0 depress\u00e3o Kristin"},"content":{"rendered":"<p>A Prote\u00e7\u00e3o Civil est\u00e1 a acompanhar os efeitos da depress\u00e3o Kristin em Portugal continental. At\u00e9 \u00e0s 17:00 de hoje, registam-se 5 mortes e 8.160 ocorr\u00eancias provocadas pelo temporal, com maior incid\u00eancia de quedas de \u00e1rvores e de estruturas, inunda\u00e7\u00f5es e movimentos de massa. As zonas mais impactadas s\u00e3o Lisboa, o Oeste e Coimbra.<\/p>\n<p>Entre as v\u00edtimas confirmadas, uma mulher de 85 anos morreu em Ribeira de Alcantarilha, Silves, ap\u00f3s o ve\u00edculo em que seguia ter sido arrastado por um ribeiro. Outras ocorr\u00eancias com desfecho fatal incluem quedas de \u00e1rvores sobre ve\u00edculos, quedas de estruturas, e situa\u00e7\u00f5es de obra com necessidade de interven\u00e7\u00e3o de resgate.<\/p>\n<p>A ANEPC detalha o balan\u00e7o desde as 16:00 de ter\u00e7a-feira: 5 v\u00edtimas, 4.554 quedas de \u00e1rvores, 1.685 quedas de estruturas, 848 inunda\u00e7\u00f5es, 527 movimentos de massa e 517 limpezas de vias. At\u00e9 agora houve 17 salvamentos terrestres e 12 salvamentos aqu\u00e1ticos.<\/p>\n<h3>Distribui\u00e7\u00e3o geogr\u00e1fica e impacto<\/h3>\n<p>Foram registadas 1.310 ocorr\u00eancias na Grande Lisboa, 1.141 no Oeste e 802 em Coimbra, as tr\u00eas regi\u00f5es com maior n\u00famero de incid\u00eancias. Leiria, Coimbra e Santar\u00e9m aparecem entre os distritos mais afetados em termos de estragos materiais, incluindo cortes de estradas e interrup\u00e7\u00f5es de servi\u00e7os p\u00fablicos.<\/p>\n<h3>Medidas administrativas e consequ\u00eancias<\/h3>\n<p>O Governo decretou situa\u00e7\u00e3o de calamidade entre 00:00 de quarta-feira e 23:59 de dia 1 de fevereiro, abrangendo cerca de 60 munic\u00edpios, sendo poss\u00edvel a amplia\u00e7\u00e3o do \u00e2mbito. O objetivo \u00e9 facilitar respostas urgentes, limpeza de vias e apoio a fam\u00edlias.<\/p>\n<p>A passagem de Kristin tamb\u00e9m afetou transportes, educa\u00e7\u00e3o e fornecimentos de energia, \u00e1gua e comunica\u00e7\u00f5es, com impactos em linhas ferrovi\u00e1rias, encerramento de escolas e interrup\u00e7\u00f5es de servi\u00e7os p\u00fablicos em v\u00e1rias zonas do pa\u00eds.<\/p>\n","protected":false},"excerpt":{"rendered":"<ul>\n<li>A depress\u00e3o Kristin provocou, at\u00e9 \u00e0s 17:00 de quinta-feira, mais de oito mil ocorr\u00eancias em Portugal continental, com cinco mortos.<\/li>\n<li>Regi\u00f5es mais afetadas foram Lisboa, Oeste e Coimbra; na Grande Lisboa ocorreram 1.310, no Oeste 1.141 e em Coimbra 802 ocorr\u00eancias.<\/li>\n<li>Entre os danos, destacam-se 4.554 quedas de \u00e1rvores, 1.685 quedas de estruturas, 848 inunda\u00e7\u00f5es, 527 movimentos de massa e 517 limpezas de vias.<\/li>\n<li>Houve dezoito salvamentos (17 terrestres e 12 aqu\u00e1ticos); foram registadas v\u00e1rias v\u00edtimas, incluindo uma mulher de 85 anos em Silves (Ribeira de Alcantarilha) e outras em Vila Franca de Xira, Carvide e Fonte Oleiro.<\/li>\n<li>O Governo decretou situa\u00e7\u00e3o de calamidade entre 00:00 de quarta-feira e 23:59 de dia 1 de fevereiro para cerca de 60 munic\u00edpios; Leiria, Coimbra e Santar\u00e9m foram os distritos mais afetados.<\/li>\n<\/ul>\n","protected":false},"author":2,"featured_media":182455,"comment_status":"closed","ping_status":"closed","sticky":false,"template":"","format":"standard","meta":{"footnotes":""},"categories":[1],"tags":[4687,4023,2293,981,2271,320],"class_list":["post-182435","post","type-post","status-publish","format-standard","has-post-thumbnail","hentry","category-noticias","tag-calamidade-publica","tag-grande-lisboa","tag-inundacoes","tag-lisboa","tag-movimentos-de-massa","tag-protecao-civil"],"yoast_head":"<!-- This site is optimized with the Yoast SEO plugin v27.2 - https:\/\/yoast.com\/product\/yoast-seo-wordpress\/ -->\n<title>Mais de 8.000 ocorr\u00eancias registadas associadas \u00e0 depress\u00e3o Kristin - Portal Tela Portugal<\/title>\n<meta name=\"robots\" content=\"index, follow, max-snippet:-1, max-image-preview:large, max-video-preview:-1\" \/>\n<meta property=\"og:locale\" content=\"pt_PT\" \/>\n<meta property=\"og:type\" content=\"article\" \/>\n<meta property=\"og:title\" content=\"Mais de 8.000 ocorr\u00eancias registadas associadas \u00e0 depress\u00e3o Kristin - Portal Tela Portugal\" \/>\n<meta property=\"og:description\" content=\"A depress\u00e3o Kristin provocou, at\u00e9 \u00e0s 17:00 de quinta-feira, mais de oito mil ocorr\u00eancias em Portugal continental, com cinco mortos. Regi\u00f5es mais afetadas foram Lisboa, Oeste e Coimbra; na Grande Lisboa ocorreram 1.310, no Oeste 1.141 e em Coimbra 802 ocorr\u00eancias. Entre os danos, destacam-se 4.554 quedas de \u00e1rvores, 1.685 quedas de estruturas, 848 inunda\u00e7\u00f5es, 527 movimentos de massa e 517 limpezas de vias. Houve dezoito salvamentos (17 terrestres e 12 aqu\u00e1ticos); foram registadas v\u00e1rias v\u00edtimas, incluindo uma mulher de 85 anos em Silves (Ribeira de Alcantarilha) e outras em Vila Franca de Xira, Carvide e Fonte Oleiro. O Governo decretou situa\u00e7\u00e3o de calamidade entre 00:00 de quarta-feira e 23:59 de dia 1 de fevereiro para cerca de 60 munic\u00edpios; Leiria, Coimbra e Santar\u00e9m foram os distritos mais afetados.\" \/>\n<meta property=\"og:url\" content=\"https:\/\/portaltela.pt\/noticias\/2026\/01\/29\/mais-de-8-000-ocorrencias-registadas-associadas-a-depressao-kristin\/\" \/>\n<meta property=\"og:site_name\" content=\"Portal Tela Portugal\" \/>\n<meta property=\"article:published_time\" content=\"2026-01-29T19:32:00+00:00\" \/>\n<meta name=\"author\" content=\"Telinha\" \/>\n<meta name=\"twitter:card\" content=\"summary_large_image\" \/>\n<meta name=\"twitter:label1\" content=\"Escrito por\" \/>\n\t<meta name=\"twitter:data1\" content=\"Telinha\" \/>\n\t<meta name=\"twitter:label2\" content=\"Tempo estimado de leitura\" \/>\n\t<meta name=\"twitter:data2\" content=\"1 minuto\" \/>\n<script type=\"application\/ld+json\" class=\"yoast-schema-graph\">{\"@context\":\"https:\/\/schema.org\",\"@graph\":[{\"@type\":\"Article\",\"@id\":\"https:\/\/portaltela.pt\/noticias\/2026\/01\/29\/mais-de-8-000-ocorrencias-registadas-associadas-a-depressao-kristin\/#article\",\"isPartOf\":{\"@id\":\"https:\/\/portaltela.pt\/noticias\/2026\/01\/29\/mais-de-8-000-ocorrencias-registadas-associadas-a-depressao-kristin\/\"},\"author\":{\"name\":\"Telinha\",\"@id\":\"https:\/\/portaltela.pt\/#\/schema\/person\/c4278d4a6028830caff9ee44b42d32ed\"},\"headline\":\"Mais de 8.000 ocorr\u00eancias registadas associadas \u00e0 depress\u00e3o Kristin\",\"datePublished\":\"2026-01-29T19:32:00+00:00\",\"mainEntityOfPage\":{\"@id\":\"https:\/\/portaltela.pt\/noticias\/2026\/01\/29\/mais-de-8-000-ocorrencias-registadas-associadas-a-depressao-kristin\/\"},\"wordCount\":305,\"image\":{\"@id\":\"https:\/\/portaltela.pt\/noticias\/2026\/01\/29\/mais-de-8-000-ocorrencias-registadas-associadas-a-depressao-kristin\/#primaryimage\"},\"thumbnailUrl\":\"https:\/\/portaltela.pt\/s.01k8rhncp4jt1\/2026\/01\/unnamed-file-5921.jpg\",\"keywords\":[\"calamidade p\u00fablica\",\"Grande Lisboa\",\"inunda\u00e7\u00f5es\",\"Lisboa\",\"movimentos de massa\",\"prote\u00e7\u00e3o civil\"],\"articleSection\":[\"Not\u00edcias\"],\"inLanguage\":\"pt-PT\"},{\"@type\":\"WebPage\",\"@id\":\"https:\/\/portaltela.pt\/noticias\/2026\/01\/29\/mais-de-8-000-ocorrencias-registadas-associadas-a-depressao-kristin\/\",\"url\":\"https:\/\/portaltela.pt\/noticias\/2026\/01\/29\/mais-de-8-000-ocorrencias-registadas-associadas-a-depressao-kristin\/\",\"name\":\"Mais de 8.000 ocorr\u00eancias registadas associadas \u00e0 depress\u00e3o Kristin - Portal Tela Portugal\",\"isPartOf\":{\"@id\":\"https:\/\/portaltela.pt\/#website\"},\"primaryImageOfPage\":{\"@id\":\"https:\/\/portaltela.pt\/noticias\/2026\/01\/29\/mais-de-8-000-ocorrencias-registadas-associadas-a-depressao-kristin\/#primaryimage\"},\"image\":{\"@id\":\"https:\/\/portaltela.pt\/noticias\/2026\/01\/29\/mais-de-8-000-ocorrencias-registadas-associadas-a-depressao-kristin\/#primaryimage\"},\"thumbnailUrl\":\"https:\/\/portaltela.pt\/s.01k8rhncp4jt1\/2026\/01\/unnamed-file-5921.jpg\",\"datePublished\":\"2026-01-29T19:32:00+00:00\",\"author\":{\"@id\":\"https:\/\/portaltela.pt\/#\/schema\/person\/c4278d4a6028830caff9ee44b42d32ed\"},\"breadcrumb\":{\"@id\":\"https:\/\/portaltela.pt\/noticias\/2026\/01\/29\/mais-de-8-000-ocorrencias-registadas-associadas-a-depressao-kristin\/#breadcrumb\"},\"inLanguage\":\"pt-PT\",\"potentialAction\":[{\"@type\":\"ReadAction\",\"target\":[\"https:\/\/portaltela.pt\/noticias\/2026\/01\/29\/mais-de-8-000-ocorrencias-registadas-associadas-a-depressao-kristin\/\"]}]},{\"@type\":\"ImageObject\",\"inLanguage\":\"pt-PT\",\"@id\":\"https:\/\/portaltela.pt\/noticias\/2026\/01\/29\/mais-de-8-000-ocorrencias-registadas-associadas-a-depressao-kristin\/#primaryimage\",\"url\":\"https:\/\/portaltela.pt\/s.01k8rhncp4jt1\/2026\/01\/unnamed-file-5921.jpg\",\"contentUrl\":\"https:\/\/portaltela.pt\/s.01k8rhncp4jt1\/2026\/01\/unnamed-file-5921.jpg\",\"width\":796,\"height\":448,\"caption\":\"Registadas mais de 8.000 ocorr\u00eancias devido \u00e0 depress\u00e3o Kristin\"},{\"@type\":\"BreadcrumbList\",\"@id\":\"https:\/\/portaltela.pt\/noticias\/2026\/01\/29\/mais-de-8-000-ocorrencias-registadas-associadas-a-depressao-kristin\/#breadcrumb\",\"itemListElement\":[{\"@type\":\"ListItem\",\"position\":1,\"name\":\"In\u00edcio\",\"item\":\"https:\/\/portaltela.pt\/\"},{\"@type\":\"ListItem\",\"position\":2,\"name\":\"Mais de 8.000 ocorr\u00eancias registadas associadas \u00e0 depress\u00e3o Kristin\"}]},{\"@type\":\"WebSite\",\"@id\":\"https:\/\/portaltela.pt\/#website\",\"url\":\"https:\/\/portaltela.pt\/\",\"name\":\"Portal Tela Portugal\",\"description\":\"\",\"potentialAction\":[{\"@type\":\"SearchAction\",\"target\":{\"@type\":\"EntryPoint\",\"urlTemplate\":\"https:\/\/portaltela.pt\/?s={search_term_string}\"},\"query-input\":{\"@type\":\"PropertyValueSpecification\",\"valueRequired\":true,\"valueName\":\"search_term_string\"}}],\"inLanguage\":\"pt-PT\"},{\"@type\":\"Person\",\"@id\":\"https:\/\/portaltela.pt\/#\/schema\/person\/c4278d4a6028830caff9ee44b42d32ed\",\"name\":\"Telinha\",\"image\":{\"@type\":\"ImageObject\",\"inLanguage\":\"pt-PT\",\"@id\":\"https:\/\/portaltela.pt\/s.01k8rhncp4jt1\/2025\/11\/talking-bot-125x125.png\",\"url\":\"https:\/\/portaltela.pt\/s.01k8rhncp4jt1\/2025\/11\/talking-bot-125x125.png\",\"contentUrl\":\"https:\/\/portaltela.pt\/s.01k8rhncp4jt1\/2025\/11\/talking-bot-125x125.png\",\"caption\":\"Telinha\"},\"sameAs\":[\"https:\/\/portaltela.pt\/\"],\"url\":\"https:\/\/portaltela.pt\/por\/367410592786\/\"}]}<\/script>\n<!-- \/ Yoast SEO plugin. -->","yoast_head_json":{"title":"Mais de 8.000 ocorr\u00eancias registadas associadas \u00e0 depress\u00e3o Kristin - Portal Tela Portugal","robots":{"index":"index","follow":"follow","max-snippet":"max-snippet:-1","max-image-preview":"max-image-preview:large","max-video-preview":"max-video-preview:-1"},"og_locale":"pt_PT","og_type":"article","og_title":"Mais de 8.000 ocorr\u00eancias registadas associadas \u00e0 depress\u00e3o Kristin - Portal Tela Portugal","og_description":"A depress\u00e3o Kristin provocou, at\u00e9 \u00e0s 17:00 de quinta-feira, mais de oito mil ocorr\u00eancias em Portugal continental, com cinco mortos. Regi\u00f5es mais afetadas foram Lisboa, Oeste e Coimbra; na Grande Lisboa ocorreram 1.310, no Oeste 1.141 e em Coimbra 802 ocorr\u00eancias. Entre os danos, destacam-se 4.554 quedas de \u00e1rvores, 1.685 quedas de estruturas, 848 inunda\u00e7\u00f5es, 527 movimentos de massa e 517 limpezas de vias. Houve dezoito salvamentos (17 terrestres e 12 aqu\u00e1ticos); foram registadas v\u00e1rias v\u00edtimas, incluindo uma mulher de 85 anos em Silves (Ribeira de Alcantarilha) e outras em Vila Franca de Xira, Carvide e Fonte Oleiro. O Governo decretou situa\u00e7\u00e3o de calamidade entre 00:00 de quarta-feira e 23:59 de dia 1 de fevereiro para cerca de 60 munic\u00edpios; Leiria, Coimbra e Santar\u00e9m foram os distritos mais afetados.","og_url":"https:\/\/portaltela.pt\/noticias\/2026\/01\/29\/mais-de-8-000-ocorrencias-registadas-associadas-a-depressao-kristin\/","og_site_name":"Portal Tela Portugal","article_published_time":"2026-01-29T19:32:00+00:00","author":"Telinha","twitter_card":"summary_large_image","twitter_misc":{"Escrito por":"Telinha","Tempo estimado de leitura":"1 minuto"},"schema":{"@context":"https:\/\/schema.org","@graph":[{"@type":"Article","@id":"https:\/\/portaltela.pt\/noticias\/2026\/01\/29\/mais-de-8-000-ocorrencias-registadas-associadas-a-depressao-kristin\/#article","isPartOf":{"@id":"https:\/\/portaltela.pt\/noticias\/2026\/01\/29\/mais-de-8-000-ocorrencias-registadas-associadas-a-depressao-kristin\/"},"author":{"name":"Telinha","@id":"https:\/\/portaltela.pt\/#\/schema\/person\/c4278d4a6028830caff9ee44b42d32ed"},"headline":"Mais de 8.000 ocorr\u00eancias registadas associadas \u00e0 depress\u00e3o Kristin","datePublished":"2026-01-29T19:32:00+00:00","mainEntityOfPage":{"@id":"https:\/\/portaltela.pt\/noticias\/2026\/01\/29\/mais-de-8-000-ocorrencias-registadas-associadas-a-depressao-kristin\/"},"wordCount":305,"image":{"@id":"https:\/\/portaltela.pt\/noticias\/2026\/01\/29\/mais-de-8-000-ocorrencias-registadas-associadas-a-depressao-kristin\/#primaryimage"},"thumbnailUrl":"https:\/\/portaltela.pt\/s.01k8rhncp4jt1\/2026\/01\/unnamed-file-5921.jpg","keywords":["calamidade p\u00fablica","Grande Lisboa","inunda\u00e7\u00f5es","Lisboa","movimentos de massa","prote\u00e7\u00e3o civil"],"articleSection":["Not\u00edcias"],"inLanguage":"pt-PT"},{"@type":"WebPage","@id":"https:\/\/portaltela.pt\/noticias\/2026\/01\/29\/mais-de-8-000-ocorrencias-registadas-associadas-a-depressao-kristin\/","url":"https:\/\/portaltela.pt\/noticias\/2026\/01\/29\/mais-de-8-000-ocorrencias-registadas-associadas-a-depressao-kristin\/","name":"Mais de 8.000 ocorr\u00eancias registadas associadas \u00e0 depress\u00e3o Kristin - Portal Tela Portugal","isPartOf":{"@id":"https:\/\/portaltela.pt\/#website"},"primaryImageOfPage":{"@id":"https:\/\/portaltela.pt\/noticias\/2026\/01\/29\/mais-de-8-000-ocorrencias-registadas-associadas-a-depressao-kristin\/#primaryimage"},"image":{"@id":"https:\/\/portaltela.pt\/noticias\/2026\/01\/29\/mais-de-8-000-ocorrencias-registadas-associadas-a-depressao-kristin\/#primaryimage"},"thumbnailUrl":"https:\/\/portaltela.pt\/s.01k8rhncp4jt1\/2026\/01\/unnamed-file-5921.jpg","datePublished":"2026-01-29T19:32:00+00:00","author":{"@id":"https:\/\/portaltela.pt\/#\/schema\/person\/c4278d4a6028830caff9ee44b42d32ed"},"breadcrumb":{"@id":"https:\/\/portaltela.pt\/noticias\/2026\/01\/29\/mais-de-8-000-ocorrencias-registadas-associadas-a-depressao-kristin\/#breadcrumb"},"inLanguage":"pt-PT","potentialAction":[{"@type":"ReadAction","target":["https:\/\/portaltela.pt\/noticias\/2026\/01\/29\/mais-de-8-000-ocorrencias-registadas-associadas-a-depressao-kristin\/"]}]},{"@type":"ImageObject","inLanguage":"pt-PT","@id":"https:\/\/portaltela.pt\/noticias\/2026\/01\/29\/mais-de-8-000-ocorrencias-registadas-associadas-a-depressao-kristin\/#primaryimage","url":"https:\/\/portaltela.pt\/s.01k8rhncp4jt1\/2026\/01\/unnamed-file-5921.jpg","contentUrl":"https:\/\/portaltela.pt\/s.01k8rhncp4jt1\/2026\/01\/unnamed-file-5921.jpg","width":796,"height":448,"caption":"Registadas mais de 8.000 ocorr\u00eancias devido \u00e0 depress\u00e3o Kristin"},{"@type":"BreadcrumbList","@id":"https:\/\/portaltela.pt\/noticias\/2026\/01\/29\/mais-de-8-000-ocorrencias-registadas-associadas-a-depressao-kristin\/#breadcrumb","itemListElement":[{"@type":"ListItem","position":1,"name":"In\u00edcio","item":"https:\/\/portaltela.pt\/"},{"@type":"ListItem","position":2,"name":"Mais de 8.000 ocorr\u00eancias registadas associadas \u00e0 depress\u00e3o Kristin"}]},{"@type":"WebSite","@id":"https:\/\/portaltela.pt\/#website","url":"https:\/\/portaltela.pt\/","name":"Portal Tela Portugal","description":"","potentialAction":[{"@type":"SearchAction","target":{"@type":"EntryPoint","urlTemplate":"https:\/\/portaltela.pt\/?s={search_term_string}"},"query-input":{"@type":"PropertyValueSpecification","valueRequired":true,"valueName":"search_term_string"}}],"inLanguage":"pt-PT"},{"@type":"Person","@id":"https:\/\/portaltela.pt\/#\/schema\/person\/c4278d4a6028830caff9ee44b42d32ed","name":"Telinha","image":{"@type":"ImageObject","inLanguage":"pt-PT","@id":"https:\/\/portaltela.pt\/s.01k8rhncp4jt1\/2025\/11\/talking-bot-125x125.png","url":"https:\/\/portaltela.pt\/s.01k8rhncp4jt1\/2025\/11\/talking-bot-125x125.png","contentUrl":"https:\/\/portaltela.pt\/s.01k8rhncp4jt1\/2025\/11\/talking-bot-125x125.png","caption":"Telinha"},"sameAs":["https:\/\/portaltela.pt\/"],"url":"https:\/\/portaltela.pt\/por\/367410592786\/"}]}},"_links":{"self":[{"href":"https:\/\/portaltela.pt\/api\/wp\/v2\/posts\/182435","targetHints":{"allow":["GET"]}}],"collection":[{"href":"https:\/\/portaltela.pt\/api\/wp\/v2\/posts"}],"about":[{"href":"https:\/\/portaltela.pt\/api\/wp\/v2\/types\/post"}],"author":[{"embeddable":true,"href":"https:\/\/portaltela.pt\/api\/wp\/v2\/users\/2"}],"replies":[{"embeddable":true,"href":"https:\/\/portaltela.pt\/api\/wp\/v2\/comments?post=182435"}],"version-history":[{"count":0,"href":"https:\/\/portaltela.pt\/api\/wp\/v2\/posts\/182435\/revisions"}],"wp:featuredmedia":[{"embeddable":true,"href":"https:\/\/portaltela.pt\/api\/wp\/v2\/media\/182455"}],"wp:attachment":[{"href":"https:\/\/portaltela.pt\/api\/wp\/v2\/media?parent=182435"}],"wp:term":[{"taxonomy":"category","embeddable":true,"href":"https:\/\/portaltela.pt\/api\/wp\/v2\/categories?post=182435"},{"taxonomy":"post_tag","embeddable":true,"href":"https:\/\/portaltela.pt\/api\/wp\/v2\/tags?post=182435"}],"curies":[{"name":"wp","href":"https:\/\/api.w.org\/{rel}","templated":true}]}}