{"id":182424,"date":"2026-01-29T16:43:00","date_gmt":"2026-01-29T19:43:00","guid":{"rendered":"https:\/\/portaltela.pt\/noticias\/2026\/01\/29\/unidade-de-neonatologia-da-uls-da-cova-da-beira-celebra-25-anos\/"},"modified":"2026-01-29T16:43:00","modified_gmt":"2026-01-29T19:43:00","slug":"unidade-de-neonatologia-da-uls-da-cova-da-beira-celebra-25-anos","status":"publish","type":"post","link":"https:\/\/portaltela.pt\/noticias\/2026\/01\/29\/unidade-de-neonatologia-da-uls-da-cova-da-beira-celebra-25-anos\/","title":{"rendered":"Unidade de Neonatologia da ULS da Cova da Beira celebra 25 anos"},"content":{"rendered":"<p>A Unidade de Neonatologia da ULS da Cova da Beira celebrou hoje 25 anos de atua\u00e7\u00e3o junto dos rec\u00e9m-nascidos e das fam\u00edlias da regi\u00e3o. A data marca um quarto de s\u00e9culo de cuidados especializados que nasceram perto de casa.<\/p>\n<p>Ricardo Costa, diretor do Servi\u00e7o de Pediatria, recorda que a ideia de criar a resposta neonatal da regi\u00e3o j\u00e1 estava em curso h\u00e1 mais de 25 anos, quando a infraestrutura ainda estava em obras. O objetivo foi apostar na qualidade dos cuidados materno-infantis.<\/p>\n<p>O respons\u00e1vel real\u00e7a que o crescimento da equipa, a forma\u00e7\u00e3o espec\u00edfica de m\u00e9dicos e enfermeiros e o refor\u00e7o de servi\u00e7os permitiram consolidar a unidade e melhorar o atendimento das crian\u00e7as. A Beira Interior passou a ter refer\u00eancia na \u00e1rea.<\/p>\n<h3>Impacto regional<\/h3>\n<p>A unidade ganha papel central na regi\u00e3o, em complemento a outras maternidades que tamb\u00e9m evolu\u00edram. Houve uma mudan\u00e7a de paradigma na qualidade dos cuidados ao rec\u00e9m-nascido, com apoio perinatal diferenciados face a unidades mais distantes.<\/p>\n<p>Costa sublinha que a disponibilidade de cuidados nas proximidades aumentou a seguran\u00e7a para as m\u00e3es, permitindo ter os filhos perto de casa e com apoio familiar pr\u00f3ximo. A aposta \u00e9 considerada fundamental para 25 anos de funcionamento.<\/p>\n<p>No \u00faltimo ano, a maternidade da Covilh\u00e3 registou mais de 530 partos. As tr\u00eas maternidades da regi\u00e3o \u2014 Castelo Branco, Covilh\u00e3 e Guarda \u2014 ultrapassaram pela primeira vez os 1.500 partos em conjunto, um marco n\u00e3o visto nos \u00faltimos 30 anos.<\/p>\n<h3>Desafio de reten\u00e7\u00e3o de profissionais<\/h3>\n<p>O respons\u00e1vel alerta para a necessidade de fixar profissionais de sa\u00fade na regi\u00e3o, mencionando dificuldades associadas a perce\u00e7\u00f5es do Interior e \u00e0 escassez de investimentos p\u00fablicos. A melhoria das condi\u00e7\u00f5es pode facilitar a fixa\u00e7\u00e3o de equipas e fam\u00edlias.<\/p>\n","protected":false},"excerpt":{"rendered":"<ul>\n<li>A Unidade de Neonatologia da ULS da Cova da Beira celebrou 25 anos ao servi\u00e7o de cuidados aos rec\u00e9m\u2011nascidos e apoio \u00e0s fam\u00edlias.<\/li>\n<li>No \u00faltimo ano houve mais de 530 partos na maternidade da Covilh\u00e3; as tr\u00eas maternidades da regi\u00e3o (Castelo Branco, Covilh\u00e3 e Guarda) ultrapassaram, pela primeira vez nos \u00faltimos 30 anos, a fasquia dos 1.500 partos.<\/li>\n<li>O diretor do Servi\u00e7o de Pediatria, Ricardo Costa, afirma que houve uma mudan\u00e7a de paradigma nos cuidados ao rec\u00e9m\u2011nascido, com cuidados perinatais diferenciados que aumentaram a seguran\u00e7a para nascer perto de casa.<\/li>\n<li>A regi\u00e3o passou a ser uma refer\u00eancia na Beira Interior, com aumento de partos e sele\u00e7\u00e3o da maternidade da Covilh\u00e3 pela prefer\u00eancia das m\u00e3es.<\/li>\n<li>Alerta para a necessidade de fixa\u00e7\u00e3o de profissionais de sa\u00fade na regi\u00e3o, apontando dificuldades do interior e a perce\u00e7\u00e3o de falta de investimento por parte da tutela.<\/li>\n<\/ul>\n","protected":false},"author":2,"featured_media":182452,"comment_status":"closed","ping_status":"closed","sticky":false,"template":"","format":"standard","meta":{"footnotes":""},"categories":[1],"tags":[1846,1306,115,2199,4737,172],"class_list":["post-182424","post","type-post","status-publish","format-standard","has-post-thumbnail","hentry","category-noticias","tag-beira-interior","tag-covilha","tag-maternidade","tag-neonatologia","tag-partos","tag-saude"],"yoast_head":"<!-- This site is optimized with the Yoast SEO plugin v27.2 - https:\/\/yoast.com\/product\/yoast-seo-wordpress\/ -->\n<title>Unidade de Neonatologia da ULS da Cova da Beira celebra 25 anos - Portal Tela Portugal<\/title>\n<meta name=\"robots\" content=\"index, follow, max-snippet:-1, max-image-preview:large, max-video-preview:-1\" \/>\n<meta property=\"og:locale\" content=\"pt_PT\" \/>\n<meta property=\"og:type\" content=\"article\" \/>\n<meta property=\"og:title\" content=\"Unidade de Neonatologia da ULS da Cova da Beira celebra 25 anos - Portal Tela Portugal\" \/>\n<meta property=\"og:description\" content=\"A Unidade de Neonatologia da ULS da Cova da Beira celebrou 25 anos ao servi\u00e7o de cuidados aos rec\u00e9m\u2011nascidos e apoio \u00e0s fam\u00edlias. No \u00faltimo ano houve mais de 530 partos na maternidade da Covilh\u00e3; as tr\u00eas maternidades da regi\u00e3o (Castelo Branco, Covilh\u00e3 e Guarda) ultrapassaram, pela primeira vez nos \u00faltimos 30 anos, a fasquia dos 1.500 partos. O diretor do Servi\u00e7o de Pediatria, Ricardo Costa, afirma que houve uma mudan\u00e7a de paradigma nos cuidados ao rec\u00e9m\u2011nascido, com cuidados perinatais diferenciados que aumentaram a seguran\u00e7a para nascer perto de casa. A regi\u00e3o passou a ser uma refer\u00eancia na Beira Interior, com aumento de partos e sele\u00e7\u00e3o da maternidade da Covilh\u00e3 pela prefer\u00eancia das m\u00e3es. Alerta para a necessidade de fixa\u00e7\u00e3o de profissionais de sa\u00fade na regi\u00e3o, apontando dificuldades do interior e a perce\u00e7\u00e3o de falta de investimento por parte da tutela.\" \/>\n<meta property=\"og:url\" content=\"https:\/\/portaltela.pt\/noticias\/2026\/01\/29\/unidade-de-neonatologia-da-uls-da-cova-da-beira-celebra-25-anos\/\" \/>\n<meta property=\"og:site_name\" content=\"Portal Tela Portugal\" \/>\n<meta property=\"article:published_time\" content=\"2026-01-29T19:43:00+00:00\" \/>\n<meta name=\"author\" content=\"Telinha\" \/>\n<meta name=\"twitter:card\" content=\"summary_large_image\" \/>\n<meta name=\"twitter:label1\" content=\"Escrito por\" \/>\n\t<meta name=\"twitter:data1\" content=\"Telinha\" \/>\n\t<meta name=\"twitter:label2\" content=\"Tempo estimado de leitura\" \/>\n\t<meta name=\"twitter:data2\" content=\"2 minutos\" \/>\n<script type=\"application\/ld+json\" class=\"yoast-schema-graph\">{\"@context\":\"https:\/\/schema.org\",\"@graph\":[{\"@type\":\"Article\",\"@id\":\"https:\/\/portaltela.pt\/noticias\/2026\/01\/29\/unidade-de-neonatologia-da-uls-da-cova-da-beira-celebra-25-anos\/#article\",\"isPartOf\":{\"@id\":\"https:\/\/portaltela.pt\/noticias\/2026\/01\/29\/unidade-de-neonatologia-da-uls-da-cova-da-beira-celebra-25-anos\/\"},\"author\":{\"name\":\"Telinha\",\"@id\":\"https:\/\/portaltela.pt\/#\/schema\/person\/c4278d4a6028830caff9ee44b42d32ed\"},\"headline\":\"Unidade de Neonatologia da ULS da Cova da Beira celebra 25 anos\",\"datePublished\":\"2026-01-29T19:43:00+00:00\",\"mainEntityOfPage\":{\"@id\":\"https:\/\/portaltela.pt\/noticias\/2026\/01\/29\/unidade-de-neonatologia-da-uls-da-cova-da-beira-celebra-25-anos\/\"},\"wordCount\":316,\"image\":{\"@id\":\"https:\/\/portaltela.pt\/noticias\/2026\/01\/29\/unidade-de-neonatologia-da-uls-da-cova-da-beira-celebra-25-anos\/#primaryimage\"},\"thumbnailUrl\":\"https:\/\/portaltela.pt\/s.01k8rhncp4jt1\/2026\/01\/unnamed-file-5919.jpg\",\"keywords\":[\"Beira Interior\",\"Covilh\u00e3\",\"maternidade\",\"Neonatologia\",\"Partos\",\"sa\u00fade\"],\"articleSection\":[\"Not\u00edcias\"],\"inLanguage\":\"pt-PT\"},{\"@type\":\"WebPage\",\"@id\":\"https:\/\/portaltela.pt\/noticias\/2026\/01\/29\/unidade-de-neonatologia-da-uls-da-cova-da-beira-celebra-25-anos\/\",\"url\":\"https:\/\/portaltela.pt\/noticias\/2026\/01\/29\/unidade-de-neonatologia-da-uls-da-cova-da-beira-celebra-25-anos\/\",\"name\":\"Unidade de Neonatologia da ULS da Cova da Beira celebra 25 anos - Portal Tela Portugal\",\"isPartOf\":{\"@id\":\"https:\/\/portaltela.pt\/#website\"},\"primaryImageOfPage\":{\"@id\":\"https:\/\/portaltela.pt\/noticias\/2026\/01\/29\/unidade-de-neonatologia-da-uls-da-cova-da-beira-celebra-25-anos\/#primaryimage\"},\"image\":{\"@id\":\"https:\/\/portaltela.pt\/noticias\/2026\/01\/29\/unidade-de-neonatologia-da-uls-da-cova-da-beira-celebra-25-anos\/#primaryimage\"},\"thumbnailUrl\":\"https:\/\/portaltela.pt\/s.01k8rhncp4jt1\/2026\/01\/unnamed-file-5919.jpg\",\"datePublished\":\"2026-01-29T19:43:00+00:00\",\"author\":{\"@id\":\"https:\/\/portaltela.pt\/#\/schema\/person\/c4278d4a6028830caff9ee44b42d32ed\"},\"breadcrumb\":{\"@id\":\"https:\/\/portaltela.pt\/noticias\/2026\/01\/29\/unidade-de-neonatologia-da-uls-da-cova-da-beira-celebra-25-anos\/#breadcrumb\"},\"inLanguage\":\"pt-PT\",\"potentialAction\":[{\"@type\":\"ReadAction\",\"target\":[\"https:\/\/portaltela.pt\/noticias\/2026\/01\/29\/unidade-de-neonatologia-da-uls-da-cova-da-beira-celebra-25-anos\/\"]}]},{\"@type\":\"ImageObject\",\"inLanguage\":\"pt-PT\",\"@id\":\"https:\/\/portaltela.pt\/noticias\/2026\/01\/29\/unidade-de-neonatologia-da-uls-da-cova-da-beira-celebra-25-anos\/#primaryimage\",\"url\":\"https:\/\/portaltela.pt\/s.01k8rhncp4jt1\/2026\/01\/unnamed-file-5919.jpg\",\"contentUrl\":\"https:\/\/portaltela.pt\/s.01k8rhncp4jt1\/2026\/01\/unnamed-file-5919.jpg\",\"width\":796,\"height\":448,\"caption\":\"Unidade de Neonatologia da ULS da Cova da Beira completa 25 anos\"},{\"@type\":\"BreadcrumbList\",\"@id\":\"https:\/\/portaltela.pt\/noticias\/2026\/01\/29\/unidade-de-neonatologia-da-uls-da-cova-da-beira-celebra-25-anos\/#breadcrumb\",\"itemListElement\":[{\"@type\":\"ListItem\",\"position\":1,\"name\":\"In\u00edcio\",\"item\":\"https:\/\/portaltela.pt\/\"},{\"@type\":\"ListItem\",\"position\":2,\"name\":\"Unidade de Neonatologia da ULS da Cova da Beira celebra 25 anos\"}]},{\"@type\":\"WebSite\",\"@id\":\"https:\/\/portaltela.pt\/#website\",\"url\":\"https:\/\/portaltela.pt\/\",\"name\":\"Portal Tela Portugal\",\"description\":\"\",\"potentialAction\":[{\"@type\":\"SearchAction\",\"target\":{\"@type\":\"EntryPoint\",\"urlTemplate\":\"https:\/\/portaltela.pt\/?s={search_term_string}\"},\"query-input\":{\"@type\":\"PropertyValueSpecification\",\"valueRequired\":true,\"valueName\":\"search_term_string\"}}],\"inLanguage\":\"pt-PT\"},{\"@type\":\"Person\",\"@id\":\"https:\/\/portaltela.pt\/#\/schema\/person\/c4278d4a6028830caff9ee44b42d32ed\",\"name\":\"Telinha\",\"image\":{\"@type\":\"ImageObject\",\"inLanguage\":\"pt-PT\",\"@id\":\"https:\/\/portaltela.pt\/s.01k8rhncp4jt1\/2025\/11\/talking-bot-125x125.png\",\"url\":\"https:\/\/portaltela.pt\/s.01k8rhncp4jt1\/2025\/11\/talking-bot-125x125.png\",\"contentUrl\":\"https:\/\/portaltela.pt\/s.01k8rhncp4jt1\/2025\/11\/talking-bot-125x125.png\",\"caption\":\"Telinha\"},\"sameAs\":[\"https:\/\/portaltela.pt\/\"],\"url\":\"https:\/\/portaltela.pt\/por\/367410592786\/\"}]}<\/script>\n<!-- \/ Yoast SEO plugin. -->","yoast_head_json":{"title":"Unidade de Neonatologia da ULS da Cova da Beira celebra 25 anos - Portal Tela Portugal","robots":{"index":"index","follow":"follow","max-snippet":"max-snippet:-1","max-image-preview":"max-image-preview:large","max-video-preview":"max-video-preview:-1"},"og_locale":"pt_PT","og_type":"article","og_title":"Unidade de Neonatologia da ULS da Cova da Beira celebra 25 anos - Portal Tela Portugal","og_description":"A Unidade de Neonatologia da ULS da Cova da Beira celebrou 25 anos ao servi\u00e7o de cuidados aos rec\u00e9m\u2011nascidos e apoio \u00e0s fam\u00edlias. No \u00faltimo ano houve mais de 530 partos na maternidade da Covilh\u00e3; as tr\u00eas maternidades da regi\u00e3o (Castelo Branco, Covilh\u00e3 e Guarda) ultrapassaram, pela primeira vez nos \u00faltimos 30 anos, a fasquia dos 1.500 partos. O diretor do Servi\u00e7o de Pediatria, Ricardo Costa, afirma que houve uma mudan\u00e7a de paradigma nos cuidados ao rec\u00e9m\u2011nascido, com cuidados perinatais diferenciados que aumentaram a seguran\u00e7a para nascer perto de casa. A regi\u00e3o passou a ser uma refer\u00eancia na Beira Interior, com aumento de partos e sele\u00e7\u00e3o da maternidade da Covilh\u00e3 pela prefer\u00eancia das m\u00e3es. Alerta para a necessidade de fixa\u00e7\u00e3o de profissionais de sa\u00fade na regi\u00e3o, apontando dificuldades do interior e a perce\u00e7\u00e3o de falta de investimento por parte da tutela.","og_url":"https:\/\/portaltela.pt\/noticias\/2026\/01\/29\/unidade-de-neonatologia-da-uls-da-cova-da-beira-celebra-25-anos\/","og_site_name":"Portal Tela Portugal","article_published_time":"2026-01-29T19:43:00+00:00","author":"Telinha","twitter_card":"summary_large_image","twitter_misc":{"Escrito por":"Telinha","Tempo estimado de leitura":"2 minutos"},"schema":{"@context":"https:\/\/schema.org","@graph":[{"@type":"Article","@id":"https:\/\/portaltela.pt\/noticias\/2026\/01\/29\/unidade-de-neonatologia-da-uls-da-cova-da-beira-celebra-25-anos\/#article","isPartOf":{"@id":"https:\/\/portaltela.pt\/noticias\/2026\/01\/29\/unidade-de-neonatologia-da-uls-da-cova-da-beira-celebra-25-anos\/"},"author":{"name":"Telinha","@id":"https:\/\/portaltela.pt\/#\/schema\/person\/c4278d4a6028830caff9ee44b42d32ed"},"headline":"Unidade de Neonatologia da ULS da Cova da Beira celebra 25 anos","datePublished":"2026-01-29T19:43:00+00:00","mainEntityOfPage":{"@id":"https:\/\/portaltela.pt\/noticias\/2026\/01\/29\/unidade-de-neonatologia-da-uls-da-cova-da-beira-celebra-25-anos\/"},"wordCount":316,"image":{"@id":"https:\/\/portaltela.pt\/noticias\/2026\/01\/29\/unidade-de-neonatologia-da-uls-da-cova-da-beira-celebra-25-anos\/#primaryimage"},"thumbnailUrl":"https:\/\/portaltela.pt\/s.01k8rhncp4jt1\/2026\/01\/unnamed-file-5919.jpg","keywords":["Beira Interior","Covilh\u00e3","maternidade","Neonatologia","Partos","sa\u00fade"],"articleSection":["Not\u00edcias"],"inLanguage":"pt-PT"},{"@type":"WebPage","@id":"https:\/\/portaltela.pt\/noticias\/2026\/01\/29\/unidade-de-neonatologia-da-uls-da-cova-da-beira-celebra-25-anos\/","url":"https:\/\/portaltela.pt\/noticias\/2026\/01\/29\/unidade-de-neonatologia-da-uls-da-cova-da-beira-celebra-25-anos\/","name":"Unidade de Neonatologia da ULS da Cova da Beira celebra 25 anos - Portal Tela Portugal","isPartOf":{"@id":"https:\/\/portaltela.pt\/#website"},"primaryImageOfPage":{"@id":"https:\/\/portaltela.pt\/noticias\/2026\/01\/29\/unidade-de-neonatologia-da-uls-da-cova-da-beira-celebra-25-anos\/#primaryimage"},"image":{"@id":"https:\/\/portaltela.pt\/noticias\/2026\/01\/29\/unidade-de-neonatologia-da-uls-da-cova-da-beira-celebra-25-anos\/#primaryimage"},"thumbnailUrl":"https:\/\/portaltela.pt\/s.01k8rhncp4jt1\/2026\/01\/unnamed-file-5919.jpg","datePublished":"2026-01-29T19:43:00+00:00","author":{"@id":"https:\/\/portaltela.pt\/#\/schema\/person\/c4278d4a6028830caff9ee44b42d32ed"},"breadcrumb":{"@id":"https:\/\/portaltela.pt\/noticias\/2026\/01\/29\/unidade-de-neonatologia-da-uls-da-cova-da-beira-celebra-25-anos\/#breadcrumb"},"inLanguage":"pt-PT","potentialAction":[{"@type":"ReadAction","target":["https:\/\/portaltela.pt\/noticias\/2026\/01\/29\/unidade-de-neonatologia-da-uls-da-cova-da-beira-celebra-25-anos\/"]}]},{"@type":"ImageObject","inLanguage":"pt-PT","@id":"https:\/\/portaltela.pt\/noticias\/2026\/01\/29\/unidade-de-neonatologia-da-uls-da-cova-da-beira-celebra-25-anos\/#primaryimage","url":"https:\/\/portaltela.pt\/s.01k8rhncp4jt1\/2026\/01\/unnamed-file-5919.jpg","contentUrl":"https:\/\/portaltela.pt\/s.01k8rhncp4jt1\/2026\/01\/unnamed-file-5919.jpg","width":796,"height":448,"caption":"Unidade de Neonatologia da ULS da Cova da Beira completa 25 anos"},{"@type":"BreadcrumbList","@id":"https:\/\/portaltela.pt\/noticias\/2026\/01\/29\/unidade-de-neonatologia-da-uls-da-cova-da-beira-celebra-25-anos\/#breadcrumb","itemListElement":[{"@type":"ListItem","position":1,"name":"In\u00edcio","item":"https:\/\/portaltela.pt\/"},{"@type":"ListItem","position":2,"name":"Unidade de Neonatologia da ULS da Cova da Beira celebra 25 anos"}]},{"@type":"WebSite","@id":"https:\/\/portaltela.pt\/#website","url":"https:\/\/portaltela.pt\/","name":"Portal Tela Portugal","description":"","potentialAction":[{"@type":"SearchAction","target":{"@type":"EntryPoint","urlTemplate":"https:\/\/portaltela.pt\/?s={search_term_string}"},"query-input":{"@type":"PropertyValueSpecification","valueRequired":true,"valueName":"search_term_string"}}],"inLanguage":"pt-PT"},{"@type":"Person","@id":"https:\/\/portaltela.pt\/#\/schema\/person\/c4278d4a6028830caff9ee44b42d32ed","name":"Telinha","image":{"@type":"ImageObject","inLanguage":"pt-PT","@id":"https:\/\/portaltela.pt\/s.01k8rhncp4jt1\/2025\/11\/talking-bot-125x125.png","url":"https:\/\/portaltela.pt\/s.01k8rhncp4jt1\/2025\/11\/talking-bot-125x125.png","contentUrl":"https:\/\/portaltela.pt\/s.01k8rhncp4jt1\/2025\/11\/talking-bot-125x125.png","caption":"Telinha"},"sameAs":["https:\/\/portaltela.pt\/"],"url":"https:\/\/portaltela.pt\/por\/367410592786\/"}]}},"_links":{"self":[{"href":"https:\/\/portaltela.pt\/api\/wp\/v2\/posts\/182424","targetHints":{"allow":["GET"]}}],"collection":[{"href":"https:\/\/portaltela.pt\/api\/wp\/v2\/posts"}],"about":[{"href":"https:\/\/portaltela.pt\/api\/wp\/v2\/types\/post"}],"author":[{"embeddable":true,"href":"https:\/\/portaltela.pt\/api\/wp\/v2\/users\/2"}],"replies":[{"embeddable":true,"href":"https:\/\/portaltela.pt\/api\/wp\/v2\/comments?post=182424"}],"version-history":[{"count":0,"href":"https:\/\/portaltela.pt\/api\/wp\/v2\/posts\/182424\/revisions"}],"wp:featuredmedia":[{"embeddable":true,"href":"https:\/\/portaltela.pt\/api\/wp\/v2\/media\/182452"}],"wp:attachment":[{"href":"https:\/\/portaltela.pt\/api\/wp\/v2\/media?parent=182424"}],"wp:term":[{"taxonomy":"category","embeddable":true,"href":"https:\/\/portaltela.pt\/api\/wp\/v2\/categories?post=182424"},{"taxonomy":"post_tag","embeddable":true,"href":"https:\/\/portaltela.pt\/api\/wp\/v2\/tags?post=182424"}],"curies":[{"name":"wp","href":"https:\/\/api.w.org\/{rel}","templated":true}]}}