{"id":182361,"date":"2026-01-29T16:27:00","date_gmt":"2026-01-29T19:27:00","guid":{"rendered":"https:\/\/portaltela.pt\/noticias\/2026\/01\/29\/sindicato-denuncia-falta-de-medicos-na-uls-do-nordeste\/"},"modified":"2026-01-29T16:27:00","modified_gmt":"2026-01-29T19:27:00","slug":"sindicato-denuncia-falta-de-medicos-na-uls-do-nordeste","status":"publish","type":"post","link":"https:\/\/portaltela.pt\/noticias\/2026\/01\/29\/sindicato-denuncia-falta-de-medicos-na-uls-do-nordeste\/","title":{"rendered":"Sindicato denuncia falta de m\u00e9dicos na ULS do Nordeste"},"content":{"rendered":"<p>O Sindicato dos M\u00e9dicos do Norte (SMN) alertou hoje para a falta de contrata\u00e7\u00e3o de m\u00e9dicos na Unidade Local de Sa\u00fade (ULS) do Nordeste. A den\u00fancia chega ap\u00f3s uma visita ao hospital de Bragan\u00e7a, onde os profissionais manifestaram preocupa\u00e7\u00f5es sobre a coloca\u00e7\u00e3o de m\u00e9dicos nos quadros, com dezenas de vagas por preencher e progress\u00e3o na carreira pouco efetiva. A situa\u00e7\u00e3o coloca em risco servi\u00e7os como consulta e internamento em algumas \u00e1reas.<\/p>\n<p>Segundo o sindicato, existem servi\u00e7os com quadros incompletos, em que os m\u00e9dicos que prestam servi\u00e7o em regime contratado s\u00e3o quem garante o funcionamento. A ginecologia\/obstetr\u00edcia e a ortopedia aparecem como exemplos da depend\u00eancia de prestadores de servi\u00e7o, n\u00e3o de m\u00e9dicos do quadro. O SMN afirma que n\u00e3o se trata de urg\u00eancia, mas de funcionamento di\u00e1rio.<\/p>\n<p>A progress\u00e3o na carreira \u00e9 outra preocupa\u00e7\u00e3o apontada. De acordo com Joana Bordalo e S\u00e1, presidente do SMN, quase todos os m\u00e9dicos da ULS do Nordeste permanecem no primeiro patamar da categoria, sem evolu\u00e7\u00e3o vertical ou horizontal. O sindicato promete questionar o conselho de administra\u00e7\u00e3o para que o processo de progress\u00e3o seja efetivado.<\/p>\n<h3>Forma\u00e7\u00e3o e financiamento<\/h3>\n<p>O SMN acusa o Governo de Lu\u00eds Montenegro de n\u00e3o investir na contrata\u00e7\u00e3o e forma\u00e7\u00e3o de m\u00e9dicos, defendendo maior equidade na distribui\u00e7\u00e3o de vagas entre litoral e interior. Dados apresentados pelo hospital indicam quedas na forma\u00e7\u00e3o de m\u00e9dicos internos: de 46 vagas em 2024, entraram 38 m\u00e9dicos internos, em 2025 entraram 26 e em 2026 prev\u00ea-se a entrada de apenas 11, com 35 lugares por preencher.<\/p>\n<h3>Impacto no servi\u00e7o e resposta institucional<\/h3>\n<p>A falta de m\u00e9dicos tem repercuss\u00f5es no funcionamento da ULS do Nordeste, que depende de pessoal que possa confirmar quadros e contratos. O encerramento da urg\u00eancia cir\u00fargica do hospital de Mirandela, tema recurrente h\u00e1 mais de dois anos, tamb\u00e9m contextualiza o debate sobre abertura de servi\u00e7os e recursos humanos. A dire\u00e7\u00e3o da ULS Nordeste, contactada pela Lusa, informou n\u00e3o ter informa\u00e7\u00f5es adicionais para prestar sobre o assunto.<\/p>\n","protected":false},"excerpt":{"rendered":"<ul>\n<li>O Sindicato dos M\u00e9dicos do Norte alertou para a falta de contrata\u00e7\u00e3o de m\u00e9dicos na Unidade Local de Sa\u00fade do Nordeste, com dezenas de profissionais em falta.<\/li>\n<li>Em Bragan\u00e7a, m\u00e9dicos dizem que a car\u00eancia afeta consultas, internamento e servi\u00e7os como ginecologia\/obstetr\u00edcia e ortopedia, dependentes de prestadores de servi\u00e7o.<\/li>\n<li>O SMN afirma que a progress\u00e3o na carreira dos m\u00e9dicos da regi\u00e3o n\u00e3o ocorre, com muitos no primeiro patamar sem evolu\u00e7\u00e3o vertical ou horizontal.<\/li>\n<li>O sindicato critica o investimento do Governo de Lu\u00eds Montenegro e pede equidade na distribui\u00e7\u00e3o de vagas entre litoral e interior.<\/li>\n<li>Dados de forma\u00e7\u00e3o indicam que, em 2024, entraram 38 internos (de 46 vagas); em 2025 entraram 26 e, em 2026, apenas 11, deixando 35 lugares por preencher; a situa\u00e7\u00e3o tamb\u00e9m est\u00e1 relacionada com a urg\u00eancia de Mirandela.<\/li>\n<\/ul>\n","protected":false},"author":2,"featured_media":182366,"comment_status":"closed","ping_status":"closed","sticky":false,"template":"","format":"standard","meta":{"footnotes":""},"categories":[1],"tags":[3389,34,1144,4425,1778,271],"class_list":["post-182361","post","type-post","status-publish","format-standard","has-post-thumbnail","hentry","category-noticias","tag-falta-de-docentes","tag-governo","tag-instituicoes","tag-profissionais-de-saude","tag-regionalizacao-territorial","tag-saude-publica"],"yoast_head":"<!-- This site is optimized with the Yoast SEO plugin v27.2 - https:\/\/yoast.com\/product\/yoast-seo-wordpress\/ -->\n<title>Sindicato denuncia falta de m\u00e9dicos na ULS do Nordeste - Portal Tela Portugal<\/title>\n<meta name=\"robots\" content=\"index, follow, max-snippet:-1, max-image-preview:large, max-video-preview:-1\" \/>\n<meta property=\"og:locale\" content=\"pt_PT\" \/>\n<meta property=\"og:type\" content=\"article\" \/>\n<meta property=\"og:title\" content=\"Sindicato denuncia falta de m\u00e9dicos na ULS do Nordeste - Portal Tela Portugal\" \/>\n<meta property=\"og:description\" content=\"O Sindicato dos M\u00e9dicos do Norte alertou para a falta de contrata\u00e7\u00e3o de m\u00e9dicos na Unidade Local de Sa\u00fade do Nordeste, com dezenas de profissionais em falta. Em Bragan\u00e7a, m\u00e9dicos dizem que a car\u00eancia afeta consultas, internamento e servi\u00e7os como ginecologia\/obstetr\u00edcia e ortopedia, dependentes de prestadores de servi\u00e7o. O SMN afirma que a progress\u00e3o na carreira dos m\u00e9dicos da regi\u00e3o n\u00e3o ocorre, com muitos no primeiro patamar sem evolu\u00e7\u00e3o vertical ou horizontal. O sindicato critica o investimento do Governo de Lu\u00eds Montenegro e pede equidade na distribui\u00e7\u00e3o de vagas entre litoral e interior. Dados de forma\u00e7\u00e3o indicam que, em 2024, entraram 38 internos (de 46 vagas); em 2025 entraram 26 e, em 2026, apenas 11, deixando 35 lugares por preencher; a situa\u00e7\u00e3o tamb\u00e9m est\u00e1 relacionada com a urg\u00eancia de Mirandela.\" \/>\n<meta property=\"og:url\" content=\"https:\/\/portaltela.pt\/noticias\/2026\/01\/29\/sindicato-denuncia-falta-de-medicos-na-uls-do-nordeste\/\" \/>\n<meta property=\"og:site_name\" content=\"Portal Tela Portugal\" \/>\n<meta property=\"article:published_time\" content=\"2026-01-29T19:27:00+00:00\" \/>\n<meta name=\"author\" content=\"Telinha\" \/>\n<meta name=\"twitter:card\" content=\"summary_large_image\" \/>\n<meta name=\"twitter:label1\" content=\"Escrito por\" \/>\n\t<meta name=\"twitter:data1\" content=\"Telinha\" \/>\n\t<meta name=\"twitter:label2\" content=\"Tempo estimado de leitura\" \/>\n\t<meta name=\"twitter:data2\" content=\"2 minutos\" \/>\n<script type=\"application\/ld+json\" class=\"yoast-schema-graph\">{\"@context\":\"https:\/\/schema.org\",\"@graph\":[{\"@type\":\"Article\",\"@id\":\"https:\/\/portaltela.pt\/noticias\/2026\/01\/29\/sindicato-denuncia-falta-de-medicos-na-uls-do-nordeste\/#article\",\"isPartOf\":{\"@id\":\"https:\/\/portaltela.pt\/noticias\/2026\/01\/29\/sindicato-denuncia-falta-de-medicos-na-uls-do-nordeste\/\"},\"author\":{\"name\":\"Telinha\",\"@id\":\"https:\/\/portaltela.pt\/#\/schema\/person\/c4278d4a6028830caff9ee44b42d32ed\"},\"headline\":\"Sindicato denuncia falta de m\u00e9dicos na ULS do Nordeste\",\"datePublished\":\"2026-01-29T19:27:00+00:00\",\"mainEntityOfPage\":{\"@id\":\"https:\/\/portaltela.pt\/noticias\/2026\/01\/29\/sindicato-denuncia-falta-de-medicos-na-uls-do-nordeste\/\"},\"wordCount\":375,\"image\":{\"@id\":\"https:\/\/portaltela.pt\/noticias\/2026\/01\/29\/sindicato-denuncia-falta-de-medicos-na-uls-do-nordeste\/#primaryimage\"},\"thumbnailUrl\":\"https:\/\/portaltela.pt\/s.01k8rhncp4jt1\/2026\/01\/igor-martins-hospitalsaojoao-22-005.jpg\",\"keywords\":[\"falta de docentes\",\"governo\",\"institui\u00e7\u00f5es\",\"profissionais de sa\u00fade\",\"regionaliza\u00e7\u00e3o territorial\",\"sa\u00fade p\u00fablica\"],\"articleSection\":[\"Not\u00edcias\"],\"inLanguage\":\"pt-PT\"},{\"@type\":\"WebPage\",\"@id\":\"https:\/\/portaltela.pt\/noticias\/2026\/01\/29\/sindicato-denuncia-falta-de-medicos-na-uls-do-nordeste\/\",\"url\":\"https:\/\/portaltela.pt\/noticias\/2026\/01\/29\/sindicato-denuncia-falta-de-medicos-na-uls-do-nordeste\/\",\"name\":\"Sindicato denuncia falta de m\u00e9dicos na ULS do Nordeste - Portal Tela Portugal\",\"isPartOf\":{\"@id\":\"https:\/\/portaltela.pt\/#website\"},\"primaryImageOfPage\":{\"@id\":\"https:\/\/portaltela.pt\/noticias\/2026\/01\/29\/sindicato-denuncia-falta-de-medicos-na-uls-do-nordeste\/#primaryimage\"},\"image\":{\"@id\":\"https:\/\/portaltela.pt\/noticias\/2026\/01\/29\/sindicato-denuncia-falta-de-medicos-na-uls-do-nordeste\/#primaryimage\"},\"thumbnailUrl\":\"https:\/\/portaltela.pt\/s.01k8rhncp4jt1\/2026\/01\/igor-martins-hospitalsaojoao-22-005.jpg\",\"datePublished\":\"2026-01-29T19:27:00+00:00\",\"author\":{\"@id\":\"https:\/\/portaltela.pt\/#\/schema\/person\/c4278d4a6028830caff9ee44b42d32ed\"},\"breadcrumb\":{\"@id\":\"https:\/\/portaltela.pt\/noticias\/2026\/01\/29\/sindicato-denuncia-falta-de-medicos-na-uls-do-nordeste\/#breadcrumb\"},\"inLanguage\":\"pt-PT\",\"potentialAction\":[{\"@type\":\"ReadAction\",\"target\":[\"https:\/\/portaltela.pt\/noticias\/2026\/01\/29\/sindicato-denuncia-falta-de-medicos-na-uls-do-nordeste\/\"]}]},{\"@type\":\"ImageObject\",\"inLanguage\":\"pt-PT\",\"@id\":\"https:\/\/portaltela.pt\/noticias\/2026\/01\/29\/sindicato-denuncia-falta-de-medicos-na-uls-do-nordeste\/#primaryimage\",\"url\":\"https:\/\/portaltela.pt\/s.01k8rhncp4jt1\/2026\/01\/igor-martins-hospitalsaojoao-22-005.jpg\",\"contentUrl\":\"https:\/\/portaltela.pt\/s.01k8rhncp4jt1\/2026\/01\/igor-martins-hospitalsaojoao-22-005.jpg\",\"width\":796,\"height\":448,\"caption\":\"PSD e PS opuseram-se \u00e0s propostas de Chega e PAN para alterar a lei de bases da sa\u00fade\"},{\"@type\":\"BreadcrumbList\",\"@id\":\"https:\/\/portaltela.pt\/noticias\/2026\/01\/29\/sindicato-denuncia-falta-de-medicos-na-uls-do-nordeste\/#breadcrumb\",\"itemListElement\":[{\"@type\":\"ListItem\",\"position\":1,\"name\":\"In\u00edcio\",\"item\":\"https:\/\/portaltela.pt\/\"},{\"@type\":\"ListItem\",\"position\":2,\"name\":\"Sindicato denuncia falta de m\u00e9dicos na ULS do Nordeste\"}]},{\"@type\":\"WebSite\",\"@id\":\"https:\/\/portaltela.pt\/#website\",\"url\":\"https:\/\/portaltela.pt\/\",\"name\":\"Portal Tela Portugal\",\"description\":\"\",\"potentialAction\":[{\"@type\":\"SearchAction\",\"target\":{\"@type\":\"EntryPoint\",\"urlTemplate\":\"https:\/\/portaltela.pt\/?s={search_term_string}\"},\"query-input\":{\"@type\":\"PropertyValueSpecification\",\"valueRequired\":true,\"valueName\":\"search_term_string\"}}],\"inLanguage\":\"pt-PT\"},{\"@type\":\"Person\",\"@id\":\"https:\/\/portaltela.pt\/#\/schema\/person\/c4278d4a6028830caff9ee44b42d32ed\",\"name\":\"Telinha\",\"image\":{\"@type\":\"ImageObject\",\"inLanguage\":\"pt-PT\",\"@id\":\"https:\/\/portaltela.pt\/s.01k8rhncp4jt1\/2025\/11\/talking-bot-125x125.png\",\"url\":\"https:\/\/portaltela.pt\/s.01k8rhncp4jt1\/2025\/11\/talking-bot-125x125.png\",\"contentUrl\":\"https:\/\/portaltela.pt\/s.01k8rhncp4jt1\/2025\/11\/talking-bot-125x125.png\",\"caption\":\"Telinha\"},\"sameAs\":[\"https:\/\/portaltela.pt\/\"],\"url\":\"https:\/\/portaltela.pt\/por\/367410592786\/\"}]}<\/script>\n<!-- \/ Yoast SEO plugin. -->","yoast_head_json":{"title":"Sindicato denuncia falta de m\u00e9dicos na ULS do Nordeste - Portal Tela Portugal","robots":{"index":"index","follow":"follow","max-snippet":"max-snippet:-1","max-image-preview":"max-image-preview:large","max-video-preview":"max-video-preview:-1"},"og_locale":"pt_PT","og_type":"article","og_title":"Sindicato denuncia falta de m\u00e9dicos na ULS do Nordeste - Portal Tela Portugal","og_description":"O Sindicato dos M\u00e9dicos do Norte alertou para a falta de contrata\u00e7\u00e3o de m\u00e9dicos na Unidade Local de Sa\u00fade do Nordeste, com dezenas de profissionais em falta. Em Bragan\u00e7a, m\u00e9dicos dizem que a car\u00eancia afeta consultas, internamento e servi\u00e7os como ginecologia\/obstetr\u00edcia e ortopedia, dependentes de prestadores de servi\u00e7o. O SMN afirma que a progress\u00e3o na carreira dos m\u00e9dicos da regi\u00e3o n\u00e3o ocorre, com muitos no primeiro patamar sem evolu\u00e7\u00e3o vertical ou horizontal. O sindicato critica o investimento do Governo de Lu\u00eds Montenegro e pede equidade na distribui\u00e7\u00e3o de vagas entre litoral e interior. Dados de forma\u00e7\u00e3o indicam que, em 2024, entraram 38 internos (de 46 vagas); em 2025 entraram 26 e, em 2026, apenas 11, deixando 35 lugares por preencher; a situa\u00e7\u00e3o tamb\u00e9m est\u00e1 relacionada com a urg\u00eancia de Mirandela.","og_url":"https:\/\/portaltela.pt\/noticias\/2026\/01\/29\/sindicato-denuncia-falta-de-medicos-na-uls-do-nordeste\/","og_site_name":"Portal Tela Portugal","article_published_time":"2026-01-29T19:27:00+00:00","author":"Telinha","twitter_card":"summary_large_image","twitter_misc":{"Escrito por":"Telinha","Tempo estimado de leitura":"2 minutos"},"schema":{"@context":"https:\/\/schema.org","@graph":[{"@type":"Article","@id":"https:\/\/portaltela.pt\/noticias\/2026\/01\/29\/sindicato-denuncia-falta-de-medicos-na-uls-do-nordeste\/#article","isPartOf":{"@id":"https:\/\/portaltela.pt\/noticias\/2026\/01\/29\/sindicato-denuncia-falta-de-medicos-na-uls-do-nordeste\/"},"author":{"name":"Telinha","@id":"https:\/\/portaltela.pt\/#\/schema\/person\/c4278d4a6028830caff9ee44b42d32ed"},"headline":"Sindicato denuncia falta de m\u00e9dicos na ULS do Nordeste","datePublished":"2026-01-29T19:27:00+00:00","mainEntityOfPage":{"@id":"https:\/\/portaltela.pt\/noticias\/2026\/01\/29\/sindicato-denuncia-falta-de-medicos-na-uls-do-nordeste\/"},"wordCount":375,"image":{"@id":"https:\/\/portaltela.pt\/noticias\/2026\/01\/29\/sindicato-denuncia-falta-de-medicos-na-uls-do-nordeste\/#primaryimage"},"thumbnailUrl":"https:\/\/portaltela.pt\/s.01k8rhncp4jt1\/2026\/01\/igor-martins-hospitalsaojoao-22-005.jpg","keywords":["falta de docentes","governo","institui\u00e7\u00f5es","profissionais de sa\u00fade","regionaliza\u00e7\u00e3o territorial","sa\u00fade p\u00fablica"],"articleSection":["Not\u00edcias"],"inLanguage":"pt-PT"},{"@type":"WebPage","@id":"https:\/\/portaltela.pt\/noticias\/2026\/01\/29\/sindicato-denuncia-falta-de-medicos-na-uls-do-nordeste\/","url":"https:\/\/portaltela.pt\/noticias\/2026\/01\/29\/sindicato-denuncia-falta-de-medicos-na-uls-do-nordeste\/","name":"Sindicato denuncia falta de m\u00e9dicos na ULS do Nordeste - Portal Tela Portugal","isPartOf":{"@id":"https:\/\/portaltela.pt\/#website"},"primaryImageOfPage":{"@id":"https:\/\/portaltela.pt\/noticias\/2026\/01\/29\/sindicato-denuncia-falta-de-medicos-na-uls-do-nordeste\/#primaryimage"},"image":{"@id":"https:\/\/portaltela.pt\/noticias\/2026\/01\/29\/sindicato-denuncia-falta-de-medicos-na-uls-do-nordeste\/#primaryimage"},"thumbnailUrl":"https:\/\/portaltela.pt\/s.01k8rhncp4jt1\/2026\/01\/igor-martins-hospitalsaojoao-22-005.jpg","datePublished":"2026-01-29T19:27:00+00:00","author":{"@id":"https:\/\/portaltela.pt\/#\/schema\/person\/c4278d4a6028830caff9ee44b42d32ed"},"breadcrumb":{"@id":"https:\/\/portaltela.pt\/noticias\/2026\/01\/29\/sindicato-denuncia-falta-de-medicos-na-uls-do-nordeste\/#breadcrumb"},"inLanguage":"pt-PT","potentialAction":[{"@type":"ReadAction","target":["https:\/\/portaltela.pt\/noticias\/2026\/01\/29\/sindicato-denuncia-falta-de-medicos-na-uls-do-nordeste\/"]}]},{"@type":"ImageObject","inLanguage":"pt-PT","@id":"https:\/\/portaltela.pt\/noticias\/2026\/01\/29\/sindicato-denuncia-falta-de-medicos-na-uls-do-nordeste\/#primaryimage","url":"https:\/\/portaltela.pt\/s.01k8rhncp4jt1\/2026\/01\/igor-martins-hospitalsaojoao-22-005.jpg","contentUrl":"https:\/\/portaltela.pt\/s.01k8rhncp4jt1\/2026\/01\/igor-martins-hospitalsaojoao-22-005.jpg","width":796,"height":448,"caption":"PSD e PS opuseram-se \u00e0s propostas de Chega e PAN para alterar a lei de bases da sa\u00fade"},{"@type":"BreadcrumbList","@id":"https:\/\/portaltela.pt\/noticias\/2026\/01\/29\/sindicato-denuncia-falta-de-medicos-na-uls-do-nordeste\/#breadcrumb","itemListElement":[{"@type":"ListItem","position":1,"name":"In\u00edcio","item":"https:\/\/portaltela.pt\/"},{"@type":"ListItem","position":2,"name":"Sindicato denuncia falta de m\u00e9dicos na ULS do Nordeste"}]},{"@type":"WebSite","@id":"https:\/\/portaltela.pt\/#website","url":"https:\/\/portaltela.pt\/","name":"Portal Tela Portugal","description":"","potentialAction":[{"@type":"SearchAction","target":{"@type":"EntryPoint","urlTemplate":"https:\/\/portaltela.pt\/?s={search_term_string}"},"query-input":{"@type":"PropertyValueSpecification","valueRequired":true,"valueName":"search_term_string"}}],"inLanguage":"pt-PT"},{"@type":"Person","@id":"https:\/\/portaltela.pt\/#\/schema\/person\/c4278d4a6028830caff9ee44b42d32ed","name":"Telinha","image":{"@type":"ImageObject","inLanguage":"pt-PT","@id":"https:\/\/portaltela.pt\/s.01k8rhncp4jt1\/2025\/11\/talking-bot-125x125.png","url":"https:\/\/portaltela.pt\/s.01k8rhncp4jt1\/2025\/11\/talking-bot-125x125.png","contentUrl":"https:\/\/portaltela.pt\/s.01k8rhncp4jt1\/2025\/11\/talking-bot-125x125.png","caption":"Telinha"},"sameAs":["https:\/\/portaltela.pt\/"],"url":"https:\/\/portaltela.pt\/por\/367410592786\/"}]}},"_links":{"self":[{"href":"https:\/\/portaltela.pt\/api\/wp\/v2\/posts\/182361","targetHints":{"allow":["GET"]}}],"collection":[{"href":"https:\/\/portaltela.pt\/api\/wp\/v2\/posts"}],"about":[{"href":"https:\/\/portaltela.pt\/api\/wp\/v2\/types\/post"}],"author":[{"embeddable":true,"href":"https:\/\/portaltela.pt\/api\/wp\/v2\/users\/2"}],"replies":[{"embeddable":true,"href":"https:\/\/portaltela.pt\/api\/wp\/v2\/comments?post=182361"}],"version-history":[{"count":0,"href":"https:\/\/portaltela.pt\/api\/wp\/v2\/posts\/182361\/revisions"}],"wp:featuredmedia":[{"embeddable":true,"href":"https:\/\/portaltela.pt\/api\/wp\/v2\/media\/182366"}],"wp:attachment":[{"href":"https:\/\/portaltela.pt\/api\/wp\/v2\/media?parent=182361"}],"wp:term":[{"taxonomy":"category","embeddable":true,"href":"https:\/\/portaltela.pt\/api\/wp\/v2\/categories?post=182361"},{"taxonomy":"post_tag","embeddable":true,"href":"https:\/\/portaltela.pt\/api\/wp\/v2\/tags?post=182361"}],"curies":[{"name":"wp","href":"https:\/\/api.w.org\/{rel}","templated":true}]}}