{"id":182286,"date":"2026-01-29T16:11:00","date_gmt":"2026-01-29T19:11:00","guid":{"rendered":"https:\/\/portaltela.pt\/noticias\/2026\/01\/29\/gnr-abre-processos-a-cinco-militares-por-estado-de-alcoolemia-tres-transferidos\/"},"modified":"2026-01-29T16:11:00","modified_gmt":"2026-01-29T19:11:00","slug":"gnr-abre-processos-a-cinco-militares-por-estado-de-alcoolemia-tres-transferidos","status":"publish","type":"post","link":"https:\/\/portaltela.pt\/noticias\/2026\/01\/29\/gnr-abre-processos-a-cinco-militares-por-estado-de-alcoolemia-tres-transferidos\/","title":{"rendered":"GNR abre processos a cinco militares por estado de alcoolemia; tr\u00eas transferidos"},"content":{"rendered":"<p>A Guarda Nacional Republicana abriu processos disciplinares a cinco militares do posto da Costa de Caparica, em Almada, por terem estado alcoolizados durante o servi\u00e7o no s\u00e1bado, 24 de janeiro. A a\u00e7\u00e3o ocorreu no posto, durante o turno diurno.<\/p>\n<p>Quatro dos militares estavam na faixa et\u00e1ria entre 25 e 35 anos, segundo informa\u00e7\u00f5es oficiais. Tr\u00eas apresentavam uma taxa de alcoolemia superior a 1,2 g\/L de sangue, valor considerado crime pelo C\u00f3digo da Estrada.<\/p>\n<p>Como medida preventiva, enquanto decorre o apuramento dos factos, tr\u00eas dos militares foram transferidos para outros postos. Os processos seguem termos no Comando Territorial de Set\u00fabal, a quem estavam afetos.<\/p>\n<p>A not\u00edcia foi reportada pela CNN Portugal e confirmada ao P\u00daBLICO por fonte oficial da GNR. A institui\u00e7\u00e3o n\u00e3o revelou detalhes adicionais sobre as identidades dos militares nem sobre o andamento dos inqu\u00e9ritos.<\/p>\n","protected":false},"excerpt":{"rendered":"<ul>\n<li>A GNR abriu processos disciplinares a cinco militares do posto da Costa de Caparica, em Almada, ap\u00f3s celebrarem-se no s\u00e1bado, 24 de janeiro, durante o servi\u00e7o, estando embriagados.<\/li>\n<li>Tr\u00eas dos militares apresentavam uma taxa de alcoolemia superior a 1,2 gr\/ litro de sangue, valor considerado crime segundo o C\u00f3digo da Estrada.<\/li>\n<li>Os restantes dois tinham taxas acima do permitido em contexto de servi\u00e7o.<\/li>\n<li>Como medida preventiva, foram transferidos tr\u00eas militares para outros postos, enquanto decorre o apuramento dos factos.<\/li>\n<li>Os processos disciplinares est\u00e3o a decorrer no Comando Territorial de Set\u00fabal; os militares t\u00eam entre 25 e 35 anos.<\/li>\n<\/ul>\n","protected":false},"author":2,"featured_media":182293,"comment_status":"closed","ping_status":"closed","sticky":false,"template":"","format":"standard","meta":{"footnotes":""},"categories":[1],"tags":[1373,1953,147,221,250,994],"class_list":["post-182286","post","type-post","status-publish","format-standard","has-post-thumbnail","hentry","category-noticias","tag-almada","tag-conducao-sob-a-influencia-de-alcool","tag-crime","tag-excesso-de-alcool","tag-seguranca-publica","tag-setubal"],"yoast_head":"<!-- This site is optimized with the Yoast SEO plugin v27.2 - https:\/\/yoast.com\/product\/yoast-seo-wordpress\/ -->\n<title>GNR abre processos a cinco militares por estado de alcoolemia; tr\u00eas transferidos - Portal Tela Portugal<\/title>\n<meta name=\"robots\" content=\"index, follow, max-snippet:-1, max-image-preview:large, max-video-preview:-1\" \/>\n<meta property=\"og:locale\" content=\"pt_PT\" \/>\n<meta property=\"og:type\" content=\"article\" \/>\n<meta property=\"og:title\" content=\"GNR abre processos a cinco militares por estado de alcoolemia; tr\u00eas transferidos - Portal Tela Portugal\" \/>\n<meta property=\"og:description\" content=\"A GNR abriu processos disciplinares a cinco militares do posto da Costa de Caparica, em Almada, ap\u00f3s celebrarem-se no s\u00e1bado, 24 de janeiro, durante o servi\u00e7o, estando embriagados. Tr\u00eas dos militares apresentavam uma taxa de alcoolemia superior a 1,2 gr\/ litro de sangue, valor considerado crime segundo o C\u00f3digo da Estrada. Os restantes dois tinham taxas acima do permitido em contexto de servi\u00e7o. Como medida preventiva, foram transferidos tr\u00eas militares para outros postos, enquanto decorre o apuramento dos factos. Os processos disciplinares est\u00e3o a decorrer no Comando Territorial de Set\u00fabal; os militares t\u00eam entre 25 e 35 anos.\" \/>\n<meta property=\"og:url\" content=\"https:\/\/portaltela.pt\/noticias\/2026\/01\/29\/gnr-abre-processos-a-cinco-militares-por-estado-de-alcoolemia-tres-transferidos\/\" \/>\n<meta property=\"og:site_name\" content=\"Portal Tela Portugal\" \/>\n<meta property=\"article:published_time\" content=\"2026-01-29T19:11:00+00:00\" \/>\n<meta name=\"author\" content=\"Telinha\" \/>\n<meta name=\"twitter:card\" content=\"summary_large_image\" \/>\n<meta name=\"twitter:label1\" content=\"Escrito por\" \/>\n\t<meta name=\"twitter:data1\" content=\"Telinha\" \/>\n\t<meta name=\"twitter:label2\" content=\"Tempo estimado de leitura\" \/>\n\t<meta name=\"twitter:data2\" content=\"1 minuto\" \/>\n<script type=\"application\/ld+json\" class=\"yoast-schema-graph\">{\"@context\":\"https:\/\/schema.org\",\"@graph\":[{\"@type\":\"Article\",\"@id\":\"https:\/\/portaltela.pt\/noticias\/2026\/01\/29\/gnr-abre-processos-a-cinco-militares-por-estado-de-alcoolemia-tres-transferidos\/#article\",\"isPartOf\":{\"@id\":\"https:\/\/portaltela.pt\/noticias\/2026\/01\/29\/gnr-abre-processos-a-cinco-militares-por-estado-de-alcoolemia-tres-transferidos\/\"},\"author\":{\"name\":\"Telinha\",\"@id\":\"https:\/\/portaltela.pt\/#\/schema\/person\/c4278d4a6028830caff9ee44b42d32ed\"},\"headline\":\"GNR abre processos a cinco militares por estado de alcoolemia; tr\u00eas transferidos\",\"datePublished\":\"2026-01-29T19:11:00+00:00\",\"mainEntityOfPage\":{\"@id\":\"https:\/\/portaltela.pt\/noticias\/2026\/01\/29\/gnr-abre-processos-a-cinco-militares-por-estado-de-alcoolemia-tres-transferidos\/\"},\"wordCount\":160,\"image\":{\"@id\":\"https:\/\/portaltela.pt\/noticias\/2026\/01\/29\/gnr-abre-processos-a-cinco-militares-por-estado-de-alcoolemia-tres-transferidos\/#primaryimage\"},\"thumbnailUrl\":\"https:\/\/portaltela.pt\/s.01k8rhncp4jt1\/2026\/01\/2062872.jpg\",\"keywords\":[\"Almada\",\"condu\u00e7\u00e3o sob a influ\u00eancia de \u00e1lcool\",\"crime\",\"excesso de \u00e1lcool\",\"seguran\u00e7a p\u00fablica\",\"Set\u00fabal\"],\"articleSection\":[\"Not\u00edcias\"],\"inLanguage\":\"pt-PT\"},{\"@type\":\"WebPage\",\"@id\":\"https:\/\/portaltela.pt\/noticias\/2026\/01\/29\/gnr-abre-processos-a-cinco-militares-por-estado-de-alcoolemia-tres-transferidos\/\",\"url\":\"https:\/\/portaltela.pt\/noticias\/2026\/01\/29\/gnr-abre-processos-a-cinco-militares-por-estado-de-alcoolemia-tres-transferidos\/\",\"name\":\"GNR abre processos a cinco militares por estado de alcoolemia; tr\u00eas transferidos - Portal Tela Portugal\",\"isPartOf\":{\"@id\":\"https:\/\/portaltela.pt\/#website\"},\"primaryImageOfPage\":{\"@id\":\"https:\/\/portaltela.pt\/noticias\/2026\/01\/29\/gnr-abre-processos-a-cinco-militares-por-estado-de-alcoolemia-tres-transferidos\/#primaryimage\"},\"image\":{\"@id\":\"https:\/\/portaltela.pt\/noticias\/2026\/01\/29\/gnr-abre-processos-a-cinco-militares-por-estado-de-alcoolemia-tres-transferidos\/#primaryimage\"},\"thumbnailUrl\":\"https:\/\/portaltela.pt\/s.01k8rhncp4jt1\/2026\/01\/2062872.jpg\",\"datePublished\":\"2026-01-29T19:11:00+00:00\",\"author\":{\"@id\":\"https:\/\/portaltela.pt\/#\/schema\/person\/c4278d4a6028830caff9ee44b42d32ed\"},\"breadcrumb\":{\"@id\":\"https:\/\/portaltela.pt\/noticias\/2026\/01\/29\/gnr-abre-processos-a-cinco-militares-por-estado-de-alcoolemia-tres-transferidos\/#breadcrumb\"},\"inLanguage\":\"pt-PT\",\"potentialAction\":[{\"@type\":\"ReadAction\",\"target\":[\"https:\/\/portaltela.pt\/noticias\/2026\/01\/29\/gnr-abre-processos-a-cinco-militares-por-estado-de-alcoolemia-tres-transferidos\/\"]}]},{\"@type\":\"ImageObject\",\"inLanguage\":\"pt-PT\",\"@id\":\"https:\/\/portaltela.pt\/noticias\/2026\/01\/29\/gnr-abre-processos-a-cinco-militares-por-estado-de-alcoolemia-tres-transferidos\/#primaryimage\",\"url\":\"https:\/\/portaltela.pt\/s.01k8rhncp4jt1\/2026\/01\/2062872.jpg\",\"contentUrl\":\"https:\/\/portaltela.pt\/s.01k8rhncp4jt1\/2026\/01\/2062872.jpg\",\"width\":796,\"height\":448,\"caption\":\"Os militares em causa tinham entre 25 e 35 anos\"},{\"@type\":\"BreadcrumbList\",\"@id\":\"https:\/\/portaltela.pt\/noticias\/2026\/01\/29\/gnr-abre-processos-a-cinco-militares-por-estado-de-alcoolemia-tres-transferidos\/#breadcrumb\",\"itemListElement\":[{\"@type\":\"ListItem\",\"position\":1,\"name\":\"In\u00edcio\",\"item\":\"https:\/\/portaltela.pt\/\"},{\"@type\":\"ListItem\",\"position\":2,\"name\":\"GNR abre processos a cinco militares por estado de alcoolemia; tr\u00eas transferidos\"}]},{\"@type\":\"WebSite\",\"@id\":\"https:\/\/portaltela.pt\/#website\",\"url\":\"https:\/\/portaltela.pt\/\",\"name\":\"Portal Tela Portugal\",\"description\":\"\",\"potentialAction\":[{\"@type\":\"SearchAction\",\"target\":{\"@type\":\"EntryPoint\",\"urlTemplate\":\"https:\/\/portaltela.pt\/?s={search_term_string}\"},\"query-input\":{\"@type\":\"PropertyValueSpecification\",\"valueRequired\":true,\"valueName\":\"search_term_string\"}}],\"inLanguage\":\"pt-PT\"},{\"@type\":\"Person\",\"@id\":\"https:\/\/portaltela.pt\/#\/schema\/person\/c4278d4a6028830caff9ee44b42d32ed\",\"name\":\"Telinha\",\"image\":{\"@type\":\"ImageObject\",\"inLanguage\":\"pt-PT\",\"@id\":\"https:\/\/portaltela.pt\/s.01k8rhncp4jt1\/2025\/11\/talking-bot-125x125.png\",\"url\":\"https:\/\/portaltela.pt\/s.01k8rhncp4jt1\/2025\/11\/talking-bot-125x125.png\",\"contentUrl\":\"https:\/\/portaltela.pt\/s.01k8rhncp4jt1\/2025\/11\/talking-bot-125x125.png\",\"caption\":\"Telinha\"},\"sameAs\":[\"https:\/\/portaltela.pt\/\"],\"url\":\"https:\/\/portaltela.pt\/por\/367410592786\/\"}]}<\/script>\n<!-- \/ Yoast SEO plugin. -->","yoast_head_json":{"title":"GNR abre processos a cinco militares por estado de alcoolemia; tr\u00eas transferidos - Portal Tela Portugal","robots":{"index":"index","follow":"follow","max-snippet":"max-snippet:-1","max-image-preview":"max-image-preview:large","max-video-preview":"max-video-preview:-1"},"og_locale":"pt_PT","og_type":"article","og_title":"GNR abre processos a cinco militares por estado de alcoolemia; tr\u00eas transferidos - Portal Tela Portugal","og_description":"A GNR abriu processos disciplinares a cinco militares do posto da Costa de Caparica, em Almada, ap\u00f3s celebrarem-se no s\u00e1bado, 24 de janeiro, durante o servi\u00e7o, estando embriagados. Tr\u00eas dos militares apresentavam uma taxa de alcoolemia superior a 1,2 gr\/ litro de sangue, valor considerado crime segundo o C\u00f3digo da Estrada. Os restantes dois tinham taxas acima do permitido em contexto de servi\u00e7o. Como medida preventiva, foram transferidos tr\u00eas militares para outros postos, enquanto decorre o apuramento dos factos. Os processos disciplinares est\u00e3o a decorrer no Comando Territorial de Set\u00fabal; os militares t\u00eam entre 25 e 35 anos.","og_url":"https:\/\/portaltela.pt\/noticias\/2026\/01\/29\/gnr-abre-processos-a-cinco-militares-por-estado-de-alcoolemia-tres-transferidos\/","og_site_name":"Portal Tela Portugal","article_published_time":"2026-01-29T19:11:00+00:00","author":"Telinha","twitter_card":"summary_large_image","twitter_misc":{"Escrito por":"Telinha","Tempo estimado de leitura":"1 minuto"},"schema":{"@context":"https:\/\/schema.org","@graph":[{"@type":"Article","@id":"https:\/\/portaltela.pt\/noticias\/2026\/01\/29\/gnr-abre-processos-a-cinco-militares-por-estado-de-alcoolemia-tres-transferidos\/#article","isPartOf":{"@id":"https:\/\/portaltela.pt\/noticias\/2026\/01\/29\/gnr-abre-processos-a-cinco-militares-por-estado-de-alcoolemia-tres-transferidos\/"},"author":{"name":"Telinha","@id":"https:\/\/portaltela.pt\/#\/schema\/person\/c4278d4a6028830caff9ee44b42d32ed"},"headline":"GNR abre processos a cinco militares por estado de alcoolemia; tr\u00eas transferidos","datePublished":"2026-01-29T19:11:00+00:00","mainEntityOfPage":{"@id":"https:\/\/portaltela.pt\/noticias\/2026\/01\/29\/gnr-abre-processos-a-cinco-militares-por-estado-de-alcoolemia-tres-transferidos\/"},"wordCount":160,"image":{"@id":"https:\/\/portaltela.pt\/noticias\/2026\/01\/29\/gnr-abre-processos-a-cinco-militares-por-estado-de-alcoolemia-tres-transferidos\/#primaryimage"},"thumbnailUrl":"https:\/\/portaltela.pt\/s.01k8rhncp4jt1\/2026\/01\/2062872.jpg","keywords":["Almada","condu\u00e7\u00e3o sob a influ\u00eancia de \u00e1lcool","crime","excesso de \u00e1lcool","seguran\u00e7a p\u00fablica","Set\u00fabal"],"articleSection":["Not\u00edcias"],"inLanguage":"pt-PT"},{"@type":"WebPage","@id":"https:\/\/portaltela.pt\/noticias\/2026\/01\/29\/gnr-abre-processos-a-cinco-militares-por-estado-de-alcoolemia-tres-transferidos\/","url":"https:\/\/portaltela.pt\/noticias\/2026\/01\/29\/gnr-abre-processos-a-cinco-militares-por-estado-de-alcoolemia-tres-transferidos\/","name":"GNR abre processos a cinco militares por estado de alcoolemia; tr\u00eas transferidos - Portal Tela Portugal","isPartOf":{"@id":"https:\/\/portaltela.pt\/#website"},"primaryImageOfPage":{"@id":"https:\/\/portaltela.pt\/noticias\/2026\/01\/29\/gnr-abre-processos-a-cinco-militares-por-estado-de-alcoolemia-tres-transferidos\/#primaryimage"},"image":{"@id":"https:\/\/portaltela.pt\/noticias\/2026\/01\/29\/gnr-abre-processos-a-cinco-militares-por-estado-de-alcoolemia-tres-transferidos\/#primaryimage"},"thumbnailUrl":"https:\/\/portaltela.pt\/s.01k8rhncp4jt1\/2026\/01\/2062872.jpg","datePublished":"2026-01-29T19:11:00+00:00","author":{"@id":"https:\/\/portaltela.pt\/#\/schema\/person\/c4278d4a6028830caff9ee44b42d32ed"},"breadcrumb":{"@id":"https:\/\/portaltela.pt\/noticias\/2026\/01\/29\/gnr-abre-processos-a-cinco-militares-por-estado-de-alcoolemia-tres-transferidos\/#breadcrumb"},"inLanguage":"pt-PT","potentialAction":[{"@type":"ReadAction","target":["https:\/\/portaltela.pt\/noticias\/2026\/01\/29\/gnr-abre-processos-a-cinco-militares-por-estado-de-alcoolemia-tres-transferidos\/"]}]},{"@type":"ImageObject","inLanguage":"pt-PT","@id":"https:\/\/portaltela.pt\/noticias\/2026\/01\/29\/gnr-abre-processos-a-cinco-militares-por-estado-de-alcoolemia-tres-transferidos\/#primaryimage","url":"https:\/\/portaltela.pt\/s.01k8rhncp4jt1\/2026\/01\/2062872.jpg","contentUrl":"https:\/\/portaltela.pt\/s.01k8rhncp4jt1\/2026\/01\/2062872.jpg","width":796,"height":448,"caption":"Os militares em causa tinham entre 25 e 35 anos"},{"@type":"BreadcrumbList","@id":"https:\/\/portaltela.pt\/noticias\/2026\/01\/29\/gnr-abre-processos-a-cinco-militares-por-estado-de-alcoolemia-tres-transferidos\/#breadcrumb","itemListElement":[{"@type":"ListItem","position":1,"name":"In\u00edcio","item":"https:\/\/portaltela.pt\/"},{"@type":"ListItem","position":2,"name":"GNR abre processos a cinco militares por estado de alcoolemia; tr\u00eas transferidos"}]},{"@type":"WebSite","@id":"https:\/\/portaltela.pt\/#website","url":"https:\/\/portaltela.pt\/","name":"Portal Tela Portugal","description":"","potentialAction":[{"@type":"SearchAction","target":{"@type":"EntryPoint","urlTemplate":"https:\/\/portaltela.pt\/?s={search_term_string}"},"query-input":{"@type":"PropertyValueSpecification","valueRequired":true,"valueName":"search_term_string"}}],"inLanguage":"pt-PT"},{"@type":"Person","@id":"https:\/\/portaltela.pt\/#\/schema\/person\/c4278d4a6028830caff9ee44b42d32ed","name":"Telinha","image":{"@type":"ImageObject","inLanguage":"pt-PT","@id":"https:\/\/portaltela.pt\/s.01k8rhncp4jt1\/2025\/11\/talking-bot-125x125.png","url":"https:\/\/portaltela.pt\/s.01k8rhncp4jt1\/2025\/11\/talking-bot-125x125.png","contentUrl":"https:\/\/portaltela.pt\/s.01k8rhncp4jt1\/2025\/11\/talking-bot-125x125.png","caption":"Telinha"},"sameAs":["https:\/\/portaltela.pt\/"],"url":"https:\/\/portaltela.pt\/por\/367410592786\/"}]}},"_links":{"self":[{"href":"https:\/\/portaltela.pt\/api\/wp\/v2\/posts\/182286","targetHints":{"allow":["GET"]}}],"collection":[{"href":"https:\/\/portaltela.pt\/api\/wp\/v2\/posts"}],"about":[{"href":"https:\/\/portaltela.pt\/api\/wp\/v2\/types\/post"}],"author":[{"embeddable":true,"href":"https:\/\/portaltela.pt\/api\/wp\/v2\/users\/2"}],"replies":[{"embeddable":true,"href":"https:\/\/portaltela.pt\/api\/wp\/v2\/comments?post=182286"}],"version-history":[{"count":0,"href":"https:\/\/portaltela.pt\/api\/wp\/v2\/posts\/182286\/revisions"}],"wp:featuredmedia":[{"embeddable":true,"href":"https:\/\/portaltela.pt\/api\/wp\/v2\/media\/182293"}],"wp:attachment":[{"href":"https:\/\/portaltela.pt\/api\/wp\/v2\/media?parent=182286"}],"wp:term":[{"taxonomy":"category","embeddable":true,"href":"https:\/\/portaltela.pt\/api\/wp\/v2\/categories?post=182286"},{"taxonomy":"post_tag","embeddable":true,"href":"https:\/\/portaltela.pt\/api\/wp\/v2\/tags?post=182286"}],"curies":[{"name":"wp","href":"https:\/\/api.w.org\/{rel}","templated":true}]}}