{"id":182197,"date":"2026-01-29T15:35:00","date_gmt":"2026-01-29T18:35:00","guid":{"rendered":"https:\/\/portaltela.pt\/noticias\/2026\/01\/29\/18-dos-854-imoveis-devolutos-da-seguranca-social-estao-vazios\/"},"modified":"2026-01-29T15:35:00","modified_gmt":"2026-01-29T18:35:00","slug":"18-dos-854-imoveis-devolutos-da-seguranca-social-estao-vazios","status":"publish","type":"post","link":"https:\/\/portaltela.pt\/noticias\/2026\/01\/29\/18-dos-854-imoveis-devolutos-da-seguranca-social-estao-vazios\/","title":{"rendered":"18 dos 854 im\u00f3veis devolutos da Seguran\u00e7a Social est\u00e3o vazios"},"content":{"rendered":"<p>A Inspe\u00e7\u00e3o-Geral de Finan\u00e7as (IGF) revelou que, no final de 2024, houve 854 fra\u00e7\u00f5es da Seguran\u00e7a Social em estado devoluto. Destas, 836 s\u00e3o consideradas desadequadas para habita\u00e7\u00e3o, restando apenas 18 como casas vazias, segundo informa\u00e7\u00e3o do IGF ao final do relat\u00f3rio.<\/p>\n<p>A maioria das fra\u00e7\u00f5es devolutas n\u00e3o era habitacional: tratavam-se de unidades industriais, terrenos r\u00fasticos e arrecada\u00e7\u00f5es, muitas delas em recupera\u00e7\u00e3o ou ocupadas de forma abusiva, conforme nota do IGF. A gest\u00e3o dessas fra\u00e7\u00f5es recai sobre o IGFSS.<\/p>\n<h3>Situa\u00e7\u00e3o de devolutos e encargos<\/h3>\n<p>O relat\u00f3rio aponta que o IGFSS continua a suportar custos de manuten\u00e7\u00e3o desses im\u00f3veis, incluindo condom\u00ednio, conserva\u00e7\u00e3o e limpeza de terrenos. As 854 fra\u00e7\u00f5es representam 33,3% do total de 2.561 im\u00f3veis sob gest\u00e3o do IGFSS.<\/p>\n<p>Em novembro de 2025, 36,8% do parque de fra\u00e7\u00f5es estava sem contrato de arrendamento ativo. Deste total, 55% eram habitacionais, 11,8% terrenos e 33,2% lojas, servi\u00e7os, ind\u00fastrias e arrecada\u00e7\u00f5es. Parte do segmento habitacional est\u00e1 em reabilita\u00e7\u00e3o.<\/p>\n<h3>Porqu\u00ea e perspetivas de rentabiliza\u00e7\u00e3o<\/h3>\n<p>O relat\u00f3rio classifica a situa\u00e7\u00e3o como um processo de rentabiliza\u00e7\u00e3o sem evolu\u00e7\u00e3o significativa, ainda que haja interven\u00e7\u00f5es de reabilita\u00e7\u00e3o no \u00e2mbito do PRR ou do Programa +Habita\u00e7\u00e3o. Entre 2021 e 2024, a d\u00edvida de rendas ao IGFSS subiu de 2 para 2,7 milh\u00f5es de euros, mais 31%.<\/p>\n<p>A receita m\u00e9dia mensal de rendas de 267 fra\u00e7\u00f5es em regime livre situou-se em 601 euros. Mais da metade dessas fra\u00e7\u00f5es (54,4%) t\u00eam rendas inferiores a 250 euros, com rendimentos por metro quadrado abaixo da m\u00e9dia nacional.<\/p>\n<h3>Inconsist\u00eancias de registo e d\u00edvidas de entidades p\u00fablicas<\/h3>\n<p>O relat\u00f3rio aponta falhas no invent\u00e1rio de bens da SS, com atualiza\u00e7\u00e3o n\u00e3o sistem\u00e1tica. H\u00e1 diverg\u00eancias entre dados do IGFSS, da Autoridade Tribut\u00e1ria (AT) e do IRN, havendo 2 561 fra\u00e7\u00f5es identificadas pelo IGFSS e 2 709 pela AT, num patrim\u00f3nio tribut\u00e1rio de 207 milh\u00f5es de euros.<\/p>\n<p>Foi detetada ocupa\u00e7\u00e3o abusiva de fra\u00e7\u00f5es por parte de 19 entidades p\u00fablicas, maioritariamente tuteladas pelo Minist\u00e9rio da Sa\u00fade, com d\u00edvida global de 33,7 milh\u00f5es de euros relativa a 125 fra\u00e7\u00f5es. O IGFSS apenas aplica notifica\u00e7\u00f5es de pagamento volunt\u00e1rio.<\/p>\n<h3>Recomenda\u00e7\u00f5es e medidas<\/h3>\n<p>A IGF prop\u00f5e medidas mais eficazes para regularizar as d\u00edvidas de entidades p\u00fablicas, planos de arrendamento ou aliena\u00e7\u00e3o de fra\u00e7\u00f5es devolutas, refor\u00e7o do controlo interno e cobran\u00e7a de rendas em d\u00edvida. Prop\u00f5e tamb\u00e9m uma pol\u00edtica de atualiza\u00e7\u00e3o de rendas de regime livre, alinhada com valores de mercado.<\/p>\n<p>O relat\u00f3rio de auditoria foi homologado pelo ministro de Estado e das Finan\u00e7as, Miranda Sarmento, em 15 de janeiro.<\/p>\n","protected":false},"excerpt":{"rendered":"<ul>\n<li>A Inspe\u00e7\u00e3o-Geral de Finan\u00e7as revelou 854 fra\u00e7\u00f5es da Seguran\u00e7a Social em estado devoluto no final de 2024, sendo que 836 n\u00e3o eram para habita\u00e7\u00e3o e apenas 18 eram casas vazias.<\/li>\n<li>A maioria s\u00e3o unidades industriais, terrenos r\u00fasticos e arrecada\u00e7\u00f5es, ou envolvem recupera\u00e7\u00e3o e ocupa\u00e7\u00e3o abusiva, com processo judicial em curso.<\/li>\n<li>Em 12 de novembro de 2025, 36,8% do total de fra\u00e7\u00f5es n\u00e3o tinham contrato de arrendamento ativo; entre estas, 55% eram habita\u00e7\u00e3o, 11,8% terrenos e 33,2% lojas, servi\u00e7os, ind\u00fastrias e arrecada\u00e7\u00f5es.<\/li>\n<li>A d\u00edvida de rendas ao IGFSS (rendimentos em regime livre e rendas sociais) subiu de 2 milh\u00f5es para 2,7 milh\u00f5es de euros entre 2021 e 2024; a receita m\u00e9dia mensal de 601 euros destina-se a 267 fra\u00e7\u00f5es em regime livre, com mais de metade (54,4%) a rendas inferiores a 250 euros.<\/li>\n<li>O invent\u00e1rio de im\u00f3veis n\u00e3o est\u00e1 completo nem atualizado, houve diverg\u00eancias entre dados do IGFSS, da Autoridade Tribut\u00e1ria e do IRN, e 19 entidades p\u00fablicas acumularam 33,7 milh\u00f5es de euros de d\u00edvida por ocupa\u00e7\u00e3o de 125 fra\u00e7\u00f5es; o relat\u00f3rio recomenda maior regulariza\u00e7\u00e3o, planos de arrendamento ou aliena\u00e7\u00e3o, refor\u00e7o de controlo interno e atualiza\u00e7\u00e3o de rendas. O relat\u00f3rio foi homologado a 15 de janeiro pelo ministro das Finan\u00e7as.<\/li>\n<\/ul>\n","protected":false},"author":2,"featured_media":182217,"comment_status":"closed","ping_status":"closed","sticky":false,"template":"","format":"standard","meta":{"footnotes":""},"categories":[1],"tags":[168,4683,2850,4674,4489,1582],"class_list":["post-182197","post","type-post","status-publish","format-standard","has-post-thumbnail","hentry","category-noticias","tag-administracao-publica","tag-auditoria-interna","tag-autoridade-tributaria","tag-divida-publica","tag-patrimonio-publico","tag-propriedade-publica"],"yoast_head":"<!-- This site is optimized with the Yoast SEO plugin v27.2 - https:\/\/yoast.com\/product\/yoast-seo-wordpress\/ -->\n<title>18 dos 854 im\u00f3veis devolutos da Seguran\u00e7a Social est\u00e3o vazios - Portal Tela Portugal<\/title>\n<meta name=\"robots\" content=\"index, follow, max-snippet:-1, max-image-preview:large, max-video-preview:-1\" \/>\n<meta property=\"og:locale\" content=\"pt_PT\" \/>\n<meta property=\"og:type\" content=\"article\" \/>\n<meta property=\"og:title\" content=\"18 dos 854 im\u00f3veis devolutos da Seguran\u00e7a Social est\u00e3o vazios - Portal Tela Portugal\" \/>\n<meta property=\"og:description\" content=\"A Inspe\u00e7\u00e3o-Geral de Finan\u00e7as revelou 854 fra\u00e7\u00f5es da Seguran\u00e7a Social em estado devoluto no final de 2024, sendo que 836 n\u00e3o eram para habita\u00e7\u00e3o e apenas 18 eram casas vazias. A maioria s\u00e3o unidades industriais, terrenos r\u00fasticos e arrecada\u00e7\u00f5es, ou envolvem recupera\u00e7\u00e3o e ocupa\u00e7\u00e3o abusiva, com processo judicial em curso. Em 12 de novembro de 2025, 36,8% do total de fra\u00e7\u00f5es n\u00e3o tinham contrato de arrendamento ativo; entre estas, 55% eram habita\u00e7\u00e3o, 11,8% terrenos e 33,2% lojas, servi\u00e7os, ind\u00fastrias e arrecada\u00e7\u00f5es. A d\u00edvida de rendas ao IGFSS (rendimentos em regime livre e rendas sociais) subiu de 2 milh\u00f5es para 2,7 milh\u00f5es de euros entre 2021 e 2024; a receita m\u00e9dia mensal de 601 euros destina-se a 267 fra\u00e7\u00f5es em regime livre, com mais de metade (54,4%) a rendas inferiores a 250 euros. O invent\u00e1rio de im\u00f3veis n\u00e3o est\u00e1 completo nem atualizado, houve diverg\u00eancias entre dados do IGFSS, da Autoridade Tribut\u00e1ria e do IRN, e 19 entidades p\u00fablicas acumularam 33,7 milh\u00f5es de euros de d\u00edvida por ocupa\u00e7\u00e3o de 125 fra\u00e7\u00f5es; o relat\u00f3rio recomenda maior regulariza\u00e7\u00e3o, planos de arrendamento ou aliena\u00e7\u00e3o, refor\u00e7o de controlo interno e atualiza\u00e7\u00e3o de rendas. O relat\u00f3rio foi homologado a 15 de janeiro pelo ministro das Finan\u00e7as.\" \/>\n<meta property=\"og:url\" content=\"https:\/\/portaltela.pt\/noticias\/2026\/01\/29\/18-dos-854-imoveis-devolutos-da-seguranca-social-estao-vazios\/\" \/>\n<meta property=\"og:site_name\" content=\"Portal Tela Portugal\" \/>\n<meta property=\"article:published_time\" content=\"2026-01-29T18:35:00+00:00\" \/>\n<meta name=\"author\" content=\"Telinha\" \/>\n<meta name=\"twitter:card\" content=\"summary_large_image\" \/>\n<meta name=\"twitter:label1\" content=\"Escrito por\" \/>\n\t<meta name=\"twitter:data1\" content=\"Telinha\" \/>\n\t<meta name=\"twitter:label2\" content=\"Tempo estimado de leitura\" \/>\n\t<meta name=\"twitter:data2\" content=\"2 minutos\" \/>\n<script type=\"application\/ld+json\" class=\"yoast-schema-graph\">{\"@context\":\"https:\/\/schema.org\",\"@graph\":[{\"@type\":\"Article\",\"@id\":\"https:\/\/portaltela.pt\/noticias\/2026\/01\/29\/18-dos-854-imoveis-devolutos-da-seguranca-social-estao-vazios\/#article\",\"isPartOf\":{\"@id\":\"https:\/\/portaltela.pt\/noticias\/2026\/01\/29\/18-dos-854-imoveis-devolutos-da-seguranca-social-estao-vazios\/\"},\"author\":{\"name\":\"Telinha\",\"@id\":\"https:\/\/portaltela.pt\/#\/schema\/person\/c4278d4a6028830caff9ee44b42d32ed\"},\"headline\":\"18 dos 854 im\u00f3veis devolutos da Seguran\u00e7a Social est\u00e3o vazios\",\"datePublished\":\"2026-01-29T18:35:00+00:00\",\"mainEntityOfPage\":{\"@id\":\"https:\/\/portaltela.pt\/noticias\/2026\/01\/29\/18-dos-854-imoveis-devolutos-da-seguranca-social-estao-vazios\/\"},\"wordCount\":469,\"image\":{\"@id\":\"https:\/\/portaltela.pt\/noticias\/2026\/01\/29\/18-dos-854-imoveis-devolutos-da-seguranca-social-estao-vazios\/#primaryimage\"},\"thumbnailUrl\":\"https:\/\/portaltela.pt\/s.01k8rhncp4jt1\/2026\/01\/unnamed-file-5904.jpg\",\"keywords\":[\"administra\u00e7\u00e3o p\u00fablica\",\"auditoria interna\",\"Autoridade Tribut\u00e1ria\",\"d\u00edvida p\u00fablica\",\"patrim\u00f3nio p\u00fablico\",\"propriedade p\u00fablica\"],\"articleSection\":[\"Not\u00edcias\"],\"inLanguage\":\"pt-PT\"},{\"@type\":\"WebPage\",\"@id\":\"https:\/\/portaltela.pt\/noticias\/2026\/01\/29\/18-dos-854-imoveis-devolutos-da-seguranca-social-estao-vazios\/\",\"url\":\"https:\/\/portaltela.pt\/noticias\/2026\/01\/29\/18-dos-854-imoveis-devolutos-da-seguranca-social-estao-vazios\/\",\"name\":\"18 dos 854 im\u00f3veis devolutos da Seguran\u00e7a Social est\u00e3o vazios - Portal Tela Portugal\",\"isPartOf\":{\"@id\":\"https:\/\/portaltela.pt\/#website\"},\"primaryImageOfPage\":{\"@id\":\"https:\/\/portaltela.pt\/noticias\/2026\/01\/29\/18-dos-854-imoveis-devolutos-da-seguranca-social-estao-vazios\/#primaryimage\"},\"image\":{\"@id\":\"https:\/\/portaltela.pt\/noticias\/2026\/01\/29\/18-dos-854-imoveis-devolutos-da-seguranca-social-estao-vazios\/#primaryimage\"},\"thumbnailUrl\":\"https:\/\/portaltela.pt\/s.01k8rhncp4jt1\/2026\/01\/unnamed-file-5904.jpg\",\"datePublished\":\"2026-01-29T18:35:00+00:00\",\"author\":{\"@id\":\"https:\/\/portaltela.pt\/#\/schema\/person\/c4278d4a6028830caff9ee44b42d32ed\"},\"breadcrumb\":{\"@id\":\"https:\/\/portaltela.pt\/noticias\/2026\/01\/29\/18-dos-854-imoveis-devolutos-da-seguranca-social-estao-vazios\/#breadcrumb\"},\"inLanguage\":\"pt-PT\",\"potentialAction\":[{\"@type\":\"ReadAction\",\"target\":[\"https:\/\/portaltela.pt\/noticias\/2026\/01\/29\/18-dos-854-imoveis-devolutos-da-seguranca-social-estao-vazios\/\"]}]},{\"@type\":\"ImageObject\",\"inLanguage\":\"pt-PT\",\"@id\":\"https:\/\/portaltela.pt\/noticias\/2026\/01\/29\/18-dos-854-imoveis-devolutos-da-seguranca-social-estao-vazios\/#primaryimage\",\"url\":\"https:\/\/portaltela.pt\/s.01k8rhncp4jt1\/2026\/01\/unnamed-file-5904.jpg\",\"contentUrl\":\"https:\/\/portaltela.pt\/s.01k8rhncp4jt1\/2026\/01\/unnamed-file-5904.jpg\",\"width\":796,\"height\":448,\"caption\":\"O IGFSS esclareceu \u00e0 IGF que a esmagadora maioria das fra\u00e7\u00f5es sem contrato ativo no segmento habitacional n\u00e3o se encontra dispon\u00edvel\"},{\"@type\":\"BreadcrumbList\",\"@id\":\"https:\/\/portaltela.pt\/noticias\/2026\/01\/29\/18-dos-854-imoveis-devolutos-da-seguranca-social-estao-vazios\/#breadcrumb\",\"itemListElement\":[{\"@type\":\"ListItem\",\"position\":1,\"name\":\"In\u00edcio\",\"item\":\"https:\/\/portaltela.pt\/\"},{\"@type\":\"ListItem\",\"position\":2,\"name\":\"18 dos 854 im\u00f3veis devolutos da Seguran\u00e7a Social est\u00e3o vazios\"}]},{\"@type\":\"WebSite\",\"@id\":\"https:\/\/portaltela.pt\/#website\",\"url\":\"https:\/\/portaltela.pt\/\",\"name\":\"Portal Tela Portugal\",\"description\":\"\",\"potentialAction\":[{\"@type\":\"SearchAction\",\"target\":{\"@type\":\"EntryPoint\",\"urlTemplate\":\"https:\/\/portaltela.pt\/?s={search_term_string}\"},\"query-input\":{\"@type\":\"PropertyValueSpecification\",\"valueRequired\":true,\"valueName\":\"search_term_string\"}}],\"inLanguage\":\"pt-PT\"},{\"@type\":\"Person\",\"@id\":\"https:\/\/portaltela.pt\/#\/schema\/person\/c4278d4a6028830caff9ee44b42d32ed\",\"name\":\"Telinha\",\"image\":{\"@type\":\"ImageObject\",\"inLanguage\":\"pt-PT\",\"@id\":\"https:\/\/portaltela.pt\/s.01k8rhncp4jt1\/2025\/11\/talking-bot-125x125.png\",\"url\":\"https:\/\/portaltela.pt\/s.01k8rhncp4jt1\/2025\/11\/talking-bot-125x125.png\",\"contentUrl\":\"https:\/\/portaltela.pt\/s.01k8rhncp4jt1\/2025\/11\/talking-bot-125x125.png\",\"caption\":\"Telinha\"},\"sameAs\":[\"https:\/\/portaltela.pt\/\"],\"url\":\"https:\/\/portaltela.pt\/por\/367410592786\/\"}]}<\/script>\n<!-- \/ Yoast SEO plugin. -->","yoast_head_json":{"title":"18 dos 854 im\u00f3veis devolutos da Seguran\u00e7a Social est\u00e3o vazios - Portal Tela Portugal","robots":{"index":"index","follow":"follow","max-snippet":"max-snippet:-1","max-image-preview":"max-image-preview:large","max-video-preview":"max-video-preview:-1"},"og_locale":"pt_PT","og_type":"article","og_title":"18 dos 854 im\u00f3veis devolutos da Seguran\u00e7a Social est\u00e3o vazios - Portal Tela Portugal","og_description":"A Inspe\u00e7\u00e3o-Geral de Finan\u00e7as revelou 854 fra\u00e7\u00f5es da Seguran\u00e7a Social em estado devoluto no final de 2024, sendo que 836 n\u00e3o eram para habita\u00e7\u00e3o e apenas 18 eram casas vazias. A maioria s\u00e3o unidades industriais, terrenos r\u00fasticos e arrecada\u00e7\u00f5es, ou envolvem recupera\u00e7\u00e3o e ocupa\u00e7\u00e3o abusiva, com processo judicial em curso. Em 12 de novembro de 2025, 36,8% do total de fra\u00e7\u00f5es n\u00e3o tinham contrato de arrendamento ativo; entre estas, 55% eram habita\u00e7\u00e3o, 11,8% terrenos e 33,2% lojas, servi\u00e7os, ind\u00fastrias e arrecada\u00e7\u00f5es. A d\u00edvida de rendas ao IGFSS (rendimentos em regime livre e rendas sociais) subiu de 2 milh\u00f5es para 2,7 milh\u00f5es de euros entre 2021 e 2024; a receita m\u00e9dia mensal de 601 euros destina-se a 267 fra\u00e7\u00f5es em regime livre, com mais de metade (54,4%) a rendas inferiores a 250 euros. O invent\u00e1rio de im\u00f3veis n\u00e3o est\u00e1 completo nem atualizado, houve diverg\u00eancias entre dados do IGFSS, da Autoridade Tribut\u00e1ria e do IRN, e 19 entidades p\u00fablicas acumularam 33,7 milh\u00f5es de euros de d\u00edvida por ocupa\u00e7\u00e3o de 125 fra\u00e7\u00f5es; o relat\u00f3rio recomenda maior regulariza\u00e7\u00e3o, planos de arrendamento ou aliena\u00e7\u00e3o, refor\u00e7o de controlo interno e atualiza\u00e7\u00e3o de rendas. O relat\u00f3rio foi homologado a 15 de janeiro pelo ministro das Finan\u00e7as.","og_url":"https:\/\/portaltela.pt\/noticias\/2026\/01\/29\/18-dos-854-imoveis-devolutos-da-seguranca-social-estao-vazios\/","og_site_name":"Portal Tela Portugal","article_published_time":"2026-01-29T18:35:00+00:00","author":"Telinha","twitter_card":"summary_large_image","twitter_misc":{"Escrito por":"Telinha","Tempo estimado de leitura":"2 minutos"},"schema":{"@context":"https:\/\/schema.org","@graph":[{"@type":"Article","@id":"https:\/\/portaltela.pt\/noticias\/2026\/01\/29\/18-dos-854-imoveis-devolutos-da-seguranca-social-estao-vazios\/#article","isPartOf":{"@id":"https:\/\/portaltela.pt\/noticias\/2026\/01\/29\/18-dos-854-imoveis-devolutos-da-seguranca-social-estao-vazios\/"},"author":{"name":"Telinha","@id":"https:\/\/portaltela.pt\/#\/schema\/person\/c4278d4a6028830caff9ee44b42d32ed"},"headline":"18 dos 854 im\u00f3veis devolutos da Seguran\u00e7a Social est\u00e3o vazios","datePublished":"2026-01-29T18:35:00+00:00","mainEntityOfPage":{"@id":"https:\/\/portaltela.pt\/noticias\/2026\/01\/29\/18-dos-854-imoveis-devolutos-da-seguranca-social-estao-vazios\/"},"wordCount":469,"image":{"@id":"https:\/\/portaltela.pt\/noticias\/2026\/01\/29\/18-dos-854-imoveis-devolutos-da-seguranca-social-estao-vazios\/#primaryimage"},"thumbnailUrl":"https:\/\/portaltela.pt\/s.01k8rhncp4jt1\/2026\/01\/unnamed-file-5904.jpg","keywords":["administra\u00e7\u00e3o p\u00fablica","auditoria interna","Autoridade Tribut\u00e1ria","d\u00edvida p\u00fablica","patrim\u00f3nio p\u00fablico","propriedade p\u00fablica"],"articleSection":["Not\u00edcias"],"inLanguage":"pt-PT"},{"@type":"WebPage","@id":"https:\/\/portaltela.pt\/noticias\/2026\/01\/29\/18-dos-854-imoveis-devolutos-da-seguranca-social-estao-vazios\/","url":"https:\/\/portaltela.pt\/noticias\/2026\/01\/29\/18-dos-854-imoveis-devolutos-da-seguranca-social-estao-vazios\/","name":"18 dos 854 im\u00f3veis devolutos da Seguran\u00e7a Social est\u00e3o vazios - Portal Tela Portugal","isPartOf":{"@id":"https:\/\/portaltela.pt\/#website"},"primaryImageOfPage":{"@id":"https:\/\/portaltela.pt\/noticias\/2026\/01\/29\/18-dos-854-imoveis-devolutos-da-seguranca-social-estao-vazios\/#primaryimage"},"image":{"@id":"https:\/\/portaltela.pt\/noticias\/2026\/01\/29\/18-dos-854-imoveis-devolutos-da-seguranca-social-estao-vazios\/#primaryimage"},"thumbnailUrl":"https:\/\/portaltela.pt\/s.01k8rhncp4jt1\/2026\/01\/unnamed-file-5904.jpg","datePublished":"2026-01-29T18:35:00+00:00","author":{"@id":"https:\/\/portaltela.pt\/#\/schema\/person\/c4278d4a6028830caff9ee44b42d32ed"},"breadcrumb":{"@id":"https:\/\/portaltela.pt\/noticias\/2026\/01\/29\/18-dos-854-imoveis-devolutos-da-seguranca-social-estao-vazios\/#breadcrumb"},"inLanguage":"pt-PT","potentialAction":[{"@type":"ReadAction","target":["https:\/\/portaltela.pt\/noticias\/2026\/01\/29\/18-dos-854-imoveis-devolutos-da-seguranca-social-estao-vazios\/"]}]},{"@type":"ImageObject","inLanguage":"pt-PT","@id":"https:\/\/portaltela.pt\/noticias\/2026\/01\/29\/18-dos-854-imoveis-devolutos-da-seguranca-social-estao-vazios\/#primaryimage","url":"https:\/\/portaltela.pt\/s.01k8rhncp4jt1\/2026\/01\/unnamed-file-5904.jpg","contentUrl":"https:\/\/portaltela.pt\/s.01k8rhncp4jt1\/2026\/01\/unnamed-file-5904.jpg","width":796,"height":448,"caption":"O IGFSS esclareceu \u00e0 IGF que a esmagadora maioria das fra\u00e7\u00f5es sem contrato ativo no segmento habitacional n\u00e3o se encontra dispon\u00edvel"},{"@type":"BreadcrumbList","@id":"https:\/\/portaltela.pt\/noticias\/2026\/01\/29\/18-dos-854-imoveis-devolutos-da-seguranca-social-estao-vazios\/#breadcrumb","itemListElement":[{"@type":"ListItem","position":1,"name":"In\u00edcio","item":"https:\/\/portaltela.pt\/"},{"@type":"ListItem","position":2,"name":"18 dos 854 im\u00f3veis devolutos da Seguran\u00e7a Social est\u00e3o vazios"}]},{"@type":"WebSite","@id":"https:\/\/portaltela.pt\/#website","url":"https:\/\/portaltela.pt\/","name":"Portal Tela Portugal","description":"","potentialAction":[{"@type":"SearchAction","target":{"@type":"EntryPoint","urlTemplate":"https:\/\/portaltela.pt\/?s={search_term_string}"},"query-input":{"@type":"PropertyValueSpecification","valueRequired":true,"valueName":"search_term_string"}}],"inLanguage":"pt-PT"},{"@type":"Person","@id":"https:\/\/portaltela.pt\/#\/schema\/person\/c4278d4a6028830caff9ee44b42d32ed","name":"Telinha","image":{"@type":"ImageObject","inLanguage":"pt-PT","@id":"https:\/\/portaltela.pt\/s.01k8rhncp4jt1\/2025\/11\/talking-bot-125x125.png","url":"https:\/\/portaltela.pt\/s.01k8rhncp4jt1\/2025\/11\/talking-bot-125x125.png","contentUrl":"https:\/\/portaltela.pt\/s.01k8rhncp4jt1\/2025\/11\/talking-bot-125x125.png","caption":"Telinha"},"sameAs":["https:\/\/portaltela.pt\/"],"url":"https:\/\/portaltela.pt\/por\/367410592786\/"}]}},"_links":{"self":[{"href":"https:\/\/portaltela.pt\/api\/wp\/v2\/posts\/182197","targetHints":{"allow":["GET"]}}],"collection":[{"href":"https:\/\/portaltela.pt\/api\/wp\/v2\/posts"}],"about":[{"href":"https:\/\/portaltela.pt\/api\/wp\/v2\/types\/post"}],"author":[{"embeddable":true,"href":"https:\/\/portaltela.pt\/api\/wp\/v2\/users\/2"}],"replies":[{"embeddable":true,"href":"https:\/\/portaltela.pt\/api\/wp\/v2\/comments?post=182197"}],"version-history":[{"count":0,"href":"https:\/\/portaltela.pt\/api\/wp\/v2\/posts\/182197\/revisions"}],"wp:featuredmedia":[{"embeddable":true,"href":"https:\/\/portaltela.pt\/api\/wp\/v2\/media\/182217"}],"wp:attachment":[{"href":"https:\/\/portaltela.pt\/api\/wp\/v2\/media?parent=182197"}],"wp:term":[{"taxonomy":"category","embeddable":true,"href":"https:\/\/portaltela.pt\/api\/wp\/v2\/categories?post=182197"},{"taxonomy":"post_tag","embeddable":true,"href":"https:\/\/portaltela.pt\/api\/wp\/v2\/tags?post=182197"}],"curies":[{"name":"wp","href":"https:\/\/api.w.org\/{rel}","templated":true}]}}