{"id":182189,"date":"2026-01-29T15:30:00","date_gmt":"2026-01-29T18:30:00","guid":{"rendered":"https:\/\/portaltela.pt\/noticias\/2026\/01\/29\/inundacoes-obrigam-ao-corte-da-em503-entre-santa-vitoria-do-ameixial-e-cano\/"},"modified":"2026-01-29T15:30:00","modified_gmt":"2026-01-29T18:30:00","slug":"inundacoes-obrigam-ao-corte-da-em503-entre-santa-vitoria-do-ameixial-e-cano","status":"publish","type":"post","link":"https:\/\/portaltela.pt\/noticias\/2026\/01\/29\/inundacoes-obrigam-ao-corte-da-em503-entre-santa-vitoria-do-ameixial-e-cano\/","title":{"rendered":"Inunda\u00e7\u00f5es obrigam ao corte da EM503 entre Santa Vit\u00f3ria do Ameixial e Cano"},"content":{"rendered":"<p>A Estrada Municipal <strong>EM503<\/strong>, que liga Santa Vit\u00f3ria do Ameixial a Cano, encontra-se interditada ao tr\u00e2nsito devido a condi\u00e7\u00f5es atmosf\u00e9ricas adversas, nomeadamente inunda\u00e7\u00f5es na via. A interrup\u00e7\u00e3o afeta os concelhos de Estremoz e Sousel.<\/p>\n<p>Segundo o munic\u00edpio estremocense, as inunda\u00e7\u00f5es s\u00e3o o principal constrangimento que levou ao corte de circula\u00e7\u00e3o. N\u00e3o h\u00e1 ainda previs\u00e3o para a retoma da circula\u00e7\u00e3o nesta via.<\/p>\n<p>As autoridades locais est\u00e3o a acompanhar a situa\u00e7\u00e3o e a avaliar alternativas de circula\u00e7\u00e3o para os residentes e viajantes da zona. N\u00e3o foi indicada nenhuma data prov\u00e1vel para a reabertura da estrada.<\/p>\n","protected":false},"excerpt":{"rendered":"<ul>\n<li>A Estrada Municipal 503 (EM503) entre Santa Vit\u00f3ria do Ameixial e Cano est\u00e1 cortada ao tr\u00e2nsito.<\/li>\n<li>O trajeto atravessa os concelhos de Estremoz e Sousel.<\/li>\n<li>A interrup\u00e7\u00e3o deve-se \u00e0s condi\u00e7\u00f5es atmosf\u00e9ricas adversas, nomeadamente inunda\u00e7\u00f5es na via.<\/li>\n<li>N\u00e3o h\u00e1 previs\u00e3o para a retoma da circula\u00e7\u00e3o, segundo o Munic\u00edpio de Estremoz.<\/li>\n<\/ul>\n","protected":false},"author":2,"featured_media":182202,"comment_status":"closed","ping_status":"closed","sticky":false,"template":"","format":"standard","meta":{"footnotes":""},"categories":[1],"tags":[3812,883,1083,4672],"class_list":["post-182189","post","type-post","status-publish","format-standard","has-post-thumbnail","hentry","category-noticias","tag-alagamentos","tag-alentejo","tag-estradas","tag-sousel"],"yoast_head":"<!-- This site is optimized with the Yoast SEO plugin v27.2 - https:\/\/yoast.com\/product\/yoast-seo-wordpress\/ -->\n<title>Inunda\u00e7\u00f5es obrigam ao corte da EM503 entre Santa Vit\u00f3ria do Ameixial e Cano - Portal Tela Portugal<\/title>\n<meta name=\"robots\" content=\"index, follow, max-snippet:-1, max-image-preview:large, max-video-preview:-1\" \/>\n<meta property=\"og:locale\" content=\"pt_PT\" \/>\n<meta property=\"og:type\" content=\"article\" \/>\n<meta property=\"og:title\" content=\"Inunda\u00e7\u00f5es obrigam ao corte da EM503 entre Santa Vit\u00f3ria do Ameixial e Cano - Portal Tela Portugal\" \/>\n<meta property=\"og:description\" content=\"A Estrada Municipal 503 (EM503) entre Santa Vit\u00f3ria do Ameixial e Cano est\u00e1 cortada ao tr\u00e2nsito. O trajeto atravessa os concelhos de Estremoz e Sousel. A interrup\u00e7\u00e3o deve-se \u00e0s condi\u00e7\u00f5es atmosf\u00e9ricas adversas, nomeadamente inunda\u00e7\u00f5es na via. N\u00e3o h\u00e1 previs\u00e3o para a retoma da circula\u00e7\u00e3o, segundo o Munic\u00edpio de Estremoz.\" \/>\n<meta property=\"og:url\" content=\"https:\/\/portaltela.pt\/noticias\/2026\/01\/29\/inundacoes-obrigam-ao-corte-da-em503-entre-santa-vitoria-do-ameixial-e-cano\/\" \/>\n<meta property=\"og:site_name\" content=\"Portal Tela Portugal\" \/>\n<meta property=\"article:published_time\" content=\"2026-01-29T18:30:00+00:00\" \/>\n<meta name=\"author\" content=\"Telinha\" \/>\n<meta name=\"twitter:card\" content=\"summary_large_image\" \/>\n<meta name=\"twitter:label1\" content=\"Escrito por\" \/>\n\t<meta name=\"twitter:data1\" content=\"Telinha\" \/>\n\t<meta name=\"twitter:label2\" content=\"Tempo estimado de leitura\" \/>\n\t<meta name=\"twitter:data2\" content=\"1 minuto\" \/>\n<script type=\"application\/ld+json\" class=\"yoast-schema-graph\">{\"@context\":\"https:\/\/schema.org\",\"@graph\":[{\"@type\":\"Article\",\"@id\":\"https:\/\/portaltela.pt\/noticias\/2026\/01\/29\/inundacoes-obrigam-ao-corte-da-em503-entre-santa-vitoria-do-ameixial-e-cano\/#article\",\"isPartOf\":{\"@id\":\"https:\/\/portaltela.pt\/noticias\/2026\/01\/29\/inundacoes-obrigam-ao-corte-da-em503-entre-santa-vitoria-do-ameixial-e-cano\/\"},\"author\":{\"name\":\"Telinha\",\"@id\":\"https:\/\/portaltela.pt\/#\/schema\/person\/c4278d4a6028830caff9ee44b42d32ed\"},\"headline\":\"Inunda\u00e7\u00f5es obrigam ao corte da EM503 entre Santa Vit\u00f3ria do Ameixial e Cano\",\"datePublished\":\"2026-01-29T18:30:00+00:00\",\"mainEntityOfPage\":{\"@id\":\"https:\/\/portaltela.pt\/noticias\/2026\/01\/29\/inundacoes-obrigam-ao-corte-da-em503-entre-santa-vitoria-do-ameixial-e-cano\/\"},\"wordCount\":126,\"image\":{\"@id\":\"https:\/\/portaltela.pt\/noticias\/2026\/01\/29\/inundacoes-obrigam-ao-corte-da-em503-entre-santa-vitoria-do-ameixial-e-cano\/#primaryimage\"},\"thumbnailUrl\":\"https:\/\/portaltela.pt\/s.01k8rhncp4jt1\/2026\/01\/imagem_odigital-1200-x-675-px-41-2.jpg\",\"keywords\":[\"alagamentos\",\"Alentejo\",\"estradas\",\"Sousel\"],\"articleSection\":[\"Not\u00edcias\"],\"inLanguage\":\"pt-PT\"},{\"@type\":\"WebPage\",\"@id\":\"https:\/\/portaltela.pt\/noticias\/2026\/01\/29\/inundacoes-obrigam-ao-corte-da-em503-entre-santa-vitoria-do-ameixial-e-cano\/\",\"url\":\"https:\/\/portaltela.pt\/noticias\/2026\/01\/29\/inundacoes-obrigam-ao-corte-da-em503-entre-santa-vitoria-do-ameixial-e-cano\/\",\"name\":\"Inunda\u00e7\u00f5es obrigam ao corte da EM503 entre Santa Vit\u00f3ria do Ameixial e Cano - Portal Tela Portugal\",\"isPartOf\":{\"@id\":\"https:\/\/portaltela.pt\/#website\"},\"primaryImageOfPage\":{\"@id\":\"https:\/\/portaltela.pt\/noticias\/2026\/01\/29\/inundacoes-obrigam-ao-corte-da-em503-entre-santa-vitoria-do-ameixial-e-cano\/#primaryimage\"},\"image\":{\"@id\":\"https:\/\/portaltela.pt\/noticias\/2026\/01\/29\/inundacoes-obrigam-ao-corte-da-em503-entre-santa-vitoria-do-ameixial-e-cano\/#primaryimage\"},\"thumbnailUrl\":\"https:\/\/portaltela.pt\/s.01k8rhncp4jt1\/2026\/01\/imagem_odigital-1200-x-675-px-41-2.jpg\",\"datePublished\":\"2026-01-29T18:30:00+00:00\",\"author\":{\"@id\":\"https:\/\/portaltela.pt\/#\/schema\/person\/c4278d4a6028830caff9ee44b42d32ed\"},\"breadcrumb\":{\"@id\":\"https:\/\/portaltela.pt\/noticias\/2026\/01\/29\/inundacoes-obrigam-ao-corte-da-em503-entre-santa-vitoria-do-ameixial-e-cano\/#breadcrumb\"},\"inLanguage\":\"pt-PT\",\"potentialAction\":[{\"@type\":\"ReadAction\",\"target\":[\"https:\/\/portaltela.pt\/noticias\/2026\/01\/29\/inundacoes-obrigam-ao-corte-da-em503-entre-santa-vitoria-do-ameixial-e-cano\/\"]}]},{\"@type\":\"ImageObject\",\"inLanguage\":\"pt-PT\",\"@id\":\"https:\/\/portaltela.pt\/noticias\/2026\/01\/29\/inundacoes-obrigam-ao-corte-da-em503-entre-santa-vitoria-do-ameixial-e-cano\/#primaryimage\",\"url\":\"https:\/\/portaltela.pt\/s.01k8rhncp4jt1\/2026\/01\/imagem_odigital-1200-x-675-px-41-2.jpg\",\"contentUrl\":\"https:\/\/portaltela.pt\/s.01k8rhncp4jt1\/2026\/01\/imagem_odigital-1200-x-675-px-41-2.jpg\",\"width\":796,\"height\":448,\"caption\":\"Inunda\u00e7\u00f5es obrigam ao corte da EM503 entre Santa Vit\u00f3ria do Ameixial (Estremoz) e Cano (Sousel)\"},{\"@type\":\"BreadcrumbList\",\"@id\":\"https:\/\/portaltela.pt\/noticias\/2026\/01\/29\/inundacoes-obrigam-ao-corte-da-em503-entre-santa-vitoria-do-ameixial-e-cano\/#breadcrumb\",\"itemListElement\":[{\"@type\":\"ListItem\",\"position\":1,\"name\":\"In\u00edcio\",\"item\":\"https:\/\/portaltela.pt\/\"},{\"@type\":\"ListItem\",\"position\":2,\"name\":\"Inunda\u00e7\u00f5es obrigam ao corte da EM503 entre Santa Vit\u00f3ria do Ameixial e Cano\"}]},{\"@type\":\"WebSite\",\"@id\":\"https:\/\/portaltela.pt\/#website\",\"url\":\"https:\/\/portaltela.pt\/\",\"name\":\"Portal Tela Portugal\",\"description\":\"\",\"potentialAction\":[{\"@type\":\"SearchAction\",\"target\":{\"@type\":\"EntryPoint\",\"urlTemplate\":\"https:\/\/portaltela.pt\/?s={search_term_string}\"},\"query-input\":{\"@type\":\"PropertyValueSpecification\",\"valueRequired\":true,\"valueName\":\"search_term_string\"}}],\"inLanguage\":\"pt-PT\"},{\"@type\":\"Person\",\"@id\":\"https:\/\/portaltela.pt\/#\/schema\/person\/c4278d4a6028830caff9ee44b42d32ed\",\"name\":\"Telinha\",\"image\":{\"@type\":\"ImageObject\",\"inLanguage\":\"pt-PT\",\"@id\":\"https:\/\/portaltela.pt\/s.01k8rhncp4jt1\/2025\/11\/talking-bot-125x125.png\",\"url\":\"https:\/\/portaltela.pt\/s.01k8rhncp4jt1\/2025\/11\/talking-bot-125x125.png\",\"contentUrl\":\"https:\/\/portaltela.pt\/s.01k8rhncp4jt1\/2025\/11\/talking-bot-125x125.png\",\"caption\":\"Telinha\"},\"sameAs\":[\"https:\/\/portaltela.pt\/\"],\"url\":\"https:\/\/portaltela.pt\/por\/367410592786\/\"}]}<\/script>\n<!-- \/ Yoast SEO plugin. -->","yoast_head_json":{"title":"Inunda\u00e7\u00f5es obrigam ao corte da EM503 entre Santa Vit\u00f3ria do Ameixial e Cano - Portal Tela Portugal","robots":{"index":"index","follow":"follow","max-snippet":"max-snippet:-1","max-image-preview":"max-image-preview:large","max-video-preview":"max-video-preview:-1"},"og_locale":"pt_PT","og_type":"article","og_title":"Inunda\u00e7\u00f5es obrigam ao corte da EM503 entre Santa Vit\u00f3ria do Ameixial e Cano - Portal Tela Portugal","og_description":"A Estrada Municipal 503 (EM503) entre Santa Vit\u00f3ria do Ameixial e Cano est\u00e1 cortada ao tr\u00e2nsito. O trajeto atravessa os concelhos de Estremoz e Sousel. A interrup\u00e7\u00e3o deve-se \u00e0s condi\u00e7\u00f5es atmosf\u00e9ricas adversas, nomeadamente inunda\u00e7\u00f5es na via. N\u00e3o h\u00e1 previs\u00e3o para a retoma da circula\u00e7\u00e3o, segundo o Munic\u00edpio de Estremoz.","og_url":"https:\/\/portaltela.pt\/noticias\/2026\/01\/29\/inundacoes-obrigam-ao-corte-da-em503-entre-santa-vitoria-do-ameixial-e-cano\/","og_site_name":"Portal Tela Portugal","article_published_time":"2026-01-29T18:30:00+00:00","author":"Telinha","twitter_card":"summary_large_image","twitter_misc":{"Escrito por":"Telinha","Tempo estimado de leitura":"1 minuto"},"schema":{"@context":"https:\/\/schema.org","@graph":[{"@type":"Article","@id":"https:\/\/portaltela.pt\/noticias\/2026\/01\/29\/inundacoes-obrigam-ao-corte-da-em503-entre-santa-vitoria-do-ameixial-e-cano\/#article","isPartOf":{"@id":"https:\/\/portaltela.pt\/noticias\/2026\/01\/29\/inundacoes-obrigam-ao-corte-da-em503-entre-santa-vitoria-do-ameixial-e-cano\/"},"author":{"name":"Telinha","@id":"https:\/\/portaltela.pt\/#\/schema\/person\/c4278d4a6028830caff9ee44b42d32ed"},"headline":"Inunda\u00e7\u00f5es obrigam ao corte da EM503 entre Santa Vit\u00f3ria do Ameixial e Cano","datePublished":"2026-01-29T18:30:00+00:00","mainEntityOfPage":{"@id":"https:\/\/portaltela.pt\/noticias\/2026\/01\/29\/inundacoes-obrigam-ao-corte-da-em503-entre-santa-vitoria-do-ameixial-e-cano\/"},"wordCount":126,"image":{"@id":"https:\/\/portaltela.pt\/noticias\/2026\/01\/29\/inundacoes-obrigam-ao-corte-da-em503-entre-santa-vitoria-do-ameixial-e-cano\/#primaryimage"},"thumbnailUrl":"https:\/\/portaltela.pt\/s.01k8rhncp4jt1\/2026\/01\/imagem_odigital-1200-x-675-px-41-2.jpg","keywords":["alagamentos","Alentejo","estradas","Sousel"],"articleSection":["Not\u00edcias"],"inLanguage":"pt-PT"},{"@type":"WebPage","@id":"https:\/\/portaltela.pt\/noticias\/2026\/01\/29\/inundacoes-obrigam-ao-corte-da-em503-entre-santa-vitoria-do-ameixial-e-cano\/","url":"https:\/\/portaltela.pt\/noticias\/2026\/01\/29\/inundacoes-obrigam-ao-corte-da-em503-entre-santa-vitoria-do-ameixial-e-cano\/","name":"Inunda\u00e7\u00f5es obrigam ao corte da EM503 entre Santa Vit\u00f3ria do Ameixial e Cano - Portal Tela Portugal","isPartOf":{"@id":"https:\/\/portaltela.pt\/#website"},"primaryImageOfPage":{"@id":"https:\/\/portaltela.pt\/noticias\/2026\/01\/29\/inundacoes-obrigam-ao-corte-da-em503-entre-santa-vitoria-do-ameixial-e-cano\/#primaryimage"},"image":{"@id":"https:\/\/portaltela.pt\/noticias\/2026\/01\/29\/inundacoes-obrigam-ao-corte-da-em503-entre-santa-vitoria-do-ameixial-e-cano\/#primaryimage"},"thumbnailUrl":"https:\/\/portaltela.pt\/s.01k8rhncp4jt1\/2026\/01\/imagem_odigital-1200-x-675-px-41-2.jpg","datePublished":"2026-01-29T18:30:00+00:00","author":{"@id":"https:\/\/portaltela.pt\/#\/schema\/person\/c4278d4a6028830caff9ee44b42d32ed"},"breadcrumb":{"@id":"https:\/\/portaltela.pt\/noticias\/2026\/01\/29\/inundacoes-obrigam-ao-corte-da-em503-entre-santa-vitoria-do-ameixial-e-cano\/#breadcrumb"},"inLanguage":"pt-PT","potentialAction":[{"@type":"ReadAction","target":["https:\/\/portaltela.pt\/noticias\/2026\/01\/29\/inundacoes-obrigam-ao-corte-da-em503-entre-santa-vitoria-do-ameixial-e-cano\/"]}]},{"@type":"ImageObject","inLanguage":"pt-PT","@id":"https:\/\/portaltela.pt\/noticias\/2026\/01\/29\/inundacoes-obrigam-ao-corte-da-em503-entre-santa-vitoria-do-ameixial-e-cano\/#primaryimage","url":"https:\/\/portaltela.pt\/s.01k8rhncp4jt1\/2026\/01\/imagem_odigital-1200-x-675-px-41-2.jpg","contentUrl":"https:\/\/portaltela.pt\/s.01k8rhncp4jt1\/2026\/01\/imagem_odigital-1200-x-675-px-41-2.jpg","width":796,"height":448,"caption":"Inunda\u00e7\u00f5es obrigam ao corte da EM503 entre Santa Vit\u00f3ria do Ameixial (Estremoz) e Cano (Sousel)"},{"@type":"BreadcrumbList","@id":"https:\/\/portaltela.pt\/noticias\/2026\/01\/29\/inundacoes-obrigam-ao-corte-da-em503-entre-santa-vitoria-do-ameixial-e-cano\/#breadcrumb","itemListElement":[{"@type":"ListItem","position":1,"name":"In\u00edcio","item":"https:\/\/portaltela.pt\/"},{"@type":"ListItem","position":2,"name":"Inunda\u00e7\u00f5es obrigam ao corte da EM503 entre Santa Vit\u00f3ria do Ameixial e Cano"}]},{"@type":"WebSite","@id":"https:\/\/portaltela.pt\/#website","url":"https:\/\/portaltela.pt\/","name":"Portal Tela Portugal","description":"","potentialAction":[{"@type":"SearchAction","target":{"@type":"EntryPoint","urlTemplate":"https:\/\/portaltela.pt\/?s={search_term_string}"},"query-input":{"@type":"PropertyValueSpecification","valueRequired":true,"valueName":"search_term_string"}}],"inLanguage":"pt-PT"},{"@type":"Person","@id":"https:\/\/portaltela.pt\/#\/schema\/person\/c4278d4a6028830caff9ee44b42d32ed","name":"Telinha","image":{"@type":"ImageObject","inLanguage":"pt-PT","@id":"https:\/\/portaltela.pt\/s.01k8rhncp4jt1\/2025\/11\/talking-bot-125x125.png","url":"https:\/\/portaltela.pt\/s.01k8rhncp4jt1\/2025\/11\/talking-bot-125x125.png","contentUrl":"https:\/\/portaltela.pt\/s.01k8rhncp4jt1\/2025\/11\/talking-bot-125x125.png","caption":"Telinha"},"sameAs":["https:\/\/portaltela.pt\/"],"url":"https:\/\/portaltela.pt\/por\/367410592786\/"}]}},"_links":{"self":[{"href":"https:\/\/portaltela.pt\/api\/wp\/v2\/posts\/182189","targetHints":{"allow":["GET"]}}],"collection":[{"href":"https:\/\/portaltela.pt\/api\/wp\/v2\/posts"}],"about":[{"href":"https:\/\/portaltela.pt\/api\/wp\/v2\/types\/post"}],"author":[{"embeddable":true,"href":"https:\/\/portaltela.pt\/api\/wp\/v2\/users\/2"}],"replies":[{"embeddable":true,"href":"https:\/\/portaltela.pt\/api\/wp\/v2\/comments?post=182189"}],"version-history":[{"count":0,"href":"https:\/\/portaltela.pt\/api\/wp\/v2\/posts\/182189\/revisions"}],"wp:featuredmedia":[{"embeddable":true,"href":"https:\/\/portaltela.pt\/api\/wp\/v2\/media\/182202"}],"wp:attachment":[{"href":"https:\/\/portaltela.pt\/api\/wp\/v2\/media?parent=182189"}],"wp:term":[{"taxonomy":"category","embeddable":true,"href":"https:\/\/portaltela.pt\/api\/wp\/v2\/categories?post=182189"},{"taxonomy":"post_tag","embeddable":true,"href":"https:\/\/portaltela.pt\/api\/wp\/v2\/tags?post=182189"}],"curies":[{"name":"wp","href":"https:\/\/api.w.org\/{rel}","templated":true}]}}