{"id":182186,"date":"2026-01-29T15:24:00","date_gmt":"2026-01-29T18:24:00","guid":{"rendered":"https:\/\/portaltela.pt\/noticias\/2026\/01\/29\/kallas-afirma-que-o-medio-oriente-nao-precisa-de-uma-nova-guerra\/"},"modified":"2026-01-29T15:24:00","modified_gmt":"2026-01-29T18:24:00","slug":"kallas-afirma-que-o-medio-oriente-nao-precisa-de-uma-nova-guerra","status":"publish","type":"post","link":"https:\/\/portaltela.pt\/noticias\/politica\/2026\/01\/29\/kallas-afirma-que-o-medio-oriente-nao-precisa-de-uma-nova-guerra\/","title":{"rendered":"Kallas afirma que o M\u00e9dio Oriente n\u00e3o precisa de uma nova guerra"},"content":{"rendered":"<p>A chefe da diplomacia da UE, Kaja Kallas, disse que a regi\u00e3o n\u00e3o precisa de nova guerra, ao comentar a designa\u00e7\u00e3o da Guarda Revolucion\u00e1ria do Ir\u00e3o como organiza\u00e7\u00e3o terrorista pela Uni\u00e3o Europeia. A observa\u00e7\u00e3o foi feita durante a confer\u00eancia de imprensa ao final da reuni\u00e3o de ministros dos Neg\u00f3cios Estrangeiros em Bruxelas.<\/p>\n<p>Kallas explicou que a classifica\u00e7\u00e3o criminaliza qualquer atividade ou intera\u00e7\u00e3o com a Guarda Revolucion\u00e1ria, o que condiciona eventuais interven\u00e7\u00f5es. A presidente da UE destacou, ainda, que o debate sobre uma poss\u00edvel participa\u00e7\u00e3o de Estados-membros num Conselho de Paz foi tema de discuss\u00e3o entre os ministros.<\/p>\n<p>A respons\u00e1vel pela pasta dos Neg\u00f3cios Estrangeiros da UE mencionou que o Conselho de Paz \u00e9 analisado no \u00e2mbito de uma resolu\u00e7\u00e3o do Conselho de Seguran\u00e7a das Na\u00e7\u00f5es Unidas, com o objetivo de uma participa\u00e7\u00e3o que respeite o marco institucional. A UE pretende manter o foco na paz est\u00e1vel em Gaza.<\/p>\n<p>O comentador ponderou que a ades\u00e3o ao Conselho de Paz deve seguir as regras da ONU, mantendo o papel dos palestinianos no processo. A estrat\u00e9gia europeia \u00e9 restringir o alcance do Conselho \u00e0 Faixa de Gaza, conforme o texto da resolu\u00e7\u00e3o da ONU.<\/p>\n<p>Paulo Rangel, ministro dos Neg\u00f3cios Estrangeiros de Portugal, afirmou aos jornalistas que o Governo acompanha a posi\u00e7\u00e3o da UE e est\u00e1 dispon\u00edvel para participar, desde que a participa\u00e7\u00e3o esteja sob a \u00e9gide das Na\u00e7\u00f5es Unidas. O objetivo \u00e9 cumprir a resolu\u00e7\u00e3o do Conselho de Seguran\u00e7a.<\/p>\n<p>Rangel sublinhou que alguns Estados-membros defendem dialogar com o Conselho de Paz, sem entrar no \u00f3rg\u00e3o, por considerar que este est\u00e1 fora do quadro da resolu\u00e7\u00e3o. A abordagem \u00e9 trabalhar para um formato que assegure o cumprimento da resolu\u00e7\u00e3o e avan\u00e7os reais em Gaza.<\/p>\n","protected":false},"excerpt":{"rendered":"<ul>\n<li>A presidente do governo da Est\u00f3nia, Kaja Kallas, afirmou que a regi\u00e3o n\u00e3o precisa de uma nova guerra, mesmo ap\u00f3s a Uni\u00e3o Europeia designar a Guarda Revolucion\u00e1ria do Ir\u00e3o como organiza\u00e7\u00e3o terrorista, criminalizando qualquer rela\u00e7\u00e3o com aquela for\u00e7a.<\/li>\n<li>A Uni\u00e3o Europeia (UE) quer limitar o papel do Conselho de Paz \u00e0 Faixa de Gaza e manter o objetivo de uma paz sustent\u00e1vel, em linha com a resolu\u00e7\u00e3o do Conselho de Seguran\u00e7a das Na\u00e7\u00f5es Unidas que dever\u00e1 terminar em 2027.<\/li>\n<li>O Alto Representante da UE para os Neg\u00f3cios Estrangeiros e Pol\u00edtica de Seguran\u00e7a indicou que o debate tamb\u00e9m avaliou a ades\u00e3o de Estados-membros ao Conselho de Paz, impulsionado pelo presidente dos Estados Unidos, Donald Trump.<\/li>\n<li>O ministro dos Neg\u00f3cios Estrageiros portugu\u00eas, Paulo Rangel, disse aos jornalistas que Portugal est\u00e1 dispon\u00edvel para participar num Conselho de Paz apenas sob a \u00e9gide das Na\u00e7\u00f5es Unidas e conforme a resolu\u00e7\u00e3o da ONU, n\u00e3o sob outra organiza\u00e7\u00e3o internacional.<\/li>\n<li>Rangel sublinhou a necessidade de dialogar com o Conselho de Paz sem entrar nele e destacou que o objetivo \u00e9 encontrar um formato que cumpra a resolu\u00e7\u00e3o, ao mesmo tempo em que se analisa a situa\u00e7\u00e3o em Gaza.<\/li>\n<\/ul>\n","protected":false},"author":2,"featured_media":182211,"comment_status":"closed","ping_status":"closed","sticky":false,"template":"","format":"standard","meta":{"footnotes":""},"categories":[1,5],"tags":[3782,3462,3651,3153,2127,2055],"class_list":["post-182186","post","type-post","status-publish","format-standard","has-post-thumbnail","hentry","category-noticias","category-politica","tag-conselho-de-paz","tag-conselho-de-seguranca","tag-gaza","tag-ira","tag-nacoes-unidas","tag-uniao-europeia"],"yoast_head":"<!-- This site is optimized with the Yoast SEO plugin v27.2 - https:\/\/yoast.com\/product\/yoast-seo-wordpress\/ -->\n<title>Kallas afirma que o M\u00e9dio Oriente n\u00e3o precisa de uma nova guerra - Portal Tela Portugal<\/title>\n<meta name=\"robots\" content=\"index, follow, max-snippet:-1, max-image-preview:large, max-video-preview:-1\" \/>\n<meta property=\"og:locale\" content=\"pt_PT\" \/>\n<meta property=\"og:type\" content=\"article\" \/>\n<meta property=\"og:title\" content=\"Kallas afirma que o M\u00e9dio Oriente n\u00e3o precisa de uma nova guerra - Portal Tela Portugal\" \/>\n<meta property=\"og:description\" content=\"A presidente do governo da Est\u00f3nia, Kaja Kallas, afirmou que a regi\u00e3o n\u00e3o precisa de uma nova guerra, mesmo ap\u00f3s a Uni\u00e3o Europeia designar a Guarda Revolucion\u00e1ria do Ir\u00e3o como organiza\u00e7\u00e3o terrorista, criminalizando qualquer rela\u00e7\u00e3o com aquela for\u00e7a. A Uni\u00e3o Europeia (UE) quer limitar o papel do Conselho de Paz \u00e0 Faixa de Gaza e manter o objetivo de uma paz sustent\u00e1vel, em linha com a resolu\u00e7\u00e3o do Conselho de Seguran\u00e7a das Na\u00e7\u00f5es Unidas que dever\u00e1 terminar em 2027. O Alto Representante da UE para os Neg\u00f3cios Estrangeiros e Pol\u00edtica de Seguran\u00e7a indicou que o debate tamb\u00e9m avaliou a ades\u00e3o de Estados-membros ao Conselho de Paz, impulsionado pelo presidente dos Estados Unidos, Donald Trump. O ministro dos Neg\u00f3cios Estrageiros portugu\u00eas, Paulo Rangel, disse aos jornalistas que Portugal est\u00e1 dispon\u00edvel para participar num Conselho de Paz apenas sob a \u00e9gide das Na\u00e7\u00f5es Unidas e conforme a resolu\u00e7\u00e3o da ONU, n\u00e3o sob outra organiza\u00e7\u00e3o internacional. Rangel sublinhou a necessidade de dialogar com o Conselho de Paz sem entrar nele e destacou que o objetivo \u00e9 encontrar um formato que cumpra a resolu\u00e7\u00e3o, ao mesmo tempo em que se analisa a situa\u00e7\u00e3o em Gaza.\" \/>\n<meta property=\"og:url\" content=\"https:\/\/portaltela.pt\/noticias\/2026\/01\/29\/kallas-afirma-que-o-medio-oriente-nao-precisa-de-uma-nova-guerra\/\" \/>\n<meta property=\"og:site_name\" content=\"Portal Tela Portugal\" \/>\n<meta property=\"article:published_time\" content=\"2026-01-29T18:24:00+00:00\" \/>\n<meta name=\"author\" content=\"Telinha\" \/>\n<meta name=\"twitter:card\" content=\"summary_large_image\" \/>\n<meta name=\"twitter:label1\" content=\"Escrito por\" \/>\n\t<meta name=\"twitter:data1\" content=\"Telinha\" \/>\n\t<meta name=\"twitter:label2\" content=\"Tempo estimado de leitura\" \/>\n\t<meta name=\"twitter:data2\" content=\"2 minutos\" \/>\n<script type=\"application\/ld+json\" class=\"yoast-schema-graph\">{\"@context\":\"https:\/\/schema.org\",\"@graph\":[{\"@type\":\"Article\",\"@id\":\"https:\/\/portaltela.pt\/noticias\/2026\/01\/29\/kallas-afirma-que-o-medio-oriente-nao-precisa-de-uma-nova-guerra\/#article\",\"isPartOf\":{\"@id\":\"https:\/\/portaltela.pt\/noticias\/2026\/01\/29\/kallas-afirma-que-o-medio-oriente-nao-precisa-de-uma-nova-guerra\/\"},\"author\":{\"name\":\"Telinha\",\"@id\":\"https:\/\/portaltela.pt\/#\/schema\/person\/c4278d4a6028830caff9ee44b42d32ed\"},\"headline\":\"Kallas afirma que o M\u00e9dio Oriente n\u00e3o precisa de uma nova guerra\",\"datePublished\":\"2026-01-29T18:24:00+00:00\",\"mainEntityOfPage\":{\"@id\":\"https:\/\/portaltela.pt\/noticias\/2026\/01\/29\/kallas-afirma-que-o-medio-oriente-nao-precisa-de-uma-nova-guerra\/\"},\"wordCount\":328,\"image\":{\"@id\":\"https:\/\/portaltela.pt\/noticias\/2026\/01\/29\/kallas-afirma-que-o-medio-oriente-nao-precisa-de-uma-nova-guerra\/#primaryimage\"},\"thumbnailUrl\":\"https:\/\/portaltela.pt\/s.01k8rhncp4jt1\/2026\/01\/unnamed-file-5903.jpg\",\"keywords\":[\"Conselho de Paz\",\"Conselho de Seguran\u00e7a\",\"Gaza\",\"Ir\u00e3\",\"Na\u00e7\u00f5es Unidas\",\"Uni\u00e3o Europeia\"],\"articleSection\":[\"Not\u00edcias\",\"Pol\u00edtica\"],\"inLanguage\":\"pt-PT\"},{\"@type\":\"WebPage\",\"@id\":\"https:\/\/portaltela.pt\/noticias\/2026\/01\/29\/kallas-afirma-que-o-medio-oriente-nao-precisa-de-uma-nova-guerra\/\",\"url\":\"https:\/\/portaltela.pt\/noticias\/2026\/01\/29\/kallas-afirma-que-o-medio-oriente-nao-precisa-de-uma-nova-guerra\/\",\"name\":\"Kallas afirma que o M\u00e9dio Oriente n\u00e3o precisa de uma nova guerra - Portal Tela Portugal\",\"isPartOf\":{\"@id\":\"https:\/\/portaltela.pt\/#website\"},\"primaryImageOfPage\":{\"@id\":\"https:\/\/portaltela.pt\/noticias\/2026\/01\/29\/kallas-afirma-que-o-medio-oriente-nao-precisa-de-uma-nova-guerra\/#primaryimage\"},\"image\":{\"@id\":\"https:\/\/portaltela.pt\/noticias\/2026\/01\/29\/kallas-afirma-que-o-medio-oriente-nao-precisa-de-uma-nova-guerra\/#primaryimage\"},\"thumbnailUrl\":\"https:\/\/portaltela.pt\/s.01k8rhncp4jt1\/2026\/01\/unnamed-file-5903.jpg\",\"datePublished\":\"2026-01-29T18:24:00+00:00\",\"author\":{\"@id\":\"https:\/\/portaltela.pt\/#\/schema\/person\/c4278d4a6028830caff9ee44b42d32ed\"},\"breadcrumb\":{\"@id\":\"https:\/\/portaltela.pt\/noticias\/2026\/01\/29\/kallas-afirma-que-o-medio-oriente-nao-precisa-de-uma-nova-guerra\/#breadcrumb\"},\"inLanguage\":\"pt-PT\",\"potentialAction\":[{\"@type\":\"ReadAction\",\"target\":[\"https:\/\/portaltela.pt\/noticias\/2026\/01\/29\/kallas-afirma-que-o-medio-oriente-nao-precisa-de-uma-nova-guerra\/\"]}]},{\"@type\":\"ImageObject\",\"inLanguage\":\"pt-PT\",\"@id\":\"https:\/\/portaltela.pt\/noticias\/2026\/01\/29\/kallas-afirma-que-o-medio-oriente-nao-precisa-de-uma-nova-guerra\/#primaryimage\",\"url\":\"https:\/\/portaltela.pt\/s.01k8rhncp4jt1\/2026\/01\/unnamed-file-5903.jpg\",\"contentUrl\":\"https:\/\/portaltela.pt\/s.01k8rhncp4jt1\/2026\/01\/unnamed-file-5903.jpg\",\"width\":796,\"height\":448,\"caption\":\"Kallas afirma que M\u00e9dio Oriente \\\"n\u00e3o precisa de nova guerra\\\"\"},{\"@type\":\"BreadcrumbList\",\"@id\":\"https:\/\/portaltela.pt\/noticias\/2026\/01\/29\/kallas-afirma-que-o-medio-oriente-nao-precisa-de-uma-nova-guerra\/#breadcrumb\",\"itemListElement\":[{\"@type\":\"ListItem\",\"position\":1,\"name\":\"In\u00edcio\",\"item\":\"https:\/\/portaltela.pt\/\"},{\"@type\":\"ListItem\",\"position\":2,\"name\":\"Kallas afirma que o M\u00e9dio Oriente n\u00e3o precisa de uma nova guerra\"}]},{\"@type\":\"WebSite\",\"@id\":\"https:\/\/portaltela.pt\/#website\",\"url\":\"https:\/\/portaltela.pt\/\",\"name\":\"Portal Tela Portugal\",\"description\":\"\",\"potentialAction\":[{\"@type\":\"SearchAction\",\"target\":{\"@type\":\"EntryPoint\",\"urlTemplate\":\"https:\/\/portaltela.pt\/?s={search_term_string}\"},\"query-input\":{\"@type\":\"PropertyValueSpecification\",\"valueRequired\":true,\"valueName\":\"search_term_string\"}}],\"inLanguage\":\"pt-PT\"},{\"@type\":\"Person\",\"@id\":\"https:\/\/portaltela.pt\/#\/schema\/person\/c4278d4a6028830caff9ee44b42d32ed\",\"name\":\"Telinha\",\"image\":{\"@type\":\"ImageObject\",\"inLanguage\":\"pt-PT\",\"@id\":\"https:\/\/portaltela.pt\/s.01k8rhncp4jt1\/2025\/11\/talking-bot-125x125.png\",\"url\":\"https:\/\/portaltela.pt\/s.01k8rhncp4jt1\/2025\/11\/talking-bot-125x125.png\",\"contentUrl\":\"https:\/\/portaltela.pt\/s.01k8rhncp4jt1\/2025\/11\/talking-bot-125x125.png\",\"caption\":\"Telinha\"},\"sameAs\":[\"https:\/\/portaltela.pt\/\"],\"url\":\"https:\/\/portaltela.pt\/por\/367410592786\/\"}]}<\/script>\n<!-- \/ Yoast SEO plugin. -->","yoast_head_json":{"title":"Kallas afirma que o M\u00e9dio Oriente n\u00e3o precisa de uma nova guerra - Portal Tela Portugal","robots":{"index":"index","follow":"follow","max-snippet":"max-snippet:-1","max-image-preview":"max-image-preview:large","max-video-preview":"max-video-preview:-1"},"og_locale":"pt_PT","og_type":"article","og_title":"Kallas afirma que o M\u00e9dio Oriente n\u00e3o precisa de uma nova guerra - Portal Tela Portugal","og_description":"A presidente do governo da Est\u00f3nia, Kaja Kallas, afirmou que a regi\u00e3o n\u00e3o precisa de uma nova guerra, mesmo ap\u00f3s a Uni\u00e3o Europeia designar a Guarda Revolucion\u00e1ria do Ir\u00e3o como organiza\u00e7\u00e3o terrorista, criminalizando qualquer rela\u00e7\u00e3o com aquela for\u00e7a. A Uni\u00e3o Europeia (UE) quer limitar o papel do Conselho de Paz \u00e0 Faixa de Gaza e manter o objetivo de uma paz sustent\u00e1vel, em linha com a resolu\u00e7\u00e3o do Conselho de Seguran\u00e7a das Na\u00e7\u00f5es Unidas que dever\u00e1 terminar em 2027. O Alto Representante da UE para os Neg\u00f3cios Estrangeiros e Pol\u00edtica de Seguran\u00e7a indicou que o debate tamb\u00e9m avaliou a ades\u00e3o de Estados-membros ao Conselho de Paz, impulsionado pelo presidente dos Estados Unidos, Donald Trump. O ministro dos Neg\u00f3cios Estrageiros portugu\u00eas, Paulo Rangel, disse aos jornalistas que Portugal est\u00e1 dispon\u00edvel para participar num Conselho de Paz apenas sob a \u00e9gide das Na\u00e7\u00f5es Unidas e conforme a resolu\u00e7\u00e3o da ONU, n\u00e3o sob outra organiza\u00e7\u00e3o internacional. Rangel sublinhou a necessidade de dialogar com o Conselho de Paz sem entrar nele e destacou que o objetivo \u00e9 encontrar um formato que cumpra a resolu\u00e7\u00e3o, ao mesmo tempo em que se analisa a situa\u00e7\u00e3o em Gaza.","og_url":"https:\/\/portaltela.pt\/noticias\/2026\/01\/29\/kallas-afirma-que-o-medio-oriente-nao-precisa-de-uma-nova-guerra\/","og_site_name":"Portal Tela Portugal","article_published_time":"2026-01-29T18:24:00+00:00","author":"Telinha","twitter_card":"summary_large_image","twitter_misc":{"Escrito por":"Telinha","Tempo estimado de leitura":"2 minutos"},"schema":{"@context":"https:\/\/schema.org","@graph":[{"@type":"Article","@id":"https:\/\/portaltela.pt\/noticias\/2026\/01\/29\/kallas-afirma-que-o-medio-oriente-nao-precisa-de-uma-nova-guerra\/#article","isPartOf":{"@id":"https:\/\/portaltela.pt\/noticias\/2026\/01\/29\/kallas-afirma-que-o-medio-oriente-nao-precisa-de-uma-nova-guerra\/"},"author":{"name":"Telinha","@id":"https:\/\/portaltela.pt\/#\/schema\/person\/c4278d4a6028830caff9ee44b42d32ed"},"headline":"Kallas afirma que o M\u00e9dio Oriente n\u00e3o precisa de uma nova guerra","datePublished":"2026-01-29T18:24:00+00:00","mainEntityOfPage":{"@id":"https:\/\/portaltela.pt\/noticias\/2026\/01\/29\/kallas-afirma-que-o-medio-oriente-nao-precisa-de-uma-nova-guerra\/"},"wordCount":328,"image":{"@id":"https:\/\/portaltela.pt\/noticias\/2026\/01\/29\/kallas-afirma-que-o-medio-oriente-nao-precisa-de-uma-nova-guerra\/#primaryimage"},"thumbnailUrl":"https:\/\/portaltela.pt\/s.01k8rhncp4jt1\/2026\/01\/unnamed-file-5903.jpg","keywords":["Conselho de Paz","Conselho de Seguran\u00e7a","Gaza","Ir\u00e3","Na\u00e7\u00f5es Unidas","Uni\u00e3o Europeia"],"articleSection":["Not\u00edcias","Pol\u00edtica"],"inLanguage":"pt-PT"},{"@type":"WebPage","@id":"https:\/\/portaltela.pt\/noticias\/2026\/01\/29\/kallas-afirma-que-o-medio-oriente-nao-precisa-de-uma-nova-guerra\/","url":"https:\/\/portaltela.pt\/noticias\/2026\/01\/29\/kallas-afirma-que-o-medio-oriente-nao-precisa-de-uma-nova-guerra\/","name":"Kallas afirma que o M\u00e9dio Oriente n\u00e3o precisa de uma nova guerra - Portal Tela Portugal","isPartOf":{"@id":"https:\/\/portaltela.pt\/#website"},"primaryImageOfPage":{"@id":"https:\/\/portaltela.pt\/noticias\/2026\/01\/29\/kallas-afirma-que-o-medio-oriente-nao-precisa-de-uma-nova-guerra\/#primaryimage"},"image":{"@id":"https:\/\/portaltela.pt\/noticias\/2026\/01\/29\/kallas-afirma-que-o-medio-oriente-nao-precisa-de-uma-nova-guerra\/#primaryimage"},"thumbnailUrl":"https:\/\/portaltela.pt\/s.01k8rhncp4jt1\/2026\/01\/unnamed-file-5903.jpg","datePublished":"2026-01-29T18:24:00+00:00","author":{"@id":"https:\/\/portaltela.pt\/#\/schema\/person\/c4278d4a6028830caff9ee44b42d32ed"},"breadcrumb":{"@id":"https:\/\/portaltela.pt\/noticias\/2026\/01\/29\/kallas-afirma-que-o-medio-oriente-nao-precisa-de-uma-nova-guerra\/#breadcrumb"},"inLanguage":"pt-PT","potentialAction":[{"@type":"ReadAction","target":["https:\/\/portaltela.pt\/noticias\/2026\/01\/29\/kallas-afirma-que-o-medio-oriente-nao-precisa-de-uma-nova-guerra\/"]}]},{"@type":"ImageObject","inLanguage":"pt-PT","@id":"https:\/\/portaltela.pt\/noticias\/2026\/01\/29\/kallas-afirma-que-o-medio-oriente-nao-precisa-de-uma-nova-guerra\/#primaryimage","url":"https:\/\/portaltela.pt\/s.01k8rhncp4jt1\/2026\/01\/unnamed-file-5903.jpg","contentUrl":"https:\/\/portaltela.pt\/s.01k8rhncp4jt1\/2026\/01\/unnamed-file-5903.jpg","width":796,"height":448,"caption":"Kallas afirma que M\u00e9dio Oriente \"n\u00e3o precisa de nova guerra\""},{"@type":"BreadcrumbList","@id":"https:\/\/portaltela.pt\/noticias\/2026\/01\/29\/kallas-afirma-que-o-medio-oriente-nao-precisa-de-uma-nova-guerra\/#breadcrumb","itemListElement":[{"@type":"ListItem","position":1,"name":"In\u00edcio","item":"https:\/\/portaltela.pt\/"},{"@type":"ListItem","position":2,"name":"Kallas afirma que o M\u00e9dio Oriente n\u00e3o precisa de uma nova guerra"}]},{"@type":"WebSite","@id":"https:\/\/portaltela.pt\/#website","url":"https:\/\/portaltela.pt\/","name":"Portal Tela Portugal","description":"","potentialAction":[{"@type":"SearchAction","target":{"@type":"EntryPoint","urlTemplate":"https:\/\/portaltela.pt\/?s={search_term_string}"},"query-input":{"@type":"PropertyValueSpecification","valueRequired":true,"valueName":"search_term_string"}}],"inLanguage":"pt-PT"},{"@type":"Person","@id":"https:\/\/portaltela.pt\/#\/schema\/person\/c4278d4a6028830caff9ee44b42d32ed","name":"Telinha","image":{"@type":"ImageObject","inLanguage":"pt-PT","@id":"https:\/\/portaltela.pt\/s.01k8rhncp4jt1\/2025\/11\/talking-bot-125x125.png","url":"https:\/\/portaltela.pt\/s.01k8rhncp4jt1\/2025\/11\/talking-bot-125x125.png","contentUrl":"https:\/\/portaltela.pt\/s.01k8rhncp4jt1\/2025\/11\/talking-bot-125x125.png","caption":"Telinha"},"sameAs":["https:\/\/portaltela.pt\/"],"url":"https:\/\/portaltela.pt\/por\/367410592786\/"}]}},"_links":{"self":[{"href":"https:\/\/portaltela.pt\/api\/wp\/v2\/posts\/182186","targetHints":{"allow":["GET"]}}],"collection":[{"href":"https:\/\/portaltela.pt\/api\/wp\/v2\/posts"}],"about":[{"href":"https:\/\/portaltela.pt\/api\/wp\/v2\/types\/post"}],"author":[{"embeddable":true,"href":"https:\/\/portaltela.pt\/api\/wp\/v2\/users\/2"}],"replies":[{"embeddable":true,"href":"https:\/\/portaltela.pt\/api\/wp\/v2\/comments?post=182186"}],"version-history":[{"count":0,"href":"https:\/\/portaltela.pt\/api\/wp\/v2\/posts\/182186\/revisions"}],"wp:featuredmedia":[{"embeddable":true,"href":"https:\/\/portaltela.pt\/api\/wp\/v2\/media\/182211"}],"wp:attachment":[{"href":"https:\/\/portaltela.pt\/api\/wp\/v2\/media?parent=182186"}],"wp:term":[{"taxonomy":"category","embeddable":true,"href":"https:\/\/portaltela.pt\/api\/wp\/v2\/categories?post=182186"},{"taxonomy":"post_tag","embeddable":true,"href":"https:\/\/portaltela.pt\/api\/wp\/v2\/tags?post=182186"}],"curies":[{"name":"wp","href":"https:\/\/api.w.org\/{rel}","templated":true}]}}