{"id":182163,"date":"2026-01-29T15:04:00","date_gmt":"2026-01-29T18:04:00","guid":{"rendered":"https:\/\/portaltela.pt\/noticias\/2026\/01\/29\/portugal-reforca-apoio-a-compra-de-geradores-para-kiev-2\/"},"modified":"2026-01-29T15:04:00","modified_gmt":"2026-01-29T18:04:00","slug":"portugal-reforca-apoio-a-compra-de-geradores-para-kiev-2","status":"publish","type":"post","link":"https:\/\/portaltela.pt\/noticias\/politica\/2026\/01\/29\/portugal-reforca-apoio-a-compra-de-geradores-para-kiev-2\/","title":{"rendered":"Portugal refor\u00e7a apoio \u00e0 compra de geradores para Kiev"},"content":{"rendered":"<p>O ministro dos Neg\u00f3cios Estrangeiros de Portugal informou hoje que o pa\u00eds vai refor\u00e7ar a contribui\u00e7\u00e3o para a compra de geradores destinados \u00e0 Ucr\u00e2nia. A medida surge \u00e0 margem de uma reuni\u00e3o de ministros da UE em Bruxelas, em que se discutiu a ajuda energ\u00e9tica ao pa\u00eds invadido.<\/p>\n<p>Paulo Rangel sublinhou que a situa\u00e7\u00e3o na Ucr\u00e2nia permanece muito dif\u00edcil, especialmente devido ao ataque a infraestruturas civis de energia e ao inverno rigoroso. O governante lembrou a evolu\u00e7\u00e3o do apoio europeu e a participa\u00e7\u00e3o portuguesa nos fundos de energia para a Ucr\u00e2nia.<\/p>\n<p>O respons\u00e1vel destacou que Portugal vai intensificar a contribui\u00e7\u00e3o para a aquisi\u00e7\u00e3o de geradores nas pr\u00f3ximas semanas, num esfor\u00e7o comum de v\u00e1rios Estados-membros para mitigar cortes de energia na Ucr\u00e2nia. A ades\u00e3o europeia de Kiev foi tamb\u00e9m tema de debate durante a reuni\u00e3o.<\/p>\n<h3>Perspetivas de ades\u00e3o e resposta da UE<\/h3>\n<p>O chefe da diplomacia portuguesa mencionou que o Presidente ucraniano, Volodymyr Zelensky, expressou o desejo de entrar no bloco em 2027. A UE indicou abertura para um eventual caminho de ades\u00e3o ap\u00f3s uma fase de paz e estabiliza\u00e7\u00e3o.<\/p>\n<p>A comiss\u00e1ria europeia para a Energia destacou que a UE j\u00e1 disponibilizou o maior pacote de ajuda de inverno e referiu n\u00fameros recentes, incluindo um acr\u00e9scimo de 500 geradores e 50 milh\u00f5es de euros. O Fundo para a Energia da UE j\u00e1 ultrapassou 1,6 mil milh\u00f5es de euros.<\/p>\n<p>Foi anunciada a cria\u00e7\u00e3o de um grupo de trabalho entre Bruxelas e Kiev para coordenar melhor o apoio energ\u00e9tico. Tamb\u00e9m se discutiu a proposta estoniana de vedar a entrada de combatentes russos no espa\u00e7o Schengen, com apoio de v\u00e1rios Estados-membros.<\/p>\n<p>Os aliados ocidentais t\u00eam prestado ajuda financeira e militar a Kiev desde a invas\u00e3o, em fevereiro de 2022, procurando reduzir a capacidade russa de sustentar o conflito. As san\u00e7\u00f5es sobre setores-chave da economia russa tamb\u00e9m foram reiteradas.<\/p>\n","protected":false},"excerpt":{"rendered":"<ul>\n<li>Portugal vai refor\u00e7ar a contribui\u00e7\u00e3o para a compra de geradores para a Ucr\u00e2nia, anunciando o ministro dos Neg\u00f3cios Estrangeiros, Paulo Rangel, \u00e0 margem de uma reuni\u00e3o de ministros da UE em Bruxelas.<\/li>\n<li>Rangel refor\u00e7ou que a UE tem contribu\u00eddo para o Fundo de Energia da Ucr\u00e2nia e que Portugal aumentar\u00e1 a contribui\u00e7\u00e3o nos pr\u00f3ximos dias, com apoio de v\u00e1rios Estados europeus.<\/li>\n<li>Zelensky expressou o desejo de ades\u00e3o \u00e0 UE em 2027; a UE abriu a possibilidade de um caminho de ades\u00e3o, com um per\u00edodo de transi\u00e7\u00e3o, se houver paz e estabilidade.<\/li>\n<li>A chefe da diplomacia da UE, Kaja Kallas, afirmou que a energia \u00e9 a nova linha da frente na guerra e que o bloco j\u00e1 forneceu mais 500 geradores, 50 milh\u00f5es de euros em apoio energ\u00e9tico, e que o Fundo de Energia j\u00e1 ultrapassou 1,6 mil milh\u00f5es de euros.<\/li>\n<li>Tamb\u00e9m se discutiu a proposta de proibir a entrada de combatentes russos no espa\u00e7o Schengen, ideia apoiada por muitos Estados-membros, com inten\u00e7\u00e3o de voltar a debater o tema.<\/li>\n<\/ul>\n","protected":false},"author":2,"featured_media":182173,"comment_status":"closed","ping_status":"closed","sticky":false,"template":"","format":"standard","meta":{"footnotes":""},"categories":[1,5],"tags":[3977,174,1014,1840,2134,2055],"class_list":["post-182163","post","type-post","status-publish","format-standard","has-post-thumbnail","hentry","category-noticias","category-politica","tag-adesao","tag-energia","tag-portugal","tag-sancoes-internacionais","tag-ucrania","tag-uniao-europeia"],"yoast_head":"<!-- This site is optimized with the Yoast SEO plugin v27.2 - https:\/\/yoast.com\/product\/yoast-seo-wordpress\/ -->\n<title>Portugal refor\u00e7a apoio \u00e0 compra de geradores para Kiev - Portal Tela Portugal<\/title>\n<meta name=\"robots\" content=\"index, follow, max-snippet:-1, max-image-preview:large, max-video-preview:-1\" \/>\n<meta property=\"og:locale\" content=\"pt_PT\" \/>\n<meta property=\"og:type\" content=\"article\" \/>\n<meta property=\"og:title\" content=\"Portugal refor\u00e7a apoio \u00e0 compra de geradores para Kiev - Portal Tela Portugal\" \/>\n<meta property=\"og:description\" content=\"Portugal vai refor\u00e7ar a contribui\u00e7\u00e3o para a compra de geradores para a Ucr\u00e2nia, anunciando o ministro dos Neg\u00f3cios Estrangeiros, Paulo Rangel, \u00e0 margem de uma reuni\u00e3o de ministros da UE em Bruxelas. Rangel refor\u00e7ou que a UE tem contribu\u00eddo para o Fundo de Energia da Ucr\u00e2nia e que Portugal aumentar\u00e1 a contribui\u00e7\u00e3o nos pr\u00f3ximos dias, com apoio de v\u00e1rios Estados europeus. Zelensky expressou o desejo de ades\u00e3o \u00e0 UE em 2027; a UE abriu a possibilidade de um caminho de ades\u00e3o, com um per\u00edodo de transi\u00e7\u00e3o, se houver paz e estabilidade. A chefe da diplomacia da UE, Kaja Kallas, afirmou que a energia \u00e9 a nova linha da frente na guerra e que o bloco j\u00e1 forneceu mais 500 geradores, 50 milh\u00f5es de euros em apoio energ\u00e9tico, e que o Fundo de Energia j\u00e1 ultrapassou 1,6 mil milh\u00f5es de euros. Tamb\u00e9m se discutiu a proposta de proibir a entrada de combatentes russos no espa\u00e7o Schengen, ideia apoiada por muitos Estados-membros, com inten\u00e7\u00e3o de voltar a debater o tema.\" \/>\n<meta property=\"og:url\" content=\"https:\/\/portaltela.pt\/noticias\/2026\/01\/29\/portugal-reforca-apoio-a-compra-de-geradores-para-kiev-2\/\" \/>\n<meta property=\"og:site_name\" content=\"Portal Tela Portugal\" \/>\n<meta property=\"article:published_time\" content=\"2026-01-29T18:04:00+00:00\" \/>\n<meta name=\"author\" content=\"Telinha\" \/>\n<meta name=\"twitter:card\" content=\"summary_large_image\" \/>\n<meta name=\"twitter:label1\" content=\"Escrito por\" \/>\n\t<meta name=\"twitter:data1\" content=\"Telinha\" \/>\n\t<meta name=\"twitter:label2\" content=\"Tempo estimado de leitura\" \/>\n\t<meta name=\"twitter:data2\" content=\"2 minutos\" \/>\n<script type=\"application\/ld+json\" class=\"yoast-schema-graph\">{\"@context\":\"https:\/\/schema.org\",\"@graph\":[{\"@type\":\"Article\",\"@id\":\"https:\/\/portaltela.pt\/noticias\/2026\/01\/29\/portugal-reforca-apoio-a-compra-de-geradores-para-kiev-2\/#article\",\"isPartOf\":{\"@id\":\"https:\/\/portaltela.pt\/noticias\/2026\/01\/29\/portugal-reforca-apoio-a-compra-de-geradores-para-kiev-2\/\"},\"author\":{\"name\":\"Telinha\",\"@id\":\"https:\/\/portaltela.pt\/#\/schema\/person\/c4278d4a6028830caff9ee44b42d32ed\"},\"headline\":\"Portugal refor\u00e7a apoio \u00e0 compra de geradores para Kiev\",\"datePublished\":\"2026-01-29T18:04:00+00:00\",\"mainEntityOfPage\":{\"@id\":\"https:\/\/portaltela.pt\/noticias\/2026\/01\/29\/portugal-reforca-apoio-a-compra-de-geradores-para-kiev-2\/\"},\"wordCount\":348,\"image\":{\"@id\":\"https:\/\/portaltela.pt\/noticias\/2026\/01\/29\/portugal-reforca-apoio-a-compra-de-geradores-para-kiev-2\/#primaryimage\"},\"thumbnailUrl\":\"https:\/\/portaltela.pt\/s.01k8rhncp4jt1\/2026\/01\/unnamed-file-5897.jpg\",\"keywords\":[\"ades\u00e3o\",\"energia\",\"Portugal\",\"san\u00e7\u00f5es internacionais\",\"Ucr\u00e2nia\",\"Uni\u00e3o Europeia\"],\"articleSection\":[\"Not\u00edcias\",\"Pol\u00edtica\"],\"inLanguage\":\"pt-PT\"},{\"@type\":\"WebPage\",\"@id\":\"https:\/\/portaltela.pt\/noticias\/2026\/01\/29\/portugal-reforca-apoio-a-compra-de-geradores-para-kiev-2\/\",\"url\":\"https:\/\/portaltela.pt\/noticias\/2026\/01\/29\/portugal-reforca-apoio-a-compra-de-geradores-para-kiev-2\/\",\"name\":\"Portugal refor\u00e7a apoio \u00e0 compra de geradores para Kiev - Portal Tela Portugal\",\"isPartOf\":{\"@id\":\"https:\/\/portaltela.pt\/#website\"},\"primaryImageOfPage\":{\"@id\":\"https:\/\/portaltela.pt\/noticias\/2026\/01\/29\/portugal-reforca-apoio-a-compra-de-geradores-para-kiev-2\/#primaryimage\"},\"image\":{\"@id\":\"https:\/\/portaltela.pt\/noticias\/2026\/01\/29\/portugal-reforca-apoio-a-compra-de-geradores-para-kiev-2\/#primaryimage\"},\"thumbnailUrl\":\"https:\/\/portaltela.pt\/s.01k8rhncp4jt1\/2026\/01\/unnamed-file-5897.jpg\",\"datePublished\":\"2026-01-29T18:04:00+00:00\",\"author\":{\"@id\":\"https:\/\/portaltela.pt\/#\/schema\/person\/c4278d4a6028830caff9ee44b42d32ed\"},\"breadcrumb\":{\"@id\":\"https:\/\/portaltela.pt\/noticias\/2026\/01\/29\/portugal-reforca-apoio-a-compra-de-geradores-para-kiev-2\/#breadcrumb\"},\"inLanguage\":\"pt-PT\",\"potentialAction\":[{\"@type\":\"ReadAction\",\"target\":[\"https:\/\/portaltela.pt\/noticias\/2026\/01\/29\/portugal-reforca-apoio-a-compra-de-geradores-para-kiev-2\/\"]}]},{\"@type\":\"ImageObject\",\"inLanguage\":\"pt-PT\",\"@id\":\"https:\/\/portaltela.pt\/noticias\/2026\/01\/29\/portugal-reforca-apoio-a-compra-de-geradores-para-kiev-2\/#primaryimage\",\"url\":\"https:\/\/portaltela.pt\/s.01k8rhncp4jt1\/2026\/01\/unnamed-file-5897.jpg\",\"contentUrl\":\"https:\/\/portaltela.pt\/s.01k8rhncp4jt1\/2026\/01\/unnamed-file-5897.jpg\",\"width\":796,\"height\":448,\"caption\":\"Portugal vai refor\u00e7ar contribui\u00e7\u00e3o para compra de geradores por Kiev\"},{\"@type\":\"BreadcrumbList\",\"@id\":\"https:\/\/portaltela.pt\/noticias\/2026\/01\/29\/portugal-reforca-apoio-a-compra-de-geradores-para-kiev-2\/#breadcrumb\",\"itemListElement\":[{\"@type\":\"ListItem\",\"position\":1,\"name\":\"In\u00edcio\",\"item\":\"https:\/\/portaltela.pt\/\"},{\"@type\":\"ListItem\",\"position\":2,\"name\":\"Portugal refor\u00e7a apoio \u00e0 compra de geradores para Kiev\"}]},{\"@type\":\"WebSite\",\"@id\":\"https:\/\/portaltela.pt\/#website\",\"url\":\"https:\/\/portaltela.pt\/\",\"name\":\"Portal Tela Portugal\",\"description\":\"\",\"potentialAction\":[{\"@type\":\"SearchAction\",\"target\":{\"@type\":\"EntryPoint\",\"urlTemplate\":\"https:\/\/portaltela.pt\/?s={search_term_string}\"},\"query-input\":{\"@type\":\"PropertyValueSpecification\",\"valueRequired\":true,\"valueName\":\"search_term_string\"}}],\"inLanguage\":\"pt-PT\"},{\"@type\":\"Person\",\"@id\":\"https:\/\/portaltela.pt\/#\/schema\/person\/c4278d4a6028830caff9ee44b42d32ed\",\"name\":\"Telinha\",\"image\":{\"@type\":\"ImageObject\",\"inLanguage\":\"pt-PT\",\"@id\":\"https:\/\/portaltela.pt\/s.01k8rhncp4jt1\/2025\/11\/talking-bot-125x125.png\",\"url\":\"https:\/\/portaltela.pt\/s.01k8rhncp4jt1\/2025\/11\/talking-bot-125x125.png\",\"contentUrl\":\"https:\/\/portaltela.pt\/s.01k8rhncp4jt1\/2025\/11\/talking-bot-125x125.png\",\"caption\":\"Telinha\"},\"sameAs\":[\"https:\/\/portaltela.pt\/\"],\"url\":\"https:\/\/portaltela.pt\/por\/367410592786\/\"}]}<\/script>\n<!-- \/ Yoast SEO plugin. -->","yoast_head_json":{"title":"Portugal refor\u00e7a apoio \u00e0 compra de geradores para Kiev - Portal Tela Portugal","robots":{"index":"index","follow":"follow","max-snippet":"max-snippet:-1","max-image-preview":"max-image-preview:large","max-video-preview":"max-video-preview:-1"},"og_locale":"pt_PT","og_type":"article","og_title":"Portugal refor\u00e7a apoio \u00e0 compra de geradores para Kiev - Portal Tela Portugal","og_description":"Portugal vai refor\u00e7ar a contribui\u00e7\u00e3o para a compra de geradores para a Ucr\u00e2nia, anunciando o ministro dos Neg\u00f3cios Estrangeiros, Paulo Rangel, \u00e0 margem de uma reuni\u00e3o de ministros da UE em Bruxelas. Rangel refor\u00e7ou que a UE tem contribu\u00eddo para o Fundo de Energia da Ucr\u00e2nia e que Portugal aumentar\u00e1 a contribui\u00e7\u00e3o nos pr\u00f3ximos dias, com apoio de v\u00e1rios Estados europeus. Zelensky expressou o desejo de ades\u00e3o \u00e0 UE em 2027; a UE abriu a possibilidade de um caminho de ades\u00e3o, com um per\u00edodo de transi\u00e7\u00e3o, se houver paz e estabilidade. A chefe da diplomacia da UE, Kaja Kallas, afirmou que a energia \u00e9 a nova linha da frente na guerra e que o bloco j\u00e1 forneceu mais 500 geradores, 50 milh\u00f5es de euros em apoio energ\u00e9tico, e que o Fundo de Energia j\u00e1 ultrapassou 1,6 mil milh\u00f5es de euros. Tamb\u00e9m se discutiu a proposta de proibir a entrada de combatentes russos no espa\u00e7o Schengen, ideia apoiada por muitos Estados-membros, com inten\u00e7\u00e3o de voltar a debater o tema.","og_url":"https:\/\/portaltela.pt\/noticias\/2026\/01\/29\/portugal-reforca-apoio-a-compra-de-geradores-para-kiev-2\/","og_site_name":"Portal Tela Portugal","article_published_time":"2026-01-29T18:04:00+00:00","author":"Telinha","twitter_card":"summary_large_image","twitter_misc":{"Escrito por":"Telinha","Tempo estimado de leitura":"2 minutos"},"schema":{"@context":"https:\/\/schema.org","@graph":[{"@type":"Article","@id":"https:\/\/portaltela.pt\/noticias\/2026\/01\/29\/portugal-reforca-apoio-a-compra-de-geradores-para-kiev-2\/#article","isPartOf":{"@id":"https:\/\/portaltela.pt\/noticias\/2026\/01\/29\/portugal-reforca-apoio-a-compra-de-geradores-para-kiev-2\/"},"author":{"name":"Telinha","@id":"https:\/\/portaltela.pt\/#\/schema\/person\/c4278d4a6028830caff9ee44b42d32ed"},"headline":"Portugal refor\u00e7a apoio \u00e0 compra de geradores para Kiev","datePublished":"2026-01-29T18:04:00+00:00","mainEntityOfPage":{"@id":"https:\/\/portaltela.pt\/noticias\/2026\/01\/29\/portugal-reforca-apoio-a-compra-de-geradores-para-kiev-2\/"},"wordCount":348,"image":{"@id":"https:\/\/portaltela.pt\/noticias\/2026\/01\/29\/portugal-reforca-apoio-a-compra-de-geradores-para-kiev-2\/#primaryimage"},"thumbnailUrl":"https:\/\/portaltela.pt\/s.01k8rhncp4jt1\/2026\/01\/unnamed-file-5897.jpg","keywords":["ades\u00e3o","energia","Portugal","san\u00e7\u00f5es internacionais","Ucr\u00e2nia","Uni\u00e3o Europeia"],"articleSection":["Not\u00edcias","Pol\u00edtica"],"inLanguage":"pt-PT"},{"@type":"WebPage","@id":"https:\/\/portaltela.pt\/noticias\/2026\/01\/29\/portugal-reforca-apoio-a-compra-de-geradores-para-kiev-2\/","url":"https:\/\/portaltela.pt\/noticias\/2026\/01\/29\/portugal-reforca-apoio-a-compra-de-geradores-para-kiev-2\/","name":"Portugal refor\u00e7a apoio \u00e0 compra de geradores para Kiev - Portal Tela Portugal","isPartOf":{"@id":"https:\/\/portaltela.pt\/#website"},"primaryImageOfPage":{"@id":"https:\/\/portaltela.pt\/noticias\/2026\/01\/29\/portugal-reforca-apoio-a-compra-de-geradores-para-kiev-2\/#primaryimage"},"image":{"@id":"https:\/\/portaltela.pt\/noticias\/2026\/01\/29\/portugal-reforca-apoio-a-compra-de-geradores-para-kiev-2\/#primaryimage"},"thumbnailUrl":"https:\/\/portaltela.pt\/s.01k8rhncp4jt1\/2026\/01\/unnamed-file-5897.jpg","datePublished":"2026-01-29T18:04:00+00:00","author":{"@id":"https:\/\/portaltela.pt\/#\/schema\/person\/c4278d4a6028830caff9ee44b42d32ed"},"breadcrumb":{"@id":"https:\/\/portaltela.pt\/noticias\/2026\/01\/29\/portugal-reforca-apoio-a-compra-de-geradores-para-kiev-2\/#breadcrumb"},"inLanguage":"pt-PT","potentialAction":[{"@type":"ReadAction","target":["https:\/\/portaltela.pt\/noticias\/2026\/01\/29\/portugal-reforca-apoio-a-compra-de-geradores-para-kiev-2\/"]}]},{"@type":"ImageObject","inLanguage":"pt-PT","@id":"https:\/\/portaltela.pt\/noticias\/2026\/01\/29\/portugal-reforca-apoio-a-compra-de-geradores-para-kiev-2\/#primaryimage","url":"https:\/\/portaltela.pt\/s.01k8rhncp4jt1\/2026\/01\/unnamed-file-5897.jpg","contentUrl":"https:\/\/portaltela.pt\/s.01k8rhncp4jt1\/2026\/01\/unnamed-file-5897.jpg","width":796,"height":448,"caption":"Portugal vai refor\u00e7ar contribui\u00e7\u00e3o para compra de geradores por Kiev"},{"@type":"BreadcrumbList","@id":"https:\/\/portaltela.pt\/noticias\/2026\/01\/29\/portugal-reforca-apoio-a-compra-de-geradores-para-kiev-2\/#breadcrumb","itemListElement":[{"@type":"ListItem","position":1,"name":"In\u00edcio","item":"https:\/\/portaltela.pt\/"},{"@type":"ListItem","position":2,"name":"Portugal refor\u00e7a apoio \u00e0 compra de geradores para Kiev"}]},{"@type":"WebSite","@id":"https:\/\/portaltela.pt\/#website","url":"https:\/\/portaltela.pt\/","name":"Portal Tela Portugal","description":"","potentialAction":[{"@type":"SearchAction","target":{"@type":"EntryPoint","urlTemplate":"https:\/\/portaltela.pt\/?s={search_term_string}"},"query-input":{"@type":"PropertyValueSpecification","valueRequired":true,"valueName":"search_term_string"}}],"inLanguage":"pt-PT"},{"@type":"Person","@id":"https:\/\/portaltela.pt\/#\/schema\/person\/c4278d4a6028830caff9ee44b42d32ed","name":"Telinha","image":{"@type":"ImageObject","inLanguage":"pt-PT","@id":"https:\/\/portaltela.pt\/s.01k8rhncp4jt1\/2025\/11\/talking-bot-125x125.png","url":"https:\/\/portaltela.pt\/s.01k8rhncp4jt1\/2025\/11\/talking-bot-125x125.png","contentUrl":"https:\/\/portaltela.pt\/s.01k8rhncp4jt1\/2025\/11\/talking-bot-125x125.png","caption":"Telinha"},"sameAs":["https:\/\/portaltela.pt\/"],"url":"https:\/\/portaltela.pt\/por\/367410592786\/"}]}},"_links":{"self":[{"href":"https:\/\/portaltela.pt\/api\/wp\/v2\/posts\/182163","targetHints":{"allow":["GET"]}}],"collection":[{"href":"https:\/\/portaltela.pt\/api\/wp\/v2\/posts"}],"about":[{"href":"https:\/\/portaltela.pt\/api\/wp\/v2\/types\/post"}],"author":[{"embeddable":true,"href":"https:\/\/portaltela.pt\/api\/wp\/v2\/users\/2"}],"replies":[{"embeddable":true,"href":"https:\/\/portaltela.pt\/api\/wp\/v2\/comments?post=182163"}],"version-history":[{"count":0,"href":"https:\/\/portaltela.pt\/api\/wp\/v2\/posts\/182163\/revisions"}],"wp:featuredmedia":[{"embeddable":true,"href":"https:\/\/portaltela.pt\/api\/wp\/v2\/media\/182173"}],"wp:attachment":[{"href":"https:\/\/portaltela.pt\/api\/wp\/v2\/media?parent=182163"}],"wp:term":[{"taxonomy":"category","embeddable":true,"href":"https:\/\/portaltela.pt\/api\/wp\/v2\/categories?post=182163"},{"taxonomy":"post_tag","embeddable":true,"href":"https:\/\/portaltela.pt\/api\/wp\/v2\/tags?post=182163"}],"curies":[{"name":"wp","href":"https:\/\/api.w.org\/{rel}","templated":true}]}}