{"id":182152,"date":"2026-01-29T15:14:00","date_gmt":"2026-01-29T18:14:00","guid":{"rendered":"https:\/\/portaltela.pt\/noticias\/2026\/01\/29\/pj-desmantela-producao-de-canabis-e-detem-suspeito\/"},"modified":"2026-01-29T15:14:00","modified_gmt":"2026-01-29T18:14:00","slug":"pj-desmantela-producao-de-canabis-e-detem-suspeito","status":"publish","type":"post","link":"https:\/\/portaltela.pt\/noticias\/2026\/01\/29\/pj-desmantela-producao-de-canabis-e-detem-suspeito\/","title":{"rendered":"PJ desmantela produ\u00e7\u00e3o de can\u00e1bis e det\u00e9m suspeito"},"content":{"rendered":"<p>A Pol\u00edcia Judici\u00e1ria desmantelou uma unidade de produ\u00e7\u00e3o ilegal de can\u00e1bis em Cantanhede, distrito de Coimbra, na quinta-feira, com a colabora\u00e7\u00e3o da GNR. Foi detido um homem de 35 anos, ap\u00f3s um inc\u00eandio urbano numa habita\u00e7\u00e3o na Quinta da Ferreira.<\/p>\n<p>Entre as dilig\u00eancias, a investiga\u00e7\u00e3o resultou na apreens\u00e3o de equipamento utilizado na produ\u00e7\u00e3o, pesagem e embalagem da can\u00e1bis. Foram ainda apreendidos mais de 370 p\u00e9s em diferentes estados de flora\u00e7\u00e3o e desenvolvimento.<\/p>\n<p>A opera\u00e7\u00e3o incluiu a apreens\u00e3o de can\u00e1bis em folhas e resina, bem como materiais inform\u00e1ticos e mil euros em numer\u00e1rio, alegadamente provenientes da atividade il\u00edcita. A PJ aponta para a possibilidade de o produto ser destinado ao mercado interno e externo, com pretens\u00e3o internacional.<\/p>\n<p>Segundo a PJ, a dimens\u00e3o da produ\u00e7\u00e3o e a sofistica\u00e7\u00e3o do material indicam que a subst\u00e2ncia poderia ser integrada em uma rede de abastecimento de \u00e2mbito internacional. O detido ser\u00e1 presente hoje a Tribunal para primeiro interrogat\u00f3rio judicial e aplica\u00e7\u00e3o de medidas de coa\u00e7\u00e3o.<\/p>\n","protected":false},"excerpt":{"rendered":"<ul>\n<li>A Pol\u00edcia Judici\u00e1ria desmantelou uma unidade de produ\u00e7\u00e3o ilegal de can\u00e1bis em Cantanhede, distrito de Coimbra, e deteve um homem de trinta e cinco anos.<\/li>\n<li>A opera\u00e7\u00e3o, realizada na sequ\u00eancia de um inc\u00eandio urbano numa habita\u00e7\u00e3o da Quinta da Ferreira, contou com a colabora\u00e7\u00e3o da Guarda Nacional Republicana.<\/li>\n<li>Foram apreendidos numerosos equipamentos para cultivo, produ\u00e7\u00e3o, pesagem e embalamento, bem como mais de trezentos e setenta p\u00e9s de cannabis em diferentes estados de flora\u00e7\u00e3o.<\/li>\n<li>Tamb\u00e9m foram apreendidas folhas e resina de can\u00e1bis, al\u00e9m de equipamento inform\u00e1tico e mil euros em numer\u00e1rio, considerados resultado da atividade il\u00edcita.<\/li>\n<li>O detido vai ser esta quinta-feira presente a Tribunal, para primeiro interrogat\u00f3rio judicial e aplica\u00e7\u00e3o de medidas de coa\u00e7\u00e3o; as autoridades indicam que o material sugere produ\u00e7\u00e3o para o mercado interno e externo, com car\u00e1cter internacional.<\/li>\n<\/ul>\n","protected":false},"author":2,"featured_media":182166,"comment_status":"closed","ping_status":"closed","sticky":false,"template":"","format":"standard","meta":{"footnotes":""},"categories":[1],"tags":[3662,3677,1070,215,1802,96],"class_list":["post-182152","post","type-post","status-publish","format-standard","has-post-thumbnail","hentry","category-noticias","tag-canabis","tag-cantanhede","tag-coimbra","tag-investigacao","tag-policia-judiciaria","tag-trafico-de-droga"],"yoast_head":"<!-- This site is optimized with the Yoast SEO plugin v27.2 - https:\/\/yoast.com\/product\/yoast-seo-wordpress\/ -->\n<title>PJ desmantela produ\u00e7\u00e3o de can\u00e1bis e det\u00e9m suspeito - Portal Tela Portugal<\/title>\n<meta name=\"robots\" content=\"index, follow, max-snippet:-1, max-image-preview:large, max-video-preview:-1\" \/>\n<meta property=\"og:locale\" content=\"pt_PT\" \/>\n<meta property=\"og:type\" content=\"article\" \/>\n<meta property=\"og:title\" content=\"PJ desmantela produ\u00e7\u00e3o de can\u00e1bis e det\u00e9m suspeito - Portal Tela Portugal\" \/>\n<meta property=\"og:description\" content=\"A Pol\u00edcia Judici\u00e1ria desmantelou uma unidade de produ\u00e7\u00e3o ilegal de can\u00e1bis em Cantanhede, distrito de Coimbra, e deteve um homem de trinta e cinco anos. A opera\u00e7\u00e3o, realizada na sequ\u00eancia de um inc\u00eandio urbano numa habita\u00e7\u00e3o da Quinta da Ferreira, contou com a colabora\u00e7\u00e3o da Guarda Nacional Republicana. Foram apreendidos numerosos equipamentos para cultivo, produ\u00e7\u00e3o, pesagem e embalamento, bem como mais de trezentos e setenta p\u00e9s de cannabis em diferentes estados de flora\u00e7\u00e3o. Tamb\u00e9m foram apreendidas folhas e resina de can\u00e1bis, al\u00e9m de equipamento inform\u00e1tico e mil euros em numer\u00e1rio, considerados resultado da atividade il\u00edcita. O detido vai ser esta quinta-feira presente a Tribunal, para primeiro interrogat\u00f3rio judicial e aplica\u00e7\u00e3o de medidas de coa\u00e7\u00e3o; as autoridades indicam que o material sugere produ\u00e7\u00e3o para o mercado interno e externo, com car\u00e1cter internacional.\" \/>\n<meta property=\"og:url\" content=\"https:\/\/portaltela.pt\/noticias\/2026\/01\/29\/pj-desmantela-producao-de-canabis-e-detem-suspeito\/\" \/>\n<meta property=\"og:site_name\" content=\"Portal Tela Portugal\" \/>\n<meta property=\"article:published_time\" content=\"2026-01-29T18:14:00+00:00\" \/>\n<meta name=\"author\" content=\"Telinha\" \/>\n<meta name=\"twitter:card\" content=\"summary_large_image\" \/>\n<meta name=\"twitter:label1\" content=\"Escrito por\" \/>\n\t<meta name=\"twitter:data1\" content=\"Telinha\" \/>\n\t<meta name=\"twitter:label2\" content=\"Tempo estimado de leitura\" \/>\n\t<meta name=\"twitter:data2\" content=\"1 minuto\" \/>\n<script type=\"application\/ld+json\" class=\"yoast-schema-graph\">{\"@context\":\"https:\/\/schema.org\",\"@graph\":[{\"@type\":\"Article\",\"@id\":\"https:\/\/portaltela.pt\/noticias\/2026\/01\/29\/pj-desmantela-producao-de-canabis-e-detem-suspeito\/#article\",\"isPartOf\":{\"@id\":\"https:\/\/portaltela.pt\/noticias\/2026\/01\/29\/pj-desmantela-producao-de-canabis-e-detem-suspeito\/\"},\"author\":{\"name\":\"Telinha\",\"@id\":\"https:\/\/portaltela.pt\/#\/schema\/person\/c4278d4a6028830caff9ee44b42d32ed\"},\"headline\":\"PJ desmantela produ\u00e7\u00e3o de can\u00e1bis e det\u00e9m suspeito\",\"datePublished\":\"2026-01-29T18:14:00+00:00\",\"mainEntityOfPage\":{\"@id\":\"https:\/\/portaltela.pt\/noticias\/2026\/01\/29\/pj-desmantela-producao-de-canabis-e-detem-suspeito\/\"},\"wordCount\":198,\"image\":{\"@id\":\"https:\/\/portaltela.pt\/noticias\/2026\/01\/29\/pj-desmantela-producao-de-canabis-e-detem-suspeito\/#primaryimage\"},\"thumbnailUrl\":\"https:\/\/portaltela.pt\/s.01k8rhncp4jt1\/2026\/01\/GettyImages-81013264_770x433_acf_cropped.jpg\",\"keywords\":[\"can\u00e1bis\",\"Cantanhede\",\"Coimbra\",\"investiga\u00e7\u00e3o\",\"Pol\u00edcia Judici\u00e1ria\",\"tr\u00e1fico de droga\"],\"articleSection\":[\"Not\u00edcias\"],\"inLanguage\":\"pt-PT\"},{\"@type\":\"WebPage\",\"@id\":\"https:\/\/portaltela.pt\/noticias\/2026\/01\/29\/pj-desmantela-producao-de-canabis-e-detem-suspeito\/\",\"url\":\"https:\/\/portaltela.pt\/noticias\/2026\/01\/29\/pj-desmantela-producao-de-canabis-e-detem-suspeito\/\",\"name\":\"PJ desmantela produ\u00e7\u00e3o de can\u00e1bis e det\u00e9m suspeito - Portal Tela Portugal\",\"isPartOf\":{\"@id\":\"https:\/\/portaltela.pt\/#website\"},\"primaryImageOfPage\":{\"@id\":\"https:\/\/portaltela.pt\/noticias\/2026\/01\/29\/pj-desmantela-producao-de-canabis-e-detem-suspeito\/#primaryimage\"},\"image\":{\"@id\":\"https:\/\/portaltela.pt\/noticias\/2026\/01\/29\/pj-desmantela-producao-de-canabis-e-detem-suspeito\/#primaryimage\"},\"thumbnailUrl\":\"https:\/\/portaltela.pt\/s.01k8rhncp4jt1\/2026\/01\/GettyImages-81013264_770x433_acf_cropped.jpg\",\"datePublished\":\"2026-01-29T18:14:00+00:00\",\"author\":{\"@id\":\"https:\/\/portaltela.pt\/#\/schema\/person\/c4278d4a6028830caff9ee44b42d32ed\"},\"breadcrumb\":{\"@id\":\"https:\/\/portaltela.pt\/noticias\/2026\/01\/29\/pj-desmantela-producao-de-canabis-e-detem-suspeito\/#breadcrumb\"},\"inLanguage\":\"pt-PT\",\"potentialAction\":[{\"@type\":\"ReadAction\",\"target\":[\"https:\/\/portaltela.pt\/noticias\/2026\/01\/29\/pj-desmantela-producao-de-canabis-e-detem-suspeito\/\"]}]},{\"@type\":\"ImageObject\",\"inLanguage\":\"pt-PT\",\"@id\":\"https:\/\/portaltela.pt\/noticias\/2026\/01\/29\/pj-desmantela-producao-de-canabis-e-detem-suspeito\/#primaryimage\",\"url\":\"https:\/\/portaltela.pt\/s.01k8rhncp4jt1\/2026\/01\/GettyImages-81013264_770x433_acf_cropped.jpg\",\"contentUrl\":\"https:\/\/portaltela.pt\/s.01k8rhncp4jt1\/2026\/01\/GettyImages-81013264_770x433_acf_cropped.jpg\",\"width\":796,\"height\":448,\"caption\":\"A pol\u00edcia revelou que apreendeu uma enorme diversidade de equipamentos utilizados para fim exclusivo do cultivo, produ\u00e7\u00e3o, pesagem e embalamento da can\u00e1bis, a apreens\u00e3o de mais de 370 p\u00e9s daquela planta\"},{\"@type\":\"BreadcrumbList\",\"@id\":\"https:\/\/portaltela.pt\/noticias\/2026\/01\/29\/pj-desmantela-producao-de-canabis-e-detem-suspeito\/#breadcrumb\",\"itemListElement\":[{\"@type\":\"ListItem\",\"position\":1,\"name\":\"In\u00edcio\",\"item\":\"https:\/\/portaltela.pt\/\"},{\"@type\":\"ListItem\",\"position\":2,\"name\":\"PJ desmantela produ\u00e7\u00e3o de can\u00e1bis e det\u00e9m suspeito\"}]},{\"@type\":\"WebSite\",\"@id\":\"https:\/\/portaltela.pt\/#website\",\"url\":\"https:\/\/portaltela.pt\/\",\"name\":\"Portal Tela Portugal\",\"description\":\"\",\"potentialAction\":[{\"@type\":\"SearchAction\",\"target\":{\"@type\":\"EntryPoint\",\"urlTemplate\":\"https:\/\/portaltela.pt\/?s={search_term_string}\"},\"query-input\":{\"@type\":\"PropertyValueSpecification\",\"valueRequired\":true,\"valueName\":\"search_term_string\"}}],\"inLanguage\":\"pt-PT\"},{\"@type\":\"Person\",\"@id\":\"https:\/\/portaltela.pt\/#\/schema\/person\/c4278d4a6028830caff9ee44b42d32ed\",\"name\":\"Telinha\",\"image\":{\"@type\":\"ImageObject\",\"inLanguage\":\"pt-PT\",\"@id\":\"https:\/\/portaltela.pt\/s.01k8rhncp4jt1\/2025\/11\/talking-bot-125x125.png\",\"url\":\"https:\/\/portaltela.pt\/s.01k8rhncp4jt1\/2025\/11\/talking-bot-125x125.png\",\"contentUrl\":\"https:\/\/portaltela.pt\/s.01k8rhncp4jt1\/2025\/11\/talking-bot-125x125.png\",\"caption\":\"Telinha\"},\"sameAs\":[\"https:\/\/portaltela.pt\/\"],\"url\":\"https:\/\/portaltela.pt\/por\/367410592786\/\"}]}<\/script>\n<!-- \/ Yoast SEO plugin. -->","yoast_head_json":{"title":"PJ desmantela produ\u00e7\u00e3o de can\u00e1bis e det\u00e9m suspeito - Portal Tela Portugal","robots":{"index":"index","follow":"follow","max-snippet":"max-snippet:-1","max-image-preview":"max-image-preview:large","max-video-preview":"max-video-preview:-1"},"og_locale":"pt_PT","og_type":"article","og_title":"PJ desmantela produ\u00e7\u00e3o de can\u00e1bis e det\u00e9m suspeito - Portal Tela Portugal","og_description":"A Pol\u00edcia Judici\u00e1ria desmantelou uma unidade de produ\u00e7\u00e3o ilegal de can\u00e1bis em Cantanhede, distrito de Coimbra, e deteve um homem de trinta e cinco anos. A opera\u00e7\u00e3o, realizada na sequ\u00eancia de um inc\u00eandio urbano numa habita\u00e7\u00e3o da Quinta da Ferreira, contou com a colabora\u00e7\u00e3o da Guarda Nacional Republicana. Foram apreendidos numerosos equipamentos para cultivo, produ\u00e7\u00e3o, pesagem e embalamento, bem como mais de trezentos e setenta p\u00e9s de cannabis em diferentes estados de flora\u00e7\u00e3o. Tamb\u00e9m foram apreendidas folhas e resina de can\u00e1bis, al\u00e9m de equipamento inform\u00e1tico e mil euros em numer\u00e1rio, considerados resultado da atividade il\u00edcita. O detido vai ser esta quinta-feira presente a Tribunal, para primeiro interrogat\u00f3rio judicial e aplica\u00e7\u00e3o de medidas de coa\u00e7\u00e3o; as autoridades indicam que o material sugere produ\u00e7\u00e3o para o mercado interno e externo, com car\u00e1cter internacional.","og_url":"https:\/\/portaltela.pt\/noticias\/2026\/01\/29\/pj-desmantela-producao-de-canabis-e-detem-suspeito\/","og_site_name":"Portal Tela Portugal","article_published_time":"2026-01-29T18:14:00+00:00","author":"Telinha","twitter_card":"summary_large_image","twitter_misc":{"Escrito por":"Telinha","Tempo estimado de leitura":"1 minuto"},"schema":{"@context":"https:\/\/schema.org","@graph":[{"@type":"Article","@id":"https:\/\/portaltela.pt\/noticias\/2026\/01\/29\/pj-desmantela-producao-de-canabis-e-detem-suspeito\/#article","isPartOf":{"@id":"https:\/\/portaltela.pt\/noticias\/2026\/01\/29\/pj-desmantela-producao-de-canabis-e-detem-suspeito\/"},"author":{"name":"Telinha","@id":"https:\/\/portaltela.pt\/#\/schema\/person\/c4278d4a6028830caff9ee44b42d32ed"},"headline":"PJ desmantela produ\u00e7\u00e3o de can\u00e1bis e det\u00e9m suspeito","datePublished":"2026-01-29T18:14:00+00:00","mainEntityOfPage":{"@id":"https:\/\/portaltela.pt\/noticias\/2026\/01\/29\/pj-desmantela-producao-de-canabis-e-detem-suspeito\/"},"wordCount":198,"image":{"@id":"https:\/\/portaltela.pt\/noticias\/2026\/01\/29\/pj-desmantela-producao-de-canabis-e-detem-suspeito\/#primaryimage"},"thumbnailUrl":"https:\/\/portaltela.pt\/s.01k8rhncp4jt1\/2026\/01\/GettyImages-81013264_770x433_acf_cropped.jpg","keywords":["can\u00e1bis","Cantanhede","Coimbra","investiga\u00e7\u00e3o","Pol\u00edcia Judici\u00e1ria","tr\u00e1fico de droga"],"articleSection":["Not\u00edcias"],"inLanguage":"pt-PT"},{"@type":"WebPage","@id":"https:\/\/portaltela.pt\/noticias\/2026\/01\/29\/pj-desmantela-producao-de-canabis-e-detem-suspeito\/","url":"https:\/\/portaltela.pt\/noticias\/2026\/01\/29\/pj-desmantela-producao-de-canabis-e-detem-suspeito\/","name":"PJ desmantela produ\u00e7\u00e3o de can\u00e1bis e det\u00e9m suspeito - Portal Tela Portugal","isPartOf":{"@id":"https:\/\/portaltela.pt\/#website"},"primaryImageOfPage":{"@id":"https:\/\/portaltela.pt\/noticias\/2026\/01\/29\/pj-desmantela-producao-de-canabis-e-detem-suspeito\/#primaryimage"},"image":{"@id":"https:\/\/portaltela.pt\/noticias\/2026\/01\/29\/pj-desmantela-producao-de-canabis-e-detem-suspeito\/#primaryimage"},"thumbnailUrl":"https:\/\/portaltela.pt\/s.01k8rhncp4jt1\/2026\/01\/GettyImages-81013264_770x433_acf_cropped.jpg","datePublished":"2026-01-29T18:14:00+00:00","author":{"@id":"https:\/\/portaltela.pt\/#\/schema\/person\/c4278d4a6028830caff9ee44b42d32ed"},"breadcrumb":{"@id":"https:\/\/portaltela.pt\/noticias\/2026\/01\/29\/pj-desmantela-producao-de-canabis-e-detem-suspeito\/#breadcrumb"},"inLanguage":"pt-PT","potentialAction":[{"@type":"ReadAction","target":["https:\/\/portaltela.pt\/noticias\/2026\/01\/29\/pj-desmantela-producao-de-canabis-e-detem-suspeito\/"]}]},{"@type":"ImageObject","inLanguage":"pt-PT","@id":"https:\/\/portaltela.pt\/noticias\/2026\/01\/29\/pj-desmantela-producao-de-canabis-e-detem-suspeito\/#primaryimage","url":"https:\/\/portaltela.pt\/s.01k8rhncp4jt1\/2026\/01\/GettyImages-81013264_770x433_acf_cropped.jpg","contentUrl":"https:\/\/portaltela.pt\/s.01k8rhncp4jt1\/2026\/01\/GettyImages-81013264_770x433_acf_cropped.jpg","width":796,"height":448,"caption":"A pol\u00edcia revelou que apreendeu uma enorme diversidade de equipamentos utilizados para fim exclusivo do cultivo, produ\u00e7\u00e3o, pesagem e embalamento da can\u00e1bis, a apreens\u00e3o de mais de 370 p\u00e9s daquela planta"},{"@type":"BreadcrumbList","@id":"https:\/\/portaltela.pt\/noticias\/2026\/01\/29\/pj-desmantela-producao-de-canabis-e-detem-suspeito\/#breadcrumb","itemListElement":[{"@type":"ListItem","position":1,"name":"In\u00edcio","item":"https:\/\/portaltela.pt\/"},{"@type":"ListItem","position":2,"name":"PJ desmantela produ\u00e7\u00e3o de can\u00e1bis e det\u00e9m suspeito"}]},{"@type":"WebSite","@id":"https:\/\/portaltela.pt\/#website","url":"https:\/\/portaltela.pt\/","name":"Portal Tela Portugal","description":"","potentialAction":[{"@type":"SearchAction","target":{"@type":"EntryPoint","urlTemplate":"https:\/\/portaltela.pt\/?s={search_term_string}"},"query-input":{"@type":"PropertyValueSpecification","valueRequired":true,"valueName":"search_term_string"}}],"inLanguage":"pt-PT"},{"@type":"Person","@id":"https:\/\/portaltela.pt\/#\/schema\/person\/c4278d4a6028830caff9ee44b42d32ed","name":"Telinha","image":{"@type":"ImageObject","inLanguage":"pt-PT","@id":"https:\/\/portaltela.pt\/s.01k8rhncp4jt1\/2025\/11\/talking-bot-125x125.png","url":"https:\/\/portaltela.pt\/s.01k8rhncp4jt1\/2025\/11\/talking-bot-125x125.png","contentUrl":"https:\/\/portaltela.pt\/s.01k8rhncp4jt1\/2025\/11\/talking-bot-125x125.png","caption":"Telinha"},"sameAs":["https:\/\/portaltela.pt\/"],"url":"https:\/\/portaltela.pt\/por\/367410592786\/"}]}},"_links":{"self":[{"href":"https:\/\/portaltela.pt\/api\/wp\/v2\/posts\/182152","targetHints":{"allow":["GET"]}}],"collection":[{"href":"https:\/\/portaltela.pt\/api\/wp\/v2\/posts"}],"about":[{"href":"https:\/\/portaltela.pt\/api\/wp\/v2\/types\/post"}],"author":[{"embeddable":true,"href":"https:\/\/portaltela.pt\/api\/wp\/v2\/users\/2"}],"replies":[{"embeddable":true,"href":"https:\/\/portaltela.pt\/api\/wp\/v2\/comments?post=182152"}],"version-history":[{"count":0,"href":"https:\/\/portaltela.pt\/api\/wp\/v2\/posts\/182152\/revisions"}],"wp:featuredmedia":[{"embeddable":true,"href":"https:\/\/portaltela.pt\/api\/wp\/v2\/media\/182166"}],"wp:attachment":[{"href":"https:\/\/portaltela.pt\/api\/wp\/v2\/media?parent=182152"}],"wp:term":[{"taxonomy":"category","embeddable":true,"href":"https:\/\/portaltela.pt\/api\/wp\/v2\/categories?post=182152"},{"taxonomy":"post_tag","embeddable":true,"href":"https:\/\/portaltela.pt\/api\/wp\/v2\/tags?post=182152"}],"curies":[{"name":"wp","href":"https:\/\/api.w.org\/{rel}","templated":true}]}}