{"id":182136,"date":"2026-01-29T15:20:58","date_gmt":"2026-01-29T18:20:58","guid":{"rendered":"https:\/\/portaltela.pt\/noticias\/2026\/01\/29\/calamidade-decretada-ate-1-de-fevereiro-em-pelo-menos-60-municipios\/"},"modified":"2026-01-29T15:20:58","modified_gmt":"2026-01-29T18:20:58","slug":"calamidade-decretada-ate-1-de-fevereiro-em-pelo-menos-60-municipios","status":"publish","type":"post","link":"https:\/\/portaltela.pt\/noticias\/2026\/01\/29\/calamidade-decretada-ate-1-de-fevereiro-em-pelo-menos-60-municipios\/","title":{"rendered":"Calamidade decretada at\u00e9 1 de fevereiro em pelo menos 60 munic\u00edpios"},"content":{"rendered":"<p>O Governo decretou uma situa\u00e7\u00e3o de calamidade que vai vigorar at\u00e9 \u00e0s 23h59 de 1 de fevereiro. O decreto abrange cerca de 60 munic\u00edpios, num conjunto que vai desde Mira, no norte, at\u00e9 Lourinh\u00e3 e Torres Vedras, ao sul. O per\u00edodo de aplica\u00e7\u00e3o \u00e9 das 00h de quarta-feira at\u00e9 ao final do dia 1 de fevereiro.<\/p>\n<p>O an\u00fancio foi feito pelo ministro da Presid\u00eancia, Ant\u00f3nio Leit\u00e3o Amaro, durante a confer\u00eancia de imprensa realizada ap\u00f3s a reuni\u00e3o semanal do Conselho de Ministros. O texto do decreto estabelece a dura\u00e7\u00e3o e o universo territorial, com possibilidade de acr\u00e9scimo de novos munic\u00edpios.<\/p>\n<p>A amplia\u00e7\u00e3o do universo territorial pode ocorrer por despacho da ministra da Administra\u00e7\u00e3o Interna, segundo informa\u00e7\u00f5es apresentadas pelo Governo. Mant\u00e9m-se, assim, a possibilidade de ajustamento conforme necessidades administrativas.<\/p>\n","protected":false},"excerpt":{"rendered":"<ul>\n<li>O Governo decretou situa\u00e7\u00e3o de calamidade entre as 00h de quarta-feira e as 23h59 de dia 1 de fevereiro.<\/li>\n<li>O decreto abrange cerca de 60 munic\u00edpios, desde Mira, a norte, at\u00e9 Lourinh\u00e3 e Torres Vedras, a sul.<\/li>\n<li>O n\u00famero de munic\u00edpios pode aumentar, conforme despacho da ministra da Administra\u00e7\u00e3o Interna.<\/li>\n<li>A anunciou foi feita pelo ministro da Presid\u00eancia, Ant\u00f3nio Leit\u00e3o Amaro, numa confer\u00eancia de imprensa ap\u00f3s a reuni\u00e3o do Conselho de Ministros.<\/li>\n<li>A medida aplica-se ao per\u00edodo determinado e pode sofrer altera\u00e7\u00f5es mediante novos decretos.<\/li>\n<\/ul>\n","protected":false},"author":2,"featured_media":182140,"comment_status":"closed","ping_status":"closed","sticky":false,"template":"","format":"standard","meta":{"footnotes":""},"categories":[1],"tags":[168,4687,34,1081,1014,1835],"class_list":["post-182136","post","type-post","status-publish","format-standard","has-post-thumbnail","hentry","category-noticias","tag-administracao-publica","tag-calamidade-publica","tag-governo","tag-mira","tag-portugal","tag-torres-vedras"],"yoast_head":"<!-- This site is optimized with the Yoast SEO plugin v27.2 - https:\/\/yoast.com\/product\/yoast-seo-wordpress\/ -->\n<title>Calamidade decretada at\u00e9 1 de fevereiro em pelo menos 60 munic\u00edpios - Portal Tela Portugal<\/title>\n<meta name=\"robots\" content=\"index, follow, max-snippet:-1, max-image-preview:large, max-video-preview:-1\" \/>\n<meta property=\"og:locale\" content=\"pt_PT\" \/>\n<meta property=\"og:type\" content=\"article\" \/>\n<meta property=\"og:title\" content=\"Calamidade decretada at\u00e9 1 de fevereiro em pelo menos 60 munic\u00edpios - Portal Tela Portugal\" \/>\n<meta property=\"og:description\" content=\"O Governo decretou situa\u00e7\u00e3o de calamidade entre as 00h de quarta-feira e as 23h59 de dia 1 de fevereiro. O decreto abrange cerca de 60 munic\u00edpios, desde Mira, a norte, at\u00e9 Lourinh\u00e3 e Torres Vedras, a sul. O n\u00famero de munic\u00edpios pode aumentar, conforme despacho da ministra da Administra\u00e7\u00e3o Interna. A anunciou foi feita pelo ministro da Presid\u00eancia, Ant\u00f3nio Leit\u00e3o Amaro, numa confer\u00eancia de imprensa ap\u00f3s a reuni\u00e3o do Conselho de Ministros. A medida aplica-se ao per\u00edodo determinado e pode sofrer altera\u00e7\u00f5es mediante novos decretos.\" \/>\n<meta property=\"og:url\" content=\"https:\/\/portaltela.pt\/noticias\/2026\/01\/29\/calamidade-decretada-ate-1-de-fevereiro-em-pelo-menos-60-municipios\/\" \/>\n<meta property=\"og:site_name\" content=\"Portal Tela Portugal\" \/>\n<meta property=\"article:published_time\" content=\"2026-01-29T18:20:58+00:00\" \/>\n<meta name=\"author\" content=\"Telinha\" \/>\n<meta name=\"twitter:card\" content=\"summary_large_image\" \/>\n<meta name=\"twitter:label1\" content=\"Escrito por\" \/>\n\t<meta name=\"twitter:data1\" content=\"Telinha\" \/>\n\t<meta name=\"twitter:label2\" content=\"Tempo estimado de leitura\" \/>\n\t<meta name=\"twitter:data2\" content=\"1 minuto\" \/>\n<script type=\"application\/ld+json\" class=\"yoast-schema-graph\">{\"@context\":\"https:\/\/schema.org\",\"@graph\":[{\"@type\":\"Article\",\"@id\":\"https:\/\/portaltela.pt\/noticias\/2026\/01\/29\/calamidade-decretada-ate-1-de-fevereiro-em-pelo-menos-60-municipios\/#article\",\"isPartOf\":{\"@id\":\"https:\/\/portaltela.pt\/noticias\/2026\/01\/29\/calamidade-decretada-ate-1-de-fevereiro-em-pelo-menos-60-municipios\/\"},\"author\":{\"name\":\"Telinha\",\"@id\":\"https:\/\/portaltela.pt\/#\/schema\/person\/c4278d4a6028830caff9ee44b42d32ed\"},\"headline\":\"Calamidade decretada at\u00e9 1 de fevereiro em pelo menos 60 munic\u00edpios\",\"datePublished\":\"2026-01-29T18:20:58+00:00\",\"mainEntityOfPage\":{\"@id\":\"https:\/\/portaltela.pt\/noticias\/2026\/01\/29\/calamidade-decretada-ate-1-de-fevereiro-em-pelo-menos-60-municipios\/\"},\"wordCount\":151,\"image\":{\"@id\":\"https:\/\/portaltela.pt\/noticias\/2026\/01\/29\/calamidade-decretada-ate-1-de-fevereiro-em-pelo-menos-60-municipios\/#primaryimage\"},\"thumbnailUrl\":\"https:\/\/portaltela.pt\/s.01k8rhncp4jt1\/2026\/01\/img_1500x1000uu2026-01-29-18-04-45-2263419.jpg\",\"keywords\":[\"administra\u00e7\u00e3o p\u00fablica\",\"calamidade p\u00fablica\",\"governo\",\"Mira\",\"Portugal\",\"Torres Vedras\"],\"articleSection\":[\"Not\u00edcias\"],\"inLanguage\":\"pt-PT\"},{\"@type\":\"WebPage\",\"@id\":\"https:\/\/portaltela.pt\/noticias\/2026\/01\/29\/calamidade-decretada-ate-1-de-fevereiro-em-pelo-menos-60-municipios\/\",\"url\":\"https:\/\/portaltela.pt\/noticias\/2026\/01\/29\/calamidade-decretada-ate-1-de-fevereiro-em-pelo-menos-60-municipios\/\",\"name\":\"Calamidade decretada at\u00e9 1 de fevereiro em pelo menos 60 munic\u00edpios - Portal Tela Portugal\",\"isPartOf\":{\"@id\":\"https:\/\/portaltela.pt\/#website\"},\"primaryImageOfPage\":{\"@id\":\"https:\/\/portaltela.pt\/noticias\/2026\/01\/29\/calamidade-decretada-ate-1-de-fevereiro-em-pelo-menos-60-municipios\/#primaryimage\"},\"image\":{\"@id\":\"https:\/\/portaltela.pt\/noticias\/2026\/01\/29\/calamidade-decretada-ate-1-de-fevereiro-em-pelo-menos-60-municipios\/#primaryimage\"},\"thumbnailUrl\":\"https:\/\/portaltela.pt\/s.01k8rhncp4jt1\/2026\/01\/img_1500x1000uu2026-01-29-18-04-45-2263419.jpg\",\"datePublished\":\"2026-01-29T18:20:58+00:00\",\"author\":{\"@id\":\"https:\/\/portaltela.pt\/#\/schema\/person\/c4278d4a6028830caff9ee44b42d32ed\"},\"breadcrumb\":{\"@id\":\"https:\/\/portaltela.pt\/noticias\/2026\/01\/29\/calamidade-decretada-ate-1-de-fevereiro-em-pelo-menos-60-municipios\/#breadcrumb\"},\"inLanguage\":\"pt-PT\",\"potentialAction\":[{\"@type\":\"ReadAction\",\"target\":[\"https:\/\/portaltela.pt\/noticias\/2026\/01\/29\/calamidade-decretada-ate-1-de-fevereiro-em-pelo-menos-60-municipios\/\"]}]},{\"@type\":\"ImageObject\",\"inLanguage\":\"pt-PT\",\"@id\":\"https:\/\/portaltela.pt\/noticias\/2026\/01\/29\/calamidade-decretada-ate-1-de-fevereiro-em-pelo-menos-60-municipios\/#primaryimage\",\"url\":\"https:\/\/portaltela.pt\/s.01k8rhncp4jt1\/2026\/01\/img_1500x1000uu2026-01-29-18-04-45-2263419.jpg\",\"contentUrl\":\"https:\/\/portaltela.pt\/s.01k8rhncp4jt1\/2026\/01\/img_1500x1000uu2026-01-29-18-04-45-2263419.jpg\",\"width\":796,\"height\":448,\"caption\":\"Depress\u00e3o Kristin deixa rasto de destrui\u00e7\u00e3o na aldeia de Barrac\u00e3o, concelho de Leiria\"},{\"@type\":\"BreadcrumbList\",\"@id\":\"https:\/\/portaltela.pt\/noticias\/2026\/01\/29\/calamidade-decretada-ate-1-de-fevereiro-em-pelo-menos-60-municipios\/#breadcrumb\",\"itemListElement\":[{\"@type\":\"ListItem\",\"position\":1,\"name\":\"In\u00edcio\",\"item\":\"https:\/\/portaltela.pt\/\"},{\"@type\":\"ListItem\",\"position\":2,\"name\":\"Calamidade decretada at\u00e9 1 de fevereiro em pelo menos 60 munic\u00edpios\"}]},{\"@type\":\"WebSite\",\"@id\":\"https:\/\/portaltela.pt\/#website\",\"url\":\"https:\/\/portaltela.pt\/\",\"name\":\"Portal Tela Portugal\",\"description\":\"\",\"potentialAction\":[{\"@type\":\"SearchAction\",\"target\":{\"@type\":\"EntryPoint\",\"urlTemplate\":\"https:\/\/portaltela.pt\/?s={search_term_string}\"},\"query-input\":{\"@type\":\"PropertyValueSpecification\",\"valueRequired\":true,\"valueName\":\"search_term_string\"}}],\"inLanguage\":\"pt-PT\"},{\"@type\":\"Person\",\"@id\":\"https:\/\/portaltela.pt\/#\/schema\/person\/c4278d4a6028830caff9ee44b42d32ed\",\"name\":\"Telinha\",\"image\":{\"@type\":\"ImageObject\",\"inLanguage\":\"pt-PT\",\"@id\":\"https:\/\/portaltela.pt\/s.01k8rhncp4jt1\/2025\/11\/talking-bot-125x125.png\",\"url\":\"https:\/\/portaltela.pt\/s.01k8rhncp4jt1\/2025\/11\/talking-bot-125x125.png\",\"contentUrl\":\"https:\/\/portaltela.pt\/s.01k8rhncp4jt1\/2025\/11\/talking-bot-125x125.png\",\"caption\":\"Telinha\"},\"sameAs\":[\"https:\/\/portaltela.pt\/\"],\"url\":\"https:\/\/portaltela.pt\/por\/367410592786\/\"}]}<\/script>\n<!-- \/ Yoast SEO plugin. -->","yoast_head_json":{"title":"Calamidade decretada at\u00e9 1 de fevereiro em pelo menos 60 munic\u00edpios - Portal Tela Portugal","robots":{"index":"index","follow":"follow","max-snippet":"max-snippet:-1","max-image-preview":"max-image-preview:large","max-video-preview":"max-video-preview:-1"},"og_locale":"pt_PT","og_type":"article","og_title":"Calamidade decretada at\u00e9 1 de fevereiro em pelo menos 60 munic\u00edpios - Portal Tela Portugal","og_description":"O Governo decretou situa\u00e7\u00e3o de calamidade entre as 00h de quarta-feira e as 23h59 de dia 1 de fevereiro. O decreto abrange cerca de 60 munic\u00edpios, desde Mira, a norte, at\u00e9 Lourinh\u00e3 e Torres Vedras, a sul. O n\u00famero de munic\u00edpios pode aumentar, conforme despacho da ministra da Administra\u00e7\u00e3o Interna. A anunciou foi feita pelo ministro da Presid\u00eancia, Ant\u00f3nio Leit\u00e3o Amaro, numa confer\u00eancia de imprensa ap\u00f3s a reuni\u00e3o do Conselho de Ministros. A medida aplica-se ao per\u00edodo determinado e pode sofrer altera\u00e7\u00f5es mediante novos decretos.","og_url":"https:\/\/portaltela.pt\/noticias\/2026\/01\/29\/calamidade-decretada-ate-1-de-fevereiro-em-pelo-menos-60-municipios\/","og_site_name":"Portal Tela Portugal","article_published_time":"2026-01-29T18:20:58+00:00","author":"Telinha","twitter_card":"summary_large_image","twitter_misc":{"Escrito por":"Telinha","Tempo estimado de leitura":"1 minuto"},"schema":{"@context":"https:\/\/schema.org","@graph":[{"@type":"Article","@id":"https:\/\/portaltela.pt\/noticias\/2026\/01\/29\/calamidade-decretada-ate-1-de-fevereiro-em-pelo-menos-60-municipios\/#article","isPartOf":{"@id":"https:\/\/portaltela.pt\/noticias\/2026\/01\/29\/calamidade-decretada-ate-1-de-fevereiro-em-pelo-menos-60-municipios\/"},"author":{"name":"Telinha","@id":"https:\/\/portaltela.pt\/#\/schema\/person\/c4278d4a6028830caff9ee44b42d32ed"},"headline":"Calamidade decretada at\u00e9 1 de fevereiro em pelo menos 60 munic\u00edpios","datePublished":"2026-01-29T18:20:58+00:00","mainEntityOfPage":{"@id":"https:\/\/portaltela.pt\/noticias\/2026\/01\/29\/calamidade-decretada-ate-1-de-fevereiro-em-pelo-menos-60-municipios\/"},"wordCount":151,"image":{"@id":"https:\/\/portaltela.pt\/noticias\/2026\/01\/29\/calamidade-decretada-ate-1-de-fevereiro-em-pelo-menos-60-municipios\/#primaryimage"},"thumbnailUrl":"https:\/\/portaltela.pt\/s.01k8rhncp4jt1\/2026\/01\/img_1500x1000uu2026-01-29-18-04-45-2263419.jpg","keywords":["administra\u00e7\u00e3o p\u00fablica","calamidade p\u00fablica","governo","Mira","Portugal","Torres Vedras"],"articleSection":["Not\u00edcias"],"inLanguage":"pt-PT"},{"@type":"WebPage","@id":"https:\/\/portaltela.pt\/noticias\/2026\/01\/29\/calamidade-decretada-ate-1-de-fevereiro-em-pelo-menos-60-municipios\/","url":"https:\/\/portaltela.pt\/noticias\/2026\/01\/29\/calamidade-decretada-ate-1-de-fevereiro-em-pelo-menos-60-municipios\/","name":"Calamidade decretada at\u00e9 1 de fevereiro em pelo menos 60 munic\u00edpios - Portal Tela Portugal","isPartOf":{"@id":"https:\/\/portaltela.pt\/#website"},"primaryImageOfPage":{"@id":"https:\/\/portaltela.pt\/noticias\/2026\/01\/29\/calamidade-decretada-ate-1-de-fevereiro-em-pelo-menos-60-municipios\/#primaryimage"},"image":{"@id":"https:\/\/portaltela.pt\/noticias\/2026\/01\/29\/calamidade-decretada-ate-1-de-fevereiro-em-pelo-menos-60-municipios\/#primaryimage"},"thumbnailUrl":"https:\/\/portaltela.pt\/s.01k8rhncp4jt1\/2026\/01\/img_1500x1000uu2026-01-29-18-04-45-2263419.jpg","datePublished":"2026-01-29T18:20:58+00:00","author":{"@id":"https:\/\/portaltela.pt\/#\/schema\/person\/c4278d4a6028830caff9ee44b42d32ed"},"breadcrumb":{"@id":"https:\/\/portaltela.pt\/noticias\/2026\/01\/29\/calamidade-decretada-ate-1-de-fevereiro-em-pelo-menos-60-municipios\/#breadcrumb"},"inLanguage":"pt-PT","potentialAction":[{"@type":"ReadAction","target":["https:\/\/portaltela.pt\/noticias\/2026\/01\/29\/calamidade-decretada-ate-1-de-fevereiro-em-pelo-menos-60-municipios\/"]}]},{"@type":"ImageObject","inLanguage":"pt-PT","@id":"https:\/\/portaltela.pt\/noticias\/2026\/01\/29\/calamidade-decretada-ate-1-de-fevereiro-em-pelo-menos-60-municipios\/#primaryimage","url":"https:\/\/portaltela.pt\/s.01k8rhncp4jt1\/2026\/01\/img_1500x1000uu2026-01-29-18-04-45-2263419.jpg","contentUrl":"https:\/\/portaltela.pt\/s.01k8rhncp4jt1\/2026\/01\/img_1500x1000uu2026-01-29-18-04-45-2263419.jpg","width":796,"height":448,"caption":"Depress\u00e3o Kristin deixa rasto de destrui\u00e7\u00e3o na aldeia de Barrac\u00e3o, concelho de Leiria"},{"@type":"BreadcrumbList","@id":"https:\/\/portaltela.pt\/noticias\/2026\/01\/29\/calamidade-decretada-ate-1-de-fevereiro-em-pelo-menos-60-municipios\/#breadcrumb","itemListElement":[{"@type":"ListItem","position":1,"name":"In\u00edcio","item":"https:\/\/portaltela.pt\/"},{"@type":"ListItem","position":2,"name":"Calamidade decretada at\u00e9 1 de fevereiro em pelo menos 60 munic\u00edpios"}]},{"@type":"WebSite","@id":"https:\/\/portaltela.pt\/#website","url":"https:\/\/portaltela.pt\/","name":"Portal Tela Portugal","description":"","potentialAction":[{"@type":"SearchAction","target":{"@type":"EntryPoint","urlTemplate":"https:\/\/portaltela.pt\/?s={search_term_string}"},"query-input":{"@type":"PropertyValueSpecification","valueRequired":true,"valueName":"search_term_string"}}],"inLanguage":"pt-PT"},{"@type":"Person","@id":"https:\/\/portaltela.pt\/#\/schema\/person\/c4278d4a6028830caff9ee44b42d32ed","name":"Telinha","image":{"@type":"ImageObject","inLanguage":"pt-PT","@id":"https:\/\/portaltela.pt\/s.01k8rhncp4jt1\/2025\/11\/talking-bot-125x125.png","url":"https:\/\/portaltela.pt\/s.01k8rhncp4jt1\/2025\/11\/talking-bot-125x125.png","contentUrl":"https:\/\/portaltela.pt\/s.01k8rhncp4jt1\/2025\/11\/talking-bot-125x125.png","caption":"Telinha"},"sameAs":["https:\/\/portaltela.pt\/"],"url":"https:\/\/portaltela.pt\/por\/367410592786\/"}]}},"_links":{"self":[{"href":"https:\/\/portaltela.pt\/api\/wp\/v2\/posts\/182136","targetHints":{"allow":["GET"]}}],"collection":[{"href":"https:\/\/portaltela.pt\/api\/wp\/v2\/posts"}],"about":[{"href":"https:\/\/portaltela.pt\/api\/wp\/v2\/types\/post"}],"author":[{"embeddable":true,"href":"https:\/\/portaltela.pt\/api\/wp\/v2\/users\/2"}],"replies":[{"embeddable":true,"href":"https:\/\/portaltela.pt\/api\/wp\/v2\/comments?post=182136"}],"version-history":[{"count":0,"href":"https:\/\/portaltela.pt\/api\/wp\/v2\/posts\/182136\/revisions"}],"wp:featuredmedia":[{"embeddable":true,"href":"https:\/\/portaltela.pt\/api\/wp\/v2\/media\/182140"}],"wp:attachment":[{"href":"https:\/\/portaltela.pt\/api\/wp\/v2\/media?parent=182136"}],"wp:term":[{"taxonomy":"category","embeddable":true,"href":"https:\/\/portaltela.pt\/api\/wp\/v2\/categories?post=182136"},{"taxonomy":"post_tag","embeddable":true,"href":"https:\/\/portaltela.pt\/api\/wp\/v2\/tags?post=182136"}],"curies":[{"name":"wp","href":"https:\/\/api.w.org\/{rel}","templated":true}]}}