{"id":182091,"date":"2026-01-29T15:00:00","date_gmt":"2026-01-29T18:00:00","guid":{"rendered":"https:\/\/portaltela.pt\/noticias\/2026\/01\/29\/dinamarca-nao-podia-vender-groenlandia-aos-eua-mesmo-que-quisesse\/"},"modified":"2026-01-29T15:00:00","modified_gmt":"2026-01-29T18:00:00","slug":"dinamarca-nao-podia-vender-groenlandia-aos-eua-mesmo-que-quisesse","status":"publish","type":"post","link":"https:\/\/portaltela.pt\/noticias\/2026\/01\/29\/dinamarca-nao-podia-vender-groenlandia-aos-eua-mesmo-que-quisesse\/","title":{"rendered":"Dinamarca n\u00e3o podia vender Groenl\u00e2ndia aos EUA, mesmo que quisesse"},"content":{"rendered":"<p>A Dinamarca e os EUA iniciaram negocia\u00e7\u00f5es sobre o futuro de Gronel\u00e2ndia, a oposi\u00e7\u00e3o tem a palavra final. Segundo o debate p\u00fablico, apenas os gronelandeses podem decidir se aceitam ser comprados, e as sondagens indicam que n\u00e3o querem vender. A Dinamarca poderia receber nada num cen\u00e1rio de venda, diz-se no relato das conversas.<\/p>\n<p>A discuss\u00e3o envolve tamb\u00e9m o papel de Gronel\u00e2ndia nas rela\u00e7\u00f5es entre Dinamarca, EUA e o conjunto das Ilhas. O interesse norte-americano est\u00e1 ligado a poss\u00edveis acordos estrat\u00e9gicos e a quest\u00f5es de soberania, mas a opini\u00e3o das autoridades locais ainda n\u00e3o est\u00e1 formalmente publicada.<\/p>\n<p>Os habitantes das d\u00e9cadas hist\u00f3ricas associadas \u00e0s \u00cdndias Ocidentais Dinamarquesas n\u00e3o tinham voz no passado, ao contr\u00e1rio de outros povos sob dom\u00ednio dinamarqu\u00eas. Hoje, a narrativa sublinha que apenas a popula\u00e7\u00e3o dinamarquesa, incluindo as ilhas Faro\u00e9, participou em decis\u00f5es de situa\u00e7\u00f5es que afetaram Gronel\u00e2ndia.<\/p>\n<h3>Contexto hist\u00f3rico<\/h3>\n<p>O artigo analisa ainda a aus\u00eancia de participa\u00e7\u00e3o de Gronel\u00e2ndia e de outros territ\u00f3rios na defini\u00e7\u00e3o do seu pr\u00f3prio futuro durante per\u00edodos de crise econ\u00f3mica na Dinamarca. A situa\u00e7\u00e3o atual contrasta com a participa\u00e7\u00e3o de outro territ\u00f3rio n\u00f3rdico at\u00e9 \u00e0 integra\u00e7\u00e3o de Gronel\u00e2ndia nas discuss\u00f5es nacionais.<\/p>\n<p>Nos pr\u00f3ximos passos, as negocia\u00e7\u00f5es entre Dinamarca e EUA devem continuar a esclarecer termos potenciais de uma venda. O foco permanece na autodetermina\u00e7\u00e3o dos gronelandeses e na defesa de que qualquer acordo seja consentido pela popula\u00e7\u00e3o local.<\/p>\n","protected":false},"excerpt":{"rendered":"<ul>\n<li>As negocia\u00e7\u00f5es entre os EUA, Dinamarca e Gronel\u00e2ndia sobre o futuro da ilha mostraram que a decis\u00e3o caberia apenas aos gronelandeses.<\/li>\n<li>Os gronelandeses n\u00e3o querem ser comprados e, se houvesse venda, a Dinamarca n\u00e3o iria receber dinheiro.<\/li>\n<li>O texto recorda que os habitantes das \u00cdndias Ocidentais Dinamarquesas nunca tiveram oportunidade de decidir o seu pr\u00f3prio destino.<\/li>\n<li>Em vez disso, apenas os residentes da Dinamarca e das ilhas Faro\u00e9 foram chamados a votar numa crise financeira que envolveu o territ\u00f3rio.<\/li>\n<\/ul>\n","protected":false},"author":2,"featured_media":182095,"comment_status":"closed","ping_status":"closed","sticky":false,"template":"","format":"standard","meta":{"footnotes":""},"categories":[1],"tags":[3615,2503,1600,3783,27,2540],"class_list":["post-182091","post","type-post","status-publish","format-standard","has-post-thumbnail","hentry","category-noticias","tag-autodeterminacao","tag-dinamarca","tag-estados-unidos","tag-groenlandia","tag-relacoes-internacionais","tag-territorio"],"yoast_head":"<!-- This site is optimized with the Yoast SEO plugin v27.2 - https:\/\/yoast.com\/product\/yoast-seo-wordpress\/ -->\n<title>Dinamarca n\u00e3o podia vender Groenl\u00e2ndia aos EUA, mesmo que quisesse - Portal Tela Portugal<\/title>\n<meta name=\"robots\" content=\"index, follow, max-snippet:-1, max-image-preview:large, max-video-preview:-1\" \/>\n<meta property=\"og:locale\" content=\"pt_PT\" \/>\n<meta property=\"og:type\" content=\"article\" \/>\n<meta property=\"og:title\" content=\"Dinamarca n\u00e3o podia vender Groenl\u00e2ndia aos EUA, mesmo que quisesse - Portal Tela Portugal\" \/>\n<meta property=\"og:description\" content=\"As negocia\u00e7\u00f5es entre os EUA, Dinamarca e Gronel\u00e2ndia sobre o futuro da ilha mostraram que a decis\u00e3o caberia apenas aos gronelandeses. Os gronelandeses n\u00e3o querem ser comprados e, se houvesse venda, a Dinamarca n\u00e3o iria receber dinheiro. O texto recorda que os habitantes das \u00cdndias Ocidentais Dinamarquesas nunca tiveram oportunidade de decidir o seu pr\u00f3prio destino. Em vez disso, apenas os residentes da Dinamarca e das ilhas Faro\u00e9 foram chamados a votar numa crise financeira que envolveu o territ\u00f3rio.\" \/>\n<meta property=\"og:url\" content=\"https:\/\/portaltela.pt\/noticias\/2026\/01\/29\/dinamarca-nao-podia-vender-groenlandia-aos-eua-mesmo-que-quisesse\/\" \/>\n<meta property=\"og:site_name\" content=\"Portal Tela Portugal\" \/>\n<meta property=\"article:published_time\" content=\"2026-01-29T18:00:00+00:00\" \/>\n<meta name=\"author\" content=\"Telinha\" \/>\n<meta name=\"twitter:card\" content=\"summary_large_image\" \/>\n<meta name=\"twitter:label1\" content=\"Escrito por\" \/>\n\t<meta name=\"twitter:data1\" content=\"Telinha\" \/>\n\t<meta name=\"twitter:label2\" content=\"Tempo estimado de leitura\" \/>\n\t<meta name=\"twitter:data2\" content=\"1 minuto\" \/>\n<script type=\"application\/ld+json\" class=\"yoast-schema-graph\">{\"@context\":\"https:\/\/schema.org\",\"@graph\":[{\"@type\":\"Article\",\"@id\":\"https:\/\/portaltela.pt\/noticias\/2026\/01\/29\/dinamarca-nao-podia-vender-groenlandia-aos-eua-mesmo-que-quisesse\/#article\",\"isPartOf\":{\"@id\":\"https:\/\/portaltela.pt\/noticias\/2026\/01\/29\/dinamarca-nao-podia-vender-groenlandia-aos-eua-mesmo-que-quisesse\/\"},\"author\":{\"name\":\"Telinha\",\"@id\":\"https:\/\/portaltela.pt\/#\/schema\/person\/c4278d4a6028830caff9ee44b42d32ed\"},\"headline\":\"Dinamarca n\u00e3o podia vender Groenl\u00e2ndia aos EUA, mesmo que quisesse\",\"datePublished\":\"2026-01-29T18:00:00+00:00\",\"mainEntityOfPage\":{\"@id\":\"https:\/\/portaltela.pt\/noticias\/2026\/01\/29\/dinamarca-nao-podia-vender-groenlandia-aos-eua-mesmo-que-quisesse\/\"},\"wordCount\":281,\"image\":{\"@id\":\"https:\/\/portaltela.pt\/noticias\/2026\/01\/29\/dinamarca-nao-podia-vender-groenlandia-aos-eua-mesmo-que-quisesse\/#primaryimage\"},\"thumbnailUrl\":\"https:\/\/portaltela.pt\/s.01k8rhncp4jt1\/2026\/01\/2062287.jpg\",\"keywords\":[\"autodetermina\u00e7\u00e3o\",\"Dinamarca\",\"Estados Unidos\",\"Groenl\u00e2ndia\",\"rela\u00e7\u00f5es internacionais\",\"Territ\u00f3rio\"],\"articleSection\":[\"Not\u00edcias\"],\"inLanguage\":\"pt-PT\"},{\"@type\":\"WebPage\",\"@id\":\"https:\/\/portaltela.pt\/noticias\/2026\/01\/29\/dinamarca-nao-podia-vender-groenlandia-aos-eua-mesmo-que-quisesse\/\",\"url\":\"https:\/\/portaltela.pt\/noticias\/2026\/01\/29\/dinamarca-nao-podia-vender-groenlandia-aos-eua-mesmo-que-quisesse\/\",\"name\":\"Dinamarca n\u00e3o podia vender Groenl\u00e2ndia aos EUA, mesmo que quisesse - Portal Tela Portugal\",\"isPartOf\":{\"@id\":\"https:\/\/portaltela.pt\/#website\"},\"primaryImageOfPage\":{\"@id\":\"https:\/\/portaltela.pt\/noticias\/2026\/01\/29\/dinamarca-nao-podia-vender-groenlandia-aos-eua-mesmo-que-quisesse\/#primaryimage\"},\"image\":{\"@id\":\"https:\/\/portaltela.pt\/noticias\/2026\/01\/29\/dinamarca-nao-podia-vender-groenlandia-aos-eua-mesmo-que-quisesse\/#primaryimage\"},\"thumbnailUrl\":\"https:\/\/portaltela.pt\/s.01k8rhncp4jt1\/2026\/01\/2062287.jpg\",\"datePublished\":\"2026-01-29T18:00:00+00:00\",\"author\":{\"@id\":\"https:\/\/portaltela.pt\/#\/schema\/person\/c4278d4a6028830caff9ee44b42d32ed\"},\"breadcrumb\":{\"@id\":\"https:\/\/portaltela.pt\/noticias\/2026\/01\/29\/dinamarca-nao-podia-vender-groenlandia-aos-eua-mesmo-que-quisesse\/#breadcrumb\"},\"inLanguage\":\"pt-PT\",\"potentialAction\":[{\"@type\":\"ReadAction\",\"target\":[\"https:\/\/portaltela.pt\/noticias\/2026\/01\/29\/dinamarca-nao-podia-vender-groenlandia-aos-eua-mesmo-que-quisesse\/\"]}]},{\"@type\":\"ImageObject\",\"inLanguage\":\"pt-PT\",\"@id\":\"https:\/\/portaltela.pt\/noticias\/2026\/01\/29\/dinamarca-nao-podia-vender-groenlandia-aos-eua-mesmo-que-quisesse\/#primaryimage\",\"url\":\"https:\/\/portaltela.pt\/s.01k8rhncp4jt1\/2026\/01\/2062287.jpg\",\"contentUrl\":\"https:\/\/portaltela.pt\/s.01k8rhncp4jt1\/2026\/01\/2062287.jpg\",\"width\":796,\"height\":448,\"caption\":\"Photo\"},{\"@type\":\"BreadcrumbList\",\"@id\":\"https:\/\/portaltela.pt\/noticias\/2026\/01\/29\/dinamarca-nao-podia-vender-groenlandia-aos-eua-mesmo-que-quisesse\/#breadcrumb\",\"itemListElement\":[{\"@type\":\"ListItem\",\"position\":1,\"name\":\"In\u00edcio\",\"item\":\"https:\/\/portaltela.pt\/\"},{\"@type\":\"ListItem\",\"position\":2,\"name\":\"Dinamarca n\u00e3o podia vender Groenl\u00e2ndia aos EUA, mesmo que quisesse\"}]},{\"@type\":\"WebSite\",\"@id\":\"https:\/\/portaltela.pt\/#website\",\"url\":\"https:\/\/portaltela.pt\/\",\"name\":\"Portal Tela Portugal\",\"description\":\"\",\"potentialAction\":[{\"@type\":\"SearchAction\",\"target\":{\"@type\":\"EntryPoint\",\"urlTemplate\":\"https:\/\/portaltela.pt\/?s={search_term_string}\"},\"query-input\":{\"@type\":\"PropertyValueSpecification\",\"valueRequired\":true,\"valueName\":\"search_term_string\"}}],\"inLanguage\":\"pt-PT\"},{\"@type\":\"Person\",\"@id\":\"https:\/\/portaltela.pt\/#\/schema\/person\/c4278d4a6028830caff9ee44b42d32ed\",\"name\":\"Telinha\",\"image\":{\"@type\":\"ImageObject\",\"inLanguage\":\"pt-PT\",\"@id\":\"https:\/\/portaltela.pt\/s.01k8rhncp4jt1\/2025\/11\/talking-bot-125x125.png\",\"url\":\"https:\/\/portaltela.pt\/s.01k8rhncp4jt1\/2025\/11\/talking-bot-125x125.png\",\"contentUrl\":\"https:\/\/portaltela.pt\/s.01k8rhncp4jt1\/2025\/11\/talking-bot-125x125.png\",\"caption\":\"Telinha\"},\"sameAs\":[\"https:\/\/portaltela.pt\/\"],\"url\":\"https:\/\/portaltela.pt\/por\/367410592786\/\"}]}<\/script>\n<!-- \/ Yoast SEO plugin. -->","yoast_head_json":{"title":"Dinamarca n\u00e3o podia vender Groenl\u00e2ndia aos EUA, mesmo que quisesse - Portal Tela Portugal","robots":{"index":"index","follow":"follow","max-snippet":"max-snippet:-1","max-image-preview":"max-image-preview:large","max-video-preview":"max-video-preview:-1"},"og_locale":"pt_PT","og_type":"article","og_title":"Dinamarca n\u00e3o podia vender Groenl\u00e2ndia aos EUA, mesmo que quisesse - Portal Tela Portugal","og_description":"As negocia\u00e7\u00f5es entre os EUA, Dinamarca e Gronel\u00e2ndia sobre o futuro da ilha mostraram que a decis\u00e3o caberia apenas aos gronelandeses. Os gronelandeses n\u00e3o querem ser comprados e, se houvesse venda, a Dinamarca n\u00e3o iria receber dinheiro. O texto recorda que os habitantes das \u00cdndias Ocidentais Dinamarquesas nunca tiveram oportunidade de decidir o seu pr\u00f3prio destino. Em vez disso, apenas os residentes da Dinamarca e das ilhas Faro\u00e9 foram chamados a votar numa crise financeira que envolveu o territ\u00f3rio.","og_url":"https:\/\/portaltela.pt\/noticias\/2026\/01\/29\/dinamarca-nao-podia-vender-groenlandia-aos-eua-mesmo-que-quisesse\/","og_site_name":"Portal Tela Portugal","article_published_time":"2026-01-29T18:00:00+00:00","author":"Telinha","twitter_card":"summary_large_image","twitter_misc":{"Escrito por":"Telinha","Tempo estimado de leitura":"1 minuto"},"schema":{"@context":"https:\/\/schema.org","@graph":[{"@type":"Article","@id":"https:\/\/portaltela.pt\/noticias\/2026\/01\/29\/dinamarca-nao-podia-vender-groenlandia-aos-eua-mesmo-que-quisesse\/#article","isPartOf":{"@id":"https:\/\/portaltela.pt\/noticias\/2026\/01\/29\/dinamarca-nao-podia-vender-groenlandia-aos-eua-mesmo-que-quisesse\/"},"author":{"name":"Telinha","@id":"https:\/\/portaltela.pt\/#\/schema\/person\/c4278d4a6028830caff9ee44b42d32ed"},"headline":"Dinamarca n\u00e3o podia vender Groenl\u00e2ndia aos EUA, mesmo que quisesse","datePublished":"2026-01-29T18:00:00+00:00","mainEntityOfPage":{"@id":"https:\/\/portaltela.pt\/noticias\/2026\/01\/29\/dinamarca-nao-podia-vender-groenlandia-aos-eua-mesmo-que-quisesse\/"},"wordCount":281,"image":{"@id":"https:\/\/portaltela.pt\/noticias\/2026\/01\/29\/dinamarca-nao-podia-vender-groenlandia-aos-eua-mesmo-que-quisesse\/#primaryimage"},"thumbnailUrl":"https:\/\/portaltela.pt\/s.01k8rhncp4jt1\/2026\/01\/2062287.jpg","keywords":["autodetermina\u00e7\u00e3o","Dinamarca","Estados Unidos","Groenl\u00e2ndia","rela\u00e7\u00f5es internacionais","Territ\u00f3rio"],"articleSection":["Not\u00edcias"],"inLanguage":"pt-PT"},{"@type":"WebPage","@id":"https:\/\/portaltela.pt\/noticias\/2026\/01\/29\/dinamarca-nao-podia-vender-groenlandia-aos-eua-mesmo-que-quisesse\/","url":"https:\/\/portaltela.pt\/noticias\/2026\/01\/29\/dinamarca-nao-podia-vender-groenlandia-aos-eua-mesmo-que-quisesse\/","name":"Dinamarca n\u00e3o podia vender Groenl\u00e2ndia aos EUA, mesmo que quisesse - Portal Tela Portugal","isPartOf":{"@id":"https:\/\/portaltela.pt\/#website"},"primaryImageOfPage":{"@id":"https:\/\/portaltela.pt\/noticias\/2026\/01\/29\/dinamarca-nao-podia-vender-groenlandia-aos-eua-mesmo-que-quisesse\/#primaryimage"},"image":{"@id":"https:\/\/portaltela.pt\/noticias\/2026\/01\/29\/dinamarca-nao-podia-vender-groenlandia-aos-eua-mesmo-que-quisesse\/#primaryimage"},"thumbnailUrl":"https:\/\/portaltela.pt\/s.01k8rhncp4jt1\/2026\/01\/2062287.jpg","datePublished":"2026-01-29T18:00:00+00:00","author":{"@id":"https:\/\/portaltela.pt\/#\/schema\/person\/c4278d4a6028830caff9ee44b42d32ed"},"breadcrumb":{"@id":"https:\/\/portaltela.pt\/noticias\/2026\/01\/29\/dinamarca-nao-podia-vender-groenlandia-aos-eua-mesmo-que-quisesse\/#breadcrumb"},"inLanguage":"pt-PT","potentialAction":[{"@type":"ReadAction","target":["https:\/\/portaltela.pt\/noticias\/2026\/01\/29\/dinamarca-nao-podia-vender-groenlandia-aos-eua-mesmo-que-quisesse\/"]}]},{"@type":"ImageObject","inLanguage":"pt-PT","@id":"https:\/\/portaltela.pt\/noticias\/2026\/01\/29\/dinamarca-nao-podia-vender-groenlandia-aos-eua-mesmo-que-quisesse\/#primaryimage","url":"https:\/\/portaltela.pt\/s.01k8rhncp4jt1\/2026\/01\/2062287.jpg","contentUrl":"https:\/\/portaltela.pt\/s.01k8rhncp4jt1\/2026\/01\/2062287.jpg","width":796,"height":448,"caption":"Photo"},{"@type":"BreadcrumbList","@id":"https:\/\/portaltela.pt\/noticias\/2026\/01\/29\/dinamarca-nao-podia-vender-groenlandia-aos-eua-mesmo-que-quisesse\/#breadcrumb","itemListElement":[{"@type":"ListItem","position":1,"name":"In\u00edcio","item":"https:\/\/portaltela.pt\/"},{"@type":"ListItem","position":2,"name":"Dinamarca n\u00e3o podia vender Groenl\u00e2ndia aos EUA, mesmo que quisesse"}]},{"@type":"WebSite","@id":"https:\/\/portaltela.pt\/#website","url":"https:\/\/portaltela.pt\/","name":"Portal Tela Portugal","description":"","potentialAction":[{"@type":"SearchAction","target":{"@type":"EntryPoint","urlTemplate":"https:\/\/portaltela.pt\/?s={search_term_string}"},"query-input":{"@type":"PropertyValueSpecification","valueRequired":true,"valueName":"search_term_string"}}],"inLanguage":"pt-PT"},{"@type":"Person","@id":"https:\/\/portaltela.pt\/#\/schema\/person\/c4278d4a6028830caff9ee44b42d32ed","name":"Telinha","image":{"@type":"ImageObject","inLanguage":"pt-PT","@id":"https:\/\/portaltela.pt\/s.01k8rhncp4jt1\/2025\/11\/talking-bot-125x125.png","url":"https:\/\/portaltela.pt\/s.01k8rhncp4jt1\/2025\/11\/talking-bot-125x125.png","contentUrl":"https:\/\/portaltela.pt\/s.01k8rhncp4jt1\/2025\/11\/talking-bot-125x125.png","caption":"Telinha"},"sameAs":["https:\/\/portaltela.pt\/"],"url":"https:\/\/portaltela.pt\/por\/367410592786\/"}]}},"_links":{"self":[{"href":"https:\/\/portaltela.pt\/api\/wp\/v2\/posts\/182091","targetHints":{"allow":["GET"]}}],"collection":[{"href":"https:\/\/portaltela.pt\/api\/wp\/v2\/posts"}],"about":[{"href":"https:\/\/portaltela.pt\/api\/wp\/v2\/types\/post"}],"author":[{"embeddable":true,"href":"https:\/\/portaltela.pt\/api\/wp\/v2\/users\/2"}],"replies":[{"embeddable":true,"href":"https:\/\/portaltela.pt\/api\/wp\/v2\/comments?post=182091"}],"version-history":[{"count":0,"href":"https:\/\/portaltela.pt\/api\/wp\/v2\/posts\/182091\/revisions"}],"wp:featuredmedia":[{"embeddable":true,"href":"https:\/\/portaltela.pt\/api\/wp\/v2\/media\/182095"}],"wp:attachment":[{"href":"https:\/\/portaltela.pt\/api\/wp\/v2\/media?parent=182091"}],"wp:term":[{"taxonomy":"category","embeddable":true,"href":"https:\/\/portaltela.pt\/api\/wp\/v2\/categories?post=182091"},{"taxonomy":"post_tag","embeddable":true,"href":"https:\/\/portaltela.pt\/api\/wp\/v2\/tags?post=182091"}],"curies":[{"name":"wp","href":"https:\/\/api.w.org\/{rel}","templated":true}]}}