{"id":182087,"date":"2026-01-29T15:08:00","date_gmt":"2026-01-29T18:08:00","guid":{"rendered":"https:\/\/portaltela.pt\/noticias\/2026\/01\/29\/abstencao-da-oposicao-viabiliza-orcamento-de-119-milhoes-na-camara-de-valongo\/"},"modified":"2026-01-29T15:08:00","modified_gmt":"2026-01-29T18:08:00","slug":"abstencao-da-oposicao-viabiliza-orcamento-de-119-milhoes-na-camara-de-valongo","status":"publish","type":"post","link":"https:\/\/portaltela.pt\/noticias\/2026\/01\/29\/abstencao-da-oposicao-viabiliza-orcamento-de-119-milhoes-na-camara-de-valongo\/","title":{"rendered":"Absten\u00e7\u00e3o da oposi\u00e7\u00e3o viabiliza or\u00e7amento de 119 milh\u00f5es na C\u00e2mara de Valongo"},"content":{"rendered":"<p>A C\u00e2mara de Valongo aprovou, esta quinta-feira, o or\u00e7amento para 2026 no valor de 119,95 milh\u00f5es de euros, com a absten\u00e7\u00e3o dos vereadores do PSD\/CDS-PP e do Chega. A decis\u00e3o confirmou uma redu\u00e7\u00e3o de cerca de 530 mil euros face ao exerc\u00edcio anterior. O executivo municipal \u00e9 composto por quatro vereadores do PS, quatro do PSD\/CDS-PP e um do Chega, o que obrigou o presidente Paulo Esteves Ferreira a negociar para viabilizar o documento.<\/p>\n<p>No comunicado sobre o Or\u00e7amento Municipal e as Grandes Op\u00e7\u00f5es do Plano (GOP) para 2026, o munic\u00edpio do distrito do Porto detalha investimentos de 45 milh\u00f5es de euros. Entre os focos, prev\u00ea um aumento de cerca de 2,6 milh\u00f5es de euros na transfer\u00eancia de verbas para as juntas de freguesia, de forma a refor\u00e7ar a interven\u00e7\u00e3o local delegada.<\/p>\n<p>Entre os projectos destacados est\u00e3o obras de requalifica\u00e7\u00e3o de escolas e infraestruturas de educa\u00e7\u00e3o, como interven\u00e7\u00f5es em diversas escolas do 1.\u00ba ciclo, EB 2,3 de Alfena e escolas em Ermesinde, Valongo e Alfena. Na \u00e1rea da sa\u00fade, o or\u00e7amento prev\u00ea a constru\u00e7\u00e3o do novo Centro de Sa\u00fade de Ermesinde e a requalifica\u00e7\u00e3o de centros de Valongo, Sobrado e Bela.<\/p>\n<h3>Despesas e prioridades<\/h3>\n<p>O documento tamb\u00e9m indica a conclus\u00e3o da segunda fase da requalifica\u00e7\u00e3o da Escola Secund\u00e1ria de Valongo, bem como a\u00e7\u00f5es para aumentar o n\u00famero de vagas em creches. O executivo municipal aponta ainda para solu\u00e7\u00f5es de arrendamento acess\u00edvel ou venda a custos controlados, com o objetivo de apoiar a classe m\u00e9dia e as fam\u00edlias locais.<\/p>\n<p>\u00c0 Lusa, o vereador da coliga\u00e7\u00e3o PSD\/CDS-PP, H\u00e9lio Rebelo, afirmou que a absten\u00e7\u00e3o n\u00e3o deve ser interpretada como apoio ao or\u00e7amento, criticando o foco em grandes obras e a falta de envolvimento da coliga\u00e7\u00e3o nas solu\u00e7\u00f5es apresentadas. Segundo Rebelo, pretendia-se que o documento contemplasse mais contributos para o quotidiano das pessoas.<\/p>\n<p>J\u00e1 o vereador do Chega, Rui Silva, justificou a absten\u00e7\u00e3o pela abertura de di\u00e1logo anterior com o presidente para acolher projetos como o Parque de Campismo e Caravanismo e o Lar Residencial S\u00e9nior, manifestando a ideia de que o or\u00e7amento, ainda que o primeiro do mandato, se beneficiaria com esse envolvimento.<\/p>\n","protected":false},"excerpt":{"rendered":"<ul>\n<li>A C\u00e2mara de Valongo aprovou o or\u00e7amento para 2026 no valor de 119.950 milh\u00f5es de euros, com a absten\u00e7\u00e3o dos vereadores do PSD\/CDS-PP e do Chega.<\/li>\n<li>O documento prev\u00ea cerca de 45 milh\u00f5es de euros em investimento e um aumento de cerca de 20% nas transfer\u00eancias para as juntas de freguesia, para cerca de 2,6 milh\u00f5es de euros.<\/li>\n<li>Na Educa\u00e7\u00e3o, est\u00e3o previstas interven\u00e7\u00f5es em v\u00e1rias escolas do concelho, incluindo requalifica\u00e7\u00f5es de estabelecimentos em Bela, Carvalhal, Gandra, Mirante de Sonhos, Ermesinde, Valongo e Alfena, bem como a segunda fase de obras em escolas de Campo e Ermesinde.<\/li>\n<li>Na Sa\u00fade, contempla-se a constru\u00e7\u00e3o do novo Centro de Sa\u00fade de Ermesinde, a requalifica\u00e7\u00e3o de centros em Valongo, Sobrado e Bela, al\u00e9m de aumentar vagas em creches e criar solu\u00e7\u00f5es de arrendamento acess\u00edvel ou venda a custos controlados.<\/li>\n<li>Os vereadores do PSD\/CDS-PP e do Chega justificaram a absten\u00e7\u00e3o com cr\u00edticas ao foco em grandes obras e \u00e0 falta de participa\u00e7\u00e3o da oposi\u00e7\u00e3o, enquanto o Chega viu abertura a determinados projetos.<\/li>\n<\/ul>\n","protected":false},"author":2,"featured_media":182123,"comment_status":"closed","ping_status":"closed","sticky":false,"template":"","format":"standard","meta":{"footnotes":""},"categories":[1],"tags":[3763,2142,4069,1769,982,3695],"class_list":["post-182087","post","type-post","status-publish","format-standard","has-post-thumbnail","hentry","category-noticias","tag-cds-cds","tag-chega","tag-ermesinde","tag-orcamento-territorio","tag-porto","tag-psd"],"yoast_head":"<!-- This site is optimized with the Yoast SEO plugin v27.2 - https:\/\/yoast.com\/product\/yoast-seo-wordpress\/ -->\n<title>Absten\u00e7\u00e3o da oposi\u00e7\u00e3o viabiliza or\u00e7amento de 119 milh\u00f5es na C\u00e2mara de Valongo - Portal Tela Portugal<\/title>\n<meta name=\"robots\" content=\"index, follow, max-snippet:-1, max-image-preview:large, max-video-preview:-1\" \/>\n<meta property=\"og:locale\" content=\"pt_PT\" \/>\n<meta property=\"og:type\" content=\"article\" \/>\n<meta property=\"og:title\" content=\"Absten\u00e7\u00e3o da oposi\u00e7\u00e3o viabiliza or\u00e7amento de 119 milh\u00f5es na C\u00e2mara de Valongo - Portal Tela Portugal\" \/>\n<meta property=\"og:description\" content=\"A C\u00e2mara de Valongo aprovou o or\u00e7amento para 2026 no valor de 119.950 milh\u00f5es de euros, com a absten\u00e7\u00e3o dos vereadores do PSD\/CDS-PP e do Chega. O documento prev\u00ea cerca de 45 milh\u00f5es de euros em investimento e um aumento de cerca de 20% nas transfer\u00eancias para as juntas de freguesia, para cerca de 2,6 milh\u00f5es de euros. Na Educa\u00e7\u00e3o, est\u00e3o previstas interven\u00e7\u00f5es em v\u00e1rias escolas do concelho, incluindo requalifica\u00e7\u00f5es de estabelecimentos em Bela, Carvalhal, Gandra, Mirante de Sonhos, Ermesinde, Valongo e Alfena, bem como a segunda fase de obras em escolas de Campo e Ermesinde. Na Sa\u00fade, contempla-se a constru\u00e7\u00e3o do novo Centro de Sa\u00fade de Ermesinde, a requalifica\u00e7\u00e3o de centros em Valongo, Sobrado e Bela, al\u00e9m de aumentar vagas em creches e criar solu\u00e7\u00f5es de arrendamento acess\u00edvel ou venda a custos controlados. Os vereadores do PSD\/CDS-PP e do Chega justificaram a absten\u00e7\u00e3o com cr\u00edticas ao foco em grandes obras e \u00e0 falta de participa\u00e7\u00e3o da oposi\u00e7\u00e3o, enquanto o Chega viu abertura a determinados projetos.\" \/>\n<meta property=\"og:url\" content=\"https:\/\/portaltela.pt\/noticias\/2026\/01\/29\/abstencao-da-oposicao-viabiliza-orcamento-de-119-milhoes-na-camara-de-valongo\/\" \/>\n<meta property=\"og:site_name\" content=\"Portal Tela Portugal\" \/>\n<meta property=\"article:published_time\" content=\"2026-01-29T18:08:00+00:00\" \/>\n<meta name=\"author\" content=\"Telinha\" \/>\n<meta name=\"twitter:card\" content=\"summary_large_image\" \/>\n<meta name=\"twitter:label1\" content=\"Escrito por\" \/>\n\t<meta name=\"twitter:data1\" content=\"Telinha\" \/>\n\t<meta name=\"twitter:label2\" content=\"Tempo estimado de leitura\" \/>\n\t<meta name=\"twitter:data2\" content=\"2 minutos\" \/>\n<script type=\"application\/ld+json\" class=\"yoast-schema-graph\">{\"@context\":\"https:\/\/schema.org\",\"@graph\":[{\"@type\":\"Article\",\"@id\":\"https:\/\/portaltela.pt\/noticias\/2026\/01\/29\/abstencao-da-oposicao-viabiliza-orcamento-de-119-milhoes-na-camara-de-valongo\/#article\",\"isPartOf\":{\"@id\":\"https:\/\/portaltela.pt\/noticias\/2026\/01\/29\/abstencao-da-oposicao-viabiliza-orcamento-de-119-milhoes-na-camara-de-valongo\/\"},\"author\":{\"name\":\"Telinha\",\"@id\":\"https:\/\/portaltela.pt\/#\/schema\/person\/c4278d4a6028830caff9ee44b42d32ed\"},\"headline\":\"Absten\u00e7\u00e3o da oposi\u00e7\u00e3o viabiliza or\u00e7amento de 119 milh\u00f5es na C\u00e2mara de Valongo\",\"datePublished\":\"2026-01-29T18:08:00+00:00\",\"mainEntityOfPage\":{\"@id\":\"https:\/\/portaltela.pt\/noticias\/2026\/01\/29\/abstencao-da-oposicao-viabiliza-orcamento-de-119-milhoes-na-camara-de-valongo\/\"},\"wordCount\":404,\"image\":{\"@id\":\"https:\/\/portaltela.pt\/noticias\/2026\/01\/29\/abstencao-da-oposicao-viabiliza-orcamento-de-119-milhoes-na-camara-de-valongo\/#primaryimage\"},\"thumbnailUrl\":\"https:\/\/portaltela.pt\/s.01k8rhncp4jt1\/2026\/01\/image-2064.jpg\",\"keywords\":[\"CDS\/CDS\",\"CHEGA\",\"Ermesinde\",\"Or\u00e7amento\/Territ\u00f3rio\",\"Porto\",\"PSD\"],\"articleSection\":[\"Not\u00edcias\"],\"inLanguage\":\"pt-PT\"},{\"@type\":\"WebPage\",\"@id\":\"https:\/\/portaltela.pt\/noticias\/2026\/01\/29\/abstencao-da-oposicao-viabiliza-orcamento-de-119-milhoes-na-camara-de-valongo\/\",\"url\":\"https:\/\/portaltela.pt\/noticias\/2026\/01\/29\/abstencao-da-oposicao-viabiliza-orcamento-de-119-milhoes-na-camara-de-valongo\/\",\"name\":\"Absten\u00e7\u00e3o da oposi\u00e7\u00e3o viabiliza or\u00e7amento de 119 milh\u00f5es na C\u00e2mara de Valongo - Portal Tela Portugal\",\"isPartOf\":{\"@id\":\"https:\/\/portaltela.pt\/#website\"},\"primaryImageOfPage\":{\"@id\":\"https:\/\/portaltela.pt\/noticias\/2026\/01\/29\/abstencao-da-oposicao-viabiliza-orcamento-de-119-milhoes-na-camara-de-valongo\/#primaryimage\"},\"image\":{\"@id\":\"https:\/\/portaltela.pt\/noticias\/2026\/01\/29\/abstencao-da-oposicao-viabiliza-orcamento-de-119-milhoes-na-camara-de-valongo\/#primaryimage\"},\"thumbnailUrl\":\"https:\/\/portaltela.pt\/s.01k8rhncp4jt1\/2026\/01\/image-2064.jpg\",\"datePublished\":\"2026-01-29T18:08:00+00:00\",\"author\":{\"@id\":\"https:\/\/portaltela.pt\/#\/schema\/person\/c4278d4a6028830caff9ee44b42d32ed\"},\"breadcrumb\":{\"@id\":\"https:\/\/portaltela.pt\/noticias\/2026\/01\/29\/abstencao-da-oposicao-viabiliza-orcamento-de-119-milhoes-na-camara-de-valongo\/#breadcrumb\"},\"inLanguage\":\"pt-PT\",\"potentialAction\":[{\"@type\":\"ReadAction\",\"target\":[\"https:\/\/portaltela.pt\/noticias\/2026\/01\/29\/abstencao-da-oposicao-viabiliza-orcamento-de-119-milhoes-na-camara-de-valongo\/\"]}]},{\"@type\":\"ImageObject\",\"inLanguage\":\"pt-PT\",\"@id\":\"https:\/\/portaltela.pt\/noticias\/2026\/01\/29\/abstencao-da-oposicao-viabiliza-orcamento-de-119-milhoes-na-camara-de-valongo\/#primaryimage\",\"url\":\"https:\/\/portaltela.pt\/s.01k8rhncp4jt1\/2026\/01\/image-2064.jpg\",\"contentUrl\":\"https:\/\/portaltela.pt\/s.01k8rhncp4jt1\/2026\/01\/image-2064.jpg\",\"width\":796,\"height\":448,\"caption\":\"Or\u00e7amento foi aprovado com absten\u00e7\u00e3o dos vereadores do PSD\/CDS-PP e do Chega\"},{\"@type\":\"BreadcrumbList\",\"@id\":\"https:\/\/portaltela.pt\/noticias\/2026\/01\/29\/abstencao-da-oposicao-viabiliza-orcamento-de-119-milhoes-na-camara-de-valongo\/#breadcrumb\",\"itemListElement\":[{\"@type\":\"ListItem\",\"position\":1,\"name\":\"In\u00edcio\",\"item\":\"https:\/\/portaltela.pt\/\"},{\"@type\":\"ListItem\",\"position\":2,\"name\":\"Absten\u00e7\u00e3o da oposi\u00e7\u00e3o viabiliza or\u00e7amento de 119 milh\u00f5es na C\u00e2mara de Valongo\"}]},{\"@type\":\"WebSite\",\"@id\":\"https:\/\/portaltela.pt\/#website\",\"url\":\"https:\/\/portaltela.pt\/\",\"name\":\"Portal Tela Portugal\",\"description\":\"\",\"potentialAction\":[{\"@type\":\"SearchAction\",\"target\":{\"@type\":\"EntryPoint\",\"urlTemplate\":\"https:\/\/portaltela.pt\/?s={search_term_string}\"},\"query-input\":{\"@type\":\"PropertyValueSpecification\",\"valueRequired\":true,\"valueName\":\"search_term_string\"}}],\"inLanguage\":\"pt-PT\"},{\"@type\":\"Person\",\"@id\":\"https:\/\/portaltela.pt\/#\/schema\/person\/c4278d4a6028830caff9ee44b42d32ed\",\"name\":\"Telinha\",\"image\":{\"@type\":\"ImageObject\",\"inLanguage\":\"pt-PT\",\"@id\":\"https:\/\/portaltela.pt\/s.01k8rhncp4jt1\/2025\/11\/talking-bot-125x125.png\",\"url\":\"https:\/\/portaltela.pt\/s.01k8rhncp4jt1\/2025\/11\/talking-bot-125x125.png\",\"contentUrl\":\"https:\/\/portaltela.pt\/s.01k8rhncp4jt1\/2025\/11\/talking-bot-125x125.png\",\"caption\":\"Telinha\"},\"sameAs\":[\"https:\/\/portaltela.pt\/\"],\"url\":\"https:\/\/portaltela.pt\/por\/367410592786\/\"}]}<\/script>\n<!-- \/ Yoast SEO plugin. -->","yoast_head_json":{"title":"Absten\u00e7\u00e3o da oposi\u00e7\u00e3o viabiliza or\u00e7amento de 119 milh\u00f5es na C\u00e2mara de Valongo - Portal Tela Portugal","robots":{"index":"index","follow":"follow","max-snippet":"max-snippet:-1","max-image-preview":"max-image-preview:large","max-video-preview":"max-video-preview:-1"},"og_locale":"pt_PT","og_type":"article","og_title":"Absten\u00e7\u00e3o da oposi\u00e7\u00e3o viabiliza or\u00e7amento de 119 milh\u00f5es na C\u00e2mara de Valongo - Portal Tela Portugal","og_description":"A C\u00e2mara de Valongo aprovou o or\u00e7amento para 2026 no valor de 119.950 milh\u00f5es de euros, com a absten\u00e7\u00e3o dos vereadores do PSD\/CDS-PP e do Chega. O documento prev\u00ea cerca de 45 milh\u00f5es de euros em investimento e um aumento de cerca de 20% nas transfer\u00eancias para as juntas de freguesia, para cerca de 2,6 milh\u00f5es de euros. Na Educa\u00e7\u00e3o, est\u00e3o previstas interven\u00e7\u00f5es em v\u00e1rias escolas do concelho, incluindo requalifica\u00e7\u00f5es de estabelecimentos em Bela, Carvalhal, Gandra, Mirante de Sonhos, Ermesinde, Valongo e Alfena, bem como a segunda fase de obras em escolas de Campo e Ermesinde. Na Sa\u00fade, contempla-se a constru\u00e7\u00e3o do novo Centro de Sa\u00fade de Ermesinde, a requalifica\u00e7\u00e3o de centros em Valongo, Sobrado e Bela, al\u00e9m de aumentar vagas em creches e criar solu\u00e7\u00f5es de arrendamento acess\u00edvel ou venda a custos controlados. Os vereadores do PSD\/CDS-PP e do Chega justificaram a absten\u00e7\u00e3o com cr\u00edticas ao foco em grandes obras e \u00e0 falta de participa\u00e7\u00e3o da oposi\u00e7\u00e3o, enquanto o Chega viu abertura a determinados projetos.","og_url":"https:\/\/portaltela.pt\/noticias\/2026\/01\/29\/abstencao-da-oposicao-viabiliza-orcamento-de-119-milhoes-na-camara-de-valongo\/","og_site_name":"Portal Tela Portugal","article_published_time":"2026-01-29T18:08:00+00:00","author":"Telinha","twitter_card":"summary_large_image","twitter_misc":{"Escrito por":"Telinha","Tempo estimado de leitura":"2 minutos"},"schema":{"@context":"https:\/\/schema.org","@graph":[{"@type":"Article","@id":"https:\/\/portaltela.pt\/noticias\/2026\/01\/29\/abstencao-da-oposicao-viabiliza-orcamento-de-119-milhoes-na-camara-de-valongo\/#article","isPartOf":{"@id":"https:\/\/portaltela.pt\/noticias\/2026\/01\/29\/abstencao-da-oposicao-viabiliza-orcamento-de-119-milhoes-na-camara-de-valongo\/"},"author":{"name":"Telinha","@id":"https:\/\/portaltela.pt\/#\/schema\/person\/c4278d4a6028830caff9ee44b42d32ed"},"headline":"Absten\u00e7\u00e3o da oposi\u00e7\u00e3o viabiliza or\u00e7amento de 119 milh\u00f5es na C\u00e2mara de Valongo","datePublished":"2026-01-29T18:08:00+00:00","mainEntityOfPage":{"@id":"https:\/\/portaltela.pt\/noticias\/2026\/01\/29\/abstencao-da-oposicao-viabiliza-orcamento-de-119-milhoes-na-camara-de-valongo\/"},"wordCount":404,"image":{"@id":"https:\/\/portaltela.pt\/noticias\/2026\/01\/29\/abstencao-da-oposicao-viabiliza-orcamento-de-119-milhoes-na-camara-de-valongo\/#primaryimage"},"thumbnailUrl":"https:\/\/portaltela.pt\/s.01k8rhncp4jt1\/2026\/01\/image-2064.jpg","keywords":["CDS\/CDS","CHEGA","Ermesinde","Or\u00e7amento\/Territ\u00f3rio","Porto","PSD"],"articleSection":["Not\u00edcias"],"inLanguage":"pt-PT"},{"@type":"WebPage","@id":"https:\/\/portaltela.pt\/noticias\/2026\/01\/29\/abstencao-da-oposicao-viabiliza-orcamento-de-119-milhoes-na-camara-de-valongo\/","url":"https:\/\/portaltela.pt\/noticias\/2026\/01\/29\/abstencao-da-oposicao-viabiliza-orcamento-de-119-milhoes-na-camara-de-valongo\/","name":"Absten\u00e7\u00e3o da oposi\u00e7\u00e3o viabiliza or\u00e7amento de 119 milh\u00f5es na C\u00e2mara de Valongo - Portal Tela Portugal","isPartOf":{"@id":"https:\/\/portaltela.pt\/#website"},"primaryImageOfPage":{"@id":"https:\/\/portaltela.pt\/noticias\/2026\/01\/29\/abstencao-da-oposicao-viabiliza-orcamento-de-119-milhoes-na-camara-de-valongo\/#primaryimage"},"image":{"@id":"https:\/\/portaltela.pt\/noticias\/2026\/01\/29\/abstencao-da-oposicao-viabiliza-orcamento-de-119-milhoes-na-camara-de-valongo\/#primaryimage"},"thumbnailUrl":"https:\/\/portaltela.pt\/s.01k8rhncp4jt1\/2026\/01\/image-2064.jpg","datePublished":"2026-01-29T18:08:00+00:00","author":{"@id":"https:\/\/portaltela.pt\/#\/schema\/person\/c4278d4a6028830caff9ee44b42d32ed"},"breadcrumb":{"@id":"https:\/\/portaltela.pt\/noticias\/2026\/01\/29\/abstencao-da-oposicao-viabiliza-orcamento-de-119-milhoes-na-camara-de-valongo\/#breadcrumb"},"inLanguage":"pt-PT","potentialAction":[{"@type":"ReadAction","target":["https:\/\/portaltela.pt\/noticias\/2026\/01\/29\/abstencao-da-oposicao-viabiliza-orcamento-de-119-milhoes-na-camara-de-valongo\/"]}]},{"@type":"ImageObject","inLanguage":"pt-PT","@id":"https:\/\/portaltela.pt\/noticias\/2026\/01\/29\/abstencao-da-oposicao-viabiliza-orcamento-de-119-milhoes-na-camara-de-valongo\/#primaryimage","url":"https:\/\/portaltela.pt\/s.01k8rhncp4jt1\/2026\/01\/image-2064.jpg","contentUrl":"https:\/\/portaltela.pt\/s.01k8rhncp4jt1\/2026\/01\/image-2064.jpg","width":796,"height":448,"caption":"Or\u00e7amento foi aprovado com absten\u00e7\u00e3o dos vereadores do PSD\/CDS-PP e do Chega"},{"@type":"BreadcrumbList","@id":"https:\/\/portaltela.pt\/noticias\/2026\/01\/29\/abstencao-da-oposicao-viabiliza-orcamento-de-119-milhoes-na-camara-de-valongo\/#breadcrumb","itemListElement":[{"@type":"ListItem","position":1,"name":"In\u00edcio","item":"https:\/\/portaltela.pt\/"},{"@type":"ListItem","position":2,"name":"Absten\u00e7\u00e3o da oposi\u00e7\u00e3o viabiliza or\u00e7amento de 119 milh\u00f5es na C\u00e2mara de Valongo"}]},{"@type":"WebSite","@id":"https:\/\/portaltela.pt\/#website","url":"https:\/\/portaltela.pt\/","name":"Portal Tela Portugal","description":"","potentialAction":[{"@type":"SearchAction","target":{"@type":"EntryPoint","urlTemplate":"https:\/\/portaltela.pt\/?s={search_term_string}"},"query-input":{"@type":"PropertyValueSpecification","valueRequired":true,"valueName":"search_term_string"}}],"inLanguage":"pt-PT"},{"@type":"Person","@id":"https:\/\/portaltela.pt\/#\/schema\/person\/c4278d4a6028830caff9ee44b42d32ed","name":"Telinha","image":{"@type":"ImageObject","inLanguage":"pt-PT","@id":"https:\/\/portaltela.pt\/s.01k8rhncp4jt1\/2025\/11\/talking-bot-125x125.png","url":"https:\/\/portaltela.pt\/s.01k8rhncp4jt1\/2025\/11\/talking-bot-125x125.png","contentUrl":"https:\/\/portaltela.pt\/s.01k8rhncp4jt1\/2025\/11\/talking-bot-125x125.png","caption":"Telinha"},"sameAs":["https:\/\/portaltela.pt\/"],"url":"https:\/\/portaltela.pt\/por\/367410592786\/"}]}},"_links":{"self":[{"href":"https:\/\/portaltela.pt\/api\/wp\/v2\/posts\/182087","targetHints":{"allow":["GET"]}}],"collection":[{"href":"https:\/\/portaltela.pt\/api\/wp\/v2\/posts"}],"about":[{"href":"https:\/\/portaltela.pt\/api\/wp\/v2\/types\/post"}],"author":[{"embeddable":true,"href":"https:\/\/portaltela.pt\/api\/wp\/v2\/users\/2"}],"replies":[{"embeddable":true,"href":"https:\/\/portaltela.pt\/api\/wp\/v2\/comments?post=182087"}],"version-history":[{"count":0,"href":"https:\/\/portaltela.pt\/api\/wp\/v2\/posts\/182087\/revisions"}],"wp:featuredmedia":[{"embeddable":true,"href":"https:\/\/portaltela.pt\/api\/wp\/v2\/media\/182123"}],"wp:attachment":[{"href":"https:\/\/portaltela.pt\/api\/wp\/v2\/media?parent=182087"}],"wp:term":[{"taxonomy":"category","embeddable":true,"href":"https:\/\/portaltela.pt\/api\/wp\/v2\/categories?post=182087"},{"taxonomy":"post_tag","embeddable":true,"href":"https:\/\/portaltela.pt\/api\/wp\/v2\/tags?post=182087"}],"curies":[{"name":"wp","href":"https:\/\/api.w.org\/{rel}","templated":true}]}}